{"id":5841,"date":"2018-05-31T09:01:24","date_gmt":"2018-05-31T08:01:24","guid":{"rendered":"https:\/\/www.aribau.es\/?p=5841"},"modified":"2021-04-26T12:27:14","modified_gmt":"2021-04-26T11:27:14","slug":"i-tant-2016-medalla-de-oro-en-el-concurso-internacional-grenaches-du-monde","status":"publish","type":"post","link":"https:\/\/www.aribau.es\/ca\/i-tant-2016-medalla-de-oro-en-el-concurso-internacional-grenaches-du-monde\/","title":{"rendered":"I TANT 2016, MEDALLA D'OR AL CONCURS INTERNACIONAL GRENACHES DU MONDE"},"content":{"rendered":"<p>El pasado mes de abril se celebraba en la Terra Alta la sexta edici\u00f3n del concurso internacional <em>Grenaches du Monde<\/em>, un certamen anual que premia los mejores vinos, en todas las categor\u00edas (desde vinos tranquilos a espumosos, dulces, naturales\u2026) elaborados con las diferentes variedades de garnacha.<\/p>\n<p>En la edici\u00f3n de este a\u00f1o, hemos estado de enhorabuena, y es que uno de los vinos de la familia de Aribau ha sido galardonado con una Medalla de Oro: <strong><em><a href=\"https:\/\/www.aribau.es\/ca\/i-tant\/\" target=\"_blank\" rel=\"noopener\">I Tant 2016<\/a><\/em><\/strong>, un tinto con Denominaci\u00f3n de Origen Montsant, que no ha dejado indiferentes a los miembros de un jurado internacional compuesto por profesionales y prescriptores del mundo del vino.<\/p>\n<p><!--more--><\/p>\n<p><a href=\"https:\/\/www.aribau.es\/wp-content\/uploads\/2018\/05\/i-tant-grenaches-du-monde-2018-aribau.jpg\"><img fetchpriority=\"high\" decoding=\"async\" class=\"alignleft wp-image-5842\" src=\"https:\/\/www.aribau.es\/wp-content\/uploads\/2018\/05\/i-tant-grenaches-du-monde-2018-aribau-725x1024.jpg\" alt=\"\" width=\"501\" height=\"708\" srcset=\"https:\/\/www.aribau.es\/wp-content\/uploads\/2018\/05\/i-tant-grenaches-du-monde-2018-aribau-725x1024.jpg 725w, https:\/\/www.aribau.es\/wp-content\/uploads\/2018\/05\/i-tant-grenaches-du-monde-2018-aribau-212x300.jpg 212w, https:\/\/www.aribau.es\/wp-content\/uploads\/2018\/05\/i-tant-grenaches-du-monde-2018-aribau-768x1085.jpg 768w, https:\/\/www.aribau.es\/wp-content\/uploads\/2018\/05\/i-tant-grenaches-du-monde-2018-aribau.jpg 1000w\" sizes=\"(max-width: 501px) 100vw, 501px\" \/><\/a>Pero, \u00bfqu\u00e9 es lo que hace tan especial a nuestro <em>I Tant<\/em>? Pues seguramente la garnacha, esa emblem\u00e1tica variedad que en los \u00faltimos tiempos parece estar resurgiendo con mucha fuerza, tambi\u00e9n en su versi\u00f3n blanca, como es el caso de los vinos de la Denominaci\u00f3n de Origen Terra Alta, sede del concurso este a\u00f1o, y en la que se enmarca <a href=\"https:\/\/www.aribau.es\/ca\/i-tant-blanco\/\" target=\"_blank\" rel=\"noopener\">la versi\u00f3n blanca de nuestro <em>I Tant<\/em><\/a>.<\/p>\n<p><em>I Tant tinto<\/em> es un vino con cuerpo y personalidad. De color granate intenso y con tonos viol\u00e1ceos, en nariz provoca una explosi\u00f3n arom\u00e1tica de frutos rojos, muy t\u00edpicos de la garnacha, as\u00ed como toques anisados que recuerdan al hinojo. En boca, es afrutado, con predominio de fruta roja y una entrada suave y limpia. Es, adem\u00e1s, un vino con cierta dosis de cremosidad que transmite una sensaci\u00f3n de plenitud en boca.<\/p>\n<p>Para el maridaje, es ideal, claro, para carnes. Desde un cordero asado hasta carnes blancas en salsa o estofados. Y si no eres carn\u00edvoro, los quesos y arroces tambi\u00e9n encajar\u00e1n a la perfecci\u00f3n con este Medalla de Oro. \u00a1Salud!<\/p>","protected":false},"excerpt":{"rendered":"<p>El pasado mes de abril se celebraba en la Terra Alta la sexta edici\u00f3n del concurso internacional Grenaches du Monde, un certamen anual que premia los mejores vinos, en todas las categor\u00edas (desde vinos tranquilos a espumosos, dulces, naturales\u2026) elaborados con las diferentes variedades de garnacha. En la edici\u00f3n de este a\u00f1o, hemos estado de &#8230; <a title=\"I TANT 2016, MEDALLA D&#039;OR AL CONCURS INTERNACIONAL GRENACHES DU MONDE\" class=\"read-more\" href=\"https:\/\/www.aribau.es\/ca\/i-tant-2016-medalla-de-oro-en-el-concurso-internacional-grenaches-du-monde\/\" aria-label=\"M\u00e9s informaci\u00f3 sobre I TANT 2016, MEDALLA DE ORO EN EL CONCURSO INTERNACIONAL GRENACHES DU MONDE\">Llegiu m\u00e9s<\/a><\/p>","protected":false},"author":3,"featured_media":5333,"comment_status":"closed","ping_status":"closed","sticky":false,"template":"","format":"standard","meta":{"footnotes":""},"categories":[406],"tags":[320,440],"class_list":["post-5841","post","type-post","status-publish","format-standard","has-post-thumbnail","hentry","category-noticias","tag-do-montsant","tag-i-tant"],"yoast_head":"<!-- This site is optimized with the Yoast SEO plugin v26.7 - https:\/\/yoast.com\/wordpress\/plugins\/seo\/ -->\n<title>I TANT 2016, MEDALLA DE ORO EN EL CONCURSO INTERNACIONAL GRENACHES DU MONDE - Aribau<\/title>\n<meta name=\"robots\" content=\"index, follow, max-snippet:-1, max-image-preview:large, max-video-preview:-1\" \/>\n<link rel=\"canonical\" href=\"https:\/\/www.aribau.es\/ca\/i-tant-2016-medalla-de-oro-en-el-concurso-internacional-grenaches-du-monde\/\" \/>\n<meta property=\"og:locale\" content=\"ca_ES\" \/>\n<meta property=\"og:type\" content=\"article\" \/>\n<meta property=\"og:title\" content=\"I TANT 2016, MEDALLA DE ORO EN EL CONCURSO INTERNACIONAL GRENACHES DU MONDE - Aribau\" \/>\n<meta property=\"og:description\" content=\"El pasado mes de abril se celebraba en la Terra Alta la sexta edici\u00f3n del concurso internacional Grenaches du Monde, un certamen anual que premia los mejores vinos, en todas las categor\u00edas (desde vinos tranquilos a espumosos, dulces, naturales\u2026) elaborados con las diferentes variedades de garnacha. En la edici\u00f3n de este a\u00f1o, hemos estado de ... Llegiu m\u00e9s\" \/>\n<meta property=\"og:url\" content=\"https:\/\/www.aribau.es\/ca\/i-tant-2016-medalla-de-oro-en-el-concurso-internacional-grenaches-du-monde\/\" \/>\n<meta property=\"og:site_name\" content=\"Aribau\" \/>\n<meta property=\"article:publisher\" content=\"https:\/\/www.facebook.com\/aribau1964\/\" \/>\n<meta property=\"article:published_time\" content=\"2018-05-31T08:01:24+00:00\" \/>\n<meta property=\"article:modified_time\" content=\"2021-04-26T11:27:14+00:00\" \/>\n<meta property=\"og:image\" content=\"https:\/\/www.aribau.es\/wp-content\/uploads\/2017\/05\/itant-garnatxa-negra-aribau.png\" \/>\n\t<meta property=\"og:image:width\" content=\"900\" \/>\n\t<meta property=\"og:image:height\" content=\"257\" \/>\n\t<meta property=\"og:image:type\" content=\"image\/png\" \/>\n<meta name=\"author\" content=\"aribau\" \/>\n<meta name=\"twitter:card\" content=\"summary_large_image\" \/>\n<meta name=\"twitter:creator\" content=\"@aribau1964\" \/>\n<meta name=\"twitter:site\" content=\"@aribau1964\" \/>\n<meta name=\"twitter:label1\" content=\"Escrit per\" \/>\n\t<meta name=\"twitter:data1\" content=\"aribau\" \/>\n\t<meta name=\"twitter:label2\" content=\"Temps estimat de lectura\" \/>\n\t<meta name=\"twitter:data2\" content=\"2 minuts\" \/>\n<script type=\"application\/ld+json\" class=\"yoast-schema-graph\">{\"@context\":\"https:\/\/schema.org\",\"@graph\":[{\"@type\":\"Article\",\"@id\":\"https:\/\/www.aribau.es\/ca\/i-tant-2016-medalla-de-oro-en-el-concurso-internacional-grenaches-du-monde\/#article\",\"isPartOf\":{\"@id\":\"https:\/\/www.aribau.es\/ca\/i-tant-2016-medalla-de-oro-en-el-concurso-internacional-grenaches-du-monde\/\"},\"author\":{\"name\":\"aribau\",\"@id\":\"https:\/\/www.aribau.es\/#\/schema\/person\/77a976898b3c705ed016499633f4ffd0\"},\"headline\":\"I TANT 2016, MEDALLA DE ORO EN EL CONCURSO INTERNACIONAL GRENACHES DU MONDE\",\"datePublished\":\"2018-05-31T08:01:24+00:00\",\"dateModified\":\"2021-04-26T11:27:14+00:00\",\"mainEntityOfPage\":{\"@id\":\"https:\/\/www.aribau.es\/ca\/i-tant-2016-medalla-de-oro-en-el-concurso-internacional-grenaches-du-monde\/\"},\"wordCount\":317,\"publisher\":{\"@id\":\"https:\/\/www.aribau.es\/#organization\"},\"image\":{\"@id\":\"https:\/\/www.aribau.es\/ca\/i-tant-2016-medalla-de-oro-en-el-concurso-internacional-grenaches-du-monde\/#primaryimage\"},\"thumbnailUrl\":\"https:\/\/www.aribau.es\/wp-content\/uploads\/2017\/05\/itant-garnatxa-negra-aribau.png\",\"keywords\":[\"DO Montsant\",\"I Tant\"],\"articleSection\":[\"Noticias\"],\"inLanguage\":\"ca\"},{\"@type\":\"WebPage\",\"@id\":\"https:\/\/www.aribau.es\/ca\/i-tant-2016-medalla-de-oro-en-el-concurso-internacional-grenaches-du-monde\/\",\"url\":\"https:\/\/www.aribau.es\/ca\/i-tant-2016-medalla-de-oro-en-el-concurso-internacional-grenaches-du-monde\/\",\"name\":\"I TANT 2016, MEDALLA DE ORO EN EL CONCURSO INTERNACIONAL GRENACHES DU MONDE - Aribau\",\"isPartOf\":{\"@id\":\"https:\/\/www.aribau.es\/#website\"},\"primaryImageOfPage\":{\"@id\":\"https:\/\/www.aribau.es\/ca\/i-tant-2016-medalla-de-oro-en-el-concurso-internacional-grenaches-du-monde\/#primaryimage\"},\"image\":{\"@id\":\"https:\/\/www.aribau.es\/ca\/i-tant-2016-medalla-de-oro-en-el-concurso-internacional-grenaches-du-monde\/#primaryimage\"},\"thumbnailUrl\":\"https:\/\/www.aribau.es\/wp-content\/uploads\/2017\/05\/itant-garnatxa-negra-aribau.png\",\"datePublished\":\"2018-05-31T08:01:24+00:00\",\"dateModified\":\"2021-04-26T11:27:14+00:00\",\"breadcrumb\":{\"@id\":\"https:\/\/www.aribau.es\/ca\/i-tant-2016-medalla-de-oro-en-el-concurso-internacional-grenaches-du-monde\/#breadcrumb\"},\"inLanguage\":\"ca\",\"potentialAction\":[{\"@type\":\"ReadAction\",\"target\":[\"https:\/\/www.aribau.es\/ca\/i-tant-2016-medalla-de-oro-en-el-concurso-internacional-grenaches-du-monde\/\"]}]},{\"@type\":\"ImageObject\",\"inLanguage\":\"ca\",\"@id\":\"https:\/\/www.aribau.es\/ca\/i-tant-2016-medalla-de-oro-en-el-concurso-internacional-grenaches-du-monde\/#primaryimage\",\"url\":\"https:\/\/www.aribau.es\/wp-content\/uploads\/2017\/05\/itant-garnatxa-negra-aribau.png\",\"contentUrl\":\"https:\/\/www.aribau.es\/wp-content\/uploads\/2017\/05\/itant-garnatxa-negra-aribau.png\",\"width\":900,\"height\":257},{\"@type\":\"BreadcrumbList\",\"@id\":\"https:\/\/www.aribau.es\/ca\/i-tant-2016-medalla-de-oro-en-el-concurso-internacional-grenaches-du-monde\/#breadcrumb\",\"itemListElement\":[{\"@type\":\"ListItem\",\"position\":1,\"name\":\"Portada\",\"item\":\"https:\/\/www.aribau.es\/\"},{\"@type\":\"ListItem\",\"position\":2,\"name\":\"I TANT 2016, MEDALLA DE ORO EN EL CONCURSO INTERNACIONAL GRENACHES DU MONDE\"}]},{\"@type\":\"WebSite\",\"@id\":\"https:\/\/www.aribau.es\/#website\",\"url\":\"https:\/\/www.aribau.es\/\",\"name\":\"Aribau\",\"description\":\"VINOS Y BODEGAS\",\"publisher\":{\"@id\":\"https:\/\/www.aribau.es\/#organization\"},\"potentialAction\":[{\"@type\":\"SearchAction\",\"target\":{\"@type\":\"EntryPoint\",\"urlTemplate\":\"https:\/\/www.aribau.es\/?s={search_term_string}\"},\"query-input\":{\"@type\":\"PropertyValueSpecification\",\"valueRequired\":true,\"valueName\":\"search_term_string\"}}],\"inLanguage\":\"ca\"},{\"@type\":\"Organization\",\"@id\":\"https:\/\/www.aribau.es\/#organization\",\"name\":\"Aribau\",\"url\":\"https:\/\/www.aribau.es\/\",\"logo\":{\"@type\":\"ImageObject\",\"inLanguage\":\"ca\",\"@id\":\"https:\/\/www.aribau.es\/#\/schema\/logo\/image\/\",\"url\":\"https:\/\/www.aribau.es\/wp-content\/uploads\/2022\/03\/logo.png\",\"contentUrl\":\"https:\/\/www.aribau.es\/wp-content\/uploads\/2022\/03\/logo.png\",\"width\":300,\"height\":300,\"caption\":\"Aribau\"},\"image\":{\"@id\":\"https:\/\/www.aribau.es\/#\/schema\/logo\/image\/\"},\"sameAs\":[\"https:\/\/www.facebook.com\/aribau1964\/\",\"https:\/\/x.com\/aribau1964\",\"https:\/\/www.instagram.com\/aribau1964\/\"]},{\"@type\":\"Person\",\"@id\":\"https:\/\/www.aribau.es\/#\/schema\/person\/77a976898b3c705ed016499633f4ffd0\",\"name\":\"aribau\",\"image\":{\"@type\":\"ImageObject\",\"inLanguage\":\"ca\",\"@id\":\"https:\/\/www.aribau.es\/#\/schema\/person\/image\/\",\"url\":\"https:\/\/secure.gravatar.com\/avatar\/6690491f832d5b32aa9482b978c9464816810fbff0f6658034a34c9d9657b94e?s=96&d=mm&r=g\",\"contentUrl\":\"https:\/\/secure.gravatar.com\/avatar\/6690491f832d5b32aa9482b978c9464816810fbff0f6658034a34c9d9657b94e?s=96&d=mm&r=g\",\"caption\":\"aribau\"},\"url\":\"https:\/\/www.aribau.es\/ca\/author\/aribau\/\"}]}<\/script>\n<!-- \/ Yoast SEO plugin. -->","yoast_head_json":{"title":"I TANT 2016, MEDALLA DE ORO EN EL CONCURSO INTERNACIONAL GRENACHES DU MONDE - Aribau","robots":{"index":"index","follow":"follow","max-snippet":"max-snippet:-1","max-image-preview":"max-image-preview:large","max-video-preview":"max-video-preview:-1"},"canonical":"https:\/\/www.aribau.es\/ca\/i-tant-2016-medalla-de-oro-en-el-concurso-internacional-grenaches-du-monde\/","og_locale":"ca_ES","og_type":"article","og_title":"I TANT 2016, MEDALLA DE ORO EN EL CONCURSO INTERNACIONAL GRENACHES DU MONDE - Aribau","og_description":"El pasado mes de abril se celebraba en la Terra Alta la sexta edici\u00f3n del concurso internacional Grenaches du Monde, un certamen anual que premia los mejores vinos, en todas las categor\u00edas (desde vinos tranquilos a espumosos, dulces, naturales\u2026) elaborados con las diferentes variedades de garnacha. En la edici\u00f3n de este a\u00f1o, hemos estado de ... Llegiu m\u00e9s","og_url":"https:\/\/www.aribau.es\/ca\/i-tant-2016-medalla-de-oro-en-el-concurso-internacional-grenaches-du-monde\/","og_site_name":"Aribau","article_publisher":"https:\/\/www.facebook.com\/aribau1964\/","article_published_time":"2018-05-31T08:01:24+00:00","article_modified_time":"2021-04-26T11:27:14+00:00","og_image":[{"width":900,"height":257,"url":"https:\/\/www.aribau.es\/wp-content\/uploads\/2017\/05\/itant-garnatxa-negra-aribau.png","type":"image\/png"}],"author":"aribau","twitter_card":"summary_large_image","twitter_creator":"@aribau1964","twitter_site":"@aribau1964","twitter_misc":{"Escrit per":"aribau","Temps estimat de lectura":"2 minuts"},"schema":{"@context":"https:\/\/schema.org","@graph":[{"@type":"Article","@id":"https:\/\/www.aribau.es\/ca\/i-tant-2016-medalla-de-oro-en-el-concurso-internacional-grenaches-du-monde\/#article","isPartOf":{"@id":"https:\/\/www.aribau.es\/ca\/i-tant-2016-medalla-de-oro-en-el-concurso-internacional-grenaches-du-monde\/"},"author":{"name":"aribau","@id":"https:\/\/www.aribau.es\/#\/schema\/person\/77a976898b3c705ed016499633f4ffd0"},"headline":"I TANT 2016, MEDALLA DE ORO EN EL CONCURSO INTERNACIONAL GRENACHES DU MONDE","datePublished":"2018-05-31T08:01:24+00:00","dateModified":"2021-04-26T11:27:14+00:00","mainEntityOfPage":{"@id":"https:\/\/www.aribau.es\/ca\/i-tant-2016-medalla-de-oro-en-el-concurso-internacional-grenaches-du-monde\/"},"wordCount":317,"publisher":{"@id":"https:\/\/www.aribau.es\/#organization"},"image":{"@id":"https:\/\/www.aribau.es\/ca\/i-tant-2016-medalla-de-oro-en-el-concurso-internacional-grenaches-du-monde\/#primaryimage"},"thumbnailUrl":"https:\/\/www.aribau.es\/wp-content\/uploads\/2017\/05\/itant-garnatxa-negra-aribau.png","keywords":["DO Montsant","I Tant"],"articleSection":["Noticias"],"inLanguage":"ca"},{"@type":"WebPage","@id":"https:\/\/www.aribau.es\/ca\/i-tant-2016-medalla-de-oro-en-el-concurso-internacional-grenaches-du-monde\/","url":"https:\/\/www.aribau.es\/ca\/i-tant-2016-medalla-de-oro-en-el-concurso-internacional-grenaches-du-monde\/","name":"I TANT 2016, MEDALLA DE ORO EN EL CONCURSO INTERNACIONAL GRENACHES DU MONDE - Aribau","isPartOf":{"@id":"https:\/\/www.aribau.es\/#website"},"primaryImageOfPage":{"@id":"https:\/\/www.aribau.es\/ca\/i-tant-2016-medalla-de-oro-en-el-concurso-internacional-grenaches-du-monde\/#primaryimage"},"image":{"@id":"https:\/\/www.aribau.es\/ca\/i-tant-2016-medalla-de-oro-en-el-concurso-internacional-grenaches-du-monde\/#primaryimage"},"thumbnailUrl":"https:\/\/www.aribau.es\/wp-content\/uploads\/2017\/05\/itant-garnatxa-negra-aribau.png","datePublished":"2018-05-31T08:01:24+00:00","dateModified":"2021-04-26T11:27:14+00:00","breadcrumb":{"@id":"https:\/\/www.aribau.es\/ca\/i-tant-2016-medalla-de-oro-en-el-concurso-internacional-grenaches-du-monde\/#breadcrumb"},"inLanguage":"ca","potentialAction":[{"@type":"ReadAction","target":["https:\/\/www.aribau.es\/ca\/i-tant-2016-medalla-de-oro-en-el-concurso-internacional-grenaches-du-monde\/"]}]},{"@type":"ImageObject","inLanguage":"ca","@id":"https:\/\/www.aribau.es\/ca\/i-tant-2016-medalla-de-oro-en-el-concurso-internacional-grenaches-du-monde\/#primaryimage","url":"https:\/\/www.aribau.es\/wp-content\/uploads\/2017\/05\/itant-garnatxa-negra-aribau.png","contentUrl":"https:\/\/www.aribau.es\/wp-content\/uploads\/2017\/05\/itant-garnatxa-negra-aribau.png","width":900,"height":257},{"@type":"BreadcrumbList","@id":"https:\/\/www.aribau.es\/ca\/i-tant-2016-medalla-de-oro-en-el-concurso-internacional-grenaches-du-monde\/#breadcrumb","itemListElement":[{"@type":"ListItem","position":1,"name":"Portada","item":"https:\/\/www.aribau.es\/"},{"@type":"ListItem","position":2,"name":"I TANT 2016, MEDALLA DE ORO EN EL CONCURSO INTERNACIONAL GRENACHES DU MONDE"}]},{"@type":"WebSite","@id":"https:\/\/www.aribau.es\/#website","url":"https:\/\/www.aribau.es\/","name":"Aribau","description":"VINOS Y BODEGAS","publisher":{"@id":"https:\/\/www.aribau.es\/#organization"},"potentialAction":[{"@type":"SearchAction","target":{"@type":"EntryPoint","urlTemplate":"https:\/\/www.aribau.es\/?s={search_term_string}"},"query-input":{"@type":"PropertyValueSpecification","valueRequired":true,"valueName":"search_term_string"}}],"inLanguage":"ca"},{"@type":"Organization","@id":"https:\/\/www.aribau.es\/#organization","name":"Aribau","url":"https:\/\/www.aribau.es\/","logo":{"@type":"ImageObject","inLanguage":"ca","@id":"https:\/\/www.aribau.es\/#\/schema\/logo\/image\/","url":"https:\/\/www.aribau.es\/wp-content\/uploads\/2022\/03\/logo.png","contentUrl":"https:\/\/www.aribau.es\/wp-content\/uploads\/2022\/03\/logo.png","width":300,"height":300,"caption":"Aribau"},"image":{"@id":"https:\/\/www.aribau.es\/#\/schema\/logo\/image\/"},"sameAs":["https:\/\/www.facebook.com\/aribau1964\/","https:\/\/x.com\/aribau1964","https:\/\/www.instagram.com\/aribau1964\/"]},{"@type":"Person","@id":"https:\/\/www.aribau.es\/#\/schema\/person\/77a976898b3c705ed016499633f4ffd0","name":"aribau","image":{"@type":"ImageObject","inLanguage":"ca","@id":"https:\/\/www.aribau.es\/#\/schema\/person\/image\/","url":"https:\/\/secure.gravatar.com\/avatar\/6690491f832d5b32aa9482b978c9464816810fbff0f6658034a34c9d9657b94e?s=96&d=mm&r=g","contentUrl":"https:\/\/secure.gravatar.com\/avatar\/6690491f832d5b32aa9482b978c9464816810fbff0f6658034a34c9d9657b94e?s=96&d=mm&r=g","caption":"aribau"},"url":"https:\/\/www.aribau.es\/ca\/author\/aribau\/"}]}},"_links":{"self":[{"href":"https:\/\/www.aribau.es\/ca\/wp-json\/wp\/v2\/posts\/5841","targetHints":{"allow":["GET"]}}],"collection":[{"href":"https:\/\/www.aribau.es\/ca\/wp-json\/wp\/v2\/posts"}],"about":[{"href":"https:\/\/www.aribau.es\/ca\/wp-json\/wp\/v2\/types\/post"}],"author":[{"embeddable":true,"href":"https:\/\/www.aribau.es\/ca\/wp-json\/wp\/v2\/users\/3"}],"replies":[{"embeddable":true,"href":"https:\/\/www.aribau.es\/ca\/wp-json\/wp\/v2\/comments?post=5841"}],"version-history":[{"count":5,"href":"https:\/\/www.aribau.es\/ca\/wp-json\/wp\/v2\/posts\/5841\/revisions"}],"predecessor-version":[{"id":10099,"href":"https:\/\/www.aribau.es\/ca\/wp-json\/wp\/v2\/posts\/5841\/revisions\/10099"}],"wp:featuredmedia":[{"embeddable":true,"href":"https:\/\/www.aribau.es\/ca\/wp-json\/wp\/v2\/media\/5333"}],"wp:attachment":[{"href":"https:\/\/www.aribau.es\/ca\/wp-json\/wp\/v2\/media?parent=5841"}],"wp:term":[{"taxonomy":"category","embeddable":true,"href":"https:\/\/www.aribau.es\/ca\/wp-json\/wp\/v2\/categories?post=5841"},{"taxonomy":"post_tag","embeddable":true,"href":"https:\/\/www.aribau.es\/ca\/wp-json\/wp\/v2\/tags?post=5841"}],"curies":[{"name":"wp","href":"https:\/\/api.w.org\/{rel}","templated":true}]}}