{"id":5851,"date":"2018-06-14T09:01:23","date_gmt":"2018-06-14T08:01:23","guid":{"rendered":"https:\/\/www.aribau.es\/?p=5851"},"modified":"2021-04-26T12:25:09","modified_gmt":"2021-04-26T11:25:09","slug":"aribau-paticipa-en-el-ciclo-de-catas-organizado-por-el-restaurante-tivoli-1940","status":"publish","type":"post","link":"https:\/\/www.aribau.es\/ca\/aribau-paticipa-en-el-ciclo-de-catas-organizado-por-el-restaurante-tivoli-1940\/","title":{"rendered":"ARIBAU PARTICIPA AL CICLE DE TASTOS ORGANITZAT PEL RESTAURANT T\u00cdVOLI 1940"},"content":{"rendered":"<p>El pr\u00f3ximo <strong>martes 19 de junio, a las 19h<\/strong>, Aribau ser\u00e1 el encargado de organizar la cata de la semana en el <strong>restaurante <a href=\"http:\/\/www.tivoli1940barcelona.com\/\" target=\"_blank\" rel=\"noopener\">T\u00edvoli 1940<\/a> de Barcelona<\/strong>.<\/p>\n<p>Por el ciclo, que arrancaba el pasado mes de mayo, han pasado ya las garnachas, los macabeos y los tempanillos. Con Aribau llegan las malvas\u00edas y los moscateles.<\/p>\n<p>Los asistentes a la cata podr\u00e1n disfrutar, de la mano de uno de los sommeliers del equipo de Aribau, de las siguientes referencias:<\/p>\n<ul>\n<li><strong><em>El Grifo Colecci<\/em><em>\u00f3<\/em><em>n Seco<\/em><\/strong>, una malvas\u00eda volc\u00e1nica de la bodega canaria El Grifo y con Denominaci\u00f3n de Origen Lanzarote. Un vino seco que, seguro, sorprender\u00e1 a m\u00e1s de uno.<\/li>\n<li><strong><em>Pasi<\/em><em>\u00f3<\/em><em>n de Moscatel<\/em><\/strong>. 100% moscatel de la bodega Sierra Norte y con Denominaci\u00f3n de Origen Valencia.<\/li>\n<li><strong><em>So de Can Roda<\/em><\/strong>. Un espumoso de pansa blanca y moscatel del Celler Can Roda Vins, y con Denominaci\u00f3n de Origen Alella.<\/li>\n<li><strong><em>Jorge Ord<\/em><em>\u00f3\u00f1<\/em><em>ez Victoria n<\/em><em>\u00ba<\/em><em>2<\/em><\/strong>. Moscatel de Alejandr\u00eda de Bodegas Jorge Ord\u00f3\u00f1ez &amp; Co. Un vino dulce y monovarietal con Denominaci\u00f3n de Origen Sierras de M\u00e1laga.<\/li>\n<li><strong><em>Canari<\/em><\/strong>, otra malvas\u00eda volc\u00e1nica de la DO Lanzarote. Un monovarietal dulce, tambi\u00e9n de la bodega El Grifo.<\/li>\n<\/ul>\n<p>El restaurante T\u00edvoli 1940, situado en la calle Muntaner 361 de Barcelona, cuenta con una larga historia que se remonta, como su propio nombre indica, a 1940. Despu\u00e9s de pasar unos a\u00f1os cerrado, acaba de abrir con aires renovados pero manteniendo intacta su tradici\u00f3n.<\/p>","protected":false},"excerpt":{"rendered":"<p>El pr\u00f3ximo martes 19 de junio, a las 19h, Aribau ser\u00e1 el encargado de organizar la cata de la semana en el restaurante T\u00edvoli 1940 de Barcelona. Por el ciclo, que arrancaba el pasado mes de mayo, han pasado ya las garnachas, los macabeos y los tempanillos. Con Aribau llegan las malvas\u00edas y los moscateles. &#8230; <a title=\"ARIBAU PARTICIPA AL CICLE DE TASTOS ORGANITZAT PEL RESTAURANT T\u00cdVOLI 1940\" class=\"read-more\" href=\"https:\/\/www.aribau.es\/ca\/aribau-paticipa-en-el-ciclo-de-catas-organizado-por-el-restaurante-tivoli-1940\/\" aria-label=\"M\u00e9s informaci\u00f3 sobre ARIBAU PARTICIPA EN EL CICLO DE CATAS ORGANIZADO POR EL RESTAURANTE T\u00cdVOLI 1940\">Llegiu m\u00e9s<\/a><\/p>","protected":false},"author":3,"featured_media":5854,"comment_status":"closed","ping_status":"closed","sticky":false,"template":"","format":"standard","meta":{"footnotes":""},"categories":[406],"tags":[517],"class_list":["post-5851","post","type-post","status-publish","format-standard","has-post-thumbnail","hentry","category-noticias","tag-catas"],"yoast_head":"<!-- This site is optimized with the Yoast SEO plugin v26.7 - https:\/\/yoast.com\/wordpress\/plugins\/seo\/ -->\n<title>ARIBAU PARTICIPA EN EL CICLO DE CATAS ORGANIZADO POR EL RESTAURANTE T\u00cdVOLI 1940 - Aribau<\/title>\n<meta name=\"robots\" content=\"index, follow, max-snippet:-1, max-image-preview:large, max-video-preview:-1\" \/>\n<link rel=\"canonical\" href=\"https:\/\/www.aribau.es\/ca\/aribau-paticipa-en-el-ciclo-de-catas-organizado-por-el-restaurante-tivoli-1940\/\" \/>\n<meta property=\"og:locale\" content=\"ca_ES\" \/>\n<meta property=\"og:type\" content=\"article\" \/>\n<meta property=\"og:title\" content=\"ARIBAU PARTICIPA EN EL CICLO DE CATAS ORGANIZADO POR EL RESTAURANTE T\u00cdVOLI 1940 - Aribau\" \/>\n<meta property=\"og:description\" content=\"El pr\u00f3ximo martes 19 de junio, a las 19h, Aribau ser\u00e1 el encargado de organizar la cata de la semana en el restaurante T\u00edvoli 1940 de Barcelona. Por el ciclo, que arrancaba el pasado mes de mayo, han pasado ya las garnachas, los macabeos y los tempanillos. Con Aribau llegan las malvas\u00edas y los moscateles. ... Llegiu m\u00e9s\" \/>\n<meta property=\"og:url\" content=\"https:\/\/www.aribau.es\/ca\/aribau-paticipa-en-el-ciclo-de-catas-organizado-por-el-restaurante-tivoli-1940\/\" \/>\n<meta property=\"og:site_name\" content=\"Aribau\" \/>\n<meta property=\"article:publisher\" content=\"https:\/\/www.facebook.com\/aribau1964\/\" \/>\n<meta property=\"article:published_time\" content=\"2018-06-14T08:01:23+00:00\" \/>\n<meta property=\"article:modified_time\" content=\"2021-04-26T11:25:09+00:00\" \/>\n<meta property=\"og:image\" content=\"https:\/\/www.aribau.es\/wp-content\/uploads\/2018\/06\/ciclo_catas_tivoli_aribau.jpg\" \/>\n\t<meta property=\"og:image:width\" content=\"619\" \/>\n\t<meta property=\"og:image:height\" content=\"855\" \/>\n\t<meta property=\"og:image:type\" content=\"image\/jpeg\" \/>\n<meta name=\"author\" content=\"aribau\" \/>\n<meta name=\"twitter:card\" content=\"summary_large_image\" \/>\n<meta name=\"twitter:creator\" content=\"@aribau1964\" \/>\n<meta name=\"twitter:site\" content=\"@aribau1964\" \/>\n<meta name=\"twitter:label1\" content=\"Escrit per\" \/>\n\t<meta name=\"twitter:data1\" content=\"aribau\" \/>\n\t<meta name=\"twitter:label2\" content=\"Temps estimat de lectura\" \/>\n\t<meta name=\"twitter:data2\" content=\"1 minut\" \/>\n<script type=\"application\/ld+json\" class=\"yoast-schema-graph\">{\"@context\":\"https:\/\/schema.org\",\"@graph\":[{\"@type\":\"Article\",\"@id\":\"https:\/\/www.aribau.es\/ca\/aribau-paticipa-en-el-ciclo-de-catas-organizado-por-el-restaurante-tivoli-1940\/#article\",\"isPartOf\":{\"@id\":\"https:\/\/www.aribau.es\/ca\/aribau-paticipa-en-el-ciclo-de-catas-organizado-por-el-restaurante-tivoli-1940\/\"},\"author\":{\"name\":\"aribau\",\"@id\":\"https:\/\/www.aribau.es\/#\/schema\/person\/77a976898b3c705ed016499633f4ffd0\"},\"headline\":\"ARIBAU PARTICIPA EN EL CICLO DE CATAS ORGANIZADO POR EL RESTAURANTE T\u00cdVOLI 1940\",\"datePublished\":\"2018-06-14T08:01:23+00:00\",\"dateModified\":\"2021-04-26T11:25:09+00:00\",\"mainEntityOfPage\":{\"@id\":\"https:\/\/www.aribau.es\/ca\/aribau-paticipa-en-el-ciclo-de-catas-organizado-por-el-restaurante-tivoli-1940\/\"},\"wordCount\":262,\"publisher\":{\"@id\":\"https:\/\/www.aribau.es\/#organization\"},\"image\":{\"@id\":\"https:\/\/www.aribau.es\/ca\/aribau-paticipa-en-el-ciclo-de-catas-organizado-por-el-restaurante-tivoli-1940\/#primaryimage\"},\"thumbnailUrl\":\"https:\/\/www.aribau.es\/wp-content\/uploads\/2018\/06\/ciclo_catas_tivoli_aribau.jpg\",\"keywords\":[\"catas\"],\"articleSection\":[\"Noticias\"],\"inLanguage\":\"ca\"},{\"@type\":\"WebPage\",\"@id\":\"https:\/\/www.aribau.es\/ca\/aribau-paticipa-en-el-ciclo-de-catas-organizado-por-el-restaurante-tivoli-1940\/\",\"url\":\"https:\/\/www.aribau.es\/ca\/aribau-paticipa-en-el-ciclo-de-catas-organizado-por-el-restaurante-tivoli-1940\/\",\"name\":\"ARIBAU PARTICIPA EN EL CICLO DE CATAS ORGANIZADO POR EL RESTAURANTE T\u00cdVOLI 1940 - Aribau\",\"isPartOf\":{\"@id\":\"https:\/\/www.aribau.es\/#website\"},\"primaryImageOfPage\":{\"@id\":\"https:\/\/www.aribau.es\/ca\/aribau-paticipa-en-el-ciclo-de-catas-organizado-por-el-restaurante-tivoli-1940\/#primaryimage\"},\"image\":{\"@id\":\"https:\/\/www.aribau.es\/ca\/aribau-paticipa-en-el-ciclo-de-catas-organizado-por-el-restaurante-tivoli-1940\/#primaryimage\"},\"thumbnailUrl\":\"https:\/\/www.aribau.es\/wp-content\/uploads\/2018\/06\/ciclo_catas_tivoli_aribau.jpg\",\"datePublished\":\"2018-06-14T08:01:23+00:00\",\"dateModified\":\"2021-04-26T11:25:09+00:00\",\"breadcrumb\":{\"@id\":\"https:\/\/www.aribau.es\/ca\/aribau-paticipa-en-el-ciclo-de-catas-organizado-por-el-restaurante-tivoli-1940\/#breadcrumb\"},\"inLanguage\":\"ca\",\"potentialAction\":[{\"@type\":\"ReadAction\",\"target\":[\"https:\/\/www.aribau.es\/ca\/aribau-paticipa-en-el-ciclo-de-catas-organizado-por-el-restaurante-tivoli-1940\/\"]}]},{\"@type\":\"ImageObject\",\"inLanguage\":\"ca\",\"@id\":\"https:\/\/www.aribau.es\/ca\/aribau-paticipa-en-el-ciclo-de-catas-organizado-por-el-restaurante-tivoli-1940\/#primaryimage\",\"url\":\"https:\/\/www.aribau.es\/wp-content\/uploads\/2018\/06\/ciclo_catas_tivoli_aribau.jpg\",\"contentUrl\":\"https:\/\/www.aribau.es\/wp-content\/uploads\/2018\/06\/ciclo_catas_tivoli_aribau.jpg\",\"width\":619,\"height\":855},{\"@type\":\"BreadcrumbList\",\"@id\":\"https:\/\/www.aribau.es\/ca\/aribau-paticipa-en-el-ciclo-de-catas-organizado-por-el-restaurante-tivoli-1940\/#breadcrumb\",\"itemListElement\":[{\"@type\":\"ListItem\",\"position\":1,\"name\":\"Portada\",\"item\":\"https:\/\/www.aribau.es\/\"},{\"@type\":\"ListItem\",\"position\":2,\"name\":\"ARIBAU PARTICIPA EN EL CICLO DE CATAS ORGANIZADO POR EL RESTAURANTE T\u00cdVOLI 1940\"}]},{\"@type\":\"WebSite\",\"@id\":\"https:\/\/www.aribau.es\/#website\",\"url\":\"https:\/\/www.aribau.es\/\",\"name\":\"Aribau\",\"description\":\"VINOS Y BODEGAS\",\"publisher\":{\"@id\":\"https:\/\/www.aribau.es\/#organization\"},\"potentialAction\":[{\"@type\":\"SearchAction\",\"target\":{\"@type\":\"EntryPoint\",\"urlTemplate\":\"https:\/\/www.aribau.es\/?s={search_term_string}\"},\"query-input\":{\"@type\":\"PropertyValueSpecification\",\"valueRequired\":true,\"valueName\":\"search_term_string\"}}],\"inLanguage\":\"ca\"},{\"@type\":\"Organization\",\"@id\":\"https:\/\/www.aribau.es\/#organization\",\"name\":\"Aribau\",\"url\":\"https:\/\/www.aribau.es\/\",\"logo\":{\"@type\":\"ImageObject\",\"inLanguage\":\"ca\",\"@id\":\"https:\/\/www.aribau.es\/#\/schema\/logo\/image\/\",\"url\":\"https:\/\/www.aribau.es\/wp-content\/uploads\/2022\/03\/logo.png\",\"contentUrl\":\"https:\/\/www.aribau.es\/wp-content\/uploads\/2022\/03\/logo.png\",\"width\":300,\"height\":300,\"caption\":\"Aribau\"},\"image\":{\"@id\":\"https:\/\/www.aribau.es\/#\/schema\/logo\/image\/\"},\"sameAs\":[\"https:\/\/www.facebook.com\/aribau1964\/\",\"https:\/\/x.com\/aribau1964\",\"https:\/\/www.instagram.com\/aribau1964\/\"]},{\"@type\":\"Person\",\"@id\":\"https:\/\/www.aribau.es\/#\/schema\/person\/77a976898b3c705ed016499633f4ffd0\",\"name\":\"aribau\",\"image\":{\"@type\":\"ImageObject\",\"inLanguage\":\"ca\",\"@id\":\"https:\/\/www.aribau.es\/#\/schema\/person\/image\/\",\"url\":\"https:\/\/secure.gravatar.com\/avatar\/6690491f832d5b32aa9482b978c9464816810fbff0f6658034a34c9d9657b94e?s=96&d=mm&r=g\",\"contentUrl\":\"https:\/\/secure.gravatar.com\/avatar\/6690491f832d5b32aa9482b978c9464816810fbff0f6658034a34c9d9657b94e?s=96&d=mm&r=g\",\"caption\":\"aribau\"},\"url\":\"https:\/\/www.aribau.es\/ca\/author\/aribau\/\"}]}<\/script>\n<!-- \/ Yoast SEO plugin. -->","yoast_head_json":{"title":"ARIBAU PARTICIPA EN EL CICLO DE CATAS ORGANIZADO POR EL RESTAURANTE T\u00cdVOLI 1940 - Aribau","robots":{"index":"index","follow":"follow","max-snippet":"max-snippet:-1","max-image-preview":"max-image-preview:large","max-video-preview":"max-video-preview:-1"},"canonical":"https:\/\/www.aribau.es\/ca\/aribau-paticipa-en-el-ciclo-de-catas-organizado-por-el-restaurante-tivoli-1940\/","og_locale":"ca_ES","og_type":"article","og_title":"ARIBAU PARTICIPA EN EL CICLO DE CATAS ORGANIZADO POR EL RESTAURANTE T\u00cdVOLI 1940 - Aribau","og_description":"El pr\u00f3ximo martes 19 de junio, a las 19h, Aribau ser\u00e1 el encargado de organizar la cata de la semana en el restaurante T\u00edvoli 1940 de Barcelona. Por el ciclo, que arrancaba el pasado mes de mayo, han pasado ya las garnachas, los macabeos y los tempanillos. Con Aribau llegan las malvas\u00edas y los moscateles. ... Llegiu m\u00e9s","og_url":"https:\/\/www.aribau.es\/ca\/aribau-paticipa-en-el-ciclo-de-catas-organizado-por-el-restaurante-tivoli-1940\/","og_site_name":"Aribau","article_publisher":"https:\/\/www.facebook.com\/aribau1964\/","article_published_time":"2018-06-14T08:01:23+00:00","article_modified_time":"2021-04-26T11:25:09+00:00","og_image":[{"width":619,"height":855,"url":"https:\/\/www.aribau.es\/wp-content\/uploads\/2018\/06\/ciclo_catas_tivoli_aribau.jpg","type":"image\/jpeg"}],"author":"aribau","twitter_card":"summary_large_image","twitter_creator":"@aribau1964","twitter_site":"@aribau1964","twitter_misc":{"Escrit per":"aribau","Temps estimat de lectura":"1 minut"},"schema":{"@context":"https:\/\/schema.org","@graph":[{"@type":"Article","@id":"https:\/\/www.aribau.es\/ca\/aribau-paticipa-en-el-ciclo-de-catas-organizado-por-el-restaurante-tivoli-1940\/#article","isPartOf":{"@id":"https:\/\/www.aribau.es\/ca\/aribau-paticipa-en-el-ciclo-de-catas-organizado-por-el-restaurante-tivoli-1940\/"},"author":{"name":"aribau","@id":"https:\/\/www.aribau.es\/#\/schema\/person\/77a976898b3c705ed016499633f4ffd0"},"headline":"ARIBAU PARTICIPA EN EL CICLO DE CATAS ORGANIZADO POR EL RESTAURANTE T\u00cdVOLI 1940","datePublished":"2018-06-14T08:01:23+00:00","dateModified":"2021-04-26T11:25:09+00:00","mainEntityOfPage":{"@id":"https:\/\/www.aribau.es\/ca\/aribau-paticipa-en-el-ciclo-de-catas-organizado-por-el-restaurante-tivoli-1940\/"},"wordCount":262,"publisher":{"@id":"https:\/\/www.aribau.es\/#organization"},"image":{"@id":"https:\/\/www.aribau.es\/ca\/aribau-paticipa-en-el-ciclo-de-catas-organizado-por-el-restaurante-tivoli-1940\/#primaryimage"},"thumbnailUrl":"https:\/\/www.aribau.es\/wp-content\/uploads\/2018\/06\/ciclo_catas_tivoli_aribau.jpg","keywords":["catas"],"articleSection":["Noticias"],"inLanguage":"ca"},{"@type":"WebPage","@id":"https:\/\/www.aribau.es\/ca\/aribau-paticipa-en-el-ciclo-de-catas-organizado-por-el-restaurante-tivoli-1940\/","url":"https:\/\/www.aribau.es\/ca\/aribau-paticipa-en-el-ciclo-de-catas-organizado-por-el-restaurante-tivoli-1940\/","name":"ARIBAU PARTICIPA EN EL CICLO DE CATAS ORGANIZADO POR EL RESTAURANTE T\u00cdVOLI 1940 - Aribau","isPartOf":{"@id":"https:\/\/www.aribau.es\/#website"},"primaryImageOfPage":{"@id":"https:\/\/www.aribau.es\/ca\/aribau-paticipa-en-el-ciclo-de-catas-organizado-por-el-restaurante-tivoli-1940\/#primaryimage"},"image":{"@id":"https:\/\/www.aribau.es\/ca\/aribau-paticipa-en-el-ciclo-de-catas-organizado-por-el-restaurante-tivoli-1940\/#primaryimage"},"thumbnailUrl":"https:\/\/www.aribau.es\/wp-content\/uploads\/2018\/06\/ciclo_catas_tivoli_aribau.jpg","datePublished":"2018-06-14T08:01:23+00:00","dateModified":"2021-04-26T11:25:09+00:00","breadcrumb":{"@id":"https:\/\/www.aribau.es\/ca\/aribau-paticipa-en-el-ciclo-de-catas-organizado-por-el-restaurante-tivoli-1940\/#breadcrumb"},"inLanguage":"ca","potentialAction":[{"@type":"ReadAction","target":["https:\/\/www.aribau.es\/ca\/aribau-paticipa-en-el-ciclo-de-catas-organizado-por-el-restaurante-tivoli-1940\/"]}]},{"@type":"ImageObject","inLanguage":"ca","@id":"https:\/\/www.aribau.es\/ca\/aribau-paticipa-en-el-ciclo-de-catas-organizado-por-el-restaurante-tivoli-1940\/#primaryimage","url":"https:\/\/www.aribau.es\/wp-content\/uploads\/2018\/06\/ciclo_catas_tivoli_aribau.jpg","contentUrl":"https:\/\/www.aribau.es\/wp-content\/uploads\/2018\/06\/ciclo_catas_tivoli_aribau.jpg","width":619,"height":855},{"@type":"BreadcrumbList","@id":"https:\/\/www.aribau.es\/ca\/aribau-paticipa-en-el-ciclo-de-catas-organizado-por-el-restaurante-tivoli-1940\/#breadcrumb","itemListElement":[{"@type":"ListItem","position":1,"name":"Portada","item":"https:\/\/www.aribau.es\/"},{"@type":"ListItem","position":2,"name":"ARIBAU PARTICIPA EN EL CICLO DE CATAS ORGANIZADO POR EL RESTAURANTE T\u00cdVOLI 1940"}]},{"@type":"WebSite","@id":"https:\/\/www.aribau.es\/#website","url":"https:\/\/www.aribau.es\/","name":"Aribau","description":"VINOS Y BODEGAS","publisher":{"@id":"https:\/\/www.aribau.es\/#organization"},"potentialAction":[{"@type":"SearchAction","target":{"@type":"EntryPoint","urlTemplate":"https:\/\/www.aribau.es\/?s={search_term_string}"},"query-input":{"@type":"PropertyValueSpecification","valueRequired":true,"valueName":"search_term_string"}}],"inLanguage":"ca"},{"@type":"Organization","@id":"https:\/\/www.aribau.es\/#organization","name":"Aribau","url":"https:\/\/www.aribau.es\/","logo":{"@type":"ImageObject","inLanguage":"ca","@id":"https:\/\/www.aribau.es\/#\/schema\/logo\/image\/","url":"https:\/\/www.aribau.es\/wp-content\/uploads\/2022\/03\/logo.png","contentUrl":"https:\/\/www.aribau.es\/wp-content\/uploads\/2022\/03\/logo.png","width":300,"height":300,"caption":"Aribau"},"image":{"@id":"https:\/\/www.aribau.es\/#\/schema\/logo\/image\/"},"sameAs":["https:\/\/www.facebook.com\/aribau1964\/","https:\/\/x.com\/aribau1964","https:\/\/www.instagram.com\/aribau1964\/"]},{"@type":"Person","@id":"https:\/\/www.aribau.es\/#\/schema\/person\/77a976898b3c705ed016499633f4ffd0","name":"aribau","image":{"@type":"ImageObject","inLanguage":"ca","@id":"https:\/\/www.aribau.es\/#\/schema\/person\/image\/","url":"https:\/\/secure.gravatar.com\/avatar\/6690491f832d5b32aa9482b978c9464816810fbff0f6658034a34c9d9657b94e?s=96&d=mm&r=g","contentUrl":"https:\/\/secure.gravatar.com\/avatar\/6690491f832d5b32aa9482b978c9464816810fbff0f6658034a34c9d9657b94e?s=96&d=mm&r=g","caption":"aribau"},"url":"https:\/\/www.aribau.es\/ca\/author\/aribau\/"}]}},"_links":{"self":[{"href":"https:\/\/www.aribau.es\/ca\/wp-json\/wp\/v2\/posts\/5851","targetHints":{"allow":["GET"]}}],"collection":[{"href":"https:\/\/www.aribau.es\/ca\/wp-json\/wp\/v2\/posts"}],"about":[{"href":"https:\/\/www.aribau.es\/ca\/wp-json\/wp\/v2\/types\/post"}],"author":[{"embeddable":true,"href":"https:\/\/www.aribau.es\/ca\/wp-json\/wp\/v2\/users\/3"}],"replies":[{"embeddable":true,"href":"https:\/\/www.aribau.es\/ca\/wp-json\/wp\/v2\/comments?post=5851"}],"version-history":[{"count":6,"href":"https:\/\/www.aribau.es\/ca\/wp-json\/wp\/v2\/posts\/5851\/revisions"}],"predecessor-version":[{"id":10095,"href":"https:\/\/www.aribau.es\/ca\/wp-json\/wp\/v2\/posts\/5851\/revisions\/10095"}],"wp:featuredmedia":[{"embeddable":true,"href":"https:\/\/www.aribau.es\/ca\/wp-json\/wp\/v2\/media\/5854"}],"wp:attachment":[{"href":"https:\/\/www.aribau.es\/ca\/wp-json\/wp\/v2\/media?parent=5851"}],"wp:term":[{"taxonomy":"category","embeddable":true,"href":"https:\/\/www.aribau.es\/ca\/wp-json\/wp\/v2\/categories?post=5851"},{"taxonomy":"post_tag","embeddable":true,"href":"https:\/\/www.aribau.es\/ca\/wp-json\/wp\/v2\/tags?post=5851"}],"curies":[{"name":"wp","href":"https:\/\/api.w.org\/{rel}","templated":true}]}}