{"id":5892,"date":"2018-07-12T14:01:14","date_gmt":"2018-07-12T13:01:14","guid":{"rendered":"https:\/\/www.aribau.es\/?p=5892"},"modified":"2021-04-26T12:21:26","modified_gmt":"2021-04-26T11:21:26","slug":"marques-del-atrio-una-bodega-4-denominaciones-de-origen","status":"publish","type":"post","link":"https:\/\/www.aribau.es\/ca\/marques-del-atrio-una-bodega-4-denominaciones-de-origen\/","title":{"rendered":"MARQU\u00c9S DEL ATRIO. UNA BODEGA, 4 DENOMINACIONS D'ORIGEN"},"content":{"rendered":"<p>La bodega <strong><a href=\"https:\/\/marquesdelatrio.com\/es\" target=\"_blank\" rel=\"noopener\">Marqu\u00e9s del Atrio<\/a><\/strong> se encuentra ubicada en Mendavia, Navarra, si bien es cierto que sus or\u00edgenes se encuentran ligados a La Rioja, concretamente a Arnedo, donde se encuentra la sede hist\u00f3rica de la bodega. All\u00ed empezaba la aventura el fundador de esta saga familiar a finales del siglo XIX y, hoy, la cuarta y quinta generaci\u00f3n de la Familia Rivero contin\u00faan al frente de esta gran bodega.<\/p>\n<p>Una familia que siempre ha estado unida al cultivo, la elaboraci\u00f3n y la crianza de vinos, y que han conseguido hacer de Marqu\u00e9s de Atrio una empresa moderna y profesionalizada, con unas instalaciones de \u00faltima generaci\u00f3n y la tecnolog\u00eda m\u00e1s avanzada para elaborar vinos de alta calidad.<\/p>\n<p>Las mejoras llevadas a cabo a lo largo de los a\u00f1os han hecho de Marqu\u00e9s de Atrio una de las cinco bodegas m\u00e1s grandes de la DOCa Rioja, con la elaboraci\u00f3n de un total de veinte millones de botellas de vino al a\u00f1o, teniendo en cuenta todas sus sedes.<\/p>\n<p><!--more--><\/p>\n<p>Y es que Marqu\u00e9s del Atrio no es una bodega amparada s\u00f3lo por la DOCa Rioja, sino que cuenta con vinos de 4 zonas m\u00e1s: DO Navarra, con una bodega situada en Corella; DO Utiel-Requena y Tierra de Castilla, cuyos vinos se producen la bodega situada en Requena (Valencia); DO R\u00edas Baixas; y hasta vinos chinos bajo la marca Changyu Pioneer Wine, que entraba en el accionariado de Marqu\u00e9s del Atrio en 2015, haciendo de \u00e9sta la primera marca de vino espa\u00f1ol reconocida en China, y permitiendo que la bodega comercialice aqu\u00ed el vino <em>Noble Drag\u00f3n<\/em>, el vino m\u00e1s vendido del mundo con m\u00e1s de 450 millones de botellas comercializadas en 2015.<\/p>\n<p>&nbsp;<\/p>\n<p><strong><em><a href=\"https:\/\/www.aribau.es\/wp-content\/uploads\/2018\/07\/finca_el_rubio_2014_aribau.png\"><img decoding=\"async\" class=\"alignleft wp-image-5893\" src=\"https:\/\/www.aribau.es\/wp-content\/uploads\/2018\/07\/finca_el_rubio_2014_aribau.png\" alt=\"\" width=\"97\" height=\"347\" srcset=\"https:\/\/www.aribau.es\/wp-content\/uploads\/2018\/07\/finca_el_rubio_2014_aribau.png 204w, https:\/\/www.aribau.es\/wp-content\/uploads\/2018\/07\/finca_el_rubio_2014_aribau-84x300.png 84w\" sizes=\"(max-width: 97px) 100vw, 97px\" \/><\/a>Marqu\u00e9s del Atrio Finca El Rubio 2014<\/em><\/strong><\/p>\n<p>De entre la ampl\u00edsima gama de productos de la bodega, este DOCa Rioja destaca por su gran personalidad. Un vino elaborado a base de Tempranillo y Garnacha procedentes de vi\u00f1edos propios y criado en barricas nuevas de roble franc\u00e9s y americano, que hacen de \u00e9l un vino elegante y complejo.<\/p>\n<p>De color rojo granate con destellos teja, es un vino limpio y brillante. En nariz destacan las notas de crianza en barrica, notas de moka y toffee que se mezclan con su car\u00e1cter frutal. En boca es suave y robusto, con una buena estructura y un final largo y persistente.<\/p>\n<p>Un vino ideal para acompa\u00f1ar carnes rojas y de caza, as\u00ed como para quesos no muy curados. Si prefieres reservarlo para una ocasi\u00f3n especial, tranquilo, es un vino que se desarrollar\u00e1 bien en botella a lo largo de los pr\u00f3ximos dos o tres a\u00f1os.<\/p>","protected":false},"excerpt":{"rendered":"<p>La bodega Marqu\u00e9s del Atrio se encuentra ubicada en Mendavia, Navarra, si bien es cierto que sus or\u00edgenes se encuentran ligados a La Rioja, concretamente a Arnedo, donde se encuentra la sede hist\u00f3rica de la bodega. All\u00ed empezaba la aventura el fundador de esta saga familiar a finales del siglo XIX y, hoy, la cuarta &#8230; <a title=\"MARQU\u00c9S DEL ATRIO. UNA BODEGA, 4 DENOMINACIONS D&#039;ORIGEN\" class=\"read-more\" href=\"https:\/\/www.aribau.es\/ca\/marques-del-atrio-una-bodega-4-denominaciones-de-origen\/\" aria-label=\"M\u00e9s informaci\u00f3 sobre MARQU\u00c9S DEL ATRIO. UNA BODEGA, 4 DENOMINACIONES DE ORIGEN\">Llegiu m\u00e9s<\/a><\/p>","protected":false},"author":3,"featured_media":5894,"comment_status":"closed","ping_status":"closed","sticky":false,"template":"","format":"standard","meta":{"footnotes":""},"categories":[406],"tags":[522,323,521,523],"class_list":["post-5892","post","type-post","status-publish","format-standard","has-post-thumbnail","hentry","category-noticias","tag-do-navarra","tag-do-rias-baixas","tag-doca-rioja","tag-tierra-de-castilla"],"yoast_head":"<!-- This site is optimized with the Yoast SEO plugin v26.7 - https:\/\/yoast.com\/wordpress\/plugins\/seo\/ -->\n<title>MARQU\u00c9S DEL ATRIO. UNA BODEGA, 4 DENOMINACIONES DE ORIGEN - Aribau<\/title>\n<meta name=\"robots\" content=\"index, follow, max-snippet:-1, max-image-preview:large, max-video-preview:-1\" \/>\n<link rel=\"canonical\" href=\"https:\/\/www.aribau.es\/ca\/marques-del-atrio-una-bodega-4-denominaciones-de-origen\/\" \/>\n<meta property=\"og:locale\" content=\"ca_ES\" \/>\n<meta property=\"og:type\" content=\"article\" \/>\n<meta property=\"og:title\" content=\"MARQU\u00c9S DEL ATRIO. UNA BODEGA, 4 DENOMINACIONES DE ORIGEN - Aribau\" \/>\n<meta property=\"og:description\" content=\"La bodega Marqu\u00e9s del Atrio se encuentra ubicada en Mendavia, Navarra, si bien es cierto que sus or\u00edgenes se encuentran ligados a La Rioja, concretamente a Arnedo, donde se encuentra la sede hist\u00f3rica de la bodega. All\u00ed empezaba la aventura el fundador de esta saga familiar a finales del siglo XIX y, hoy, la cuarta ... Llegiu m\u00e9s\" \/>\n<meta property=\"og:url\" content=\"https:\/\/www.aribau.es\/ca\/marques-del-atrio-una-bodega-4-denominaciones-de-origen\/\" \/>\n<meta property=\"og:site_name\" content=\"Aribau\" \/>\n<meta property=\"article:publisher\" content=\"https:\/\/www.facebook.com\/aribau1964\/\" \/>\n<meta property=\"article:published_time\" content=\"2018-07-12T13:01:14+00:00\" \/>\n<meta property=\"article:modified_time\" content=\"2021-04-26T11:21:26+00:00\" \/>\n<meta property=\"og:image\" content=\"https:\/\/www.aribau.es\/wp-content\/uploads\/2018\/07\/marquel-del-atrio-aribau.jpg\" \/>\n\t<meta property=\"og:image:width\" content=\"1000\" \/>\n\t<meta property=\"og:image:height\" content=\"219\" \/>\n\t<meta property=\"og:image:type\" content=\"image\/jpeg\" \/>\n<meta name=\"author\" content=\"aribau\" \/>\n<meta name=\"twitter:card\" content=\"summary_large_image\" \/>\n<meta name=\"twitter:creator\" content=\"@aribau1964\" \/>\n<meta name=\"twitter:site\" content=\"@aribau1964\" \/>\n<meta name=\"twitter:label1\" content=\"Escrit per\" \/>\n\t<meta name=\"twitter:data1\" content=\"aribau\" \/>\n\t<meta name=\"twitter:label2\" content=\"Temps estimat de lectura\" \/>\n\t<meta name=\"twitter:data2\" content=\"2 minuts\" \/>\n<script type=\"application\/ld+json\" class=\"yoast-schema-graph\">{\"@context\":\"https:\/\/schema.org\",\"@graph\":[{\"@type\":\"Article\",\"@id\":\"https:\/\/www.aribau.es\/marques-del-atrio-una-bodega-4-denominaciones-de-origen\/#article\",\"isPartOf\":{\"@id\":\"https:\/\/www.aribau.es\/marques-del-atrio-una-bodega-4-denominaciones-de-origen\/\"},\"author\":{\"name\":\"aribau\",\"@id\":\"https:\/\/www.aribau.es\/#\/schema\/person\/77a976898b3c705ed016499633f4ffd0\"},\"headline\":\"MARQU\u00c9S DEL ATRIO. UNA BODEGA, 4 DENOMINACIONES DE ORIGEN\",\"datePublished\":\"2018-07-12T13:01:14+00:00\",\"dateModified\":\"2021-04-26T11:21:26+00:00\",\"mainEntityOfPage\":{\"@id\":\"https:\/\/www.aribau.es\/marques-del-atrio-una-bodega-4-denominaciones-de-origen\/\"},\"wordCount\":466,\"publisher\":{\"@id\":\"https:\/\/www.aribau.es\/#organization\"},\"image\":{\"@id\":\"https:\/\/www.aribau.es\/marques-del-atrio-una-bodega-4-denominaciones-de-origen\/#primaryimage\"},\"thumbnailUrl\":\"https:\/\/www.aribau.es\/wp-content\/uploads\/2018\/07\/marquel-del-atrio-aribau.jpg\",\"keywords\":[\"DO Navarra\",\"DO Rias Baixas\",\"DOCa Rioja\",\"Tierra de Castilla\"],\"articleSection\":[\"Noticias\"],\"inLanguage\":\"ca\"},{\"@type\":\"WebPage\",\"@id\":\"https:\/\/www.aribau.es\/marques-del-atrio-una-bodega-4-denominaciones-de-origen\/\",\"url\":\"https:\/\/www.aribau.es\/marques-del-atrio-una-bodega-4-denominaciones-de-origen\/\",\"name\":\"MARQU\u00c9S DEL ATRIO. UNA BODEGA, 4 DENOMINACIONES DE ORIGEN - Aribau\",\"isPartOf\":{\"@id\":\"https:\/\/www.aribau.es\/#website\"},\"primaryImageOfPage\":{\"@id\":\"https:\/\/www.aribau.es\/marques-del-atrio-una-bodega-4-denominaciones-de-origen\/#primaryimage\"},\"image\":{\"@id\":\"https:\/\/www.aribau.es\/marques-del-atrio-una-bodega-4-denominaciones-de-origen\/#primaryimage\"},\"thumbnailUrl\":\"https:\/\/www.aribau.es\/wp-content\/uploads\/2018\/07\/marquel-del-atrio-aribau.jpg\",\"datePublished\":\"2018-07-12T13:01:14+00:00\",\"dateModified\":\"2021-04-26T11:21:26+00:00\",\"breadcrumb\":{\"@id\":\"https:\/\/www.aribau.es\/marques-del-atrio-una-bodega-4-denominaciones-de-origen\/#breadcrumb\"},\"inLanguage\":\"ca\",\"potentialAction\":[{\"@type\":\"ReadAction\",\"target\":[\"https:\/\/www.aribau.es\/marques-del-atrio-una-bodega-4-denominaciones-de-origen\/\"]}]},{\"@type\":\"ImageObject\",\"inLanguage\":\"ca\",\"@id\":\"https:\/\/www.aribau.es\/marques-del-atrio-una-bodega-4-denominaciones-de-origen\/#primaryimage\",\"url\":\"https:\/\/www.aribau.es\/wp-content\/uploads\/2018\/07\/marquel-del-atrio-aribau.jpg\",\"contentUrl\":\"https:\/\/www.aribau.es\/wp-content\/uploads\/2018\/07\/marquel-del-atrio-aribau.jpg\",\"width\":1000,\"height\":219},{\"@type\":\"BreadcrumbList\",\"@id\":\"https:\/\/www.aribau.es\/marques-del-atrio-una-bodega-4-denominaciones-de-origen\/#breadcrumb\",\"itemListElement\":[{\"@type\":\"ListItem\",\"position\":1,\"name\":\"Portada\",\"item\":\"https:\/\/www.aribau.es\/\"},{\"@type\":\"ListItem\",\"position\":2,\"name\":\"MARQU\u00c9S DEL ATRIO. UNA BODEGA, 4 DENOMINACIONES DE ORIGEN\"}]},{\"@type\":\"WebSite\",\"@id\":\"https:\/\/www.aribau.es\/#website\",\"url\":\"https:\/\/www.aribau.es\/\",\"name\":\"Aribau\",\"description\":\"VINOS Y BODEGAS\",\"publisher\":{\"@id\":\"https:\/\/www.aribau.es\/#organization\"},\"potentialAction\":[{\"@type\":\"SearchAction\",\"target\":{\"@type\":\"EntryPoint\",\"urlTemplate\":\"https:\/\/www.aribau.es\/?s={search_term_string}\"},\"query-input\":{\"@type\":\"PropertyValueSpecification\",\"valueRequired\":true,\"valueName\":\"search_term_string\"}}],\"inLanguage\":\"ca\"},{\"@type\":\"Organization\",\"@id\":\"https:\/\/www.aribau.es\/#organization\",\"name\":\"Aribau\",\"url\":\"https:\/\/www.aribau.es\/\",\"logo\":{\"@type\":\"ImageObject\",\"inLanguage\":\"ca\",\"@id\":\"https:\/\/www.aribau.es\/#\/schema\/logo\/image\/\",\"url\":\"https:\/\/www.aribau.es\/wp-content\/uploads\/2022\/03\/logo.png\",\"contentUrl\":\"https:\/\/www.aribau.es\/wp-content\/uploads\/2022\/03\/logo.png\",\"width\":300,\"height\":300,\"caption\":\"Aribau\"},\"image\":{\"@id\":\"https:\/\/www.aribau.es\/#\/schema\/logo\/image\/\"},\"sameAs\":[\"https:\/\/www.facebook.com\/aribau1964\/\",\"https:\/\/x.com\/aribau1964\",\"https:\/\/www.instagram.com\/aribau1964\/\"]},{\"@type\":\"Person\",\"@id\":\"https:\/\/www.aribau.es\/#\/schema\/person\/77a976898b3c705ed016499633f4ffd0\",\"name\":\"aribau\",\"image\":{\"@type\":\"ImageObject\",\"inLanguage\":\"ca\",\"@id\":\"https:\/\/www.aribau.es\/#\/schema\/person\/image\/\",\"url\":\"https:\/\/secure.gravatar.com\/avatar\/6690491f832d5b32aa9482b978c9464816810fbff0f6658034a34c9d9657b94e?s=96&d=mm&r=g\",\"contentUrl\":\"https:\/\/secure.gravatar.com\/avatar\/6690491f832d5b32aa9482b978c9464816810fbff0f6658034a34c9d9657b94e?s=96&d=mm&r=g\",\"caption\":\"aribau\"},\"url\":\"https:\/\/www.aribau.es\/ca\/author\/aribau\/\"}]}<\/script>\n<!-- \/ Yoast SEO plugin. -->","yoast_head_json":{"title":"MARQU\u00c9S DEL ATRIO. UNA BODEGA, 4 DENOMINACIONES DE ORIGEN - Aribau","robots":{"index":"index","follow":"follow","max-snippet":"max-snippet:-1","max-image-preview":"max-image-preview:large","max-video-preview":"max-video-preview:-1"},"canonical":"https:\/\/www.aribau.es\/ca\/marques-del-atrio-una-bodega-4-denominaciones-de-origen\/","og_locale":"ca_ES","og_type":"article","og_title":"MARQU\u00c9S DEL ATRIO. UNA BODEGA, 4 DENOMINACIONES DE ORIGEN - Aribau","og_description":"La bodega Marqu\u00e9s del Atrio se encuentra ubicada en Mendavia, Navarra, si bien es cierto que sus or\u00edgenes se encuentran ligados a La Rioja, concretamente a Arnedo, donde se encuentra la sede hist\u00f3rica de la bodega. All\u00ed empezaba la aventura el fundador de esta saga familiar a finales del siglo XIX y, hoy, la cuarta ... Llegiu m\u00e9s","og_url":"https:\/\/www.aribau.es\/ca\/marques-del-atrio-una-bodega-4-denominaciones-de-origen\/","og_site_name":"Aribau","article_publisher":"https:\/\/www.facebook.com\/aribau1964\/","article_published_time":"2018-07-12T13:01:14+00:00","article_modified_time":"2021-04-26T11:21:26+00:00","og_image":[{"width":1000,"height":219,"url":"https:\/\/www.aribau.es\/wp-content\/uploads\/2018\/07\/marquel-del-atrio-aribau.jpg","type":"image\/jpeg"}],"author":"aribau","twitter_card":"summary_large_image","twitter_creator":"@aribau1964","twitter_site":"@aribau1964","twitter_misc":{"Escrit per":"aribau","Temps estimat de lectura":"2 minuts"},"schema":{"@context":"https:\/\/schema.org","@graph":[{"@type":"Article","@id":"https:\/\/www.aribau.es\/marques-del-atrio-una-bodega-4-denominaciones-de-origen\/#article","isPartOf":{"@id":"https:\/\/www.aribau.es\/marques-del-atrio-una-bodega-4-denominaciones-de-origen\/"},"author":{"name":"aribau","@id":"https:\/\/www.aribau.es\/#\/schema\/person\/77a976898b3c705ed016499633f4ffd0"},"headline":"MARQU\u00c9S DEL ATRIO. UNA BODEGA, 4 DENOMINACIONES DE ORIGEN","datePublished":"2018-07-12T13:01:14+00:00","dateModified":"2021-04-26T11:21:26+00:00","mainEntityOfPage":{"@id":"https:\/\/www.aribau.es\/marques-del-atrio-una-bodega-4-denominaciones-de-origen\/"},"wordCount":466,"publisher":{"@id":"https:\/\/www.aribau.es\/#organization"},"image":{"@id":"https:\/\/www.aribau.es\/marques-del-atrio-una-bodega-4-denominaciones-de-origen\/#primaryimage"},"thumbnailUrl":"https:\/\/www.aribau.es\/wp-content\/uploads\/2018\/07\/marquel-del-atrio-aribau.jpg","keywords":["DO Navarra","DO Rias Baixas","DOCa Rioja","Tierra de Castilla"],"articleSection":["Noticias"],"inLanguage":"ca"},{"@type":"WebPage","@id":"https:\/\/www.aribau.es\/marques-del-atrio-una-bodega-4-denominaciones-de-origen\/","url":"https:\/\/www.aribau.es\/marques-del-atrio-una-bodega-4-denominaciones-de-origen\/","name":"MARQU\u00c9S DEL ATRIO. UNA BODEGA, 4 DENOMINACIONES DE ORIGEN - Aribau","isPartOf":{"@id":"https:\/\/www.aribau.es\/#website"},"primaryImageOfPage":{"@id":"https:\/\/www.aribau.es\/marques-del-atrio-una-bodega-4-denominaciones-de-origen\/#primaryimage"},"image":{"@id":"https:\/\/www.aribau.es\/marques-del-atrio-una-bodega-4-denominaciones-de-origen\/#primaryimage"},"thumbnailUrl":"https:\/\/www.aribau.es\/wp-content\/uploads\/2018\/07\/marquel-del-atrio-aribau.jpg","datePublished":"2018-07-12T13:01:14+00:00","dateModified":"2021-04-26T11:21:26+00:00","breadcrumb":{"@id":"https:\/\/www.aribau.es\/marques-del-atrio-una-bodega-4-denominaciones-de-origen\/#breadcrumb"},"inLanguage":"ca","potentialAction":[{"@type":"ReadAction","target":["https:\/\/www.aribau.es\/marques-del-atrio-una-bodega-4-denominaciones-de-origen\/"]}]},{"@type":"ImageObject","inLanguage":"ca","@id":"https:\/\/www.aribau.es\/marques-del-atrio-una-bodega-4-denominaciones-de-origen\/#primaryimage","url":"https:\/\/www.aribau.es\/wp-content\/uploads\/2018\/07\/marquel-del-atrio-aribau.jpg","contentUrl":"https:\/\/www.aribau.es\/wp-content\/uploads\/2018\/07\/marquel-del-atrio-aribau.jpg","width":1000,"height":219},{"@type":"BreadcrumbList","@id":"https:\/\/www.aribau.es\/marques-del-atrio-una-bodega-4-denominaciones-de-origen\/#breadcrumb","itemListElement":[{"@type":"ListItem","position":1,"name":"Portada","item":"https:\/\/www.aribau.es\/"},{"@type":"ListItem","position":2,"name":"MARQU\u00c9S DEL ATRIO. UNA BODEGA, 4 DENOMINACIONES DE ORIGEN"}]},{"@type":"WebSite","@id":"https:\/\/www.aribau.es\/#website","url":"https:\/\/www.aribau.es\/","name":"Aribau","description":"VINOS Y BODEGAS","publisher":{"@id":"https:\/\/www.aribau.es\/#organization"},"potentialAction":[{"@type":"SearchAction","target":{"@type":"EntryPoint","urlTemplate":"https:\/\/www.aribau.es\/?s={search_term_string}"},"query-input":{"@type":"PropertyValueSpecification","valueRequired":true,"valueName":"search_term_string"}}],"inLanguage":"ca"},{"@type":"Organization","@id":"https:\/\/www.aribau.es\/#organization","name":"Aribau","url":"https:\/\/www.aribau.es\/","logo":{"@type":"ImageObject","inLanguage":"ca","@id":"https:\/\/www.aribau.es\/#\/schema\/logo\/image\/","url":"https:\/\/www.aribau.es\/wp-content\/uploads\/2022\/03\/logo.png","contentUrl":"https:\/\/www.aribau.es\/wp-content\/uploads\/2022\/03\/logo.png","width":300,"height":300,"caption":"Aribau"},"image":{"@id":"https:\/\/www.aribau.es\/#\/schema\/logo\/image\/"},"sameAs":["https:\/\/www.facebook.com\/aribau1964\/","https:\/\/x.com\/aribau1964","https:\/\/www.instagram.com\/aribau1964\/"]},{"@type":"Person","@id":"https:\/\/www.aribau.es\/#\/schema\/person\/77a976898b3c705ed016499633f4ffd0","name":"aribau","image":{"@type":"ImageObject","inLanguage":"ca","@id":"https:\/\/www.aribau.es\/#\/schema\/person\/image\/","url":"https:\/\/secure.gravatar.com\/avatar\/6690491f832d5b32aa9482b978c9464816810fbff0f6658034a34c9d9657b94e?s=96&d=mm&r=g","contentUrl":"https:\/\/secure.gravatar.com\/avatar\/6690491f832d5b32aa9482b978c9464816810fbff0f6658034a34c9d9657b94e?s=96&d=mm&r=g","caption":"aribau"},"url":"https:\/\/www.aribau.es\/ca\/author\/aribau\/"}]}},"_links":{"self":[{"href":"https:\/\/www.aribau.es\/ca\/wp-json\/wp\/v2\/posts\/5892","targetHints":{"allow":["GET"]}}],"collection":[{"href":"https:\/\/www.aribau.es\/ca\/wp-json\/wp\/v2\/posts"}],"about":[{"href":"https:\/\/www.aribau.es\/ca\/wp-json\/wp\/v2\/types\/post"}],"author":[{"embeddable":true,"href":"https:\/\/www.aribau.es\/ca\/wp-json\/wp\/v2\/users\/3"}],"replies":[{"embeddable":true,"href":"https:\/\/www.aribau.es\/ca\/wp-json\/wp\/v2\/comments?post=5892"}],"version-history":[{"count":10,"href":"https:\/\/www.aribau.es\/ca\/wp-json\/wp\/v2\/posts\/5892\/revisions"}],"predecessor-version":[{"id":10088,"href":"https:\/\/www.aribau.es\/ca\/wp-json\/wp\/v2\/posts\/5892\/revisions\/10088"}],"wp:featuredmedia":[{"embeddable":true,"href":"https:\/\/www.aribau.es\/ca\/wp-json\/wp\/v2\/media\/5894"}],"wp:attachment":[{"href":"https:\/\/www.aribau.es\/ca\/wp-json\/wp\/v2\/media?parent=5892"}],"wp:term":[{"taxonomy":"category","embeddable":true,"href":"https:\/\/www.aribau.es\/ca\/wp-json\/wp\/v2\/categories?post=5892"},{"taxonomy":"post_tag","embeddable":true,"href":"https:\/\/www.aribau.es\/ca\/wp-json\/wp\/v2\/tags?post=5892"}],"curies":[{"name":"wp","href":"https:\/\/api.w.org\/{rel}","templated":true}]}}