{"id":5951,"date":"2018-08-09T10:00:36","date_gmt":"2018-08-09T09:00:36","guid":{"rendered":"https:\/\/www.aribau.es\/?p=5951"},"modified":"2021-04-26T12:16:32","modified_gmt":"2021-04-26T11:16:32","slug":"terra-de-falanis-vinos-con-influencia-del-mediterraneo","status":"publish","type":"post","link":"https:\/\/www.aribau.es\/ca\/terra-de-falanis-vinos-con-influencia-del-mediterraneo\/","title":{"rendered":"TERRA DE FALANIS, VINS AMB INFLU\u00c8NCIA DEL MEDITERRANI"},"content":{"rendered":"<p>En el a\u00f1o 2009 <strong>la bodega \u00c0nima Negra<\/strong>, que naci\u00f3 en 1994 en <strong>Mallorca<\/strong>, decide crear una nueva l\u00ednea de vinos con el fin de expresar unas caracter\u00edsticas t\u00e9cnicas y conceptuales diferentes a las que hasta ahora ten\u00edan.<\/p>\n<p>As\u00ed surgi\u00f3 <strong>el proyecto Terra de Falanis<\/strong>, de unos vi\u00f1edos que, por su car\u00e1cter, variedad y terru\u00f1o no encajaban con los vinos de \u00c0nima Negra, aunque el concepto de trabajar con <strong>variedades aut\u00f3ctonas y desarrollar una viticultura natural<\/strong> segu\u00eda siendo la esencia principal de ambos.<\/p>\n<p><!--more--><\/p>\n<p>Terra de Falanis, que recibe el nombre que el historiador Miquel Barcel\u00f3 (Perei\u00f3) utilizaba para referirse a su pueblo Felanitx, pretende que sus vinos sean de car\u00e1cter mediterr\u00e1neo y por ello no s\u00f3lo tienen vinos elaborados en Mallorca sino que abren la posibilidad de ampliar la gama de sus productos a otras <strong>zonas con influencia del Mediterr\u00e1neo<\/strong> como Montsant o Costers del Segre. De esta manera, Terra de Falanis engloba diferentes comportamientos de una realidad afectada por el factor de la insularidad y continentalidad, por la acci\u00f3n del viento y la altura, de la amortiguaci\u00f3n t\u00e9rmica del mar y el estr\u00e9s t\u00e9rmico, etc .<\/p>\n<p><a href=\"https:\/\/www.aribau.es\/wp-content\/uploads\/2018\/08\/Foto-Botella-Muac.jpeg\"><img fetchpriority=\"high\" decoding=\"async\" class=\"alignleft size-full wp-image-5953\" src=\"https:\/\/www.aribau.es\/wp-content\/uploads\/2018\/08\/Foto-Botella-Muac.jpeg\" alt=\"\" width=\"427\" height=\"640\" srcset=\"https:\/\/www.aribau.es\/wp-content\/uploads\/2018\/08\/Foto-Botella-Muac.jpeg 427w, https:\/\/www.aribau.es\/wp-content\/uploads\/2018\/08\/Foto-Botella-Muac-200x300.jpeg 200w\" sizes=\"(max-width: 427px) 100vw, 427px\" \/><\/a>Los vinos Terra de Falanis intentan expresar sus or\u00edgenes y transmitir autenticidad, pero sobre todo, lo que pretenden es no complicar al consumidor. Por eso sus vinos <strong>son j\u00f3venes, afrutados, o en una palabra, son vinos f\u00e1ciles<\/strong> hechos para disfrutar, celebrar y compartir.<\/p>\n<p>La est\u00e9tica de sus etiquetas va en consonancia con lo que se quiere transmitir gracias a las <strong>decoraciones sofisticadas<\/strong> de la imagen, creadas por el dibujante de c\u00f3mics y guionista mallorqu\u00edn, Pere Joan, y al uso de onomatopeyas, que intenta ser un recuerdo a los or\u00edgenes y a la <strong>simplicidad del lenguaje<\/strong> imitando sonidos espont\u00e1neos de nuestro entorno.<\/p>\n<p><strong><u>Muac !, el primer vino de Terra de Falanis<\/u><\/strong><\/p>\n<p>Muac! es el ejemplo de lo que Terra de Falanis quiere expresar al consumidor, un vino de presentaci\u00f3n desenfadada que es f\u00e1cilmente reconocible por el p\u00fablico. Un tinto con crianza de 7 meses en barricas de roble franc\u00e9s de la IGP Vino de la Tierra de Mallorca formado por <strong>las variedades de Callet, Mantonegro y Cabernet Sauvignon<\/strong>. Elaborado siguiendo los sistemas de cultivo tradicionales, es expresivo y presenta sutiles aromas afrutados. En boca es equilibrado y fresco.<\/p>","protected":false},"excerpt":{"rendered":"<p>En el a\u00f1o 2009 la bodega \u00c0nima Negra, que naci\u00f3 en 1994 en Mallorca, decide crear una nueva l\u00ednea de vinos con el fin de expresar unas caracter\u00edsticas t\u00e9cnicas y conceptuales diferentes a las que hasta ahora ten\u00edan. As\u00ed surgi\u00f3 el proyecto Terra de Falanis, de unos vi\u00f1edos que, por su car\u00e1cter, variedad y terru\u00f1o &#8230; <a title=\"TERRA DE FALANIS, VINS AMB INFLU\u00c8NCIA DEL MEDITERRANI\" class=\"read-more\" href=\"https:\/\/www.aribau.es\/ca\/terra-de-falanis-vinos-con-influencia-del-mediterraneo\/\" aria-label=\"M\u00e9s informaci\u00f3 sobre TERRA DE FALANIS, VINOS CON INFLUENCIA DEL MEDITERR\u00c1NEO\">Llegiu m\u00e9s<\/a><\/p>","protected":false},"author":3,"featured_media":5967,"comment_status":"closed","ping_status":"closed","sticky":false,"template":"","format":"standard","meta":{"footnotes":""},"categories":[406],"tags":[524,525,400,526],"class_list":["post-5951","post","type-post","status-publish","format-standard","has-post-thumbnail","hentry","category-noticias","tag-bodega-anima-negre","tag-mallorca","tag-terra-de-falanis","tag-vinos-mediterraneos"],"yoast_head":"<!-- This site is optimized with the Yoast SEO plugin v26.7 - https:\/\/yoast.com\/wordpress\/plugins\/seo\/ -->\n<title>TERRA DE FALANIS, VINOS CON INFLUENCIA DEL MEDITERR\u00c1NEO - Aribau<\/title>\n<meta name=\"robots\" content=\"index, follow, max-snippet:-1, max-image-preview:large, max-video-preview:-1\" \/>\n<link rel=\"canonical\" href=\"https:\/\/www.aribau.es\/ca\/terra-de-falanis-vinos-con-influencia-del-mediterraneo\/\" \/>\n<meta property=\"og:locale\" content=\"ca_ES\" \/>\n<meta property=\"og:type\" content=\"article\" \/>\n<meta property=\"og:title\" content=\"TERRA DE FALANIS, VINOS CON INFLUENCIA DEL MEDITERR\u00c1NEO - Aribau\" \/>\n<meta property=\"og:description\" content=\"En el a\u00f1o 2009 la bodega \u00c0nima Negra, que naci\u00f3 en 1994 en Mallorca, decide crear una nueva l\u00ednea de vinos con el fin de expresar unas caracter\u00edsticas t\u00e9cnicas y conceptuales diferentes a las que hasta ahora ten\u00edan. As\u00ed surgi\u00f3 el proyecto Terra de Falanis, de unos vi\u00f1edos que, por su car\u00e1cter, variedad y terru\u00f1o ... Llegiu m\u00e9s\" \/>\n<meta property=\"og:url\" content=\"https:\/\/www.aribau.es\/ca\/terra-de-falanis-vinos-con-influencia-del-mediterraneo\/\" \/>\n<meta property=\"og:site_name\" content=\"Aribau\" \/>\n<meta property=\"article:publisher\" content=\"https:\/\/www.facebook.com\/aribau1964\/\" \/>\n<meta property=\"article:published_time\" content=\"2018-08-09T09:00:36+00:00\" \/>\n<meta property=\"article:modified_time\" content=\"2021-04-26T11:16:32+00:00\" \/>\n<meta property=\"og:image\" content=\"https:\/\/www.aribau.es\/wp-content\/uploads\/2018\/08\/5.jpg\" \/>\n\t<meta property=\"og:image:width\" content=\"1305\" \/>\n\t<meta property=\"og:image:height\" content=\"873\" \/>\n\t<meta property=\"og:image:type\" content=\"image\/jpeg\" \/>\n<meta name=\"author\" content=\"aribau\" \/>\n<meta name=\"twitter:card\" content=\"summary_large_image\" \/>\n<meta name=\"twitter:creator\" content=\"@aribau1964\" \/>\n<meta name=\"twitter:site\" content=\"@aribau1964\" \/>\n<meta name=\"twitter:label1\" content=\"Escrit per\" \/>\n\t<meta name=\"twitter:data1\" content=\"aribau\" \/>\n\t<meta name=\"twitter:label2\" content=\"Temps estimat de lectura\" \/>\n\t<meta name=\"twitter:data2\" content=\"2 minuts\" \/>\n<script type=\"application\/ld+json\" class=\"yoast-schema-graph\">{\"@context\":\"https:\/\/schema.org\",\"@graph\":[{\"@type\":\"Article\",\"@id\":\"https:\/\/www.aribau.es\/terra-de-falanis-vinos-con-influencia-del-mediterraneo\/#article\",\"isPartOf\":{\"@id\":\"https:\/\/www.aribau.es\/terra-de-falanis-vinos-con-influencia-del-mediterraneo\/\"},\"author\":{\"name\":\"aribau\",\"@id\":\"https:\/\/www.aribau.es\/#\/schema\/person\/77a976898b3c705ed016499633f4ffd0\"},\"headline\":\"TERRA DE FALANIS, VINOS CON INFLUENCIA DEL MEDITERR\u00c1NEO\",\"datePublished\":\"2018-08-09T09:00:36+00:00\",\"dateModified\":\"2021-04-26T11:16:32+00:00\",\"mainEntityOfPage\":{\"@id\":\"https:\/\/www.aribau.es\/terra-de-falanis-vinos-con-influencia-del-mediterraneo\/\"},\"wordCount\":409,\"publisher\":{\"@id\":\"https:\/\/www.aribau.es\/#organization\"},\"image\":{\"@id\":\"https:\/\/www.aribau.es\/terra-de-falanis-vinos-con-influencia-del-mediterraneo\/#primaryimage\"},\"thumbnailUrl\":\"https:\/\/www.aribau.es\/wp-content\/uploads\/2018\/08\/5.jpg\",\"keywords\":[\"BODEGA \u00c0NIMA NEGRE\",\"MALLORCA\",\"Terra de Falanis\",\"VINOS MEDITERR\u00c1NEOS\"],\"articleSection\":[\"Noticias\"],\"inLanguage\":\"ca\"},{\"@type\":\"WebPage\",\"@id\":\"https:\/\/www.aribau.es\/terra-de-falanis-vinos-con-influencia-del-mediterraneo\/\",\"url\":\"https:\/\/www.aribau.es\/terra-de-falanis-vinos-con-influencia-del-mediterraneo\/\",\"name\":\"TERRA DE FALANIS, VINOS CON INFLUENCIA DEL MEDITERR\u00c1NEO - Aribau\",\"isPartOf\":{\"@id\":\"https:\/\/www.aribau.es\/#website\"},\"primaryImageOfPage\":{\"@id\":\"https:\/\/www.aribau.es\/terra-de-falanis-vinos-con-influencia-del-mediterraneo\/#primaryimage\"},\"image\":{\"@id\":\"https:\/\/www.aribau.es\/terra-de-falanis-vinos-con-influencia-del-mediterraneo\/#primaryimage\"},\"thumbnailUrl\":\"https:\/\/www.aribau.es\/wp-content\/uploads\/2018\/08\/5.jpg\",\"datePublished\":\"2018-08-09T09:00:36+00:00\",\"dateModified\":\"2021-04-26T11:16:32+00:00\",\"breadcrumb\":{\"@id\":\"https:\/\/www.aribau.es\/terra-de-falanis-vinos-con-influencia-del-mediterraneo\/#breadcrumb\"},\"inLanguage\":\"ca\",\"potentialAction\":[{\"@type\":\"ReadAction\",\"target\":[\"https:\/\/www.aribau.es\/terra-de-falanis-vinos-con-influencia-del-mediterraneo\/\"]}]},{\"@type\":\"ImageObject\",\"inLanguage\":\"ca\",\"@id\":\"https:\/\/www.aribau.es\/terra-de-falanis-vinos-con-influencia-del-mediterraneo\/#primaryimage\",\"url\":\"https:\/\/www.aribau.es\/wp-content\/uploads\/2018\/08\/5.jpg\",\"contentUrl\":\"https:\/\/www.aribau.es\/wp-content\/uploads\/2018\/08\/5.jpg\",\"width\":1305,\"height\":873},{\"@type\":\"BreadcrumbList\",\"@id\":\"https:\/\/www.aribau.es\/terra-de-falanis-vinos-con-influencia-del-mediterraneo\/#breadcrumb\",\"itemListElement\":[{\"@type\":\"ListItem\",\"position\":1,\"name\":\"Portada\",\"item\":\"https:\/\/www.aribau.es\/\"},{\"@type\":\"ListItem\",\"position\":2,\"name\":\"TERRA DE FALANIS, VINOS CON INFLUENCIA DEL MEDITERR\u00c1NEO\"}]},{\"@type\":\"WebSite\",\"@id\":\"https:\/\/www.aribau.es\/#website\",\"url\":\"https:\/\/www.aribau.es\/\",\"name\":\"Aribau\",\"description\":\"VINOS Y BODEGAS\",\"publisher\":{\"@id\":\"https:\/\/www.aribau.es\/#organization\"},\"potentialAction\":[{\"@type\":\"SearchAction\",\"target\":{\"@type\":\"EntryPoint\",\"urlTemplate\":\"https:\/\/www.aribau.es\/?s={search_term_string}\"},\"query-input\":{\"@type\":\"PropertyValueSpecification\",\"valueRequired\":true,\"valueName\":\"search_term_string\"}}],\"inLanguage\":\"ca\"},{\"@type\":\"Organization\",\"@id\":\"https:\/\/www.aribau.es\/#organization\",\"name\":\"Aribau\",\"url\":\"https:\/\/www.aribau.es\/\",\"logo\":{\"@type\":\"ImageObject\",\"inLanguage\":\"ca\",\"@id\":\"https:\/\/www.aribau.es\/#\/schema\/logo\/image\/\",\"url\":\"https:\/\/www.aribau.es\/wp-content\/uploads\/2022\/03\/logo.png\",\"contentUrl\":\"https:\/\/www.aribau.es\/wp-content\/uploads\/2022\/03\/logo.png\",\"width\":300,\"height\":300,\"caption\":\"Aribau\"},\"image\":{\"@id\":\"https:\/\/www.aribau.es\/#\/schema\/logo\/image\/\"},\"sameAs\":[\"https:\/\/www.facebook.com\/aribau1964\/\",\"https:\/\/x.com\/aribau1964\",\"https:\/\/www.instagram.com\/aribau1964\/\"]},{\"@type\":\"Person\",\"@id\":\"https:\/\/www.aribau.es\/#\/schema\/person\/77a976898b3c705ed016499633f4ffd0\",\"name\":\"aribau\",\"image\":{\"@type\":\"ImageObject\",\"inLanguage\":\"ca\",\"@id\":\"https:\/\/www.aribau.es\/#\/schema\/person\/image\/\",\"url\":\"https:\/\/secure.gravatar.com\/avatar\/6690491f832d5b32aa9482b978c9464816810fbff0f6658034a34c9d9657b94e?s=96&d=mm&r=g\",\"contentUrl\":\"https:\/\/secure.gravatar.com\/avatar\/6690491f832d5b32aa9482b978c9464816810fbff0f6658034a34c9d9657b94e?s=96&d=mm&r=g\",\"caption\":\"aribau\"},\"url\":\"https:\/\/www.aribau.es\/ca\/author\/aribau\/\"}]}<\/script>\n<!-- \/ Yoast SEO plugin. -->","yoast_head_json":{"title":"TERRA DE FALANIS, VINOS CON INFLUENCIA DEL MEDITERR\u00c1NEO - Aribau","robots":{"index":"index","follow":"follow","max-snippet":"max-snippet:-1","max-image-preview":"max-image-preview:large","max-video-preview":"max-video-preview:-1"},"canonical":"https:\/\/www.aribau.es\/ca\/terra-de-falanis-vinos-con-influencia-del-mediterraneo\/","og_locale":"ca_ES","og_type":"article","og_title":"TERRA DE FALANIS, VINOS CON INFLUENCIA DEL MEDITERR\u00c1NEO - Aribau","og_description":"En el a\u00f1o 2009 la bodega \u00c0nima Negra, que naci\u00f3 en 1994 en Mallorca, decide crear una nueva l\u00ednea de vinos con el fin de expresar unas caracter\u00edsticas t\u00e9cnicas y conceptuales diferentes a las que hasta ahora ten\u00edan. As\u00ed surgi\u00f3 el proyecto Terra de Falanis, de unos vi\u00f1edos que, por su car\u00e1cter, variedad y terru\u00f1o ... Llegiu m\u00e9s","og_url":"https:\/\/www.aribau.es\/ca\/terra-de-falanis-vinos-con-influencia-del-mediterraneo\/","og_site_name":"Aribau","article_publisher":"https:\/\/www.facebook.com\/aribau1964\/","article_published_time":"2018-08-09T09:00:36+00:00","article_modified_time":"2021-04-26T11:16:32+00:00","og_image":[{"width":1305,"height":873,"url":"https:\/\/www.aribau.es\/wp-content\/uploads\/2018\/08\/5.jpg","type":"image\/jpeg"}],"author":"aribau","twitter_card":"summary_large_image","twitter_creator":"@aribau1964","twitter_site":"@aribau1964","twitter_misc":{"Escrit per":"aribau","Temps estimat de lectura":"2 minuts"},"schema":{"@context":"https:\/\/schema.org","@graph":[{"@type":"Article","@id":"https:\/\/www.aribau.es\/terra-de-falanis-vinos-con-influencia-del-mediterraneo\/#article","isPartOf":{"@id":"https:\/\/www.aribau.es\/terra-de-falanis-vinos-con-influencia-del-mediterraneo\/"},"author":{"name":"aribau","@id":"https:\/\/www.aribau.es\/#\/schema\/person\/77a976898b3c705ed016499633f4ffd0"},"headline":"TERRA DE FALANIS, VINOS CON INFLUENCIA DEL MEDITERR\u00c1NEO","datePublished":"2018-08-09T09:00:36+00:00","dateModified":"2021-04-26T11:16:32+00:00","mainEntityOfPage":{"@id":"https:\/\/www.aribau.es\/terra-de-falanis-vinos-con-influencia-del-mediterraneo\/"},"wordCount":409,"publisher":{"@id":"https:\/\/www.aribau.es\/#organization"},"image":{"@id":"https:\/\/www.aribau.es\/terra-de-falanis-vinos-con-influencia-del-mediterraneo\/#primaryimage"},"thumbnailUrl":"https:\/\/www.aribau.es\/wp-content\/uploads\/2018\/08\/5.jpg","keywords":["BODEGA \u00c0NIMA NEGRE","MALLORCA","Terra de Falanis","VINOS MEDITERR\u00c1NEOS"],"articleSection":["Noticias"],"inLanguage":"ca"},{"@type":"WebPage","@id":"https:\/\/www.aribau.es\/terra-de-falanis-vinos-con-influencia-del-mediterraneo\/","url":"https:\/\/www.aribau.es\/terra-de-falanis-vinos-con-influencia-del-mediterraneo\/","name":"TERRA DE FALANIS, VINOS CON INFLUENCIA DEL MEDITERR\u00c1NEO - Aribau","isPartOf":{"@id":"https:\/\/www.aribau.es\/#website"},"primaryImageOfPage":{"@id":"https:\/\/www.aribau.es\/terra-de-falanis-vinos-con-influencia-del-mediterraneo\/#primaryimage"},"image":{"@id":"https:\/\/www.aribau.es\/terra-de-falanis-vinos-con-influencia-del-mediterraneo\/#primaryimage"},"thumbnailUrl":"https:\/\/www.aribau.es\/wp-content\/uploads\/2018\/08\/5.jpg","datePublished":"2018-08-09T09:00:36+00:00","dateModified":"2021-04-26T11:16:32+00:00","breadcrumb":{"@id":"https:\/\/www.aribau.es\/terra-de-falanis-vinos-con-influencia-del-mediterraneo\/#breadcrumb"},"inLanguage":"ca","potentialAction":[{"@type":"ReadAction","target":["https:\/\/www.aribau.es\/terra-de-falanis-vinos-con-influencia-del-mediterraneo\/"]}]},{"@type":"ImageObject","inLanguage":"ca","@id":"https:\/\/www.aribau.es\/terra-de-falanis-vinos-con-influencia-del-mediterraneo\/#primaryimage","url":"https:\/\/www.aribau.es\/wp-content\/uploads\/2018\/08\/5.jpg","contentUrl":"https:\/\/www.aribau.es\/wp-content\/uploads\/2018\/08\/5.jpg","width":1305,"height":873},{"@type":"BreadcrumbList","@id":"https:\/\/www.aribau.es\/terra-de-falanis-vinos-con-influencia-del-mediterraneo\/#breadcrumb","itemListElement":[{"@type":"ListItem","position":1,"name":"Portada","item":"https:\/\/www.aribau.es\/"},{"@type":"ListItem","position":2,"name":"TERRA DE FALANIS, VINOS CON INFLUENCIA DEL MEDITERR\u00c1NEO"}]},{"@type":"WebSite","@id":"https:\/\/www.aribau.es\/#website","url":"https:\/\/www.aribau.es\/","name":"Aribau","description":"VINOS Y BODEGAS","publisher":{"@id":"https:\/\/www.aribau.es\/#organization"},"potentialAction":[{"@type":"SearchAction","target":{"@type":"EntryPoint","urlTemplate":"https:\/\/www.aribau.es\/?s={search_term_string}"},"query-input":{"@type":"PropertyValueSpecification","valueRequired":true,"valueName":"search_term_string"}}],"inLanguage":"ca"},{"@type":"Organization","@id":"https:\/\/www.aribau.es\/#organization","name":"Aribau","url":"https:\/\/www.aribau.es\/","logo":{"@type":"ImageObject","inLanguage":"ca","@id":"https:\/\/www.aribau.es\/#\/schema\/logo\/image\/","url":"https:\/\/www.aribau.es\/wp-content\/uploads\/2022\/03\/logo.png","contentUrl":"https:\/\/www.aribau.es\/wp-content\/uploads\/2022\/03\/logo.png","width":300,"height":300,"caption":"Aribau"},"image":{"@id":"https:\/\/www.aribau.es\/#\/schema\/logo\/image\/"},"sameAs":["https:\/\/www.facebook.com\/aribau1964\/","https:\/\/x.com\/aribau1964","https:\/\/www.instagram.com\/aribau1964\/"]},{"@type":"Person","@id":"https:\/\/www.aribau.es\/#\/schema\/person\/77a976898b3c705ed016499633f4ffd0","name":"aribau","image":{"@type":"ImageObject","inLanguage":"ca","@id":"https:\/\/www.aribau.es\/#\/schema\/person\/image\/","url":"https:\/\/secure.gravatar.com\/avatar\/6690491f832d5b32aa9482b978c9464816810fbff0f6658034a34c9d9657b94e?s=96&d=mm&r=g","contentUrl":"https:\/\/secure.gravatar.com\/avatar\/6690491f832d5b32aa9482b978c9464816810fbff0f6658034a34c9d9657b94e?s=96&d=mm&r=g","caption":"aribau"},"url":"https:\/\/www.aribau.es\/ca\/author\/aribau\/"}]}},"_links":{"self":[{"href":"https:\/\/www.aribau.es\/ca\/wp-json\/wp\/v2\/posts\/5951","targetHints":{"allow":["GET"]}}],"collection":[{"href":"https:\/\/www.aribau.es\/ca\/wp-json\/wp\/v2\/posts"}],"about":[{"href":"https:\/\/www.aribau.es\/ca\/wp-json\/wp\/v2\/types\/post"}],"author":[{"embeddable":true,"href":"https:\/\/www.aribau.es\/ca\/wp-json\/wp\/v2\/users\/3"}],"replies":[{"embeddable":true,"href":"https:\/\/www.aribau.es\/ca\/wp-json\/wp\/v2\/comments?post=5951"}],"version-history":[{"count":9,"href":"https:\/\/www.aribau.es\/ca\/wp-json\/wp\/v2\/posts\/5951\/revisions"}],"predecessor-version":[{"id":10082,"href":"https:\/\/www.aribau.es\/ca\/wp-json\/wp\/v2\/posts\/5951\/revisions\/10082"}],"wp:featuredmedia":[{"embeddable":true,"href":"https:\/\/www.aribau.es\/ca\/wp-json\/wp\/v2\/media\/5967"}],"wp:attachment":[{"href":"https:\/\/www.aribau.es\/ca\/wp-json\/wp\/v2\/media?parent=5951"}],"wp:term":[{"taxonomy":"category","embeddable":true,"href":"https:\/\/www.aribau.es\/ca\/wp-json\/wp\/v2\/categories?post=5951"},{"taxonomy":"post_tag","embeddable":true,"href":"https:\/\/www.aribau.es\/ca\/wp-json\/wp\/v2\/tags?post=5951"}],"curies":[{"name":"wp","href":"https:\/\/api.w.org\/{rel}","templated":true}]}}