{"id":5994,"date":"2018-08-30T16:01:00","date_gmt":"2018-08-30T15:01:00","guid":{"rendered":"https:\/\/www.aribau.es\/?p=5994"},"modified":"2021-04-26T12:13:47","modified_gmt":"2021-04-26T11:13:47","slug":"apura-las-vacaciones-con-la-descarada","status":"publish","type":"post","link":"https:\/\/www.aribau.es\/ca\/apura-las-vacaciones-con-la-descarada\/","title":{"rendered":"ESTIRA LES VACANCES AMB \u2018LA DESCARADA\u2019"},"content":{"rendered":"<p>Para la gran mayor\u00eda, las vacaciones de verano se agotan este fin de semana. Quien m\u00e1s quien menos necesitar\u00e1 un empujoncito para volver a la rutina a partir del lunes que, para colmo, ya ser\u00e1 septiembre.<\/p>\n<p>Sin embargo, y aunque el horizonte sea un poco gris, \u00a1sigue siendo verano! A\u00fan quedan algunas semanas para que se acabe, as\u00ed que \u00bfpor qu\u00e9 no aprovecharlo?<\/p>\n<p>En Aribau nos hemos propuesto echarte un mano en esta tarea, y para ello te proponemos 5 miniescapadas fuera de Barcelona para que disfrutes de la buena gastronom\u00eda, siempre maridada con una copa fresca de <strong><em><a href=\"https:\/\/www.aribau.es\/ca\/la-descarada-nuestro-vino-mas-atrevido\/\" target=\"_blank\" rel=\"noopener\">La Descarada<\/a><\/em><\/strong>.<\/p>\n<p><!--more--><\/p>\n<p><strong><em><a href=\"https:\/\/marisqueriasantos.es\/\" target=\"_blank\" rel=\"noopener\">Marisquer\u00eda Santos<\/a><\/em>, Castelldefels<\/strong><\/p>\n<p><a href=\"https:\/\/www.aribau.es\/wp-content\/uploads\/2018\/08\/marisqueria-santos-aribau.jpg\"><img fetchpriority=\"high\" decoding=\"async\" class=\"aligncenter wp-image-5996\" src=\"https:\/\/www.aribau.es\/wp-content\/uploads\/2018\/08\/marisqueria-santos-aribau.jpg\" alt=\"\" width=\"600\" height=\"626\" srcset=\"https:\/\/www.aribau.es\/wp-content\/uploads\/2018\/08\/marisqueria-santos-aribau.jpg 719w, https:\/\/www.aribau.es\/wp-content\/uploads\/2018\/08\/marisqueria-santos-aribau-288x300.jpg 288w\" sizes=\"(max-width: 600px) 100vw, 600px\" \/><\/a><\/p>\n<p>Situada frente al mar, en el Port Ginesta de Castelldefels, <em>Marisquer<\/em><em>\u00ed<\/em><em>a Santos<\/em> ofrece una variada oferta gastron\u00f3mica basada en productos del mar. En la extensa carta podemos encontrar todo tipo de mariscos y pescados, as\u00ed como los mejores arroces, todos con un marcado estilo mediterr\u00e1neo. Calidad, frescura y precios ajustados para una cocina con productos de temporada. \u00a1Para disfrutar!<\/p>\n<p><strong><em><a href=\"http:\/\/www.restaurant1918.cat\/\" target=\"_blank\" rel=\"noopener\">1918 Cuina de Mar<\/a><\/em>, Vilanova i la Geltr\u00fa<\/strong><\/p>\n<p><a href=\"https:\/\/www.aribau.es\/wp-content\/uploads\/2018\/08\/1918-cuina-de-mar-aribau.jpg\"><img decoding=\"async\" class=\"aligncenter wp-image-5995\" src=\"https:\/\/www.aribau.es\/wp-content\/uploads\/2018\/08\/1918-cuina-de-mar-aribau.jpg\" alt=\"\" width=\"600\" height=\"337\" srcset=\"https:\/\/www.aribau.es\/wp-content\/uploads\/2018\/08\/1918-cuina-de-mar-aribau.jpg 900w, https:\/\/www.aribau.es\/wp-content\/uploads\/2018\/08\/1918-cuina-de-mar-aribau-300x169.jpg 300w, https:\/\/www.aribau.es\/wp-content\/uploads\/2018\/08\/1918-cuina-de-mar-aribau-768x432.jpg 768w\" sizes=\"(max-width: 600px) 100vw, 600px\" \/><\/a><\/p>\n<p>Heredero del m\u00edtico <em>Peixerot<\/em>, el restaurante <em>1918 Cuina de Mar<\/em> ofrece la misma cocina marinera y vilanovense, pero con un toque de modernidad. Trabajando siempre con productos de proximidad, de temporada y de m\u00e1xima calidad, podemos encontrar una carta basada en la tradici\u00f3n marinera catalana y local. Si os apetece ir en grupo, os preparar\u00e1n un men\u00fa espec\u00edfico y de lo m\u00e1s marinero ahora que, os recordamos, seguimos en verano. \u00bfY para maridarlo? Nada mejor que una botella fresquita de <em>La Descarada<\/em>.<\/p>\n<p><strong><em><a href=\"http:\/\/restaurantesantamarta.com\/\" target=\"_blank\" rel=\"noopener\">Santa Marta<\/a><\/em>, Cabrera de Mar<\/strong><\/p>\n<p><a href=\"https:\/\/www.aribau.es\/wp-content\/uploads\/2018\/08\/santa-marta-aribau.jpg\"><img decoding=\"async\" class=\"aligncenter wp-image-5997\" src=\"https:\/\/www.aribau.es\/wp-content\/uploads\/2018\/08\/santa-marta-aribau.jpg\" alt=\"\" width=\"600\" height=\"399\" srcset=\"https:\/\/www.aribau.es\/wp-content\/uploads\/2018\/08\/santa-marta-aribau.jpg 1000w, https:\/\/www.aribau.es\/wp-content\/uploads\/2018\/08\/santa-marta-aribau-300x200.jpg 300w, https:\/\/www.aribau.es\/wp-content\/uploads\/2018\/08\/santa-marta-aribau-768x511.jpg 768w\" sizes=\"(max-width: 600px) 100vw, 600px\" \/><\/a><\/p>\n<p>Situado en la parte alta el pueblo, el restaurante <em>Santa Marta<\/em> ofrece a sus comensales una cocina tradicional, basada en producto de temporada y de mercado. El entorno natural que rodea al restaurante y el trato cercano de sus propietarios son dos de los puntos fuertes de un espacio que te har\u00e1 sentir como en casa. Adem\u00e1s, disponen de una amplia variedad de men\u00fas para ajustarse a todas las necesidades.<\/p>\n<p><strong><em><a href=\"http:\/\/www.txalaka.com\/es\/portada\/\" target=\"_blank\" rel=\"noopener\">Txalaka<\/a><\/em>, Castelldefels<\/strong><\/p>\n<p><a href=\"https:\/\/www.aribau.es\/wp-content\/uploads\/2018\/08\/txalaka-aribau.jpg\"><img loading=\"lazy\" decoding=\"async\" class=\"aligncenter wp-image-5998\" src=\"https:\/\/www.aribau.es\/wp-content\/uploads\/2018\/08\/txalaka-aribau.jpg\" alt=\"\" width=\"600\" height=\"169\" srcset=\"https:\/\/www.aribau.es\/wp-content\/uploads\/2018\/08\/txalaka-aribau.jpg 870w, https:\/\/www.aribau.es\/wp-content\/uploads\/2018\/08\/txalaka-aribau-300x84.jpg 300w, https:\/\/www.aribau.es\/wp-content\/uploads\/2018\/08\/txalaka-aribau-768x216.jpg 768w\" sizes=\"(max-width: 600px) 100vw, 600px\" \/><\/a><\/p>\n<p>Este restaurante <em>sagardotegi<\/em> apuesta por la cocina tradicional vasca en Castelldefels. Una carta basada en la tradicional cocina de los caser\u00edos vascos y una barra de <em>pintxos<\/em> al m\u00e1s puro estilo donostiarra son las marcas de un espacio gastron\u00f3mico que cuanta tambi\u00e9n con una amplia carta de vinos, entre los que no pod\u00eda faltar, claro, <em>La Descarada<\/em>. Si sois de buen comer, no lo dud\u00e9is, \u00e9sta es la opci\u00f3n a elegir.<\/p>\n<p><strong><em><a href=\"https:\/\/www.facebook.com\/Gbladescarada-133999520771811\/\" target=\"_blank\" rel=\"noopener\">La Descarada<\/a><\/em>, Montcada i Reixac<\/strong><\/p>\n<p><a href=\"https:\/\/www.aribau.es\/wp-content\/uploads\/2018\/08\/la-descarada-aribau.jpg\"><img loading=\"lazy\" decoding=\"async\" class=\"aligncenter wp-image-5999\" src=\"https:\/\/www.aribau.es\/wp-content\/uploads\/2018\/08\/la-descarada-aribau.jpg\" alt=\"\" width=\"600\" height=\"336\" srcset=\"https:\/\/www.aribau.es\/wp-content\/uploads\/2018\/08\/la-descarada-aribau.jpg 960w, https:\/\/www.aribau.es\/wp-content\/uploads\/2018\/08\/la-descarada-aribau-300x168.jpg 300w, https:\/\/www.aribau.es\/wp-content\/uploads\/2018\/08\/la-descarada-aribau-768x430.jpg 768w\" sizes=\"(max-width: 600px) 100vw, 600px\" \/><\/a><\/p>\n<p>Y si hay un local que no pod\u00eda faltar en este recopilatorio es <em>La Descarada<\/em>. Situado en Montcada i Reixac, <em>La Descarada<\/em> es un gastrobar de ambiente pin-up en el que te puedes tomar desde un desayuno hasta unos c\u00f3cteles. Tambi\u00e9n ofrecen bocadillos y tapas, y todo en un ambiente distendido y con una est\u00e9tica que no puede ir m\u00e1s acorde con nuestra querida <em>Descarada<\/em>. Sin duda, nuestra chica ha encontrado su local.<\/p>","protected":false},"excerpt":{"rendered":"<p>Para la gran mayor\u00eda, las vacaciones de verano se agotan este fin de semana. Quien m\u00e1s quien menos necesitar\u00e1 un empujoncito para volver a la rutina a partir del lunes que, para colmo, ya ser\u00e1 septiembre. Sin embargo, y aunque el horizonte sea un poco gris, \u00a1sigue siendo verano! A\u00fan quedan algunas semanas para que &#8230; <a title=\"ESTIRA LES VACANCES AMB \u2018LA DESCARADA\u2019\" class=\"read-more\" href=\"https:\/\/www.aribau.es\/ca\/apura-las-vacaciones-con-la-descarada\/\" aria-label=\"M\u00e9s informaci\u00f3 sobre APURA LAS VACACIONES CON \u2018LA DESCARADA\u2019\">Llegiu m\u00e9s<\/a><\/p>","protected":false},"author":3,"featured_media":6001,"comment_status":"closed","ping_status":"closed","sticky":false,"template":"","format":"standard","meta":{"footnotes":""},"categories":[406],"tags":[341,348],"class_list":["post-5994","post","type-post","status-publish","format-standard","has-post-thumbnail","hentry","category-noticias","tag-la-descarada","tag-restaurantes"],"yoast_head":"<!-- This site is optimized with the Yoast SEO plugin v26.7 - https:\/\/yoast.com\/wordpress\/plugins\/seo\/ -->\n<title>APURA LAS VACACIONES CON \u2018LA DESCARADA\u2019 - Aribau<\/title>\n<meta name=\"robots\" content=\"index, follow, max-snippet:-1, max-image-preview:large, max-video-preview:-1\" \/>\n<link rel=\"canonical\" href=\"https:\/\/www.aribau.es\/ca\/apura-las-vacaciones-con-la-descarada\/\" \/>\n<meta property=\"og:locale\" content=\"ca_ES\" \/>\n<meta property=\"og:type\" content=\"article\" \/>\n<meta property=\"og:title\" content=\"APURA LAS VACACIONES CON \u2018LA DESCARADA\u2019 - Aribau\" \/>\n<meta property=\"og:description\" content=\"Para la gran mayor\u00eda, las vacaciones de verano se agotan este fin de semana. Quien m\u00e1s quien menos necesitar\u00e1 un empujoncito para volver a la rutina a partir del lunes que, para colmo, ya ser\u00e1 septiembre. Sin embargo, y aunque el horizonte sea un poco gris, \u00a1sigue siendo verano! A\u00fan quedan algunas semanas para que ... Llegiu m\u00e9s\" \/>\n<meta property=\"og:url\" content=\"https:\/\/www.aribau.es\/ca\/apura-las-vacaciones-con-la-descarada\/\" \/>\n<meta property=\"og:site_name\" content=\"Aribau\" \/>\n<meta property=\"article:publisher\" content=\"https:\/\/www.facebook.com\/aribau1964\/\" \/>\n<meta property=\"article:published_time\" content=\"2018-08-30T15:01:00+00:00\" \/>\n<meta property=\"article:modified_time\" content=\"2021-04-26T11:13:47+00:00\" \/>\n<meta property=\"og:image\" content=\"https:\/\/www.aribau.es\/wp-content\/uploads\/2018\/08\/ladescarada_aribau.jpg\" \/>\n\t<meta property=\"og:image:width\" content=\"635\" \/>\n\t<meta property=\"og:image:height\" content=\"461\" \/>\n\t<meta property=\"og:image:type\" content=\"image\/jpeg\" \/>\n<meta name=\"author\" content=\"aribau\" \/>\n<meta name=\"twitter:card\" content=\"summary_large_image\" \/>\n<meta name=\"twitter:creator\" content=\"@aribau1964\" \/>\n<meta name=\"twitter:site\" content=\"@aribau1964\" \/>\n<meta name=\"twitter:label1\" content=\"Escrit per\" \/>\n\t<meta name=\"twitter:data1\" content=\"aribau\" \/>\n\t<meta name=\"twitter:label2\" content=\"Temps estimat de lectura\" \/>\n\t<meta name=\"twitter:data2\" content=\"3 minuts\" \/>\n<script type=\"application\/ld+json\" class=\"yoast-schema-graph\">{\"@context\":\"https:\/\/schema.org\",\"@graph\":[{\"@type\":\"Article\",\"@id\":\"https:\/\/www.aribau.es\/apura-las-vacaciones-con-la-descarada\/#article\",\"isPartOf\":{\"@id\":\"https:\/\/www.aribau.es\/apura-las-vacaciones-con-la-descarada\/\"},\"author\":{\"name\":\"aribau\",\"@id\":\"https:\/\/www.aribau.es\/#\/schema\/person\/77a976898b3c705ed016499633f4ffd0\"},\"headline\":\"APURA LAS VACACIONES CON \u2018LA DESCARADA\u2019\",\"datePublished\":\"2018-08-30T15:01:00+00:00\",\"dateModified\":\"2021-04-26T11:13:47+00:00\",\"mainEntityOfPage\":{\"@id\":\"https:\/\/www.aribau.es\/apura-las-vacaciones-con-la-descarada\/\"},\"wordCount\":509,\"publisher\":{\"@id\":\"https:\/\/www.aribau.es\/#organization\"},\"image\":{\"@id\":\"https:\/\/www.aribau.es\/apura-las-vacaciones-con-la-descarada\/#primaryimage\"},\"thumbnailUrl\":\"https:\/\/www.aribau.es\/wp-content\/uploads\/2018\/08\/ladescarada_aribau.jpg\",\"keywords\":[\"La descarada\",\"restaurantes\"],\"articleSection\":[\"Noticias\"],\"inLanguage\":\"ca\"},{\"@type\":\"WebPage\",\"@id\":\"https:\/\/www.aribau.es\/apura-las-vacaciones-con-la-descarada\/\",\"url\":\"https:\/\/www.aribau.es\/apura-las-vacaciones-con-la-descarada\/\",\"name\":\"APURA LAS VACACIONES CON \u2018LA DESCARADA\u2019 - Aribau\",\"isPartOf\":{\"@id\":\"https:\/\/www.aribau.es\/#website\"},\"primaryImageOfPage\":{\"@id\":\"https:\/\/www.aribau.es\/apura-las-vacaciones-con-la-descarada\/#primaryimage\"},\"image\":{\"@id\":\"https:\/\/www.aribau.es\/apura-las-vacaciones-con-la-descarada\/#primaryimage\"},\"thumbnailUrl\":\"https:\/\/www.aribau.es\/wp-content\/uploads\/2018\/08\/ladescarada_aribau.jpg\",\"datePublished\":\"2018-08-30T15:01:00+00:00\",\"dateModified\":\"2021-04-26T11:13:47+00:00\",\"breadcrumb\":{\"@id\":\"https:\/\/www.aribau.es\/apura-las-vacaciones-con-la-descarada\/#breadcrumb\"},\"inLanguage\":\"ca\",\"potentialAction\":[{\"@type\":\"ReadAction\",\"target\":[\"https:\/\/www.aribau.es\/apura-las-vacaciones-con-la-descarada\/\"]}]},{\"@type\":\"ImageObject\",\"inLanguage\":\"ca\",\"@id\":\"https:\/\/www.aribau.es\/apura-las-vacaciones-con-la-descarada\/#primaryimage\",\"url\":\"https:\/\/www.aribau.es\/wp-content\/uploads\/2018\/08\/ladescarada_aribau.jpg\",\"contentUrl\":\"https:\/\/www.aribau.es\/wp-content\/uploads\/2018\/08\/ladescarada_aribau.jpg\",\"width\":635,\"height\":461},{\"@type\":\"BreadcrumbList\",\"@id\":\"https:\/\/www.aribau.es\/apura-las-vacaciones-con-la-descarada\/#breadcrumb\",\"itemListElement\":[{\"@type\":\"ListItem\",\"position\":1,\"name\":\"Portada\",\"item\":\"https:\/\/www.aribau.es\/\"},{\"@type\":\"ListItem\",\"position\":2,\"name\":\"APURA LAS VACACIONES CON \u2018LA DESCARADA\u2019\"}]},{\"@type\":\"WebSite\",\"@id\":\"https:\/\/www.aribau.es\/#website\",\"url\":\"https:\/\/www.aribau.es\/\",\"name\":\"Aribau\",\"description\":\"VINOS Y BODEGAS\",\"publisher\":{\"@id\":\"https:\/\/www.aribau.es\/#organization\"},\"potentialAction\":[{\"@type\":\"SearchAction\",\"target\":{\"@type\":\"EntryPoint\",\"urlTemplate\":\"https:\/\/www.aribau.es\/?s={search_term_string}\"},\"query-input\":{\"@type\":\"PropertyValueSpecification\",\"valueRequired\":true,\"valueName\":\"search_term_string\"}}],\"inLanguage\":\"ca\"},{\"@type\":\"Organization\",\"@id\":\"https:\/\/www.aribau.es\/#organization\",\"name\":\"Aribau\",\"url\":\"https:\/\/www.aribau.es\/\",\"logo\":{\"@type\":\"ImageObject\",\"inLanguage\":\"ca\",\"@id\":\"https:\/\/www.aribau.es\/#\/schema\/logo\/image\/\",\"url\":\"https:\/\/www.aribau.es\/wp-content\/uploads\/2022\/03\/logo.png\",\"contentUrl\":\"https:\/\/www.aribau.es\/wp-content\/uploads\/2022\/03\/logo.png\",\"width\":300,\"height\":300,\"caption\":\"Aribau\"},\"image\":{\"@id\":\"https:\/\/www.aribau.es\/#\/schema\/logo\/image\/\"},\"sameAs\":[\"https:\/\/www.facebook.com\/aribau1964\/\",\"https:\/\/x.com\/aribau1964\",\"https:\/\/www.instagram.com\/aribau1964\/\"]},{\"@type\":\"Person\",\"@id\":\"https:\/\/www.aribau.es\/#\/schema\/person\/77a976898b3c705ed016499633f4ffd0\",\"name\":\"aribau\",\"image\":{\"@type\":\"ImageObject\",\"inLanguage\":\"ca\",\"@id\":\"https:\/\/www.aribau.es\/#\/schema\/person\/image\/\",\"url\":\"https:\/\/secure.gravatar.com\/avatar\/6690491f832d5b32aa9482b978c9464816810fbff0f6658034a34c9d9657b94e?s=96&d=mm&r=g\",\"contentUrl\":\"https:\/\/secure.gravatar.com\/avatar\/6690491f832d5b32aa9482b978c9464816810fbff0f6658034a34c9d9657b94e?s=96&d=mm&r=g\",\"caption\":\"aribau\"},\"url\":\"https:\/\/www.aribau.es\/ca\/author\/aribau\/\"}]}<\/script>\n<!-- \/ Yoast SEO plugin. -->","yoast_head_json":{"title":"APURA LAS VACACIONES CON \u2018LA DESCARADA\u2019 - Aribau","robots":{"index":"index","follow":"follow","max-snippet":"max-snippet:-1","max-image-preview":"max-image-preview:large","max-video-preview":"max-video-preview:-1"},"canonical":"https:\/\/www.aribau.es\/ca\/apura-las-vacaciones-con-la-descarada\/","og_locale":"ca_ES","og_type":"article","og_title":"APURA LAS VACACIONES CON \u2018LA DESCARADA\u2019 - Aribau","og_description":"Para la gran mayor\u00eda, las vacaciones de verano se agotan este fin de semana. Quien m\u00e1s quien menos necesitar\u00e1 un empujoncito para volver a la rutina a partir del lunes que, para colmo, ya ser\u00e1 septiembre. Sin embargo, y aunque el horizonte sea un poco gris, \u00a1sigue siendo verano! A\u00fan quedan algunas semanas para que ... Llegiu m\u00e9s","og_url":"https:\/\/www.aribau.es\/ca\/apura-las-vacaciones-con-la-descarada\/","og_site_name":"Aribau","article_publisher":"https:\/\/www.facebook.com\/aribau1964\/","article_published_time":"2018-08-30T15:01:00+00:00","article_modified_time":"2021-04-26T11:13:47+00:00","og_image":[{"width":635,"height":461,"url":"https:\/\/www.aribau.es\/wp-content\/uploads\/2018\/08\/ladescarada_aribau.jpg","type":"image\/jpeg"}],"author":"aribau","twitter_card":"summary_large_image","twitter_creator":"@aribau1964","twitter_site":"@aribau1964","twitter_misc":{"Escrit per":"aribau","Temps estimat de lectura":"3 minuts"},"schema":{"@context":"https:\/\/schema.org","@graph":[{"@type":"Article","@id":"https:\/\/www.aribau.es\/apura-las-vacaciones-con-la-descarada\/#article","isPartOf":{"@id":"https:\/\/www.aribau.es\/apura-las-vacaciones-con-la-descarada\/"},"author":{"name":"aribau","@id":"https:\/\/www.aribau.es\/#\/schema\/person\/77a976898b3c705ed016499633f4ffd0"},"headline":"APURA LAS VACACIONES CON \u2018LA DESCARADA\u2019","datePublished":"2018-08-30T15:01:00+00:00","dateModified":"2021-04-26T11:13:47+00:00","mainEntityOfPage":{"@id":"https:\/\/www.aribau.es\/apura-las-vacaciones-con-la-descarada\/"},"wordCount":509,"publisher":{"@id":"https:\/\/www.aribau.es\/#organization"},"image":{"@id":"https:\/\/www.aribau.es\/apura-las-vacaciones-con-la-descarada\/#primaryimage"},"thumbnailUrl":"https:\/\/www.aribau.es\/wp-content\/uploads\/2018\/08\/ladescarada_aribau.jpg","keywords":["La descarada","restaurantes"],"articleSection":["Noticias"],"inLanguage":"ca"},{"@type":"WebPage","@id":"https:\/\/www.aribau.es\/apura-las-vacaciones-con-la-descarada\/","url":"https:\/\/www.aribau.es\/apura-las-vacaciones-con-la-descarada\/","name":"APURA LAS VACACIONES CON \u2018LA DESCARADA\u2019 - Aribau","isPartOf":{"@id":"https:\/\/www.aribau.es\/#website"},"primaryImageOfPage":{"@id":"https:\/\/www.aribau.es\/apura-las-vacaciones-con-la-descarada\/#primaryimage"},"image":{"@id":"https:\/\/www.aribau.es\/apura-las-vacaciones-con-la-descarada\/#primaryimage"},"thumbnailUrl":"https:\/\/www.aribau.es\/wp-content\/uploads\/2018\/08\/ladescarada_aribau.jpg","datePublished":"2018-08-30T15:01:00+00:00","dateModified":"2021-04-26T11:13:47+00:00","breadcrumb":{"@id":"https:\/\/www.aribau.es\/apura-las-vacaciones-con-la-descarada\/#breadcrumb"},"inLanguage":"ca","potentialAction":[{"@type":"ReadAction","target":["https:\/\/www.aribau.es\/apura-las-vacaciones-con-la-descarada\/"]}]},{"@type":"ImageObject","inLanguage":"ca","@id":"https:\/\/www.aribau.es\/apura-las-vacaciones-con-la-descarada\/#primaryimage","url":"https:\/\/www.aribau.es\/wp-content\/uploads\/2018\/08\/ladescarada_aribau.jpg","contentUrl":"https:\/\/www.aribau.es\/wp-content\/uploads\/2018\/08\/ladescarada_aribau.jpg","width":635,"height":461},{"@type":"BreadcrumbList","@id":"https:\/\/www.aribau.es\/apura-las-vacaciones-con-la-descarada\/#breadcrumb","itemListElement":[{"@type":"ListItem","position":1,"name":"Portada","item":"https:\/\/www.aribau.es\/"},{"@type":"ListItem","position":2,"name":"APURA LAS VACACIONES CON \u2018LA DESCARADA\u2019"}]},{"@type":"WebSite","@id":"https:\/\/www.aribau.es\/#website","url":"https:\/\/www.aribau.es\/","name":"Aribau","description":"VINOS Y BODEGAS","publisher":{"@id":"https:\/\/www.aribau.es\/#organization"},"potentialAction":[{"@type":"SearchAction","target":{"@type":"EntryPoint","urlTemplate":"https:\/\/www.aribau.es\/?s={search_term_string}"},"query-input":{"@type":"PropertyValueSpecification","valueRequired":true,"valueName":"search_term_string"}}],"inLanguage":"ca"},{"@type":"Organization","@id":"https:\/\/www.aribau.es\/#organization","name":"Aribau","url":"https:\/\/www.aribau.es\/","logo":{"@type":"ImageObject","inLanguage":"ca","@id":"https:\/\/www.aribau.es\/#\/schema\/logo\/image\/","url":"https:\/\/www.aribau.es\/wp-content\/uploads\/2022\/03\/logo.png","contentUrl":"https:\/\/www.aribau.es\/wp-content\/uploads\/2022\/03\/logo.png","width":300,"height":300,"caption":"Aribau"},"image":{"@id":"https:\/\/www.aribau.es\/#\/schema\/logo\/image\/"},"sameAs":["https:\/\/www.facebook.com\/aribau1964\/","https:\/\/x.com\/aribau1964","https:\/\/www.instagram.com\/aribau1964\/"]},{"@type":"Person","@id":"https:\/\/www.aribau.es\/#\/schema\/person\/77a976898b3c705ed016499633f4ffd0","name":"aribau","image":{"@type":"ImageObject","inLanguage":"ca","@id":"https:\/\/www.aribau.es\/#\/schema\/person\/image\/","url":"https:\/\/secure.gravatar.com\/avatar\/6690491f832d5b32aa9482b978c9464816810fbff0f6658034a34c9d9657b94e?s=96&d=mm&r=g","contentUrl":"https:\/\/secure.gravatar.com\/avatar\/6690491f832d5b32aa9482b978c9464816810fbff0f6658034a34c9d9657b94e?s=96&d=mm&r=g","caption":"aribau"},"url":"https:\/\/www.aribau.es\/ca\/author\/aribau\/"}]}},"_links":{"self":[{"href":"https:\/\/www.aribau.es\/ca\/wp-json\/wp\/v2\/posts\/5994","targetHints":{"allow":["GET"]}}],"collection":[{"href":"https:\/\/www.aribau.es\/ca\/wp-json\/wp\/v2\/posts"}],"about":[{"href":"https:\/\/www.aribau.es\/ca\/wp-json\/wp\/v2\/types\/post"}],"author":[{"embeddable":true,"href":"https:\/\/www.aribau.es\/ca\/wp-json\/wp\/v2\/users\/3"}],"replies":[{"embeddable":true,"href":"https:\/\/www.aribau.es\/ca\/wp-json\/wp\/v2\/comments?post=5994"}],"version-history":[{"count":4,"href":"https:\/\/www.aribau.es\/ca\/wp-json\/wp\/v2\/posts\/5994\/revisions"}],"predecessor-version":[{"id":10077,"href":"https:\/\/www.aribau.es\/ca\/wp-json\/wp\/v2\/posts\/5994\/revisions\/10077"}],"wp:featuredmedia":[{"embeddable":true,"href":"https:\/\/www.aribau.es\/ca\/wp-json\/wp\/v2\/media\/6001"}],"wp:attachment":[{"href":"https:\/\/www.aribau.es\/ca\/wp-json\/wp\/v2\/media?parent=5994"}],"wp:term":[{"taxonomy":"category","embeddable":true,"href":"https:\/\/www.aribau.es\/ca\/wp-json\/wp\/v2\/categories?post=5994"},{"taxonomy":"post_tag","embeddable":true,"href":"https:\/\/www.aribau.es\/ca\/wp-json\/wp\/v2\/tags?post=5994"}],"curies":[{"name":"wp","href":"https:\/\/api.w.org\/{rel}","templated":true}]}}