{"id":6013,"date":"2018-09-13T12:12:14","date_gmt":"2018-09-13T11:12:14","guid":{"rendered":"https:\/\/www.aribau.es\/?p=6013"},"modified":"2021-04-26T12:11:16","modified_gmt":"2021-04-26T11:11:16","slug":"113-una-gran-bodega-que-acaba-de-cumplir-la-mayoria-de-edad","status":"publish","type":"post","link":"https:\/\/www.aribau.es\/ca\/113-una-gran-bodega-que-acaba-de-cumplir-la-mayoria-de-edad\/","title":{"rendered":"1+1=3, UNA GRAN BODEGA QUE ACABA DE COMPLIR LA MAJORIA D'EDAT"},"content":{"rendered":"<p>La bodega <strong><a href=\"http:\/\/umesufantres.com\/?lang=es\" target=\"_blank\" rel=\"noopener\">1+1=3<\/a><\/strong>, situada en el Alt Pened\u00e8s, arrancaba su andadura con el inicio del nuevo milenio, si bien es cierto que sus fundadores, Josep Anton Bonell y el en\u00f3logo Josep Pi\u00f1ol ya ten\u00edan experiencia en el mundo del vino.<\/p>\n<p>Quiz\u00e1 una de las cosas m\u00e1s peculiares de la bodega sea su nombre, una operaci\u00f3n num\u00e9rica que no encaja en nuestros asimilados conceptos matem\u00e1ticos y que despierta la curiosidad. La explicaci\u00f3n responde al reto de los dos fundadores de sumar a la empresa un tercer miembro: el cliente, para que tambi\u00e9n este se sienta parte del proyecto.<\/p>\n<p>Un aspecto m\u00e1s de la filosof\u00eda de una empresa, que pasa tambi\u00e9n por el compromiso con la tierra y el amor por la vi\u00f1a, siempre innovando y mejorando sus productos para llegar un poco m\u00e1s lejos. Hoy sus vinos y cavas se comercialicen en los cinco continentes.<\/p>\n<p><!--more--><\/p>\n<p><a href=\"https:\/\/www.aribau.es\/wp-content\/uploads\/2018\/09\/Dol\u00e7-113-aribau.png\"><img fetchpriority=\"high\" decoding=\"async\" class=\"alignleft wp-image-6016\" src=\"https:\/\/www.aribau.es\/wp-content\/uploads\/2018\/09\/Dol\u00e7-113-aribau.png\" alt=\"\" width=\"199\" height=\"373\" srcset=\"https:\/\/www.aribau.es\/wp-content\/uploads\/2018\/09\/Dol\u00e7-113-aribau.png 320w, https:\/\/www.aribau.es\/wp-content\/uploads\/2018\/09\/Dol\u00e7-113-aribau-160x300.png 160w\" sizes=\"(max-width: 199px) 100vw, 199px\" \/><\/a>Y entre su gama de vinos y cavas, siempre atractivos, elegantes y modernos, destaca uno: <em><strong>Dol\u00e7<\/strong><\/em>, un vino de lo m\u00e1s especial. Se trata de un rosado dulce obtenido \u00edntegramente de las cari\u00f1enas del vi\u00f1edo Mas Moi\u00f3, unas vi\u00f1as plantadas hace m\u00e1s de 40 a\u00f1os y que ofrecen una uva de una calidad excepcional.<\/p>\n<p>Para su elaboraci\u00f3n se sigue un peculiar proceso de sobre maduraci\u00f3n de la uva en la vi\u00f1a, de manera que todo el az\u00facar y los aromas se concentran en el interior del grano por la acci\u00f3n de la podredumbre noble, la forma benevolente del hongo <em>botrytis cinerea<\/em>. 12 meses posteriores de fermentaci\u00f3n lenta en barrica de roble franc\u00e9s rematan el proceso de elaboraci\u00f3n de este vino elegante y ligero.<\/p>\n<p>Sin duda, un maridaje muy recomendado para aquellos que se\u00e1is golosos. Ideal para acompa\u00f1ar naranja ba\u00f1ada de chocolate, frutas deshidratadas, frutos secos, crema catalana, dulce de leche o helado de yogur. Y si preferimos lo salado, tambi\u00e9n marida muy bien con queso azul, brie y Ma\u00f3.<\/p>","protected":false},"excerpt":{"rendered":"<p>La bodega 1+1=3, situada en el Alt Pened\u00e8s, arrancaba su andadura con el inicio del nuevo milenio, si bien es cierto que sus fundadores, Josep Anton Bonell y el en\u00f3logo Josep Pi\u00f1ol ya ten\u00edan experiencia en el mundo del vino. Quiz\u00e1 una de las cosas m\u00e1s peculiares de la bodega sea su nombre, una operaci\u00f3n &#8230; <a title=\"1+1=3, UNA GRAN BODEGA QUE ACABA DE COMPLIR LA MAJORIA D&#039;EDAT\" class=\"read-more\" href=\"https:\/\/www.aribau.es\/ca\/113-una-gran-bodega-que-acaba-de-cumplir-la-mayoria-de-edad\/\" aria-label=\"M\u00e9s informaci\u00f3 sobre 1+1=3, UNA GRAN BODEGA QUE ACABA DE CUMPLIR LA MAYOR\u00cdA DE EDAD\">Llegiu m\u00e9s<\/a><\/p>","protected":false},"author":3,"featured_media":4799,"comment_status":"closed","ping_status":"closed","sticky":false,"template":"","format":"standard","meta":{"footnotes":""},"categories":[406],"tags":[530,531],"class_list":["post-6013","post","type-post","status-publish","format-standard","has-post-thumbnail","hentry","category-noticias","tag-530","tag-vinos-dulces"],"yoast_head":"<!-- This site is optimized with the Yoast SEO plugin v26.7 - https:\/\/yoast.com\/wordpress\/plugins\/seo\/ -->\n<title>1+1=3, UNA GRAN BODEGA QUE ACABA DE CUMPLIR LA MAYOR\u00cdA DE EDAD - Aribau<\/title>\n<meta name=\"robots\" content=\"index, follow, max-snippet:-1, max-image-preview:large, max-video-preview:-1\" \/>\n<link rel=\"canonical\" href=\"https:\/\/www.aribau.es\/ca\/113-una-gran-bodega-que-acaba-de-cumplir-la-mayoria-de-edad\/\" \/>\n<meta property=\"og:locale\" content=\"ca_ES\" \/>\n<meta property=\"og:type\" content=\"article\" \/>\n<meta property=\"og:title\" content=\"1+1=3, UNA GRAN BODEGA QUE ACABA DE CUMPLIR LA MAYOR\u00cdA DE EDAD - Aribau\" \/>\n<meta property=\"og:description\" content=\"La bodega 1+1=3, situada en el Alt Pened\u00e8s, arrancaba su andadura con el inicio del nuevo milenio, si bien es cierto que sus fundadores, Josep Anton Bonell y el en\u00f3logo Josep Pi\u00f1ol ya ten\u00edan experiencia en el mundo del vino. Quiz\u00e1 una de las cosas m\u00e1s peculiares de la bodega sea su nombre, una operaci\u00f3n ... Llegiu m\u00e9s\" \/>\n<meta property=\"og:url\" content=\"https:\/\/www.aribau.es\/ca\/113-una-gran-bodega-que-acaba-de-cumplir-la-mayoria-de-edad\/\" \/>\n<meta property=\"og:site_name\" content=\"Aribau\" \/>\n<meta property=\"article:publisher\" content=\"https:\/\/www.facebook.com\/aribau1964\/\" \/>\n<meta property=\"article:published_time\" content=\"2018-09-13T11:12:14+00:00\" \/>\n<meta property=\"article:modified_time\" content=\"2021-04-26T11:11:16+00:00\" \/>\n<meta property=\"og:image\" content=\"https:\/\/www.aribau.es\/wp-content\/uploads\/2016\/09\/113-GarnatxaMontserrat.jpg\" \/>\n\t<meta property=\"og:image:width\" content=\"2008\" \/>\n\t<meta property=\"og:image:height\" content=\"1305\" \/>\n\t<meta property=\"og:image:type\" content=\"image\/jpeg\" \/>\n<meta name=\"author\" content=\"aribau\" \/>\n<meta name=\"twitter:card\" content=\"summary_large_image\" \/>\n<meta name=\"twitter:creator\" content=\"@aribau1964\" \/>\n<meta name=\"twitter:site\" content=\"@aribau1964\" \/>\n<meta name=\"twitter:label1\" content=\"Escrit per\" \/>\n\t<meta name=\"twitter:data1\" content=\"aribau\" \/>\n\t<meta name=\"twitter:label2\" content=\"Temps estimat de lectura\" \/>\n\t<meta name=\"twitter:data2\" content=\"2 minuts\" \/>\n<script type=\"application\/ld+json\" class=\"yoast-schema-graph\">{\"@context\":\"https:\/\/schema.org\",\"@graph\":[{\"@type\":\"Article\",\"@id\":\"https:\/\/www.aribau.es\/113-una-gran-bodega-que-acaba-de-cumplir-la-mayoria-de-edad\/#article\",\"isPartOf\":{\"@id\":\"https:\/\/www.aribau.es\/113-una-gran-bodega-que-acaba-de-cumplir-la-mayoria-de-edad\/\"},\"author\":{\"name\":\"aribau\",\"@id\":\"https:\/\/www.aribau.es\/#\/schema\/person\/77a976898b3c705ed016499633f4ffd0\"},\"headline\":\"1+1=3, UNA GRAN BODEGA QUE ACABA DE CUMPLIR LA MAYOR\u00cdA DE EDAD\",\"datePublished\":\"2018-09-13T11:12:14+00:00\",\"dateModified\":\"2021-04-26T11:11:16+00:00\",\"mainEntityOfPage\":{\"@id\":\"https:\/\/www.aribau.es\/113-una-gran-bodega-que-acaba-de-cumplir-la-mayoria-de-edad\/\"},\"wordCount\":355,\"publisher\":{\"@id\":\"https:\/\/www.aribau.es\/#organization\"},\"image\":{\"@id\":\"https:\/\/www.aribau.es\/113-una-gran-bodega-que-acaba-de-cumplir-la-mayoria-de-edad\/#primaryimage\"},\"thumbnailUrl\":\"https:\/\/www.aribau.es\/wp-content\/uploads\/2016\/09\/113-GarnatxaMontserrat.jpg\",\"keywords\":[\"1+1=3\",\"vinos dulces\"],\"articleSection\":[\"Noticias\"],\"inLanguage\":\"ca\"},{\"@type\":\"WebPage\",\"@id\":\"https:\/\/www.aribau.es\/113-una-gran-bodega-que-acaba-de-cumplir-la-mayoria-de-edad\/\",\"url\":\"https:\/\/www.aribau.es\/113-una-gran-bodega-que-acaba-de-cumplir-la-mayoria-de-edad\/\",\"name\":\"1+1=3, UNA GRAN BODEGA QUE ACABA DE CUMPLIR LA MAYOR\u00cdA DE EDAD - Aribau\",\"isPartOf\":{\"@id\":\"https:\/\/www.aribau.es\/#website\"},\"primaryImageOfPage\":{\"@id\":\"https:\/\/www.aribau.es\/113-una-gran-bodega-que-acaba-de-cumplir-la-mayoria-de-edad\/#primaryimage\"},\"image\":{\"@id\":\"https:\/\/www.aribau.es\/113-una-gran-bodega-que-acaba-de-cumplir-la-mayoria-de-edad\/#primaryimage\"},\"thumbnailUrl\":\"https:\/\/www.aribau.es\/wp-content\/uploads\/2016\/09\/113-GarnatxaMontserrat.jpg\",\"datePublished\":\"2018-09-13T11:12:14+00:00\",\"dateModified\":\"2021-04-26T11:11:16+00:00\",\"breadcrumb\":{\"@id\":\"https:\/\/www.aribau.es\/113-una-gran-bodega-que-acaba-de-cumplir-la-mayoria-de-edad\/#breadcrumb\"},\"inLanguage\":\"ca\",\"potentialAction\":[{\"@type\":\"ReadAction\",\"target\":[\"https:\/\/www.aribau.es\/113-una-gran-bodega-que-acaba-de-cumplir-la-mayoria-de-edad\/\"]}]},{\"@type\":\"ImageObject\",\"inLanguage\":\"ca\",\"@id\":\"https:\/\/www.aribau.es\/113-una-gran-bodega-que-acaba-de-cumplir-la-mayoria-de-edad\/#primaryimage\",\"url\":\"https:\/\/www.aribau.es\/wp-content\/uploads\/2016\/09\/113-GarnatxaMontserrat.jpg\",\"contentUrl\":\"https:\/\/www.aribau.es\/wp-content\/uploads\/2016\/09\/113-GarnatxaMontserrat.jpg\",\"width\":2008,\"height\":1305},{\"@type\":\"BreadcrumbList\",\"@id\":\"https:\/\/www.aribau.es\/113-una-gran-bodega-que-acaba-de-cumplir-la-mayoria-de-edad\/#breadcrumb\",\"itemListElement\":[{\"@type\":\"ListItem\",\"position\":1,\"name\":\"Portada\",\"item\":\"https:\/\/www.aribau.es\/\"},{\"@type\":\"ListItem\",\"position\":2,\"name\":\"1+1=3, UNA GRAN BODEGA QUE ACABA DE CUMPLIR LA MAYOR\u00cdA DE EDAD\"}]},{\"@type\":\"WebSite\",\"@id\":\"https:\/\/www.aribau.es\/#website\",\"url\":\"https:\/\/www.aribau.es\/\",\"name\":\"Aribau\",\"description\":\"VINOS Y BODEGAS\",\"publisher\":{\"@id\":\"https:\/\/www.aribau.es\/#organization\"},\"potentialAction\":[{\"@type\":\"SearchAction\",\"target\":{\"@type\":\"EntryPoint\",\"urlTemplate\":\"https:\/\/www.aribau.es\/?s={search_term_string}\"},\"query-input\":{\"@type\":\"PropertyValueSpecification\",\"valueRequired\":true,\"valueName\":\"search_term_string\"}}],\"inLanguage\":\"ca\"},{\"@type\":\"Organization\",\"@id\":\"https:\/\/www.aribau.es\/#organization\",\"name\":\"Aribau\",\"url\":\"https:\/\/www.aribau.es\/\",\"logo\":{\"@type\":\"ImageObject\",\"inLanguage\":\"ca\",\"@id\":\"https:\/\/www.aribau.es\/#\/schema\/logo\/image\/\",\"url\":\"https:\/\/www.aribau.es\/wp-content\/uploads\/2022\/03\/logo.png\",\"contentUrl\":\"https:\/\/www.aribau.es\/wp-content\/uploads\/2022\/03\/logo.png\",\"width\":300,\"height\":300,\"caption\":\"Aribau\"},\"image\":{\"@id\":\"https:\/\/www.aribau.es\/#\/schema\/logo\/image\/\"},\"sameAs\":[\"https:\/\/www.facebook.com\/aribau1964\/\",\"https:\/\/x.com\/aribau1964\",\"https:\/\/www.instagram.com\/aribau1964\/\"]},{\"@type\":\"Person\",\"@id\":\"https:\/\/www.aribau.es\/#\/schema\/person\/77a976898b3c705ed016499633f4ffd0\",\"name\":\"aribau\",\"image\":{\"@type\":\"ImageObject\",\"inLanguage\":\"ca\",\"@id\":\"https:\/\/www.aribau.es\/#\/schema\/person\/image\/\",\"url\":\"https:\/\/secure.gravatar.com\/avatar\/6690491f832d5b32aa9482b978c9464816810fbff0f6658034a34c9d9657b94e?s=96&d=mm&r=g\",\"contentUrl\":\"https:\/\/secure.gravatar.com\/avatar\/6690491f832d5b32aa9482b978c9464816810fbff0f6658034a34c9d9657b94e?s=96&d=mm&r=g\",\"caption\":\"aribau\"},\"url\":\"https:\/\/www.aribau.es\/ca\/author\/aribau\/\"}]}<\/script>\n<!-- \/ Yoast SEO plugin. -->","yoast_head_json":{"title":"1+1=3, UNA GRAN BODEGA QUE ACABA DE CUMPLIR LA MAYOR\u00cdA DE EDAD - Aribau","robots":{"index":"index","follow":"follow","max-snippet":"max-snippet:-1","max-image-preview":"max-image-preview:large","max-video-preview":"max-video-preview:-1"},"canonical":"https:\/\/www.aribau.es\/ca\/113-una-gran-bodega-que-acaba-de-cumplir-la-mayoria-de-edad\/","og_locale":"ca_ES","og_type":"article","og_title":"1+1=3, UNA GRAN BODEGA QUE ACABA DE CUMPLIR LA MAYOR\u00cdA DE EDAD - Aribau","og_description":"La bodega 1+1=3, situada en el Alt Pened\u00e8s, arrancaba su andadura con el inicio del nuevo milenio, si bien es cierto que sus fundadores, Josep Anton Bonell y el en\u00f3logo Josep Pi\u00f1ol ya ten\u00edan experiencia en el mundo del vino. Quiz\u00e1 una de las cosas m\u00e1s peculiares de la bodega sea su nombre, una operaci\u00f3n ... Llegiu m\u00e9s","og_url":"https:\/\/www.aribau.es\/ca\/113-una-gran-bodega-que-acaba-de-cumplir-la-mayoria-de-edad\/","og_site_name":"Aribau","article_publisher":"https:\/\/www.facebook.com\/aribau1964\/","article_published_time":"2018-09-13T11:12:14+00:00","article_modified_time":"2021-04-26T11:11:16+00:00","og_image":[{"width":2008,"height":1305,"url":"https:\/\/www.aribau.es\/wp-content\/uploads\/2016\/09\/113-GarnatxaMontserrat.jpg","type":"image\/jpeg"}],"author":"aribau","twitter_card":"summary_large_image","twitter_creator":"@aribau1964","twitter_site":"@aribau1964","twitter_misc":{"Escrit per":"aribau","Temps estimat de lectura":"2 minuts"},"schema":{"@context":"https:\/\/schema.org","@graph":[{"@type":"Article","@id":"https:\/\/www.aribau.es\/113-una-gran-bodega-que-acaba-de-cumplir-la-mayoria-de-edad\/#article","isPartOf":{"@id":"https:\/\/www.aribau.es\/113-una-gran-bodega-que-acaba-de-cumplir-la-mayoria-de-edad\/"},"author":{"name":"aribau","@id":"https:\/\/www.aribau.es\/#\/schema\/person\/77a976898b3c705ed016499633f4ffd0"},"headline":"1+1=3, UNA GRAN BODEGA QUE ACABA DE CUMPLIR LA MAYOR\u00cdA DE EDAD","datePublished":"2018-09-13T11:12:14+00:00","dateModified":"2021-04-26T11:11:16+00:00","mainEntityOfPage":{"@id":"https:\/\/www.aribau.es\/113-una-gran-bodega-que-acaba-de-cumplir-la-mayoria-de-edad\/"},"wordCount":355,"publisher":{"@id":"https:\/\/www.aribau.es\/#organization"},"image":{"@id":"https:\/\/www.aribau.es\/113-una-gran-bodega-que-acaba-de-cumplir-la-mayoria-de-edad\/#primaryimage"},"thumbnailUrl":"https:\/\/www.aribau.es\/wp-content\/uploads\/2016\/09\/113-GarnatxaMontserrat.jpg","keywords":["1+1=3","vinos dulces"],"articleSection":["Noticias"],"inLanguage":"ca"},{"@type":"WebPage","@id":"https:\/\/www.aribau.es\/113-una-gran-bodega-que-acaba-de-cumplir-la-mayoria-de-edad\/","url":"https:\/\/www.aribau.es\/113-una-gran-bodega-que-acaba-de-cumplir-la-mayoria-de-edad\/","name":"1+1=3, UNA GRAN BODEGA QUE ACABA DE CUMPLIR LA MAYOR\u00cdA DE EDAD - Aribau","isPartOf":{"@id":"https:\/\/www.aribau.es\/#website"},"primaryImageOfPage":{"@id":"https:\/\/www.aribau.es\/113-una-gran-bodega-que-acaba-de-cumplir-la-mayoria-de-edad\/#primaryimage"},"image":{"@id":"https:\/\/www.aribau.es\/113-una-gran-bodega-que-acaba-de-cumplir-la-mayoria-de-edad\/#primaryimage"},"thumbnailUrl":"https:\/\/www.aribau.es\/wp-content\/uploads\/2016\/09\/113-GarnatxaMontserrat.jpg","datePublished":"2018-09-13T11:12:14+00:00","dateModified":"2021-04-26T11:11:16+00:00","breadcrumb":{"@id":"https:\/\/www.aribau.es\/113-una-gran-bodega-que-acaba-de-cumplir-la-mayoria-de-edad\/#breadcrumb"},"inLanguage":"ca","potentialAction":[{"@type":"ReadAction","target":["https:\/\/www.aribau.es\/113-una-gran-bodega-que-acaba-de-cumplir-la-mayoria-de-edad\/"]}]},{"@type":"ImageObject","inLanguage":"ca","@id":"https:\/\/www.aribau.es\/113-una-gran-bodega-que-acaba-de-cumplir-la-mayoria-de-edad\/#primaryimage","url":"https:\/\/www.aribau.es\/wp-content\/uploads\/2016\/09\/113-GarnatxaMontserrat.jpg","contentUrl":"https:\/\/www.aribau.es\/wp-content\/uploads\/2016\/09\/113-GarnatxaMontserrat.jpg","width":2008,"height":1305},{"@type":"BreadcrumbList","@id":"https:\/\/www.aribau.es\/113-una-gran-bodega-que-acaba-de-cumplir-la-mayoria-de-edad\/#breadcrumb","itemListElement":[{"@type":"ListItem","position":1,"name":"Portada","item":"https:\/\/www.aribau.es\/"},{"@type":"ListItem","position":2,"name":"1+1=3, UNA GRAN BODEGA QUE ACABA DE CUMPLIR LA MAYOR\u00cdA DE EDAD"}]},{"@type":"WebSite","@id":"https:\/\/www.aribau.es\/#website","url":"https:\/\/www.aribau.es\/","name":"Aribau","description":"VINOS Y BODEGAS","publisher":{"@id":"https:\/\/www.aribau.es\/#organization"},"potentialAction":[{"@type":"SearchAction","target":{"@type":"EntryPoint","urlTemplate":"https:\/\/www.aribau.es\/?s={search_term_string}"},"query-input":{"@type":"PropertyValueSpecification","valueRequired":true,"valueName":"search_term_string"}}],"inLanguage":"ca"},{"@type":"Organization","@id":"https:\/\/www.aribau.es\/#organization","name":"Aribau","url":"https:\/\/www.aribau.es\/","logo":{"@type":"ImageObject","inLanguage":"ca","@id":"https:\/\/www.aribau.es\/#\/schema\/logo\/image\/","url":"https:\/\/www.aribau.es\/wp-content\/uploads\/2022\/03\/logo.png","contentUrl":"https:\/\/www.aribau.es\/wp-content\/uploads\/2022\/03\/logo.png","width":300,"height":300,"caption":"Aribau"},"image":{"@id":"https:\/\/www.aribau.es\/#\/schema\/logo\/image\/"},"sameAs":["https:\/\/www.facebook.com\/aribau1964\/","https:\/\/x.com\/aribau1964","https:\/\/www.instagram.com\/aribau1964\/"]},{"@type":"Person","@id":"https:\/\/www.aribau.es\/#\/schema\/person\/77a976898b3c705ed016499633f4ffd0","name":"aribau","image":{"@type":"ImageObject","inLanguage":"ca","@id":"https:\/\/www.aribau.es\/#\/schema\/person\/image\/","url":"https:\/\/secure.gravatar.com\/avatar\/6690491f832d5b32aa9482b978c9464816810fbff0f6658034a34c9d9657b94e?s=96&d=mm&r=g","contentUrl":"https:\/\/secure.gravatar.com\/avatar\/6690491f832d5b32aa9482b978c9464816810fbff0f6658034a34c9d9657b94e?s=96&d=mm&r=g","caption":"aribau"},"url":"https:\/\/www.aribau.es\/ca\/author\/aribau\/"}]}},"_links":{"self":[{"href":"https:\/\/www.aribau.es\/ca\/wp-json\/wp\/v2\/posts\/6013","targetHints":{"allow":["GET"]}}],"collection":[{"href":"https:\/\/www.aribau.es\/ca\/wp-json\/wp\/v2\/posts"}],"about":[{"href":"https:\/\/www.aribau.es\/ca\/wp-json\/wp\/v2\/types\/post"}],"author":[{"embeddable":true,"href":"https:\/\/www.aribau.es\/ca\/wp-json\/wp\/v2\/users\/3"}],"replies":[{"embeddable":true,"href":"https:\/\/www.aribau.es\/ca\/wp-json\/wp\/v2\/comments?post=6013"}],"version-history":[{"count":7,"href":"https:\/\/www.aribau.es\/ca\/wp-json\/wp\/v2\/posts\/6013\/revisions"}],"predecessor-version":[{"id":10074,"href":"https:\/\/www.aribau.es\/ca\/wp-json\/wp\/v2\/posts\/6013\/revisions\/10074"}],"wp:featuredmedia":[{"embeddable":true,"href":"https:\/\/www.aribau.es\/ca\/wp-json\/wp\/v2\/media\/4799"}],"wp:attachment":[{"href":"https:\/\/www.aribau.es\/ca\/wp-json\/wp\/v2\/media?parent=6013"}],"wp:term":[{"taxonomy":"category","embeddable":true,"href":"https:\/\/www.aribau.es\/ca\/wp-json\/wp\/v2\/categories?post=6013"},{"taxonomy":"post_tag","embeddable":true,"href":"https:\/\/www.aribau.es\/ca\/wp-json\/wp\/v2\/tags?post=6013"}],"curies":[{"name":"wp","href":"https:\/\/api.w.org\/{rel}","templated":true}]}}