{"id":6035,"date":"2018-10-11T13:32:58","date_gmt":"2018-10-11T12:32:58","guid":{"rendered":"https:\/\/www.aribau.es\/?p=6035"},"modified":"2021-04-26T12:07:51","modified_gmt":"2021-04-26T11:07:51","slug":"la-bodega-riojana-finca-valpiedra-candidata-a-patrimonio-de-la-humanidad","status":"publish","type":"post","link":"https:\/\/www.aribau.es\/ca\/la-bodega-riojana-finca-valpiedra-candidata-a-patrimonio-de-la-humanidad\/","title":{"rendered":"EL CELLER FINCA VALPIEDRA, CANDIDAT A PATRIMONI DE LA HUMANITAT"},"content":{"rendered":"<p>La Rioja, Pa\u00eds Vasco y Navarra unen sus fuerzas para presentar una candidatura conjunta para que la imagen de sus vi\u00f1edos en oto\u00f1o sea considerada Patrimonio de la Humanidad por la UNESCO.<\/p>\n<p><strong><a href=\"http:\/\/www.fincavalpiedra.com\/\" target=\"_blank\" rel=\"noopener\">Finca Valpiedra<\/a><\/strong>, la bodega de <strong><a href=\"http:\/\/www.familiamartinezbujanda.com\/\" target=\"_blank\" rel=\"noopener\">Familia Mart\u00ednez Bujanda<\/a><\/strong>, forma parte del grupo de bodegas que esperan que sus vi\u00f1edos sean reconocidos con este galard\u00f3n bajo la candidatura \u2018Paisaje cultural del vino y el vi\u00f1edo de La Rioja y Rioja Alavesa\u2019.<\/p>\n<p><!--more--><\/p>\n<p>Y es que las estampas enrojecidas de las vi\u00f1as, con las hojas ca\u00eddas formando kilom\u00e9tricos tapices s\u00f3lo se puede encontrar en este momento del a\u00f1o. En el caso de Finca Valpiedra, 80 hect\u00e1reas de manto rojizo que pueden admirarse desde el mirador, paseando entre las vi\u00f1as o incluso con una visita y picnic a la orilla del r\u00edo Ebro.<\/p>\n<p>Lauren Rosillo, Director T\u00e9cnico de las bodegas Familia Mart\u00ednez Bujanda celebra la candidatura conjunta y es optimista en lo que respecta al desenlace: \u201cContamos con un paisaje inigualable dentro del mundo vin\u00edcola, por lo que confiamos en la labor conjunta de las tres administraciones para conseguir finalmente este reconocimiento m\u00e1s que merecido por las tierras de Rioja. Si conseguimos ser reconocidos como Patrimonio de la Humanidad, habremos ganado una raz\u00f3n m\u00e1s para que la gente venga a visitar nuestros vi\u00f1edos\u201d.<\/p>\n<p>Ahora s\u00f3lo queda esperar el veredicto de la UNESCO y confiar en que este sea positivo. Sin duda, ser\u00e1 una gran noticia para La Rioja y para el mundo del vino en general.<\/p>","protected":false},"excerpt":{"rendered":"<p>La Rioja, Pa\u00eds Vasco y Navarra unen sus fuerzas para presentar una candidatura conjunta para que la imagen de sus vi\u00f1edos en oto\u00f1o sea considerada Patrimonio de la Humanidad por la UNESCO. Finca Valpiedra, la bodega de Familia Mart\u00ednez Bujanda, forma parte del grupo de bodegas que esperan que sus vi\u00f1edos sean reconocidos con este &#8230; <a title=\"EL CELLER FINCA VALPIEDRA, CANDIDAT A PATRIMONI DE LA HUMANITAT\" class=\"read-more\" href=\"https:\/\/www.aribau.es\/ca\/la-bodega-riojana-finca-valpiedra-candidata-a-patrimonio-de-la-humanidad\/\" aria-label=\"M\u00e9s informaci\u00f3 sobre LA BODEGA RIOJANA FINCA VALPIEDRA, CANDIDATA A PATRIMONIO DE LA HUMANIDAD\">Llegiu m\u00e9s<\/a><\/p>","protected":false},"author":3,"featured_media":6036,"comment_status":"closed","ping_status":"closed","sticky":false,"template":"","format":"standard","meta":{"footnotes":""},"categories":[406],"tags":[393],"class_list":["post-6035","post","type-post","status-publish","format-standard","has-post-thumbnail","hentry","category-noticias","tag-finca-valpiedra"],"yoast_head":"<!-- This site is optimized with the Yoast SEO plugin v26.7 - https:\/\/yoast.com\/wordpress\/plugins\/seo\/ -->\n<title>LA BODEGA RIOJANA FINCA VALPIEDRA, CANDIDATA A PATRIMONIO DE LA HUMANIDAD - Aribau<\/title>\n<meta name=\"robots\" content=\"index, follow, max-snippet:-1, max-image-preview:large, max-video-preview:-1\" \/>\n<link rel=\"canonical\" href=\"https:\/\/www.aribau.es\/ca\/la-bodega-riojana-finca-valpiedra-candidata-a-patrimonio-de-la-humanidad\/\" \/>\n<meta property=\"og:locale\" content=\"ca_ES\" \/>\n<meta property=\"og:type\" content=\"article\" \/>\n<meta property=\"og:title\" content=\"LA BODEGA RIOJANA FINCA VALPIEDRA, CANDIDATA A PATRIMONIO DE LA HUMANIDAD - Aribau\" \/>\n<meta property=\"og:description\" content=\"La Rioja, Pa\u00eds Vasco y Navarra unen sus fuerzas para presentar una candidatura conjunta para que la imagen de sus vi\u00f1edos en oto\u00f1o sea considerada Patrimonio de la Humanidad por la UNESCO. Finca Valpiedra, la bodega de Familia Mart\u00ednez Bujanda, forma parte del grupo de bodegas que esperan que sus vi\u00f1edos sean reconocidos con este ... Llegiu m\u00e9s\" \/>\n<meta property=\"og:url\" content=\"https:\/\/www.aribau.es\/ca\/la-bodega-riojana-finca-valpiedra-candidata-a-patrimonio-de-la-humanidad\/\" \/>\n<meta property=\"og:site_name\" content=\"Aribau\" \/>\n<meta property=\"article:publisher\" content=\"https:\/\/www.facebook.com\/aribau1964\/\" \/>\n<meta property=\"article:published_time\" content=\"2018-10-11T12:32:58+00:00\" \/>\n<meta property=\"article:modified_time\" content=\"2021-04-26T11:07:51+00:00\" \/>\n<meta property=\"og:image\" content=\"https:\/\/www.aribau.es\/wp-content\/uploads\/2018\/10\/finca-valpiedra-aribau.jpg\" \/>\n\t<meta property=\"og:image:width\" content=\"800\" \/>\n\t<meta property=\"og:image:height\" content=\"447\" \/>\n\t<meta property=\"og:image:type\" content=\"image\/jpeg\" \/>\n<meta name=\"author\" content=\"aribau\" \/>\n<meta name=\"twitter:card\" content=\"summary_large_image\" \/>\n<meta name=\"twitter:creator\" content=\"@aribau1964\" \/>\n<meta name=\"twitter:site\" content=\"@aribau1964\" \/>\n<meta name=\"twitter:label1\" content=\"Escrit per\" \/>\n\t<meta name=\"twitter:data1\" content=\"aribau\" \/>\n\t<meta name=\"twitter:label2\" content=\"Temps estimat de lectura\" \/>\n\t<meta name=\"twitter:data2\" content=\"1 minut\" \/>\n<script type=\"application\/ld+json\" class=\"yoast-schema-graph\">{\"@context\":\"https:\/\/schema.org\",\"@graph\":[{\"@type\":\"Article\",\"@id\":\"https:\/\/www.aribau.es\/la-bodega-riojana-finca-valpiedra-candidata-a-patrimonio-de-la-humanidad\/#article\",\"isPartOf\":{\"@id\":\"https:\/\/www.aribau.es\/la-bodega-riojana-finca-valpiedra-candidata-a-patrimonio-de-la-humanidad\/\"},\"author\":{\"name\":\"aribau\",\"@id\":\"https:\/\/www.aribau.es\/#\/schema\/person\/77a976898b3c705ed016499633f4ffd0\"},\"headline\":\"LA BODEGA RIOJANA FINCA VALPIEDRA, CANDIDATA A PATRIMONIO DE LA HUMANIDAD\",\"datePublished\":\"2018-10-11T12:32:58+00:00\",\"dateModified\":\"2021-04-26T11:07:51+00:00\",\"mainEntityOfPage\":{\"@id\":\"https:\/\/www.aribau.es\/la-bodega-riojana-finca-valpiedra-candidata-a-patrimonio-de-la-humanidad\/\"},\"wordCount\":277,\"publisher\":{\"@id\":\"https:\/\/www.aribau.es\/#organization\"},\"image\":{\"@id\":\"https:\/\/www.aribau.es\/la-bodega-riojana-finca-valpiedra-candidata-a-patrimonio-de-la-humanidad\/#primaryimage\"},\"thumbnailUrl\":\"https:\/\/www.aribau.es\/wp-content\/uploads\/2018\/10\/finca-valpiedra-aribau.jpg\",\"keywords\":[\"Finca Valpiedra\"],\"articleSection\":[\"Noticias\"],\"inLanguage\":\"ca\"},{\"@type\":\"WebPage\",\"@id\":\"https:\/\/www.aribau.es\/la-bodega-riojana-finca-valpiedra-candidata-a-patrimonio-de-la-humanidad\/\",\"url\":\"https:\/\/www.aribau.es\/la-bodega-riojana-finca-valpiedra-candidata-a-patrimonio-de-la-humanidad\/\",\"name\":\"LA BODEGA RIOJANA FINCA VALPIEDRA, CANDIDATA A PATRIMONIO DE LA HUMANIDAD - Aribau\",\"isPartOf\":{\"@id\":\"https:\/\/www.aribau.es\/#website\"},\"primaryImageOfPage\":{\"@id\":\"https:\/\/www.aribau.es\/la-bodega-riojana-finca-valpiedra-candidata-a-patrimonio-de-la-humanidad\/#primaryimage\"},\"image\":{\"@id\":\"https:\/\/www.aribau.es\/la-bodega-riojana-finca-valpiedra-candidata-a-patrimonio-de-la-humanidad\/#primaryimage\"},\"thumbnailUrl\":\"https:\/\/www.aribau.es\/wp-content\/uploads\/2018\/10\/finca-valpiedra-aribau.jpg\",\"datePublished\":\"2018-10-11T12:32:58+00:00\",\"dateModified\":\"2021-04-26T11:07:51+00:00\",\"breadcrumb\":{\"@id\":\"https:\/\/www.aribau.es\/la-bodega-riojana-finca-valpiedra-candidata-a-patrimonio-de-la-humanidad\/#breadcrumb\"},\"inLanguage\":\"ca\",\"potentialAction\":[{\"@type\":\"ReadAction\",\"target\":[\"https:\/\/www.aribau.es\/la-bodega-riojana-finca-valpiedra-candidata-a-patrimonio-de-la-humanidad\/\"]}]},{\"@type\":\"ImageObject\",\"inLanguage\":\"ca\",\"@id\":\"https:\/\/www.aribau.es\/la-bodega-riojana-finca-valpiedra-candidata-a-patrimonio-de-la-humanidad\/#primaryimage\",\"url\":\"https:\/\/www.aribau.es\/wp-content\/uploads\/2018\/10\/finca-valpiedra-aribau.jpg\",\"contentUrl\":\"https:\/\/www.aribau.es\/wp-content\/uploads\/2018\/10\/finca-valpiedra-aribau.jpg\",\"width\":800,\"height\":447},{\"@type\":\"BreadcrumbList\",\"@id\":\"https:\/\/www.aribau.es\/la-bodega-riojana-finca-valpiedra-candidata-a-patrimonio-de-la-humanidad\/#breadcrumb\",\"itemListElement\":[{\"@type\":\"ListItem\",\"position\":1,\"name\":\"Portada\",\"item\":\"https:\/\/www.aribau.es\/\"},{\"@type\":\"ListItem\",\"position\":2,\"name\":\"LA BODEGA RIOJANA FINCA VALPIEDRA, CANDIDATA A PATRIMONIO DE LA HUMANIDAD\"}]},{\"@type\":\"WebSite\",\"@id\":\"https:\/\/www.aribau.es\/#website\",\"url\":\"https:\/\/www.aribau.es\/\",\"name\":\"Aribau\",\"description\":\"VINOS Y BODEGAS\",\"publisher\":{\"@id\":\"https:\/\/www.aribau.es\/#organization\"},\"potentialAction\":[{\"@type\":\"SearchAction\",\"target\":{\"@type\":\"EntryPoint\",\"urlTemplate\":\"https:\/\/www.aribau.es\/?s={search_term_string}\"},\"query-input\":{\"@type\":\"PropertyValueSpecification\",\"valueRequired\":true,\"valueName\":\"search_term_string\"}}],\"inLanguage\":\"ca\"},{\"@type\":\"Organization\",\"@id\":\"https:\/\/www.aribau.es\/#organization\",\"name\":\"Aribau\",\"url\":\"https:\/\/www.aribau.es\/\",\"logo\":{\"@type\":\"ImageObject\",\"inLanguage\":\"ca\",\"@id\":\"https:\/\/www.aribau.es\/#\/schema\/logo\/image\/\",\"url\":\"https:\/\/www.aribau.es\/wp-content\/uploads\/2022\/03\/logo.png\",\"contentUrl\":\"https:\/\/www.aribau.es\/wp-content\/uploads\/2022\/03\/logo.png\",\"width\":300,\"height\":300,\"caption\":\"Aribau\"},\"image\":{\"@id\":\"https:\/\/www.aribau.es\/#\/schema\/logo\/image\/\"},\"sameAs\":[\"https:\/\/www.facebook.com\/aribau1964\/\",\"https:\/\/x.com\/aribau1964\",\"https:\/\/www.instagram.com\/aribau1964\/\"]},{\"@type\":\"Person\",\"@id\":\"https:\/\/www.aribau.es\/#\/schema\/person\/77a976898b3c705ed016499633f4ffd0\",\"name\":\"aribau\",\"image\":{\"@type\":\"ImageObject\",\"inLanguage\":\"ca\",\"@id\":\"https:\/\/www.aribau.es\/#\/schema\/person\/image\/\",\"url\":\"https:\/\/secure.gravatar.com\/avatar\/6690491f832d5b32aa9482b978c9464816810fbff0f6658034a34c9d9657b94e?s=96&d=mm&r=g\",\"contentUrl\":\"https:\/\/secure.gravatar.com\/avatar\/6690491f832d5b32aa9482b978c9464816810fbff0f6658034a34c9d9657b94e?s=96&d=mm&r=g\",\"caption\":\"aribau\"},\"url\":\"https:\/\/www.aribau.es\/ca\/author\/aribau\/\"}]}<\/script>\n<!-- \/ Yoast SEO plugin. -->","yoast_head_json":{"title":"LA BODEGA RIOJANA FINCA VALPIEDRA, CANDIDATA A PATRIMONIO DE LA HUMANIDAD - Aribau","robots":{"index":"index","follow":"follow","max-snippet":"max-snippet:-1","max-image-preview":"max-image-preview:large","max-video-preview":"max-video-preview:-1"},"canonical":"https:\/\/www.aribau.es\/ca\/la-bodega-riojana-finca-valpiedra-candidata-a-patrimonio-de-la-humanidad\/","og_locale":"ca_ES","og_type":"article","og_title":"LA BODEGA RIOJANA FINCA VALPIEDRA, CANDIDATA A PATRIMONIO DE LA HUMANIDAD - Aribau","og_description":"La Rioja, Pa\u00eds Vasco y Navarra unen sus fuerzas para presentar una candidatura conjunta para que la imagen de sus vi\u00f1edos en oto\u00f1o sea considerada Patrimonio de la Humanidad por la UNESCO. Finca Valpiedra, la bodega de Familia Mart\u00ednez Bujanda, forma parte del grupo de bodegas que esperan que sus vi\u00f1edos sean reconocidos con este ... Llegiu m\u00e9s","og_url":"https:\/\/www.aribau.es\/ca\/la-bodega-riojana-finca-valpiedra-candidata-a-patrimonio-de-la-humanidad\/","og_site_name":"Aribau","article_publisher":"https:\/\/www.facebook.com\/aribau1964\/","article_published_time":"2018-10-11T12:32:58+00:00","article_modified_time":"2021-04-26T11:07:51+00:00","og_image":[{"width":800,"height":447,"url":"https:\/\/www.aribau.es\/wp-content\/uploads\/2018\/10\/finca-valpiedra-aribau.jpg","type":"image\/jpeg"}],"author":"aribau","twitter_card":"summary_large_image","twitter_creator":"@aribau1964","twitter_site":"@aribau1964","twitter_misc":{"Escrit per":"aribau","Temps estimat de lectura":"1 minut"},"schema":{"@context":"https:\/\/schema.org","@graph":[{"@type":"Article","@id":"https:\/\/www.aribau.es\/la-bodega-riojana-finca-valpiedra-candidata-a-patrimonio-de-la-humanidad\/#article","isPartOf":{"@id":"https:\/\/www.aribau.es\/la-bodega-riojana-finca-valpiedra-candidata-a-patrimonio-de-la-humanidad\/"},"author":{"name":"aribau","@id":"https:\/\/www.aribau.es\/#\/schema\/person\/77a976898b3c705ed016499633f4ffd0"},"headline":"LA BODEGA RIOJANA FINCA VALPIEDRA, CANDIDATA A PATRIMONIO DE LA HUMANIDAD","datePublished":"2018-10-11T12:32:58+00:00","dateModified":"2021-04-26T11:07:51+00:00","mainEntityOfPage":{"@id":"https:\/\/www.aribau.es\/la-bodega-riojana-finca-valpiedra-candidata-a-patrimonio-de-la-humanidad\/"},"wordCount":277,"publisher":{"@id":"https:\/\/www.aribau.es\/#organization"},"image":{"@id":"https:\/\/www.aribau.es\/la-bodega-riojana-finca-valpiedra-candidata-a-patrimonio-de-la-humanidad\/#primaryimage"},"thumbnailUrl":"https:\/\/www.aribau.es\/wp-content\/uploads\/2018\/10\/finca-valpiedra-aribau.jpg","keywords":["Finca Valpiedra"],"articleSection":["Noticias"],"inLanguage":"ca"},{"@type":"WebPage","@id":"https:\/\/www.aribau.es\/la-bodega-riojana-finca-valpiedra-candidata-a-patrimonio-de-la-humanidad\/","url":"https:\/\/www.aribau.es\/la-bodega-riojana-finca-valpiedra-candidata-a-patrimonio-de-la-humanidad\/","name":"LA BODEGA RIOJANA FINCA VALPIEDRA, CANDIDATA A PATRIMONIO DE LA HUMANIDAD - Aribau","isPartOf":{"@id":"https:\/\/www.aribau.es\/#website"},"primaryImageOfPage":{"@id":"https:\/\/www.aribau.es\/la-bodega-riojana-finca-valpiedra-candidata-a-patrimonio-de-la-humanidad\/#primaryimage"},"image":{"@id":"https:\/\/www.aribau.es\/la-bodega-riojana-finca-valpiedra-candidata-a-patrimonio-de-la-humanidad\/#primaryimage"},"thumbnailUrl":"https:\/\/www.aribau.es\/wp-content\/uploads\/2018\/10\/finca-valpiedra-aribau.jpg","datePublished":"2018-10-11T12:32:58+00:00","dateModified":"2021-04-26T11:07:51+00:00","breadcrumb":{"@id":"https:\/\/www.aribau.es\/la-bodega-riojana-finca-valpiedra-candidata-a-patrimonio-de-la-humanidad\/#breadcrumb"},"inLanguage":"ca","potentialAction":[{"@type":"ReadAction","target":["https:\/\/www.aribau.es\/la-bodega-riojana-finca-valpiedra-candidata-a-patrimonio-de-la-humanidad\/"]}]},{"@type":"ImageObject","inLanguage":"ca","@id":"https:\/\/www.aribau.es\/la-bodega-riojana-finca-valpiedra-candidata-a-patrimonio-de-la-humanidad\/#primaryimage","url":"https:\/\/www.aribau.es\/wp-content\/uploads\/2018\/10\/finca-valpiedra-aribau.jpg","contentUrl":"https:\/\/www.aribau.es\/wp-content\/uploads\/2018\/10\/finca-valpiedra-aribau.jpg","width":800,"height":447},{"@type":"BreadcrumbList","@id":"https:\/\/www.aribau.es\/la-bodega-riojana-finca-valpiedra-candidata-a-patrimonio-de-la-humanidad\/#breadcrumb","itemListElement":[{"@type":"ListItem","position":1,"name":"Portada","item":"https:\/\/www.aribau.es\/"},{"@type":"ListItem","position":2,"name":"LA BODEGA RIOJANA FINCA VALPIEDRA, CANDIDATA A PATRIMONIO DE LA HUMANIDAD"}]},{"@type":"WebSite","@id":"https:\/\/www.aribau.es\/#website","url":"https:\/\/www.aribau.es\/","name":"Aribau","description":"VINOS Y BODEGAS","publisher":{"@id":"https:\/\/www.aribau.es\/#organization"},"potentialAction":[{"@type":"SearchAction","target":{"@type":"EntryPoint","urlTemplate":"https:\/\/www.aribau.es\/?s={search_term_string}"},"query-input":{"@type":"PropertyValueSpecification","valueRequired":true,"valueName":"search_term_string"}}],"inLanguage":"ca"},{"@type":"Organization","@id":"https:\/\/www.aribau.es\/#organization","name":"Aribau","url":"https:\/\/www.aribau.es\/","logo":{"@type":"ImageObject","inLanguage":"ca","@id":"https:\/\/www.aribau.es\/#\/schema\/logo\/image\/","url":"https:\/\/www.aribau.es\/wp-content\/uploads\/2022\/03\/logo.png","contentUrl":"https:\/\/www.aribau.es\/wp-content\/uploads\/2022\/03\/logo.png","width":300,"height":300,"caption":"Aribau"},"image":{"@id":"https:\/\/www.aribau.es\/#\/schema\/logo\/image\/"},"sameAs":["https:\/\/www.facebook.com\/aribau1964\/","https:\/\/x.com\/aribau1964","https:\/\/www.instagram.com\/aribau1964\/"]},{"@type":"Person","@id":"https:\/\/www.aribau.es\/#\/schema\/person\/77a976898b3c705ed016499633f4ffd0","name":"aribau","image":{"@type":"ImageObject","inLanguage":"ca","@id":"https:\/\/www.aribau.es\/#\/schema\/person\/image\/","url":"https:\/\/secure.gravatar.com\/avatar\/6690491f832d5b32aa9482b978c9464816810fbff0f6658034a34c9d9657b94e?s=96&d=mm&r=g","contentUrl":"https:\/\/secure.gravatar.com\/avatar\/6690491f832d5b32aa9482b978c9464816810fbff0f6658034a34c9d9657b94e?s=96&d=mm&r=g","caption":"aribau"},"url":"https:\/\/www.aribau.es\/ca\/author\/aribau\/"}]}},"_links":{"self":[{"href":"https:\/\/www.aribau.es\/ca\/wp-json\/wp\/v2\/posts\/6035","targetHints":{"allow":["GET"]}}],"collection":[{"href":"https:\/\/www.aribau.es\/ca\/wp-json\/wp\/v2\/posts"}],"about":[{"href":"https:\/\/www.aribau.es\/ca\/wp-json\/wp\/v2\/types\/post"}],"author":[{"embeddable":true,"href":"https:\/\/www.aribau.es\/ca\/wp-json\/wp\/v2\/users\/3"}],"replies":[{"embeddable":true,"href":"https:\/\/www.aribau.es\/ca\/wp-json\/wp\/v2\/comments?post=6035"}],"version-history":[{"count":6,"href":"https:\/\/www.aribau.es\/ca\/wp-json\/wp\/v2\/posts\/6035\/revisions"}],"predecessor-version":[{"id":10068,"href":"https:\/\/www.aribau.es\/ca\/wp-json\/wp\/v2\/posts\/6035\/revisions\/10068"}],"wp:featuredmedia":[{"embeddable":true,"href":"https:\/\/www.aribau.es\/ca\/wp-json\/wp\/v2\/media\/6036"}],"wp:attachment":[{"href":"https:\/\/www.aribau.es\/ca\/wp-json\/wp\/v2\/media?parent=6035"}],"wp:term":[{"taxonomy":"category","embeddable":true,"href":"https:\/\/www.aribau.es\/ca\/wp-json\/wp\/v2\/categories?post=6035"},{"taxonomy":"post_tag","embeddable":true,"href":"https:\/\/www.aribau.es\/ca\/wp-json\/wp\/v2\/tags?post=6035"}],"curies":[{"name":"wp","href":"https:\/\/api.w.org\/{rel}","templated":true}]}}