{"id":6237,"date":"2018-12-13T11:39:58","date_gmt":"2018-12-13T10:39:58","guid":{"rendered":"https:\/\/www.aribau.es\/?p=6237"},"modified":"2021-04-26T11:56:30","modified_gmt":"2021-04-26T10:56:30","slug":"5-bodegas-para-visitar-estas-fiestas","status":"publish","type":"post","link":"https:\/\/www.aribau.es\/ca\/5-bodegas-para-visitar-estas-fiestas\/","title":{"rendered":"5 CELLERS PER VISITAR AQUESTES FESTES"},"content":{"rendered":"<p>Las Navidades acostumbran a ser fiestas para pasar en familia. Pero quien m\u00e1s quien menos necesita alg\u00fan momento de desconexi\u00f3n entre comida y comida familiar. Una buena alternativa para salir de casa puede ser acercarse a una de esas bodegas que hace tiempo que tenemos ganas de visitar y no encontramos el momento.<\/p>\n<p>Aqu\u00ed os damos 5 opciones con parada en la Comunidad de Madrid, La Rioja, Mallorca, Navarra o Barcelona.<\/p>\n<p><strong><a href=\"https:\/\/www.aribau.es\/ca\/can-roda-una-bodega-familiar-de-historia-centenaria\/\" target=\"_blank\" rel=\"noopener\">Can Roda, Santa Maria de Martorelles, Barcelona<\/a> <\/strong><\/p>\n<p>Una bodega centenaria y familiar amparada bajo la Denominaci\u00f3n de Origen Alella, y cuyos vinos proceden de vi\u00f1edos octogenarios. Situada en un paraje natural privilegiado como es el Parque Natural de la Serralada de Marina, su proximidad a la capital catalana la convierte en una alternativa m\u00e1s que factible para estos d\u00edas.<\/p>\n<p><!--more--><strong><a href=\"https:\/\/www.aribau.es\/wp-content\/uploads\/2018\/06\/can-roda-aribau.jpg\"><img fetchpriority=\"high\" decoding=\"async\" class=\"aligncenter wp-image-5859\" src=\"https:\/\/www.aribau.es\/wp-content\/uploads\/2018\/06\/can-roda-aribau.jpg\" alt=\"\" width=\"800\" height=\"532\" srcset=\"https:\/\/www.aribau.es\/wp-content\/uploads\/2018\/06\/can-roda-aribau.jpg 900w, https:\/\/www.aribau.es\/wp-content\/uploads\/2018\/06\/can-roda-aribau-300x199.jpg 300w, https:\/\/www.aribau.es\/wp-content\/uploads\/2018\/06\/can-roda-aribau-768x510.jpg 768w\" sizes=\"(max-width: 800px) 100vw, 800px\" \/><\/a><\/strong><\/p>\n<p><strong><a href=\"https:\/\/www.aribau.es\/ca\/marques-del-atrio-una-bodega-4-denominaciones-de-origen\/\" target=\"_blank\" rel=\"noopener\">Marqu\u00e9s del Atrio, Mendavia, Navarra<\/a> <\/strong><\/p>\n<p>Marqu\u00e9s del Atrio es una hist\u00f3rica bodega que ha sabido adaptarse a los tiempos y que, actualmente, cuenta con unas instalaciones de \u00faltima generaci\u00f3n y la tecnolog\u00eda m\u00e1s avanzada para elaborar vinos de alta calidad. Estas mejoras la han hecho situarse entre las cinco bodegas m\u00e1s grandes de la DOCa Rioja.<\/p>\n<p><strong><a href=\"https:\/\/www.aribau.es\/wp-content\/uploads\/2018\/07\/marquel-del-atrio-aribau.jpg\"><img decoding=\"async\" class=\"aligncenter wp-image-5894\" src=\"https:\/\/www.aribau.es\/wp-content\/uploads\/2018\/07\/marquel-del-atrio-aribau.jpg\" alt=\"\" width=\"800\" height=\"175\" srcset=\"https:\/\/www.aribau.es\/wp-content\/uploads\/2018\/07\/marquel-del-atrio-aribau.jpg 1000w, https:\/\/www.aribau.es\/wp-content\/uploads\/2018\/07\/marquel-del-atrio-aribau-300x66.jpg 300w, https:\/\/www.aribau.es\/wp-content\/uploads\/2018\/07\/marquel-del-atrio-aribau-768x168.jpg 768w\" sizes=\"(max-width: 800px) 100vw, 800px\" \/><\/a><\/strong><\/p>\n<p><strong><a href=\"https:\/\/www.aribau.es\/ca\/terra-de-falanis-vinos-con-influencia-del-mediterraneo\/\" target=\"_blank\" rel=\"noopener\">Terra de Falanis, Felanitx, Mallorca<\/a><\/strong><\/p>\n<p>Esta bodega isle\u00f1a recibe el nombre de manos del historiador Miquel Barcel\u00f3, que utilizaba esta expresi\u00f3n para referirse a su pueblo, Felanitx. Vinos con car\u00e1cter mediterr\u00e1neo, y no s\u00f3lo por la situaci\u00f3n geogr\u00e1fica de la bodega sino por su trabajo con otras zonas vin\u00edcolas como Montsant o Costers del Segre.<\/p>\n<p><strong><a href=\"https:\/\/www.aribau.es\/wp-content\/uploads\/2016\/03\/terra-de-falanis.png\"><img decoding=\"async\" class=\"aligncenter wp-image-4634\" src=\"https:\/\/www.aribau.es\/wp-content\/uploads\/2016\/03\/terra-de-falanis.png\" alt=\"\" width=\"800\" height=\"500\" \/><\/a><\/strong><\/p>\n<p><strong><a href=\"https:\/\/www.aribau.es\/ca\/la-bodega-riojana-finca-valpiedra-candidata-a-patrimonio-de-la-humanidad\/\" target=\"_blank\" rel=\"noopener\">Finca Valpiedra, Fuenmayor, La Rioja<\/a><\/strong><\/p>\n<p>Adem\u00e1s de estar situada en una de las zonas vin\u00edcolas por antonomasia, Finca Valpiedra ha creado este a\u00f1o una candidatura conjunta con otras bodegas de La Rioja, el Pa\u00eds Vasco y Navarra para que la imagen de sus vi\u00f1edos en oto\u00f1o sea considerada Patrimonio de la Humanidad por la UNESCO bajo el t\u00edtulo de \u2018Paisaje cultural del vino y el vi\u00f1edo de La Rioja y Rioja Alavesa\u2019.<\/p>\n<p><strong><a href=\"https:\/\/www.aribau.es\/wp-content\/uploads\/2018\/10\/finca-valpiedra-aribau.jpg\"><img loading=\"lazy\" decoding=\"async\" class=\"aligncenter size-full wp-image-6036\" src=\"https:\/\/www.aribau.es\/wp-content\/uploads\/2018\/10\/finca-valpiedra-aribau.jpg\" alt=\"\" width=\"800\" height=\"447\" srcset=\"https:\/\/www.aribau.es\/wp-content\/uploads\/2018\/10\/finca-valpiedra-aribau.jpg 800w, https:\/\/www.aribau.es\/wp-content\/uploads\/2018\/10\/finca-valpiedra-aribau-300x168.jpg 300w, https:\/\/www.aribau.es\/wp-content\/uploads\/2018\/10\/finca-valpiedra-aribau-768x429.jpg 768w\" sizes=\"(max-width: 800px) 100vw, 800px\" \/><\/a><\/strong><\/p>\n<p><strong><a href=\"https:\/\/www.aribau.es\/ca\/las-moradas-de-san-martin-una-bodega-que-homenajea-a-la-literatura\/\" target=\"_blank\" rel=\"noopener\">Las Moradas de San Mart\u00edn, San Mart\u00edn de Valdeiglesias, Madrid<\/a> <\/strong><\/p>\n<p>Situada en plena Sierra de Gredos, all\u00ed donde confluyen la Comunidad de Madrid, Toledo y \u00c1vila, se encuentra esta bodega rodeadas de vi\u00f1edos centenarios de Garnacha. Una bodega que no s\u00f3lo rinde homenaje al paisaje sino tambi\u00e9n a la literatura, empezando ya por el propio nombre de la bodega, tomado de <em>Las Moradas<\/em>, el \u00faltimo libro que escribi\u00f3 Santa Teresa.<\/p>\n<p><a href=\"https:\/\/www.aribau.es\/wp-content\/uploads\/2016\/03\/san-martin.png\"><img loading=\"lazy\" decoding=\"async\" class=\"aligncenter wp-image-4628\" src=\"https:\/\/www.aribau.es\/wp-content\/uploads\/2016\/03\/san-martin.png\" alt=\"\" width=\"800\" height=\"500\" \/><\/a><\/p>","protected":false},"excerpt":{"rendered":"<p>Las Navidades acostumbran a ser fiestas para pasar en familia. Pero quien m\u00e1s quien menos necesita alg\u00fan momento de desconexi\u00f3n entre comida y comida familiar. Una buena alternativa para salir de casa puede ser acercarse a una de esas bodegas que hace tiempo que tenemos ganas de visitar y no encontramos el momento. Aqu\u00ed os &#8230; <a title=\"5 CELLERS PER VISITAR AQUESTES FESTES\" class=\"read-more\" href=\"https:\/\/www.aribau.es\/ca\/5-bodegas-para-visitar-estas-fiestas\/\" aria-label=\"M\u00e9s informaci\u00f3 sobre 5 BODEGAS PARA VISITAR ESTAS FIESTAS\">Llegiu m\u00e9s<\/a><\/p>","protected":false},"author":3,"featured_media":6026,"comment_status":"closed","ping_status":"closed","sticky":false,"template":"","format":"standard","meta":{"footnotes":""},"categories":[406],"tags":[446,463],"class_list":["post-6237","post","type-post","status-publish","format-standard","has-post-thumbnail","hentry","category-noticias","tag-bodegas","tag-enoturismo"],"yoast_head":"<!-- This site is optimized with the Yoast SEO plugin v26.7 - https:\/\/yoast.com\/wordpress\/plugins\/seo\/ -->\n<title>5 BODEGAS PARA VISITAR ESTAS FIESTAS - Aribau<\/title>\n<meta name=\"robots\" content=\"index, follow, max-snippet:-1, max-image-preview:large, max-video-preview:-1\" \/>\n<link rel=\"canonical\" href=\"https:\/\/www.aribau.es\/ca\/5-bodegas-para-visitar-estas-fiestas\/\" \/>\n<meta property=\"og:locale\" content=\"ca_ES\" \/>\n<meta property=\"og:type\" content=\"article\" \/>\n<meta property=\"og:title\" content=\"5 BODEGAS PARA VISITAR ESTAS FIESTAS - Aribau\" \/>\n<meta property=\"og:description\" content=\"Las Navidades acostumbran a ser fiestas para pasar en familia. Pero quien m\u00e1s quien menos necesita alg\u00fan momento de desconexi\u00f3n entre comida y comida familiar. Una buena alternativa para salir de casa puede ser acercarse a una de esas bodegas que hace tiempo que tenemos ganas de visitar y no encontramos el momento. Aqu\u00ed os ... Llegiu m\u00e9s\" \/>\n<meta property=\"og:url\" content=\"https:\/\/www.aribau.es\/ca\/5-bodegas-para-visitar-estas-fiestas\/\" \/>\n<meta property=\"og:site_name\" content=\"Aribau\" \/>\n<meta property=\"article:publisher\" content=\"https:\/\/www.facebook.com\/aribau1964\/\" \/>\n<meta property=\"article:published_time\" content=\"2018-12-13T10:39:58+00:00\" \/>\n<meta property=\"article:modified_time\" content=\"2021-04-26T10:56:30+00:00\" \/>\n<meta property=\"og:image\" content=\"https:\/\/www.aribau.es\/wp-content\/uploads\/2018\/09\/enoturismo-vi\u00f1as-aribau.jpeg\" \/>\n\t<meta property=\"og:image:width\" content=\"1200\" \/>\n\t<meta property=\"og:image:height\" content=\"800\" \/>\n\t<meta property=\"og:image:type\" content=\"image\/jpeg\" \/>\n<meta name=\"author\" content=\"aribau\" \/>\n<meta name=\"twitter:card\" content=\"summary_large_image\" \/>\n<meta name=\"twitter:creator\" content=\"@aribau1964\" \/>\n<meta name=\"twitter:site\" content=\"@aribau1964\" \/>\n<meta name=\"twitter:label1\" content=\"Escrit per\" \/>\n\t<meta name=\"twitter:data1\" content=\"aribau\" \/>\n\t<meta name=\"twitter:label2\" content=\"Temps estimat de lectura\" \/>\n\t<meta name=\"twitter:data2\" content=\"2 minuts\" \/>\n<script type=\"application\/ld+json\" class=\"yoast-schema-graph\">{\"@context\":\"https:\/\/schema.org\",\"@graph\":[{\"@type\":\"Article\",\"@id\":\"https:\/\/www.aribau.es\/5-bodegas-para-visitar-estas-fiestas\/#article\",\"isPartOf\":{\"@id\":\"https:\/\/www.aribau.es\/5-bodegas-para-visitar-estas-fiestas\/\"},\"author\":{\"name\":\"aribau\",\"@id\":\"https:\/\/www.aribau.es\/#\/schema\/person\/77a976898b3c705ed016499633f4ffd0\"},\"headline\":\"5 BODEGAS PARA VISITAR ESTAS FIESTAS\",\"datePublished\":\"2018-12-13T10:39:58+00:00\",\"dateModified\":\"2021-04-26T10:56:30+00:00\",\"mainEntityOfPage\":{\"@id\":\"https:\/\/www.aribau.es\/5-bodegas-para-visitar-estas-fiestas\/\"},\"wordCount\":422,\"publisher\":{\"@id\":\"https:\/\/www.aribau.es\/#organization\"},\"image\":{\"@id\":\"https:\/\/www.aribau.es\/5-bodegas-para-visitar-estas-fiestas\/#primaryimage\"},\"thumbnailUrl\":\"https:\/\/www.aribau.es\/wp-content\/uploads\/2018\/09\/enoturismo-vi\u00f1as-aribau.jpeg\",\"keywords\":[\"Bodegas\",\"enoturismo\"],\"articleSection\":[\"Noticias\"],\"inLanguage\":\"ca\"},{\"@type\":\"WebPage\",\"@id\":\"https:\/\/www.aribau.es\/5-bodegas-para-visitar-estas-fiestas\/\",\"url\":\"https:\/\/www.aribau.es\/5-bodegas-para-visitar-estas-fiestas\/\",\"name\":\"5 BODEGAS PARA VISITAR ESTAS FIESTAS - Aribau\",\"isPartOf\":{\"@id\":\"https:\/\/www.aribau.es\/#website\"},\"primaryImageOfPage\":{\"@id\":\"https:\/\/www.aribau.es\/5-bodegas-para-visitar-estas-fiestas\/#primaryimage\"},\"image\":{\"@id\":\"https:\/\/www.aribau.es\/5-bodegas-para-visitar-estas-fiestas\/#primaryimage\"},\"thumbnailUrl\":\"https:\/\/www.aribau.es\/wp-content\/uploads\/2018\/09\/enoturismo-vi\u00f1as-aribau.jpeg\",\"datePublished\":\"2018-12-13T10:39:58+00:00\",\"dateModified\":\"2021-04-26T10:56:30+00:00\",\"breadcrumb\":{\"@id\":\"https:\/\/www.aribau.es\/5-bodegas-para-visitar-estas-fiestas\/#breadcrumb\"},\"inLanguage\":\"ca\",\"potentialAction\":[{\"@type\":\"ReadAction\",\"target\":[\"https:\/\/www.aribau.es\/5-bodegas-para-visitar-estas-fiestas\/\"]}]},{\"@type\":\"ImageObject\",\"inLanguage\":\"ca\",\"@id\":\"https:\/\/www.aribau.es\/5-bodegas-para-visitar-estas-fiestas\/#primaryimage\",\"url\":\"https:\/\/www.aribau.es\/wp-content\/uploads\/2018\/09\/enoturismo-vi\u00f1as-aribau.jpeg\",\"contentUrl\":\"https:\/\/www.aribau.es\/wp-content\/uploads\/2018\/09\/enoturismo-vi\u00f1as-aribau.jpeg\",\"width\":1200,\"height\":800},{\"@type\":\"BreadcrumbList\",\"@id\":\"https:\/\/www.aribau.es\/5-bodegas-para-visitar-estas-fiestas\/#breadcrumb\",\"itemListElement\":[{\"@type\":\"ListItem\",\"position\":1,\"name\":\"Portada\",\"item\":\"https:\/\/www.aribau.es\/\"},{\"@type\":\"ListItem\",\"position\":2,\"name\":\"5 BODEGAS PARA VISITAR ESTAS FIESTAS\"}]},{\"@type\":\"WebSite\",\"@id\":\"https:\/\/www.aribau.es\/#website\",\"url\":\"https:\/\/www.aribau.es\/\",\"name\":\"Aribau\",\"description\":\"VINOS Y BODEGAS\",\"publisher\":{\"@id\":\"https:\/\/www.aribau.es\/#organization\"},\"potentialAction\":[{\"@type\":\"SearchAction\",\"target\":{\"@type\":\"EntryPoint\",\"urlTemplate\":\"https:\/\/www.aribau.es\/?s={search_term_string}\"},\"query-input\":{\"@type\":\"PropertyValueSpecification\",\"valueRequired\":true,\"valueName\":\"search_term_string\"}}],\"inLanguage\":\"ca\"},{\"@type\":\"Organization\",\"@id\":\"https:\/\/www.aribau.es\/#organization\",\"name\":\"Aribau\",\"url\":\"https:\/\/www.aribau.es\/\",\"logo\":{\"@type\":\"ImageObject\",\"inLanguage\":\"ca\",\"@id\":\"https:\/\/www.aribau.es\/#\/schema\/logo\/image\/\",\"url\":\"https:\/\/www.aribau.es\/wp-content\/uploads\/2022\/03\/logo.png\",\"contentUrl\":\"https:\/\/www.aribau.es\/wp-content\/uploads\/2022\/03\/logo.png\",\"width\":300,\"height\":300,\"caption\":\"Aribau\"},\"image\":{\"@id\":\"https:\/\/www.aribau.es\/#\/schema\/logo\/image\/\"},\"sameAs\":[\"https:\/\/www.facebook.com\/aribau1964\/\",\"https:\/\/x.com\/aribau1964\",\"https:\/\/www.instagram.com\/aribau1964\/\"]},{\"@type\":\"Person\",\"@id\":\"https:\/\/www.aribau.es\/#\/schema\/person\/77a976898b3c705ed016499633f4ffd0\",\"name\":\"aribau\",\"image\":{\"@type\":\"ImageObject\",\"inLanguage\":\"ca\",\"@id\":\"https:\/\/www.aribau.es\/#\/schema\/person\/image\/\",\"url\":\"https:\/\/secure.gravatar.com\/avatar\/6690491f832d5b32aa9482b978c9464816810fbff0f6658034a34c9d9657b94e?s=96&d=mm&r=g\",\"contentUrl\":\"https:\/\/secure.gravatar.com\/avatar\/6690491f832d5b32aa9482b978c9464816810fbff0f6658034a34c9d9657b94e?s=96&d=mm&r=g\",\"caption\":\"aribau\"},\"url\":\"https:\/\/www.aribau.es\/ca\/author\/aribau\/\"}]}<\/script>\n<!-- \/ Yoast SEO plugin. -->","yoast_head_json":{"title":"5 BODEGAS PARA VISITAR ESTAS FIESTAS - Aribau","robots":{"index":"index","follow":"follow","max-snippet":"max-snippet:-1","max-image-preview":"max-image-preview:large","max-video-preview":"max-video-preview:-1"},"canonical":"https:\/\/www.aribau.es\/ca\/5-bodegas-para-visitar-estas-fiestas\/","og_locale":"ca_ES","og_type":"article","og_title":"5 BODEGAS PARA VISITAR ESTAS FIESTAS - Aribau","og_description":"Las Navidades acostumbran a ser fiestas para pasar en familia. Pero quien m\u00e1s quien menos necesita alg\u00fan momento de desconexi\u00f3n entre comida y comida familiar. Una buena alternativa para salir de casa puede ser acercarse a una de esas bodegas que hace tiempo que tenemos ganas de visitar y no encontramos el momento. Aqu\u00ed os ... Llegiu m\u00e9s","og_url":"https:\/\/www.aribau.es\/ca\/5-bodegas-para-visitar-estas-fiestas\/","og_site_name":"Aribau","article_publisher":"https:\/\/www.facebook.com\/aribau1964\/","article_published_time":"2018-12-13T10:39:58+00:00","article_modified_time":"2021-04-26T10:56:30+00:00","og_image":[{"width":1200,"height":800,"url":"https:\/\/www.aribau.es\/wp-content\/uploads\/2018\/09\/enoturismo-vi\u00f1as-aribau.jpeg","type":"image\/jpeg"}],"author":"aribau","twitter_card":"summary_large_image","twitter_creator":"@aribau1964","twitter_site":"@aribau1964","twitter_misc":{"Escrit per":"aribau","Temps estimat de lectura":"2 minuts"},"schema":{"@context":"https:\/\/schema.org","@graph":[{"@type":"Article","@id":"https:\/\/www.aribau.es\/5-bodegas-para-visitar-estas-fiestas\/#article","isPartOf":{"@id":"https:\/\/www.aribau.es\/5-bodegas-para-visitar-estas-fiestas\/"},"author":{"name":"aribau","@id":"https:\/\/www.aribau.es\/#\/schema\/person\/77a976898b3c705ed016499633f4ffd0"},"headline":"5 BODEGAS PARA VISITAR ESTAS FIESTAS","datePublished":"2018-12-13T10:39:58+00:00","dateModified":"2021-04-26T10:56:30+00:00","mainEntityOfPage":{"@id":"https:\/\/www.aribau.es\/5-bodegas-para-visitar-estas-fiestas\/"},"wordCount":422,"publisher":{"@id":"https:\/\/www.aribau.es\/#organization"},"image":{"@id":"https:\/\/www.aribau.es\/5-bodegas-para-visitar-estas-fiestas\/#primaryimage"},"thumbnailUrl":"https:\/\/www.aribau.es\/wp-content\/uploads\/2018\/09\/enoturismo-vi\u00f1as-aribau.jpeg","keywords":["Bodegas","enoturismo"],"articleSection":["Noticias"],"inLanguage":"ca"},{"@type":"WebPage","@id":"https:\/\/www.aribau.es\/5-bodegas-para-visitar-estas-fiestas\/","url":"https:\/\/www.aribau.es\/5-bodegas-para-visitar-estas-fiestas\/","name":"5 BODEGAS PARA VISITAR ESTAS FIESTAS - Aribau","isPartOf":{"@id":"https:\/\/www.aribau.es\/#website"},"primaryImageOfPage":{"@id":"https:\/\/www.aribau.es\/5-bodegas-para-visitar-estas-fiestas\/#primaryimage"},"image":{"@id":"https:\/\/www.aribau.es\/5-bodegas-para-visitar-estas-fiestas\/#primaryimage"},"thumbnailUrl":"https:\/\/www.aribau.es\/wp-content\/uploads\/2018\/09\/enoturismo-vi\u00f1as-aribau.jpeg","datePublished":"2018-12-13T10:39:58+00:00","dateModified":"2021-04-26T10:56:30+00:00","breadcrumb":{"@id":"https:\/\/www.aribau.es\/5-bodegas-para-visitar-estas-fiestas\/#breadcrumb"},"inLanguage":"ca","potentialAction":[{"@type":"ReadAction","target":["https:\/\/www.aribau.es\/5-bodegas-para-visitar-estas-fiestas\/"]}]},{"@type":"ImageObject","inLanguage":"ca","@id":"https:\/\/www.aribau.es\/5-bodegas-para-visitar-estas-fiestas\/#primaryimage","url":"https:\/\/www.aribau.es\/wp-content\/uploads\/2018\/09\/enoturismo-vi\u00f1as-aribau.jpeg","contentUrl":"https:\/\/www.aribau.es\/wp-content\/uploads\/2018\/09\/enoturismo-vi\u00f1as-aribau.jpeg","width":1200,"height":800},{"@type":"BreadcrumbList","@id":"https:\/\/www.aribau.es\/5-bodegas-para-visitar-estas-fiestas\/#breadcrumb","itemListElement":[{"@type":"ListItem","position":1,"name":"Portada","item":"https:\/\/www.aribau.es\/"},{"@type":"ListItem","position":2,"name":"5 BODEGAS PARA VISITAR ESTAS FIESTAS"}]},{"@type":"WebSite","@id":"https:\/\/www.aribau.es\/#website","url":"https:\/\/www.aribau.es\/","name":"Aribau","description":"VINOS Y BODEGAS","publisher":{"@id":"https:\/\/www.aribau.es\/#organization"},"potentialAction":[{"@type":"SearchAction","target":{"@type":"EntryPoint","urlTemplate":"https:\/\/www.aribau.es\/?s={search_term_string}"},"query-input":{"@type":"PropertyValueSpecification","valueRequired":true,"valueName":"search_term_string"}}],"inLanguage":"ca"},{"@type":"Organization","@id":"https:\/\/www.aribau.es\/#organization","name":"Aribau","url":"https:\/\/www.aribau.es\/","logo":{"@type":"ImageObject","inLanguage":"ca","@id":"https:\/\/www.aribau.es\/#\/schema\/logo\/image\/","url":"https:\/\/www.aribau.es\/wp-content\/uploads\/2022\/03\/logo.png","contentUrl":"https:\/\/www.aribau.es\/wp-content\/uploads\/2022\/03\/logo.png","width":300,"height":300,"caption":"Aribau"},"image":{"@id":"https:\/\/www.aribau.es\/#\/schema\/logo\/image\/"},"sameAs":["https:\/\/www.facebook.com\/aribau1964\/","https:\/\/x.com\/aribau1964","https:\/\/www.instagram.com\/aribau1964\/"]},{"@type":"Person","@id":"https:\/\/www.aribau.es\/#\/schema\/person\/77a976898b3c705ed016499633f4ffd0","name":"aribau","image":{"@type":"ImageObject","inLanguage":"ca","@id":"https:\/\/www.aribau.es\/#\/schema\/person\/image\/","url":"https:\/\/secure.gravatar.com\/avatar\/6690491f832d5b32aa9482b978c9464816810fbff0f6658034a34c9d9657b94e?s=96&d=mm&r=g","contentUrl":"https:\/\/secure.gravatar.com\/avatar\/6690491f832d5b32aa9482b978c9464816810fbff0f6658034a34c9d9657b94e?s=96&d=mm&r=g","caption":"aribau"},"url":"https:\/\/www.aribau.es\/ca\/author\/aribau\/"}]}},"_links":{"self":[{"href":"https:\/\/www.aribau.es\/ca\/wp-json\/wp\/v2\/posts\/6237","targetHints":{"allow":["GET"]}}],"collection":[{"href":"https:\/\/www.aribau.es\/ca\/wp-json\/wp\/v2\/posts"}],"about":[{"href":"https:\/\/www.aribau.es\/ca\/wp-json\/wp\/v2\/types\/post"}],"author":[{"embeddable":true,"href":"https:\/\/www.aribau.es\/ca\/wp-json\/wp\/v2\/users\/3"}],"replies":[{"embeddable":true,"href":"https:\/\/www.aribau.es\/ca\/wp-json\/wp\/v2\/comments?post=6237"}],"version-history":[{"count":5,"href":"https:\/\/www.aribau.es\/ca\/wp-json\/wp\/v2\/posts\/6237\/revisions"}],"predecessor-version":[{"id":10053,"href":"https:\/\/www.aribau.es\/ca\/wp-json\/wp\/v2\/posts\/6237\/revisions\/10053"}],"wp:featuredmedia":[{"embeddable":true,"href":"https:\/\/www.aribau.es\/ca\/wp-json\/wp\/v2\/media\/6026"}],"wp:attachment":[{"href":"https:\/\/www.aribau.es\/ca\/wp-json\/wp\/v2\/media?parent=6237"}],"wp:term":[{"taxonomy":"category","embeddable":true,"href":"https:\/\/www.aribau.es\/ca\/wp-json\/wp\/v2\/categories?post=6237"},{"taxonomy":"post_tag","embeddable":true,"href":"https:\/\/www.aribau.es\/ca\/wp-json\/wp\/v2\/tags?post=6237"}],"curies":[{"name":"wp","href":"https:\/\/api.w.org\/{rel}","templated":true}]}}