{"id":6249,"date":"2018-12-27T14:34:29","date_gmt":"2018-12-27T13:34:29","guid":{"rendered":"https:\/\/www.aribau.es\/?p=6249"},"modified":"2021-12-30T10:56:07","modified_gmt":"2021-12-30T09:56:07","slug":"acaba-el-ano-con-los-vinos-de-aribau","status":"publish","type":"post","link":"https:\/\/www.aribau.es\/ca\/acaba-el-ano-con-los-vinos-de-aribau\/","title":{"rendered":"ACABA L\u2019ANY AMB ELS VINS D'ARIBAU"},"content":{"rendered":"<p>Tic-tac, tic-tac&#8230; Todav\u00eda nos estamos recuperando de la cena de Navidad y San Esteban pero ya tenemos la vista puesta en la noche de A\u00f1o Nuevo. Es momento de hacer balance del a\u00f1o que termina y marcarse nuevos objetivos de cara al 2019, pero tambi\u00e9n es momento de disfrutar con la familia y los amigos, y desde Aribau estamos convencidos que la selecci\u00f3n de vinos que os proponemos os ayudar\u00e1n a comenzar el a\u00f1o de la mejor manera posible.<\/p>\n<p><strong><a href=\"https:\/\/www.aribau.es\/wp-content\/uploads\/2018\/12\/bertsolari-121x300.jpg\"><img decoding=\"async\" class=\"alignleft wp-image-6251\" src=\"https:\/\/www.aribau.es\/wp-content\/uploads\/2018\/12\/bertsolari-121x300.jpg\" alt=\"\" width=\"88\" height=\"218\" \/><\/a>Empezamos la cena con el vermut <a href=\"https:\/\/www.aribau.es\/ca\/portfolio-item\/bertsolari\/\" target=\"_blank\" rel=\"noopener\"><em>Bertsolari<\/em><\/a><\/strong><\/p>\n<p>El vermut <em>Bertsolari<\/em> nace como homenaje a la cultura vasca y al saber popular, concretamente a los \u00abbertsolaris\u00bb, trovadores que se dedican a componer y cantar versos en euskera bas\u00e1ndose en la improvisaci\u00f3n. El vermut est\u00e1 aromatizado y preparado a base de vino, az\u00facar, alcohol y una maceraci\u00f3n de diferentes bot\u00e1nicos donde destaca la artemisia o ajenjo, dando como resultado un caracter\u00edstico sabor dulce, amargo y arom\u00e1tico, tan apreciado para tomar durante el aperitivo. Su aroma invita a dedicar unos momentos en descifrar sus matices y su sabor incita a disfrutar del inicio de la cena con tranquilidad.<\/p>\n<p><!--more--><\/p>\n<p><strong>Damos paso al primer plato y al <a href=\"https:\/\/www.aribau.es\/ca\/saltimbanqui-verdejo\/\" target=\"_blank\" rel=\"noopener\"><em>Saltimbanqui<\/em><\/a><em><a href=\"https:\/\/www.aribau.es\/wp-content\/uploads\/2018\/12\/saltimbanqui-verdejo.jpg\"><img decoding=\"async\" class=\"wp-image-6252 alignright\" src=\"https:\/\/www.aribau.es\/wp-content\/uploads\/2018\/12\/saltimbanqui-verdejo.jpg\" alt=\"\" width=\"94\" height=\"233\" srcset=\"https:\/\/www.aribau.es\/wp-content\/uploads\/2018\/12\/saltimbanqui-verdejo.jpg 322w, https:\/\/www.aribau.es\/wp-content\/uploads\/2018\/12\/saltimbanqui-verdejo-121x300.jpg 121w\" sizes=\"(max-width: 94px) 100vw, 94px\" \/><\/a><\/em><\/strong><\/p>\n<p>La mesa est\u00e1 llena de platos para picar: croquetas, tostaditas con foie o salm\u00f3n, embutidos, almejas, langostinos a la plancha&#8230; y, \u00bfqu\u00e9 mejor que acompa\u00f1arlo con un vino blanco como el <em>Saltimbanqui<\/em>? Un vino joven con se\u00f1al de identidad propia de Aribau que pertenece a la D.O. Rueda. El <em>Saltimbanqui<\/em> tiene aromas varietales, notas de mucha fruta blanca y final con toques tropicales. Tiene buena entrada en boca, es ligero y sedoso. Como su nombre y su etiqueta demuestran, es un vino divertido que hace honor a los \u00absaltimbanquis\u00bb de la \u00e9poca medieval, que mostraban sus acrobacias en medio de cualquier escenario improvisado. Esto quiere significar que la noche se va animando&#8230;<\/p>\n<p><strong><a href=\"https:\/\/www.aribau.es\/wp-content\/uploads\/2018\/12\/mar-salada-tinto.jpg\"><img decoding=\"async\" class=\"alignleft wp-image-6253\" src=\"https:\/\/www.aribau.es\/wp-content\/uploads\/2018\/12\/mar-salada-tinto.jpg\" alt=\"\" width=\"79\" height=\"196\" srcset=\"https:\/\/www.aribau.es\/wp-content\/uploads\/2018\/12\/mar-salada-tinto.jpg 322w, https:\/\/www.aribau.es\/wp-content\/uploads\/2018\/12\/mar-salada-tinto-121x300.jpg 121w\" sizes=\"(max-width: 79px) 100vw, 79px\" \/><\/a>Acompa\u00f1amos la carne con el <a href=\"https:\/\/www.aribau.es\/ca\/mar-salada-tinto\/\" target=\"_blank\" rel=\"noopener\"><em>Mar Salada Tinto<\/em><\/a><\/strong><\/p>\n<p>Llega el plato fuerte de la noche que, como en muchas mesas, ser\u00e1 carne. Hay muchas opciones para maridar este plato, pero desde Aribau os proponemos el <em>Mar Salada Tinto<\/em>. Este vino, perteneciente a la D.O. Catalunya, tiene aromas intensos que seducen con sus notas de frutos rojos y negros. Es un vino suave y equilibrado que en boca presenta un postgusto largo. Como decimos, es ideal para carnes rojas y blancas, tanto guisadas como asadas. Pero si en la mesa ten\u00e9is platos con setas o caracoles,\u00a0 estar\u00e9is apostando por un acierto seguro.<\/p>\n<p><strong>Llegan los postres con el vino<a href=\"https:\/\/www.aribau.es\/ca\/i-tant-rosado\/\" target=\"_blank\" rel=\"noopener\"><em> I Tant Rosado<\/em><\/a><em><a href=\"https:\/\/www.aribau.es\/wp-content\/uploads\/2021\/08\/i_tant_garnatxa_rosat_low_res.jpg\"><img loading=\"lazy\" decoding=\"async\" class=\"wp-image-11928 alignright\" src=\"https:\/\/www.aribau.es\/wp-content\/uploads\/2021\/08\/i_tant_garnatxa_rosat_low_res-332x1024.jpg\" alt=\"\" width=\"67\" height=\"206\" srcset=\"https:\/\/www.aribau.es\/wp-content\/uploads\/2021\/08\/i_tant_garnatxa_rosat_low_res-332x1024.jpg 332w, https:\/\/www.aribau.es\/wp-content\/uploads\/2021\/08\/i_tant_garnatxa_rosat_low_res-97x300.jpg 97w, https:\/\/www.aribau.es\/wp-content\/uploads\/2021\/08\/i_tant_garnatxa_rosat_low_res-4x12.jpg 4w, https:\/\/www.aribau.es\/wp-content\/uploads\/2021\/08\/i_tant_garnatxa_rosat_low_res.jpg 420w\" sizes=\"(max-width: 67px) 100vw, 67px\" \/><\/a><\/em><\/strong><\/p>\n<p>Se suele decir que el vino rosado casa con platos ligeros, como ensaladas, o con alg\u00fan plato de pasta o paella. Pero, de hecho, los vinos rosados \u200b\u200bson una buena opci\u00f3n para maridar alg\u00fan tipo de postre, gracias a su sabor afrutado, ligero y fresco. Acompa\u00f1a los postres de la \u00faltima noche del a\u00f1o con el vin<em>o I Tant<\/em> de la D.O. Terra Alta. Es un vino basado en garnacha negra, ideal para todos los p\u00fablicos. Huye del t\u00edpico aroma de caramelo de fresa, presente en la mayor\u00eda de rosados \u200b\u200bdel mercado. En boca encontramos ligereza y expresi\u00f3n de fruta roja que da un tacto cremoso para equilibrar las sensaciones \u00e1cidas. \u00a1Acabar\u00e1s la cena con muy buen sabor de boca!<\/p>\n<p>&nbsp;<\/p>\n<p>Y ahora s\u00ed&#8230; \u00a1Brindemos todos por el nuevo a\u00f1o!<\/p>","protected":false},"excerpt":{"rendered":"<p>Tic-tac, tic-tac&#8230; Todav\u00eda nos estamos recuperando de la cena de Navidad y San Esteban pero ya tenemos la vista puesta en la noche de A\u00f1o Nuevo. Es momento de hacer balance del a\u00f1o que termina y marcarse nuevos objetivos de cara al 2019, pero tambi\u00e9n es momento de disfrutar con la familia y los amigos, &#8230; <a title=\"ACABA L\u2019ANY AMB ELS VINS D&#039;ARIBAU\" class=\"read-more\" href=\"https:\/\/www.aribau.es\/ca\/acaba-el-ano-con-los-vinos-de-aribau\/\" aria-label=\"M\u00e9s informaci\u00f3 sobre ACABA EL A\u00d1O CON LOS VINOS DE ARIBAU\">Llegiu m\u00e9s<\/a><\/p>","protected":false},"author":3,"featured_media":12187,"comment_status":"closed","ping_status":"closed","sticky":false,"template":"","format":"standard","meta":{"footnotes":""},"categories":[406],"tags":[439,459,396,398],"class_list":["post-6249","post","type-post","status-publish","format-standard","has-post-thumbnail","hentry","category-noticias","tag-bertsolari","tag-i-tant-rosado","tag-mar-salada","tag-saltimbanqui"],"yoast_head":"<!-- This site is optimized with the Yoast SEO plugin v26.7 - https:\/\/yoast.com\/wordpress\/plugins\/seo\/ -->\n<title>ACABA EL A\u00d1O CON LOS VINOS DE ARIBAU - Aribau<\/title>\n<meta name=\"robots\" content=\"index, follow, max-snippet:-1, max-image-preview:large, max-video-preview:-1\" \/>\n<link rel=\"canonical\" href=\"https:\/\/www.aribau.es\/ca\/acaba-el-ano-con-los-vinos-de-aribau\/\" \/>\n<meta property=\"og:locale\" content=\"ca_ES\" \/>\n<meta property=\"og:type\" content=\"article\" \/>\n<meta property=\"og:title\" content=\"ACABA EL A\u00d1O CON LOS VINOS DE ARIBAU - Aribau\" \/>\n<meta property=\"og:description\" content=\"Tic-tac, tic-tac&#8230; Todav\u00eda nos estamos recuperando de la cena de Navidad y San Esteban pero ya tenemos la vista puesta en la noche de A\u00f1o Nuevo. Es momento de hacer balance del a\u00f1o que termina y marcarse nuevos objetivos de cara al 2019, pero tambi\u00e9n es momento de disfrutar con la familia y los amigos, ... Llegiu m\u00e9s\" \/>\n<meta property=\"og:url\" content=\"https:\/\/www.aribau.es\/ca\/acaba-el-ano-con-los-vinos-de-aribau\/\" \/>\n<meta property=\"og:site_name\" content=\"Aribau\" \/>\n<meta property=\"article:publisher\" content=\"https:\/\/www.facebook.com\/aribau1964\/\" \/>\n<meta property=\"article:published_time\" content=\"2018-12-27T13:34:29+00:00\" \/>\n<meta property=\"article:modified_time\" content=\"2021-12-30T09:56:07+00:00\" \/>\n<meta property=\"og:image\" content=\"https:\/\/www.aribau.es\/wp-content\/uploads\/2018\/12\/Diseno-sin-titulo-3-1.png\" \/>\n\t<meta property=\"og:image:width\" content=\"848\" \/>\n\t<meta property=\"og:image:height\" content=\"602\" \/>\n\t<meta property=\"og:image:type\" content=\"image\/png\" \/>\n<meta name=\"author\" content=\"aribau\" \/>\n<meta name=\"twitter:card\" content=\"summary_large_image\" \/>\n<meta name=\"twitter:creator\" content=\"@aribau1964\" \/>\n<meta name=\"twitter:site\" content=\"@aribau1964\" \/>\n<meta name=\"twitter:label1\" content=\"Escrit per\" \/>\n\t<meta name=\"twitter:data1\" content=\"aribau\" \/>\n\t<meta name=\"twitter:label2\" content=\"Temps estimat de lectura\" \/>\n\t<meta name=\"twitter:data2\" content=\"3 minuts\" \/>\n<script type=\"application\/ld+json\" class=\"yoast-schema-graph\">{\"@context\":\"https:\/\/schema.org\",\"@graph\":[{\"@type\":\"Article\",\"@id\":\"https:\/\/www.aribau.es\/acaba-el-ano-con-los-vinos-de-aribau\/#article\",\"isPartOf\":{\"@id\":\"https:\/\/www.aribau.es\/acaba-el-ano-con-los-vinos-de-aribau\/\"},\"author\":{\"name\":\"aribau\",\"@id\":\"https:\/\/www.aribau.es\/#\/schema\/person\/77a976898b3c705ed016499633f4ffd0\"},\"headline\":\"ACABA EL A\u00d1O CON LOS VINOS DE ARIBAU\",\"datePublished\":\"2018-12-27T13:34:29+00:00\",\"dateModified\":\"2021-12-30T09:56:07+00:00\",\"mainEntityOfPage\":{\"@id\":\"https:\/\/www.aribau.es\/acaba-el-ano-con-los-vinos-de-aribau\/\"},\"wordCount\":586,\"publisher\":{\"@id\":\"https:\/\/www.aribau.es\/#organization\"},\"image\":{\"@id\":\"https:\/\/www.aribau.es\/acaba-el-ano-con-los-vinos-de-aribau\/#primaryimage\"},\"thumbnailUrl\":\"https:\/\/www.aribau.es\/wp-content\/uploads\/2018\/12\/Diseno-sin-titulo-3-1.png\",\"keywords\":[\"Bertsolari\",\"I Tant Rosado\",\"Mar Salada\",\"Saltimbanqui\"],\"articleSection\":[\"Noticias\"],\"inLanguage\":\"ca\"},{\"@type\":\"WebPage\",\"@id\":\"https:\/\/www.aribau.es\/acaba-el-ano-con-los-vinos-de-aribau\/\",\"url\":\"https:\/\/www.aribau.es\/acaba-el-ano-con-los-vinos-de-aribau\/\",\"name\":\"ACABA EL A\u00d1O CON LOS VINOS DE ARIBAU - Aribau\",\"isPartOf\":{\"@id\":\"https:\/\/www.aribau.es\/#website\"},\"primaryImageOfPage\":{\"@id\":\"https:\/\/www.aribau.es\/acaba-el-ano-con-los-vinos-de-aribau\/#primaryimage\"},\"image\":{\"@id\":\"https:\/\/www.aribau.es\/acaba-el-ano-con-los-vinos-de-aribau\/#primaryimage\"},\"thumbnailUrl\":\"https:\/\/www.aribau.es\/wp-content\/uploads\/2018\/12\/Diseno-sin-titulo-3-1.png\",\"datePublished\":\"2018-12-27T13:34:29+00:00\",\"dateModified\":\"2021-12-30T09:56:07+00:00\",\"breadcrumb\":{\"@id\":\"https:\/\/www.aribau.es\/acaba-el-ano-con-los-vinos-de-aribau\/#breadcrumb\"},\"inLanguage\":\"ca\",\"potentialAction\":[{\"@type\":\"ReadAction\",\"target\":[\"https:\/\/www.aribau.es\/acaba-el-ano-con-los-vinos-de-aribau\/\"]}]},{\"@type\":\"ImageObject\",\"inLanguage\":\"ca\",\"@id\":\"https:\/\/www.aribau.es\/acaba-el-ano-con-los-vinos-de-aribau\/#primaryimage\",\"url\":\"https:\/\/www.aribau.es\/wp-content\/uploads\/2018\/12\/Diseno-sin-titulo-3-1.png\",\"contentUrl\":\"https:\/\/www.aribau.es\/wp-content\/uploads\/2018\/12\/Diseno-sin-titulo-3-1.png\",\"width\":848,\"height\":602},{\"@type\":\"BreadcrumbList\",\"@id\":\"https:\/\/www.aribau.es\/acaba-el-ano-con-los-vinos-de-aribau\/#breadcrumb\",\"itemListElement\":[{\"@type\":\"ListItem\",\"position\":1,\"name\":\"Portada\",\"item\":\"https:\/\/www.aribau.es\/\"},{\"@type\":\"ListItem\",\"position\":2,\"name\":\"ACABA EL A\u00d1O CON LOS VINOS DE ARIBAU\"}]},{\"@type\":\"WebSite\",\"@id\":\"https:\/\/www.aribau.es\/#website\",\"url\":\"https:\/\/www.aribau.es\/\",\"name\":\"Aribau\",\"description\":\"VINOS Y BODEGAS\",\"publisher\":{\"@id\":\"https:\/\/www.aribau.es\/#organization\"},\"potentialAction\":[{\"@type\":\"SearchAction\",\"target\":{\"@type\":\"EntryPoint\",\"urlTemplate\":\"https:\/\/www.aribau.es\/?s={search_term_string}\"},\"query-input\":{\"@type\":\"PropertyValueSpecification\",\"valueRequired\":true,\"valueName\":\"search_term_string\"}}],\"inLanguage\":\"ca\"},{\"@type\":\"Organization\",\"@id\":\"https:\/\/www.aribau.es\/#organization\",\"name\":\"Aribau\",\"url\":\"https:\/\/www.aribau.es\/\",\"logo\":{\"@type\":\"ImageObject\",\"inLanguage\":\"ca\",\"@id\":\"https:\/\/www.aribau.es\/#\/schema\/logo\/image\/\",\"url\":\"https:\/\/www.aribau.es\/wp-content\/uploads\/2022\/03\/logo.png\",\"contentUrl\":\"https:\/\/www.aribau.es\/wp-content\/uploads\/2022\/03\/logo.png\",\"width\":300,\"height\":300,\"caption\":\"Aribau\"},\"image\":{\"@id\":\"https:\/\/www.aribau.es\/#\/schema\/logo\/image\/\"},\"sameAs\":[\"https:\/\/www.facebook.com\/aribau1964\/\",\"https:\/\/x.com\/aribau1964\",\"https:\/\/www.instagram.com\/aribau1964\/\"]},{\"@type\":\"Person\",\"@id\":\"https:\/\/www.aribau.es\/#\/schema\/person\/77a976898b3c705ed016499633f4ffd0\",\"name\":\"aribau\",\"image\":{\"@type\":\"ImageObject\",\"inLanguage\":\"ca\",\"@id\":\"https:\/\/www.aribau.es\/#\/schema\/person\/image\/\",\"url\":\"https:\/\/secure.gravatar.com\/avatar\/6690491f832d5b32aa9482b978c9464816810fbff0f6658034a34c9d9657b94e?s=96&d=mm&r=g\",\"contentUrl\":\"https:\/\/secure.gravatar.com\/avatar\/6690491f832d5b32aa9482b978c9464816810fbff0f6658034a34c9d9657b94e?s=96&d=mm&r=g\",\"caption\":\"aribau\"},\"url\":\"https:\/\/www.aribau.es\/ca\/author\/aribau\/\"}]}<\/script>\n<!-- \/ Yoast SEO plugin. -->","yoast_head_json":{"title":"ACABA EL A\u00d1O CON LOS VINOS DE ARIBAU - Aribau","robots":{"index":"index","follow":"follow","max-snippet":"max-snippet:-1","max-image-preview":"max-image-preview:large","max-video-preview":"max-video-preview:-1"},"canonical":"https:\/\/www.aribau.es\/ca\/acaba-el-ano-con-los-vinos-de-aribau\/","og_locale":"ca_ES","og_type":"article","og_title":"ACABA EL A\u00d1O CON LOS VINOS DE ARIBAU - Aribau","og_description":"Tic-tac, tic-tac&#8230; Todav\u00eda nos estamos recuperando de la cena de Navidad y San Esteban pero ya tenemos la vista puesta en la noche de A\u00f1o Nuevo. Es momento de hacer balance del a\u00f1o que termina y marcarse nuevos objetivos de cara al 2019, pero tambi\u00e9n es momento de disfrutar con la familia y los amigos, ... Llegiu m\u00e9s","og_url":"https:\/\/www.aribau.es\/ca\/acaba-el-ano-con-los-vinos-de-aribau\/","og_site_name":"Aribau","article_publisher":"https:\/\/www.facebook.com\/aribau1964\/","article_published_time":"2018-12-27T13:34:29+00:00","article_modified_time":"2021-12-30T09:56:07+00:00","og_image":[{"width":848,"height":602,"url":"https:\/\/www.aribau.es\/wp-content\/uploads\/2018\/12\/Diseno-sin-titulo-3-1.png","type":"image\/png"}],"author":"aribau","twitter_card":"summary_large_image","twitter_creator":"@aribau1964","twitter_site":"@aribau1964","twitter_misc":{"Escrit per":"aribau","Temps estimat de lectura":"3 minuts"},"schema":{"@context":"https:\/\/schema.org","@graph":[{"@type":"Article","@id":"https:\/\/www.aribau.es\/acaba-el-ano-con-los-vinos-de-aribau\/#article","isPartOf":{"@id":"https:\/\/www.aribau.es\/acaba-el-ano-con-los-vinos-de-aribau\/"},"author":{"name":"aribau","@id":"https:\/\/www.aribau.es\/#\/schema\/person\/77a976898b3c705ed016499633f4ffd0"},"headline":"ACABA EL A\u00d1O CON LOS VINOS DE ARIBAU","datePublished":"2018-12-27T13:34:29+00:00","dateModified":"2021-12-30T09:56:07+00:00","mainEntityOfPage":{"@id":"https:\/\/www.aribau.es\/acaba-el-ano-con-los-vinos-de-aribau\/"},"wordCount":586,"publisher":{"@id":"https:\/\/www.aribau.es\/#organization"},"image":{"@id":"https:\/\/www.aribau.es\/acaba-el-ano-con-los-vinos-de-aribau\/#primaryimage"},"thumbnailUrl":"https:\/\/www.aribau.es\/wp-content\/uploads\/2018\/12\/Diseno-sin-titulo-3-1.png","keywords":["Bertsolari","I Tant Rosado","Mar Salada","Saltimbanqui"],"articleSection":["Noticias"],"inLanguage":"ca"},{"@type":"WebPage","@id":"https:\/\/www.aribau.es\/acaba-el-ano-con-los-vinos-de-aribau\/","url":"https:\/\/www.aribau.es\/acaba-el-ano-con-los-vinos-de-aribau\/","name":"ACABA EL A\u00d1O CON LOS VINOS DE ARIBAU - Aribau","isPartOf":{"@id":"https:\/\/www.aribau.es\/#website"},"primaryImageOfPage":{"@id":"https:\/\/www.aribau.es\/acaba-el-ano-con-los-vinos-de-aribau\/#primaryimage"},"image":{"@id":"https:\/\/www.aribau.es\/acaba-el-ano-con-los-vinos-de-aribau\/#primaryimage"},"thumbnailUrl":"https:\/\/www.aribau.es\/wp-content\/uploads\/2018\/12\/Diseno-sin-titulo-3-1.png","datePublished":"2018-12-27T13:34:29+00:00","dateModified":"2021-12-30T09:56:07+00:00","breadcrumb":{"@id":"https:\/\/www.aribau.es\/acaba-el-ano-con-los-vinos-de-aribau\/#breadcrumb"},"inLanguage":"ca","potentialAction":[{"@type":"ReadAction","target":["https:\/\/www.aribau.es\/acaba-el-ano-con-los-vinos-de-aribau\/"]}]},{"@type":"ImageObject","inLanguage":"ca","@id":"https:\/\/www.aribau.es\/acaba-el-ano-con-los-vinos-de-aribau\/#primaryimage","url":"https:\/\/www.aribau.es\/wp-content\/uploads\/2018\/12\/Diseno-sin-titulo-3-1.png","contentUrl":"https:\/\/www.aribau.es\/wp-content\/uploads\/2018\/12\/Diseno-sin-titulo-3-1.png","width":848,"height":602},{"@type":"BreadcrumbList","@id":"https:\/\/www.aribau.es\/acaba-el-ano-con-los-vinos-de-aribau\/#breadcrumb","itemListElement":[{"@type":"ListItem","position":1,"name":"Portada","item":"https:\/\/www.aribau.es\/"},{"@type":"ListItem","position":2,"name":"ACABA EL A\u00d1O CON LOS VINOS DE ARIBAU"}]},{"@type":"WebSite","@id":"https:\/\/www.aribau.es\/#website","url":"https:\/\/www.aribau.es\/","name":"Aribau","description":"VINOS Y BODEGAS","publisher":{"@id":"https:\/\/www.aribau.es\/#organization"},"potentialAction":[{"@type":"SearchAction","target":{"@type":"EntryPoint","urlTemplate":"https:\/\/www.aribau.es\/?s={search_term_string}"},"query-input":{"@type":"PropertyValueSpecification","valueRequired":true,"valueName":"search_term_string"}}],"inLanguage":"ca"},{"@type":"Organization","@id":"https:\/\/www.aribau.es\/#organization","name":"Aribau","url":"https:\/\/www.aribau.es\/","logo":{"@type":"ImageObject","inLanguage":"ca","@id":"https:\/\/www.aribau.es\/#\/schema\/logo\/image\/","url":"https:\/\/www.aribau.es\/wp-content\/uploads\/2022\/03\/logo.png","contentUrl":"https:\/\/www.aribau.es\/wp-content\/uploads\/2022\/03\/logo.png","width":300,"height":300,"caption":"Aribau"},"image":{"@id":"https:\/\/www.aribau.es\/#\/schema\/logo\/image\/"},"sameAs":["https:\/\/www.facebook.com\/aribau1964\/","https:\/\/x.com\/aribau1964","https:\/\/www.instagram.com\/aribau1964\/"]},{"@type":"Person","@id":"https:\/\/www.aribau.es\/#\/schema\/person\/77a976898b3c705ed016499633f4ffd0","name":"aribau","image":{"@type":"ImageObject","inLanguage":"ca","@id":"https:\/\/www.aribau.es\/#\/schema\/person\/image\/","url":"https:\/\/secure.gravatar.com\/avatar\/6690491f832d5b32aa9482b978c9464816810fbff0f6658034a34c9d9657b94e?s=96&d=mm&r=g","contentUrl":"https:\/\/secure.gravatar.com\/avatar\/6690491f832d5b32aa9482b978c9464816810fbff0f6658034a34c9d9657b94e?s=96&d=mm&r=g","caption":"aribau"},"url":"https:\/\/www.aribau.es\/ca\/author\/aribau\/"}]}},"_links":{"self":[{"href":"https:\/\/www.aribau.es\/ca\/wp-json\/wp\/v2\/posts\/6249","targetHints":{"allow":["GET"]}}],"collection":[{"href":"https:\/\/www.aribau.es\/ca\/wp-json\/wp\/v2\/posts"}],"about":[{"href":"https:\/\/www.aribau.es\/ca\/wp-json\/wp\/v2\/types\/post"}],"author":[{"embeddable":true,"href":"https:\/\/www.aribau.es\/ca\/wp-json\/wp\/v2\/users\/3"}],"replies":[{"embeddable":true,"href":"https:\/\/www.aribau.es\/ca\/wp-json\/wp\/v2\/comments?post=6249"}],"version-history":[{"count":5,"href":"https:\/\/www.aribau.es\/ca\/wp-json\/wp\/v2\/posts\/6249\/revisions"}],"predecessor-version":[{"id":12188,"href":"https:\/\/www.aribau.es\/ca\/wp-json\/wp\/v2\/posts\/6249\/revisions\/12188"}],"wp:featuredmedia":[{"embeddable":true,"href":"https:\/\/www.aribau.es\/ca\/wp-json\/wp\/v2\/media\/12187"}],"wp:attachment":[{"href":"https:\/\/www.aribau.es\/ca\/wp-json\/wp\/v2\/media?parent=6249"}],"wp:term":[{"taxonomy":"category","embeddable":true,"href":"https:\/\/www.aribau.es\/ca\/wp-json\/wp\/v2\/categories?post=6249"},{"taxonomy":"post_tag","embeddable":true,"href":"https:\/\/www.aribau.es\/ca\/wp-json\/wp\/v2\/tags?post=6249"}],"curies":[{"name":"wp","href":"https:\/\/api.w.org\/{rel}","templated":true}]}}