{"id":6258,"date":"2019-01-03T10:45:44","date_gmt":"2019-01-03T09:45:44","guid":{"rendered":"https:\/\/www.aribau.es\/?p=6258"},"modified":"2021-04-26T11:51:54","modified_gmt":"2021-04-26T10:51:54","slug":"2018-mayor-facturacion-pero-menos-volumen","status":"publish","type":"post","link":"https:\/\/www.aribau.es\/ca\/2018-mayor-facturacion-pero-menos-volumen\/","title":{"rendered":"2018, MAJOR FACTURACI\u00d3 PER\u00d2 MENYS VOLUM"},"content":{"rendered":"<p>Como ya viene siendo tradici\u00f3n, empezamos el 2019 haciendo un balance de lo sucedido en el mundo del vino durante el 2018, marcado por un aumento en la facturaci\u00f3n de las exportaciones espa\u00f1olas de vino. Y ya de paso, \u00a1cargamos pilas antes de que nos visiten sus Majestades los Reyes Magos!<\/p>\n<p><b>Un inicio de a\u00f1o inmejorable<\/b><\/p>\n<p>Tal como recordamos hace poco, el 2017 cerr\u00f3 con un aumento de las ventas de vino con Denominaci\u00f3n de Origen en Espa\u00f1a, a pesar del ligero descenso en el consumo de vino debido a la reducci\u00f3n de la compra de vino sin denominaci\u00f3n.<\/p>\n<p><!--more--><\/p>\n<p><b>En 2018, mayor facturaci\u00f3n y menor volumen<\/b><\/p>\n<p>Seg\u00fan datos recogidos por el <b>Observatorio Espa\u00f1ol del Mercado del Vino (OeMv), <\/b>a pesar de que el volumen de las exportaciones de vino ha descendido, la facturaci\u00f3n ha aumentado, debido sobre todo al incremento de los precios de venta. As\u00ed lo indican las cifras de los nueve primeros meses de 2018, situando el volumen de vino exportado en los 1.460 millones de litros (-15%), por un valor de 2.112\u20ac (+4%), lo que fija el precio medio del litro en 1,45\u20ac (+22,4%).<\/p>\n<p>En total, durante el 2018 Espa\u00f1a ha exportado 258 litros menos, pero ha facturado 82 millones de euros m\u00e1s que en el ejercicio anterior por el incremento del precio medio (27 c\u00e9ntimos m\u00e1s).<\/p>\n<p>Si entramos al detalle, la evoluci\u00f3n de los vinos a granel es mayor (+17,2%) que la de los vinos envasados (0,8%). Aunque los \u00faltimos presentan un mayor incremento de facturaci\u00f3n (+0,8%) y alcanza los 1.643 millones de euros, con un precio medio del litro de 2,39\u20ac. Dentro de los envasados destaca el aumento de las exportaciones de espumosos y \u201cbag in box\u201d (BiB).<\/p>\n<p>En cuanto a la distribuci\u00f3n por mercados, Alemania es el principal consumidor en volumen, y el Reino Unido el principal cliente en valor. M\u00e9xico es por otro lado, el \u00fanico pa\u00eds que aumenta sus compras de vino espa\u00f1ol envasado, tanto en volumen como en valor.<\/p>\n<p><b>Menos vino, pero m\u00e1s caro<\/b><\/p>\n<p>No solo se nota en los datos de exportaci\u00f3n, sino que seg\u00fan datos del OeMv del consumo de vino en los hogares espa\u00f1oles en los \u00faltimos a\u00f1os, la tendencia es un menor consumo de vino, pero m\u00e1s caro. Con una especial revalorizaci\u00f3n del vino blanco, que actualmente supone el 31,2% del consumo.<\/p>\n<p>Sea como fuere, en Aribau vemos como algo positivo el hecho de que, a pesar del descenso en el volumen de las exportaciones, el precio vaya en aumento, puesto que podemos traducirlo en una puesta en valor del vino espa\u00f1ol. Algo indispensable si queremos darle a nuestro vino el reconocimiento que merece.<\/p>","protected":false},"excerpt":{"rendered":"<p>Como ya viene siendo tradici\u00f3n, empezamos el 2019 haciendo un balance de lo sucedido en el mundo del vino durante el 2018, marcado por un aumento en la facturaci\u00f3n de las exportaciones espa\u00f1olas de vino. Y ya de paso, \u00a1cargamos pilas antes de que nos visiten sus Majestades los Reyes Magos! Un inicio de a\u00f1o &#8230; <a title=\"2018, MAJOR FACTURACI\u00d3 PER\u00d2 MENYS VOLUM\" class=\"read-more\" href=\"https:\/\/www.aribau.es\/ca\/2018-mayor-facturacion-pero-menos-volumen\/\" aria-label=\"M\u00e9s informaci\u00f3 sobre 2018, MAYOR FACTURACI\u00d3N PERO MENOS VOLUMEN\">Llegiu m\u00e9s<\/a><\/p>","protected":false},"author":3,"featured_media":6259,"comment_status":"closed","ping_status":"closed","sticky":false,"template":"","format":"standard","meta":{"footnotes":""},"categories":[406],"tags":[539,540,368],"class_list":["post-6258","post","type-post","status-publish","format-standard","has-post-thumbnail","hentry","category-noticias","tag-exportaciones","tag-valor","tag-vino"],"yoast_head":"<!-- This site is optimized with the Yoast SEO plugin v26.7 - https:\/\/yoast.com\/wordpress\/plugins\/seo\/ -->\n<title>2018, MAYOR FACTURACI\u00d3N PERO MENOS VOLUMEN - Aribau<\/title>\n<meta name=\"robots\" content=\"index, follow, max-snippet:-1, max-image-preview:large, max-video-preview:-1\" \/>\n<link rel=\"canonical\" href=\"https:\/\/www.aribau.es\/ca\/2018-mayor-facturacion-pero-menos-volumen\/\" \/>\n<meta property=\"og:locale\" content=\"ca_ES\" \/>\n<meta property=\"og:type\" content=\"article\" \/>\n<meta property=\"og:title\" content=\"2018, MAYOR FACTURACI\u00d3N PERO MENOS VOLUMEN - Aribau\" \/>\n<meta property=\"og:description\" content=\"Como ya viene siendo tradici\u00f3n, empezamos el 2019 haciendo un balance de lo sucedido en el mundo del vino durante el 2018, marcado por un aumento en la facturaci\u00f3n de las exportaciones espa\u00f1olas de vino. Y ya de paso, \u00a1cargamos pilas antes de que nos visiten sus Majestades los Reyes Magos! Un inicio de a\u00f1o ... Llegiu m\u00e9s\" \/>\n<meta property=\"og:url\" content=\"https:\/\/www.aribau.es\/ca\/2018-mayor-facturacion-pero-menos-volumen\/\" \/>\n<meta property=\"og:site_name\" content=\"Aribau\" \/>\n<meta property=\"article:publisher\" content=\"https:\/\/www.facebook.com\/aribau1964\/\" \/>\n<meta property=\"article:published_time\" content=\"2019-01-03T09:45:44+00:00\" \/>\n<meta property=\"article:modified_time\" content=\"2021-04-26T10:51:54+00:00\" \/>\n<meta property=\"og:image\" content=\"https:\/\/www.aribau.es\/wp-content\/uploads\/2019\/01\/christmas-3021154_1920.jpg\" \/>\n\t<meta property=\"og:image:width\" content=\"1920\" \/>\n\t<meta property=\"og:image:height\" content=\"1280\" \/>\n\t<meta property=\"og:image:type\" content=\"image\/jpeg\" \/>\n<meta name=\"author\" content=\"aribau\" \/>\n<meta name=\"twitter:card\" content=\"summary_large_image\" \/>\n<meta name=\"twitter:creator\" content=\"@aribau1964\" \/>\n<meta name=\"twitter:site\" content=\"@aribau1964\" \/>\n<meta name=\"twitter:label1\" content=\"Escrit per\" \/>\n\t<meta name=\"twitter:data1\" content=\"aribau\" \/>\n\t<meta name=\"twitter:label2\" content=\"Temps estimat de lectura\" \/>\n\t<meta name=\"twitter:data2\" content=\"2 minuts\" \/>\n<script type=\"application\/ld+json\" class=\"yoast-schema-graph\">{\"@context\":\"https:\/\/schema.org\",\"@graph\":[{\"@type\":\"Article\",\"@id\":\"https:\/\/www.aribau.es\/2018-mayor-facturacion-pero-menos-volumen\/#article\",\"isPartOf\":{\"@id\":\"https:\/\/www.aribau.es\/2018-mayor-facturacion-pero-menos-volumen\/\"},\"author\":{\"name\":\"aribau\",\"@id\":\"https:\/\/www.aribau.es\/#\/schema\/person\/77a976898b3c705ed016499633f4ffd0\"},\"headline\":\"2018, MAYOR FACTURACI\u00d3N PERO MENOS VOLUMEN\",\"datePublished\":\"2019-01-03T09:45:44+00:00\",\"dateModified\":\"2021-04-26T10:51:54+00:00\",\"mainEntityOfPage\":{\"@id\":\"https:\/\/www.aribau.es\/2018-mayor-facturacion-pero-menos-volumen\/\"},\"wordCount\":453,\"publisher\":{\"@id\":\"https:\/\/www.aribau.es\/#organization\"},\"image\":{\"@id\":\"https:\/\/www.aribau.es\/2018-mayor-facturacion-pero-menos-volumen\/#primaryimage\"},\"thumbnailUrl\":\"https:\/\/www.aribau.es\/wp-content\/uploads\/2019\/01\/christmas-3021154_1920.jpg\",\"keywords\":[\"exportaciones\",\"valor\",\"vino\"],\"articleSection\":[\"Noticias\"],\"inLanguage\":\"ca\"},{\"@type\":\"WebPage\",\"@id\":\"https:\/\/www.aribau.es\/2018-mayor-facturacion-pero-menos-volumen\/\",\"url\":\"https:\/\/www.aribau.es\/2018-mayor-facturacion-pero-menos-volumen\/\",\"name\":\"2018, MAYOR FACTURACI\u00d3N PERO MENOS VOLUMEN - Aribau\",\"isPartOf\":{\"@id\":\"https:\/\/www.aribau.es\/#website\"},\"primaryImageOfPage\":{\"@id\":\"https:\/\/www.aribau.es\/2018-mayor-facturacion-pero-menos-volumen\/#primaryimage\"},\"image\":{\"@id\":\"https:\/\/www.aribau.es\/2018-mayor-facturacion-pero-menos-volumen\/#primaryimage\"},\"thumbnailUrl\":\"https:\/\/www.aribau.es\/wp-content\/uploads\/2019\/01\/christmas-3021154_1920.jpg\",\"datePublished\":\"2019-01-03T09:45:44+00:00\",\"dateModified\":\"2021-04-26T10:51:54+00:00\",\"breadcrumb\":{\"@id\":\"https:\/\/www.aribau.es\/2018-mayor-facturacion-pero-menos-volumen\/#breadcrumb\"},\"inLanguage\":\"ca\",\"potentialAction\":[{\"@type\":\"ReadAction\",\"target\":[\"https:\/\/www.aribau.es\/2018-mayor-facturacion-pero-menos-volumen\/\"]}]},{\"@type\":\"ImageObject\",\"inLanguage\":\"ca\",\"@id\":\"https:\/\/www.aribau.es\/2018-mayor-facturacion-pero-menos-volumen\/#primaryimage\",\"url\":\"https:\/\/www.aribau.es\/wp-content\/uploads\/2019\/01\/christmas-3021154_1920.jpg\",\"contentUrl\":\"https:\/\/www.aribau.es\/wp-content\/uploads\/2019\/01\/christmas-3021154_1920.jpg\",\"width\":1920,\"height\":1280},{\"@type\":\"BreadcrumbList\",\"@id\":\"https:\/\/www.aribau.es\/2018-mayor-facturacion-pero-menos-volumen\/#breadcrumb\",\"itemListElement\":[{\"@type\":\"ListItem\",\"position\":1,\"name\":\"Portada\",\"item\":\"https:\/\/www.aribau.es\/\"},{\"@type\":\"ListItem\",\"position\":2,\"name\":\"2018, MAYOR FACTURACI\u00d3N PERO MENOS VOLUMEN\"}]},{\"@type\":\"WebSite\",\"@id\":\"https:\/\/www.aribau.es\/#website\",\"url\":\"https:\/\/www.aribau.es\/\",\"name\":\"Aribau\",\"description\":\"VINOS Y BODEGAS\",\"publisher\":{\"@id\":\"https:\/\/www.aribau.es\/#organization\"},\"potentialAction\":[{\"@type\":\"SearchAction\",\"target\":{\"@type\":\"EntryPoint\",\"urlTemplate\":\"https:\/\/www.aribau.es\/?s={search_term_string}\"},\"query-input\":{\"@type\":\"PropertyValueSpecification\",\"valueRequired\":true,\"valueName\":\"search_term_string\"}}],\"inLanguage\":\"ca\"},{\"@type\":\"Organization\",\"@id\":\"https:\/\/www.aribau.es\/#organization\",\"name\":\"Aribau\",\"url\":\"https:\/\/www.aribau.es\/\",\"logo\":{\"@type\":\"ImageObject\",\"inLanguage\":\"ca\",\"@id\":\"https:\/\/www.aribau.es\/#\/schema\/logo\/image\/\",\"url\":\"https:\/\/www.aribau.es\/wp-content\/uploads\/2022\/03\/logo.png\",\"contentUrl\":\"https:\/\/www.aribau.es\/wp-content\/uploads\/2022\/03\/logo.png\",\"width\":300,\"height\":300,\"caption\":\"Aribau\"},\"image\":{\"@id\":\"https:\/\/www.aribau.es\/#\/schema\/logo\/image\/\"},\"sameAs\":[\"https:\/\/www.facebook.com\/aribau1964\/\",\"https:\/\/x.com\/aribau1964\",\"https:\/\/www.instagram.com\/aribau1964\/\"]},{\"@type\":\"Person\",\"@id\":\"https:\/\/www.aribau.es\/#\/schema\/person\/77a976898b3c705ed016499633f4ffd0\",\"name\":\"aribau\",\"image\":{\"@type\":\"ImageObject\",\"inLanguage\":\"ca\",\"@id\":\"https:\/\/www.aribau.es\/#\/schema\/person\/image\/\",\"url\":\"https:\/\/secure.gravatar.com\/avatar\/6690491f832d5b32aa9482b978c9464816810fbff0f6658034a34c9d9657b94e?s=96&d=mm&r=g\",\"contentUrl\":\"https:\/\/secure.gravatar.com\/avatar\/6690491f832d5b32aa9482b978c9464816810fbff0f6658034a34c9d9657b94e?s=96&d=mm&r=g\",\"caption\":\"aribau\"},\"url\":\"https:\/\/www.aribau.es\/ca\/author\/aribau\/\"}]}<\/script>\n<!-- \/ Yoast SEO plugin. -->","yoast_head_json":{"title":"2018, MAYOR FACTURACI\u00d3N PERO MENOS VOLUMEN - Aribau","robots":{"index":"index","follow":"follow","max-snippet":"max-snippet:-1","max-image-preview":"max-image-preview:large","max-video-preview":"max-video-preview:-1"},"canonical":"https:\/\/www.aribau.es\/ca\/2018-mayor-facturacion-pero-menos-volumen\/","og_locale":"ca_ES","og_type":"article","og_title":"2018, MAYOR FACTURACI\u00d3N PERO MENOS VOLUMEN - Aribau","og_description":"Como ya viene siendo tradici\u00f3n, empezamos el 2019 haciendo un balance de lo sucedido en el mundo del vino durante el 2018, marcado por un aumento en la facturaci\u00f3n de las exportaciones espa\u00f1olas de vino. Y ya de paso, \u00a1cargamos pilas antes de que nos visiten sus Majestades los Reyes Magos! Un inicio de a\u00f1o ... Llegiu m\u00e9s","og_url":"https:\/\/www.aribau.es\/ca\/2018-mayor-facturacion-pero-menos-volumen\/","og_site_name":"Aribau","article_publisher":"https:\/\/www.facebook.com\/aribau1964\/","article_published_time":"2019-01-03T09:45:44+00:00","article_modified_time":"2021-04-26T10:51:54+00:00","og_image":[{"width":1920,"height":1280,"url":"https:\/\/www.aribau.es\/wp-content\/uploads\/2019\/01\/christmas-3021154_1920.jpg","type":"image\/jpeg"}],"author":"aribau","twitter_card":"summary_large_image","twitter_creator":"@aribau1964","twitter_site":"@aribau1964","twitter_misc":{"Escrit per":"aribau","Temps estimat de lectura":"2 minuts"},"schema":{"@context":"https:\/\/schema.org","@graph":[{"@type":"Article","@id":"https:\/\/www.aribau.es\/2018-mayor-facturacion-pero-menos-volumen\/#article","isPartOf":{"@id":"https:\/\/www.aribau.es\/2018-mayor-facturacion-pero-menos-volumen\/"},"author":{"name":"aribau","@id":"https:\/\/www.aribau.es\/#\/schema\/person\/77a976898b3c705ed016499633f4ffd0"},"headline":"2018, MAYOR FACTURACI\u00d3N PERO MENOS VOLUMEN","datePublished":"2019-01-03T09:45:44+00:00","dateModified":"2021-04-26T10:51:54+00:00","mainEntityOfPage":{"@id":"https:\/\/www.aribau.es\/2018-mayor-facturacion-pero-menos-volumen\/"},"wordCount":453,"publisher":{"@id":"https:\/\/www.aribau.es\/#organization"},"image":{"@id":"https:\/\/www.aribau.es\/2018-mayor-facturacion-pero-menos-volumen\/#primaryimage"},"thumbnailUrl":"https:\/\/www.aribau.es\/wp-content\/uploads\/2019\/01\/christmas-3021154_1920.jpg","keywords":["exportaciones","valor","vino"],"articleSection":["Noticias"],"inLanguage":"ca"},{"@type":"WebPage","@id":"https:\/\/www.aribau.es\/2018-mayor-facturacion-pero-menos-volumen\/","url":"https:\/\/www.aribau.es\/2018-mayor-facturacion-pero-menos-volumen\/","name":"2018, MAYOR FACTURACI\u00d3N PERO MENOS VOLUMEN - Aribau","isPartOf":{"@id":"https:\/\/www.aribau.es\/#website"},"primaryImageOfPage":{"@id":"https:\/\/www.aribau.es\/2018-mayor-facturacion-pero-menos-volumen\/#primaryimage"},"image":{"@id":"https:\/\/www.aribau.es\/2018-mayor-facturacion-pero-menos-volumen\/#primaryimage"},"thumbnailUrl":"https:\/\/www.aribau.es\/wp-content\/uploads\/2019\/01\/christmas-3021154_1920.jpg","datePublished":"2019-01-03T09:45:44+00:00","dateModified":"2021-04-26T10:51:54+00:00","breadcrumb":{"@id":"https:\/\/www.aribau.es\/2018-mayor-facturacion-pero-menos-volumen\/#breadcrumb"},"inLanguage":"ca","potentialAction":[{"@type":"ReadAction","target":["https:\/\/www.aribau.es\/2018-mayor-facturacion-pero-menos-volumen\/"]}]},{"@type":"ImageObject","inLanguage":"ca","@id":"https:\/\/www.aribau.es\/2018-mayor-facturacion-pero-menos-volumen\/#primaryimage","url":"https:\/\/www.aribau.es\/wp-content\/uploads\/2019\/01\/christmas-3021154_1920.jpg","contentUrl":"https:\/\/www.aribau.es\/wp-content\/uploads\/2019\/01\/christmas-3021154_1920.jpg","width":1920,"height":1280},{"@type":"BreadcrumbList","@id":"https:\/\/www.aribau.es\/2018-mayor-facturacion-pero-menos-volumen\/#breadcrumb","itemListElement":[{"@type":"ListItem","position":1,"name":"Portada","item":"https:\/\/www.aribau.es\/"},{"@type":"ListItem","position":2,"name":"2018, MAYOR FACTURACI\u00d3N PERO MENOS VOLUMEN"}]},{"@type":"WebSite","@id":"https:\/\/www.aribau.es\/#website","url":"https:\/\/www.aribau.es\/","name":"Aribau","description":"VINOS Y BODEGAS","publisher":{"@id":"https:\/\/www.aribau.es\/#organization"},"potentialAction":[{"@type":"SearchAction","target":{"@type":"EntryPoint","urlTemplate":"https:\/\/www.aribau.es\/?s={search_term_string}"},"query-input":{"@type":"PropertyValueSpecification","valueRequired":true,"valueName":"search_term_string"}}],"inLanguage":"ca"},{"@type":"Organization","@id":"https:\/\/www.aribau.es\/#organization","name":"Aribau","url":"https:\/\/www.aribau.es\/","logo":{"@type":"ImageObject","inLanguage":"ca","@id":"https:\/\/www.aribau.es\/#\/schema\/logo\/image\/","url":"https:\/\/www.aribau.es\/wp-content\/uploads\/2022\/03\/logo.png","contentUrl":"https:\/\/www.aribau.es\/wp-content\/uploads\/2022\/03\/logo.png","width":300,"height":300,"caption":"Aribau"},"image":{"@id":"https:\/\/www.aribau.es\/#\/schema\/logo\/image\/"},"sameAs":["https:\/\/www.facebook.com\/aribau1964\/","https:\/\/x.com\/aribau1964","https:\/\/www.instagram.com\/aribau1964\/"]},{"@type":"Person","@id":"https:\/\/www.aribau.es\/#\/schema\/person\/77a976898b3c705ed016499633f4ffd0","name":"aribau","image":{"@type":"ImageObject","inLanguage":"ca","@id":"https:\/\/www.aribau.es\/#\/schema\/person\/image\/","url":"https:\/\/secure.gravatar.com\/avatar\/6690491f832d5b32aa9482b978c9464816810fbff0f6658034a34c9d9657b94e?s=96&d=mm&r=g","contentUrl":"https:\/\/secure.gravatar.com\/avatar\/6690491f832d5b32aa9482b978c9464816810fbff0f6658034a34c9d9657b94e?s=96&d=mm&r=g","caption":"aribau"},"url":"https:\/\/www.aribau.es\/ca\/author\/aribau\/"}]}},"_links":{"self":[{"href":"https:\/\/www.aribau.es\/ca\/wp-json\/wp\/v2\/posts\/6258","targetHints":{"allow":["GET"]}}],"collection":[{"href":"https:\/\/www.aribau.es\/ca\/wp-json\/wp\/v2\/posts"}],"about":[{"href":"https:\/\/www.aribau.es\/ca\/wp-json\/wp\/v2\/types\/post"}],"author":[{"embeddable":true,"href":"https:\/\/www.aribau.es\/ca\/wp-json\/wp\/v2\/users\/3"}],"replies":[{"embeddable":true,"href":"https:\/\/www.aribau.es\/ca\/wp-json\/wp\/v2\/comments?post=6258"}],"version-history":[{"count":6,"href":"https:\/\/www.aribau.es\/ca\/wp-json\/wp\/v2\/posts\/6258\/revisions"}],"predecessor-version":[{"id":10048,"href":"https:\/\/www.aribau.es\/ca\/wp-json\/wp\/v2\/posts\/6258\/revisions\/10048"}],"wp:featuredmedia":[{"embeddable":true,"href":"https:\/\/www.aribau.es\/ca\/wp-json\/wp\/v2\/media\/6259"}],"wp:attachment":[{"href":"https:\/\/www.aribau.es\/ca\/wp-json\/wp\/v2\/media?parent=6258"}],"wp:term":[{"taxonomy":"category","embeddable":true,"href":"https:\/\/www.aribau.es\/ca\/wp-json\/wp\/v2\/categories?post=6258"},{"taxonomy":"post_tag","embeddable":true,"href":"https:\/\/www.aribau.es\/ca\/wp-json\/wp\/v2\/tags?post=6258"}],"curies":[{"name":"wp","href":"https:\/\/api.w.org\/{rel}","templated":true}]}}