{"id":6265,"date":"2019-01-10T12:26:11","date_gmt":"2019-01-10T11:26:11","guid":{"rendered":"https:\/\/www.aribau.es\/?p=6265"},"modified":"2021-04-26T11:51:07","modified_gmt":"2021-04-26T10:51:07","slug":"grupo-pesquera-el-sueno-vinicola-de-alejandro-fernandez","status":"publish","type":"post","link":"https:\/\/www.aribau.es\/ca\/grupo-pesquera-el-sueno-vinicola-de-alejandro-fernandez\/","title":{"rendered":"GRUPO PESQUERA, EL SOMNI VIN\u00cdCOLA D'ALEJANDRO FERN\u00c1NDEZ"},"content":{"rendered":"<p>Los m\u00e1s de 40 a\u00f1os que lleva haciendo vinos <strong>Alejandro Fern<\/strong><strong>\u00e1<\/strong><strong>ndez<\/strong> son la prueba fehaciente de que los sue\u00f1os se cumplen. Desde muy joven, Alejandro Fern\u00e1ndez elaboraba vino junto a su familia, mientras iba alimentando el sue\u00f1o de tener un d\u00eda su propia bodega. Tuvo que esperar hasta la d\u00e9cada de los 70 para poder ver cumplido su sue\u00f1o en forma de lagar de piedra del siglo XVI en el que se llevaba a cabo casxi todo el proceso.<\/p>\n<p>Aquel peque\u00f1o lagar fue creciendo hasta convertirse en las cuatro bodegas que hoy componen el <strong><a href=\"http:\/\/www.grupopesquera.com\/index.php\/es\/\" target=\"_blank\" rel=\"noopener\">Grupo Pesquera<\/a><\/strong>, el legado vin\u00edcola de Alejandro Fern\u00e1ndez: <strong>Tinto Pesquera, Condado de Haza, El V<\/strong><strong>\u00ed<\/strong><strong>nculo<\/strong> y <strong>Dehesa La Granja<\/strong>. Un conglomerado vin\u00edcola muy ligado a su tierra, Pesquera del Duero (Valladolid), tal como queda reflejado en la imagen de marca del grupo, con el Arco y la Torre cl\u00e1sicos de los vinos <em>Tinto Pesquera<\/em>.<\/p>\n<p><!--more--><\/p>\n<p><strong><em>Tinto Pesquera Reserva 2012<\/em><\/strong><\/p>\n<p><a href=\"https:\/\/www.aribau.es\/wp-content\/uploads\/2019\/01\/tinto-pesquera-reserva-aribau.jpg\"><img fetchpriority=\"high\" decoding=\"async\" class=\"alignleft wp-image-6266\" src=\"https:\/\/www.aribau.es\/wp-content\/uploads\/2019\/01\/tinto-pesquera-reserva-aribau.jpg\" alt=\"\" width=\"227\" height=\"341\" srcset=\"https:\/\/www.aribau.es\/wp-content\/uploads\/2019\/01\/tinto-pesquera-reserva-aribau.jpg 266w, https:\/\/www.aribau.es\/wp-content\/uploads\/2019\/01\/tinto-pesquera-reserva-aribau-200x300.jpg 200w\" sizes=\"(max-width: 227px) 100vw, 227px\" \/><\/a>Alejandro Fern\u00e1ndez ha sido considerado siempre un revolucionario en la elaboraci\u00f3n de vinos en la Ribera del Duero. Unos vinos cuyas se\u00f1as de identidad pasan por la calidad y la conjunci\u00f3n perfecta entre tradici\u00f3n y modernidad.<\/p>\n<p>Es el caso de su <strong><em>Tinto Pesquera Reserva 2012<\/em><\/strong>, un 100% Tempranillo de color burdeos, intenso y frutal en nariz, y muy elegante en boca. Unos taninos bien redondeados y una acidez perfecta le dan a este vino su caracter\u00edstico frescor y viveza, y le otorgan un final intenso y largo.<\/p>\n<p>Perfecto para acompa\u00f1ar carnes estofadas o un cordero asado, es recomendable decantarlo 30 minutos antes de beberlo para que oxigene bien despu\u00e9s de sus 24 meses en barrica de roble americano y 12 m\u00e1s de reposo en botella. Sin duda la espera merecer\u00e1 la pena.<\/p>","protected":false},"excerpt":{"rendered":"<p>Los m\u00e1s de 40 a\u00f1os que lleva haciendo vinos Alejandro Fern\u00e1ndez son la prueba fehaciente de que los sue\u00f1os se cumplen. Desde muy joven, Alejandro Fern\u00e1ndez elaboraba vino junto a su familia, mientras iba alimentando el sue\u00f1o de tener un d\u00eda su propia bodega. Tuvo que esperar hasta la d\u00e9cada de los 70 para poder &#8230; <a title=\"GRUPO PESQUERA, EL SOMNI VIN\u00cdCOLA D&#039;ALEJANDRO FERN\u00c1NDEZ\" class=\"read-more\" href=\"https:\/\/www.aribau.es\/ca\/grupo-pesquera-el-sueno-vinicola-de-alejandro-fernandez\/\" aria-label=\"M\u00e9s informaci\u00f3 sobre GRUPO PESQUERA, EL SUE\u00d1O VIN\u00cdCOLA DE ALEJANDRO FERN\u00c1NDEZ\">Llegiu m\u00e9s<\/a><\/p>","protected":false},"author":3,"featured_media":0,"comment_status":"closed","ping_status":"closed","sticky":false,"template":"","format":"standard","meta":{"footnotes":""},"categories":[406],"tags":[541,324,542,543],"class_list":["post-6265","post","type-post","status-publish","format-standard","hentry","category-noticias","tag-bodegas-alejandro-fernandez","tag-do-ribera-del-duero","tag-grupo-pesquera","tag-tinto-pesquera"],"yoast_head":"<!-- This site is optimized with the Yoast SEO plugin v26.7 - https:\/\/yoast.com\/wordpress\/plugins\/seo\/ -->\n<title>GRUPO PESQUERA, EL SUE\u00d1O VIN\u00cdCOLA DE ALEJANDRO FERN\u00c1NDEZ - Aribau<\/title>\n<meta name=\"robots\" content=\"index, follow, max-snippet:-1, max-image-preview:large, max-video-preview:-1\" \/>\n<link rel=\"canonical\" href=\"https:\/\/www.aribau.es\/ca\/grupo-pesquera-el-sueno-vinicola-de-alejandro-fernandez\/\" \/>\n<meta property=\"og:locale\" content=\"ca_ES\" \/>\n<meta property=\"og:type\" content=\"article\" \/>\n<meta property=\"og:title\" content=\"GRUPO PESQUERA, EL SUE\u00d1O VIN\u00cdCOLA DE ALEJANDRO FERN\u00c1NDEZ - Aribau\" \/>\n<meta property=\"og:description\" content=\"Los m\u00e1s de 40 a\u00f1os que lleva haciendo vinos Alejandro Fern\u00e1ndez son la prueba fehaciente de que los sue\u00f1os se cumplen. Desde muy joven, Alejandro Fern\u00e1ndez elaboraba vino junto a su familia, mientras iba alimentando el sue\u00f1o de tener un d\u00eda su propia bodega. Tuvo que esperar hasta la d\u00e9cada de los 70 para poder ... Llegiu m\u00e9s\" \/>\n<meta property=\"og:url\" content=\"https:\/\/www.aribau.es\/ca\/grupo-pesquera-el-sueno-vinicola-de-alejandro-fernandez\/\" \/>\n<meta property=\"og:site_name\" content=\"Aribau\" \/>\n<meta property=\"article:publisher\" content=\"https:\/\/www.facebook.com\/aribau1964\/\" \/>\n<meta property=\"article:published_time\" content=\"2019-01-10T11:26:11+00:00\" \/>\n<meta property=\"article:modified_time\" content=\"2021-04-26T10:51:07+00:00\" \/>\n<meta property=\"og:image\" content=\"https:\/\/www.aribau.es\/wp-content\/uploads\/2016\/02\/t-pesquera.png\" \/>\n\t<meta property=\"og:image:width\" content=\"1140\" \/>\n\t<meta property=\"og:image:height\" content=\"713\" \/>\n\t<meta property=\"og:image:type\" content=\"image\/png\" \/>\n<meta name=\"author\" content=\"aribau\" \/>\n<meta name=\"twitter:card\" content=\"summary_large_image\" \/>\n<meta name=\"twitter:creator\" content=\"@aribau1964\" \/>\n<meta name=\"twitter:site\" content=\"@aribau1964\" \/>\n<meta name=\"twitter:label1\" content=\"Escrit per\" \/>\n\t<meta name=\"twitter:data1\" content=\"aribau\" \/>\n\t<meta name=\"twitter:label2\" content=\"Temps estimat de lectura\" \/>\n\t<meta name=\"twitter:data2\" content=\"2 minuts\" \/>\n<script type=\"application\/ld+json\" class=\"yoast-schema-graph\">{\"@context\":\"https:\/\/schema.org\",\"@graph\":[{\"@type\":\"Article\",\"@id\":\"https:\/\/www.aribau.es\/grupo-pesquera-el-sueno-vinicola-de-alejandro-fernandez\/#article\",\"isPartOf\":{\"@id\":\"https:\/\/www.aribau.es\/grupo-pesquera-el-sueno-vinicola-de-alejandro-fernandez\/\"},\"author\":{\"name\":\"aribau\",\"@id\":\"https:\/\/www.aribau.es\/#\/schema\/person\/77a976898b3c705ed016499633f4ffd0\"},\"headline\":\"GRUPO PESQUERA, EL SUE\u00d1O VIN\u00cdCOLA DE ALEJANDRO FERN\u00c1NDEZ\",\"datePublished\":\"2019-01-10T11:26:11+00:00\",\"dateModified\":\"2021-04-26T10:51:07+00:00\",\"mainEntityOfPage\":{\"@id\":\"https:\/\/www.aribau.es\/grupo-pesquera-el-sueno-vinicola-de-alejandro-fernandez\/\"},\"wordCount\":311,\"publisher\":{\"@id\":\"https:\/\/www.aribau.es\/#organization\"},\"image\":{\"@id\":\"https:\/\/www.aribau.es\/grupo-pesquera-el-sueno-vinicola-de-alejandro-fernandez\/#primaryimage\"},\"thumbnailUrl\":\"https:\/\/www.aribau.es\/wp-content\/uploads\/2019\/01\/tinto-pesquera-reserva-aribau.jpg\",\"keywords\":[\"Bodegas Alejandro Fern\u00e1ndez\",\"DO Ribera del Duero\",\"Grupo Pesquera\",\"Tinto Pesquera\"],\"articleSection\":[\"Noticias\"],\"inLanguage\":\"ca\"},{\"@type\":\"WebPage\",\"@id\":\"https:\/\/www.aribau.es\/grupo-pesquera-el-sueno-vinicola-de-alejandro-fernandez\/\",\"url\":\"https:\/\/www.aribau.es\/grupo-pesquera-el-sueno-vinicola-de-alejandro-fernandez\/\",\"name\":\"GRUPO PESQUERA, EL SUE\u00d1O VIN\u00cdCOLA DE ALEJANDRO FERN\u00c1NDEZ - Aribau\",\"isPartOf\":{\"@id\":\"https:\/\/www.aribau.es\/#website\"},\"primaryImageOfPage\":{\"@id\":\"https:\/\/www.aribau.es\/grupo-pesquera-el-sueno-vinicola-de-alejandro-fernandez\/#primaryimage\"},\"image\":{\"@id\":\"https:\/\/www.aribau.es\/grupo-pesquera-el-sueno-vinicola-de-alejandro-fernandez\/#primaryimage\"},\"thumbnailUrl\":\"https:\/\/www.aribau.es\/wp-content\/uploads\/2019\/01\/tinto-pesquera-reserva-aribau.jpg\",\"datePublished\":\"2019-01-10T11:26:11+00:00\",\"dateModified\":\"2021-04-26T10:51:07+00:00\",\"breadcrumb\":{\"@id\":\"https:\/\/www.aribau.es\/grupo-pesquera-el-sueno-vinicola-de-alejandro-fernandez\/#breadcrumb\"},\"inLanguage\":\"ca\",\"potentialAction\":[{\"@type\":\"ReadAction\",\"target\":[\"https:\/\/www.aribau.es\/grupo-pesquera-el-sueno-vinicola-de-alejandro-fernandez\/\"]}]},{\"@type\":\"ImageObject\",\"inLanguage\":\"ca\",\"@id\":\"https:\/\/www.aribau.es\/grupo-pesquera-el-sueno-vinicola-de-alejandro-fernandez\/#primaryimage\",\"url\":\"https:\/\/www.aribau.es\/wp-content\/uploads\/2019\/01\/tinto-pesquera-reserva-aribau.jpg\",\"contentUrl\":\"https:\/\/www.aribau.es\/wp-content\/uploads\/2019\/01\/tinto-pesquera-reserva-aribau.jpg\"},{\"@type\":\"BreadcrumbList\",\"@id\":\"https:\/\/www.aribau.es\/grupo-pesquera-el-sueno-vinicola-de-alejandro-fernandez\/#breadcrumb\",\"itemListElement\":[{\"@type\":\"ListItem\",\"position\":1,\"name\":\"Portada\",\"item\":\"https:\/\/www.aribau.es\/\"},{\"@type\":\"ListItem\",\"position\":2,\"name\":\"GRUPO PESQUERA, EL SUE\u00d1O VIN\u00cdCOLA DE ALEJANDRO FERN\u00c1NDEZ\"}]},{\"@type\":\"WebSite\",\"@id\":\"https:\/\/www.aribau.es\/#website\",\"url\":\"https:\/\/www.aribau.es\/\",\"name\":\"Aribau\",\"description\":\"VINOS Y BODEGAS\",\"publisher\":{\"@id\":\"https:\/\/www.aribau.es\/#organization\"},\"potentialAction\":[{\"@type\":\"SearchAction\",\"target\":{\"@type\":\"EntryPoint\",\"urlTemplate\":\"https:\/\/www.aribau.es\/?s={search_term_string}\"},\"query-input\":{\"@type\":\"PropertyValueSpecification\",\"valueRequired\":true,\"valueName\":\"search_term_string\"}}],\"inLanguage\":\"ca\"},{\"@type\":\"Organization\",\"@id\":\"https:\/\/www.aribau.es\/#organization\",\"name\":\"Aribau\",\"url\":\"https:\/\/www.aribau.es\/\",\"logo\":{\"@type\":\"ImageObject\",\"inLanguage\":\"ca\",\"@id\":\"https:\/\/www.aribau.es\/#\/schema\/logo\/image\/\",\"url\":\"https:\/\/www.aribau.es\/wp-content\/uploads\/2022\/03\/logo.png\",\"contentUrl\":\"https:\/\/www.aribau.es\/wp-content\/uploads\/2022\/03\/logo.png\",\"width\":300,\"height\":300,\"caption\":\"Aribau\"},\"image\":{\"@id\":\"https:\/\/www.aribau.es\/#\/schema\/logo\/image\/\"},\"sameAs\":[\"https:\/\/www.facebook.com\/aribau1964\/\",\"https:\/\/x.com\/aribau1964\",\"https:\/\/www.instagram.com\/aribau1964\/\"]},{\"@type\":\"Person\",\"@id\":\"https:\/\/www.aribau.es\/#\/schema\/person\/77a976898b3c705ed016499633f4ffd0\",\"name\":\"aribau\",\"image\":{\"@type\":\"ImageObject\",\"inLanguage\":\"ca\",\"@id\":\"https:\/\/www.aribau.es\/#\/schema\/person\/image\/\",\"url\":\"https:\/\/secure.gravatar.com\/avatar\/6690491f832d5b32aa9482b978c9464816810fbff0f6658034a34c9d9657b94e?s=96&d=mm&r=g\",\"contentUrl\":\"https:\/\/secure.gravatar.com\/avatar\/6690491f832d5b32aa9482b978c9464816810fbff0f6658034a34c9d9657b94e?s=96&d=mm&r=g\",\"caption\":\"aribau\"},\"url\":\"https:\/\/www.aribau.es\/ca\/author\/aribau\/\"}]}<\/script>\n<!-- \/ Yoast SEO plugin. -->","yoast_head_json":{"title":"GRUPO PESQUERA, EL SUE\u00d1O VIN\u00cdCOLA DE ALEJANDRO FERN\u00c1NDEZ - Aribau","robots":{"index":"index","follow":"follow","max-snippet":"max-snippet:-1","max-image-preview":"max-image-preview:large","max-video-preview":"max-video-preview:-1"},"canonical":"https:\/\/www.aribau.es\/ca\/grupo-pesquera-el-sueno-vinicola-de-alejandro-fernandez\/","og_locale":"ca_ES","og_type":"article","og_title":"GRUPO PESQUERA, EL SUE\u00d1O VIN\u00cdCOLA DE ALEJANDRO FERN\u00c1NDEZ - Aribau","og_description":"Los m\u00e1s de 40 a\u00f1os que lleva haciendo vinos Alejandro Fern\u00e1ndez son la prueba fehaciente de que los sue\u00f1os se cumplen. Desde muy joven, Alejandro Fern\u00e1ndez elaboraba vino junto a su familia, mientras iba alimentando el sue\u00f1o de tener un d\u00eda su propia bodega. Tuvo que esperar hasta la d\u00e9cada de los 70 para poder ... Llegiu m\u00e9s","og_url":"https:\/\/www.aribau.es\/ca\/grupo-pesquera-el-sueno-vinicola-de-alejandro-fernandez\/","og_site_name":"Aribau","article_publisher":"https:\/\/www.facebook.com\/aribau1964\/","article_published_time":"2019-01-10T11:26:11+00:00","article_modified_time":"2021-04-26T10:51:07+00:00","og_image":[{"width":1140,"height":713,"url":"https:\/\/www.aribau.es\/wp-content\/uploads\/2016\/02\/t-pesquera.png","type":"image\/png"}],"author":"aribau","twitter_card":"summary_large_image","twitter_creator":"@aribau1964","twitter_site":"@aribau1964","twitter_misc":{"Escrit per":"aribau","Temps estimat de lectura":"2 minuts"},"schema":{"@context":"https:\/\/schema.org","@graph":[{"@type":"Article","@id":"https:\/\/www.aribau.es\/grupo-pesquera-el-sueno-vinicola-de-alejandro-fernandez\/#article","isPartOf":{"@id":"https:\/\/www.aribau.es\/grupo-pesquera-el-sueno-vinicola-de-alejandro-fernandez\/"},"author":{"name":"aribau","@id":"https:\/\/www.aribau.es\/#\/schema\/person\/77a976898b3c705ed016499633f4ffd0"},"headline":"GRUPO PESQUERA, EL SUE\u00d1O VIN\u00cdCOLA DE ALEJANDRO FERN\u00c1NDEZ","datePublished":"2019-01-10T11:26:11+00:00","dateModified":"2021-04-26T10:51:07+00:00","mainEntityOfPage":{"@id":"https:\/\/www.aribau.es\/grupo-pesquera-el-sueno-vinicola-de-alejandro-fernandez\/"},"wordCount":311,"publisher":{"@id":"https:\/\/www.aribau.es\/#organization"},"image":{"@id":"https:\/\/www.aribau.es\/grupo-pesquera-el-sueno-vinicola-de-alejandro-fernandez\/#primaryimage"},"thumbnailUrl":"https:\/\/www.aribau.es\/wp-content\/uploads\/2019\/01\/tinto-pesquera-reserva-aribau.jpg","keywords":["Bodegas Alejandro Fern\u00e1ndez","DO Ribera del Duero","Grupo Pesquera","Tinto Pesquera"],"articleSection":["Noticias"],"inLanguage":"ca"},{"@type":"WebPage","@id":"https:\/\/www.aribau.es\/grupo-pesquera-el-sueno-vinicola-de-alejandro-fernandez\/","url":"https:\/\/www.aribau.es\/grupo-pesquera-el-sueno-vinicola-de-alejandro-fernandez\/","name":"GRUPO PESQUERA, EL SUE\u00d1O VIN\u00cdCOLA DE ALEJANDRO FERN\u00c1NDEZ - Aribau","isPartOf":{"@id":"https:\/\/www.aribau.es\/#website"},"primaryImageOfPage":{"@id":"https:\/\/www.aribau.es\/grupo-pesquera-el-sueno-vinicola-de-alejandro-fernandez\/#primaryimage"},"image":{"@id":"https:\/\/www.aribau.es\/grupo-pesquera-el-sueno-vinicola-de-alejandro-fernandez\/#primaryimage"},"thumbnailUrl":"https:\/\/www.aribau.es\/wp-content\/uploads\/2019\/01\/tinto-pesquera-reserva-aribau.jpg","datePublished":"2019-01-10T11:26:11+00:00","dateModified":"2021-04-26T10:51:07+00:00","breadcrumb":{"@id":"https:\/\/www.aribau.es\/grupo-pesquera-el-sueno-vinicola-de-alejandro-fernandez\/#breadcrumb"},"inLanguage":"ca","potentialAction":[{"@type":"ReadAction","target":["https:\/\/www.aribau.es\/grupo-pesquera-el-sueno-vinicola-de-alejandro-fernandez\/"]}]},{"@type":"ImageObject","inLanguage":"ca","@id":"https:\/\/www.aribau.es\/grupo-pesquera-el-sueno-vinicola-de-alejandro-fernandez\/#primaryimage","url":"https:\/\/www.aribau.es\/wp-content\/uploads\/2019\/01\/tinto-pesquera-reserva-aribau.jpg","contentUrl":"https:\/\/www.aribau.es\/wp-content\/uploads\/2019\/01\/tinto-pesquera-reserva-aribau.jpg"},{"@type":"BreadcrumbList","@id":"https:\/\/www.aribau.es\/grupo-pesquera-el-sueno-vinicola-de-alejandro-fernandez\/#breadcrumb","itemListElement":[{"@type":"ListItem","position":1,"name":"Portada","item":"https:\/\/www.aribau.es\/"},{"@type":"ListItem","position":2,"name":"GRUPO PESQUERA, EL SUE\u00d1O VIN\u00cdCOLA DE ALEJANDRO FERN\u00c1NDEZ"}]},{"@type":"WebSite","@id":"https:\/\/www.aribau.es\/#website","url":"https:\/\/www.aribau.es\/","name":"Aribau","description":"VINOS Y BODEGAS","publisher":{"@id":"https:\/\/www.aribau.es\/#organization"},"potentialAction":[{"@type":"SearchAction","target":{"@type":"EntryPoint","urlTemplate":"https:\/\/www.aribau.es\/?s={search_term_string}"},"query-input":{"@type":"PropertyValueSpecification","valueRequired":true,"valueName":"search_term_string"}}],"inLanguage":"ca"},{"@type":"Organization","@id":"https:\/\/www.aribau.es\/#organization","name":"Aribau","url":"https:\/\/www.aribau.es\/","logo":{"@type":"ImageObject","inLanguage":"ca","@id":"https:\/\/www.aribau.es\/#\/schema\/logo\/image\/","url":"https:\/\/www.aribau.es\/wp-content\/uploads\/2022\/03\/logo.png","contentUrl":"https:\/\/www.aribau.es\/wp-content\/uploads\/2022\/03\/logo.png","width":300,"height":300,"caption":"Aribau"},"image":{"@id":"https:\/\/www.aribau.es\/#\/schema\/logo\/image\/"},"sameAs":["https:\/\/www.facebook.com\/aribau1964\/","https:\/\/x.com\/aribau1964","https:\/\/www.instagram.com\/aribau1964\/"]},{"@type":"Person","@id":"https:\/\/www.aribau.es\/#\/schema\/person\/77a976898b3c705ed016499633f4ffd0","name":"aribau","image":{"@type":"ImageObject","inLanguage":"ca","@id":"https:\/\/www.aribau.es\/#\/schema\/person\/image\/","url":"https:\/\/secure.gravatar.com\/avatar\/6690491f832d5b32aa9482b978c9464816810fbff0f6658034a34c9d9657b94e?s=96&d=mm&r=g","contentUrl":"https:\/\/secure.gravatar.com\/avatar\/6690491f832d5b32aa9482b978c9464816810fbff0f6658034a34c9d9657b94e?s=96&d=mm&r=g","caption":"aribau"},"url":"https:\/\/www.aribau.es\/ca\/author\/aribau\/"}]}},"_links":{"self":[{"href":"https:\/\/www.aribau.es\/ca\/wp-json\/wp\/v2\/posts\/6265","targetHints":{"allow":["GET"]}}],"collection":[{"href":"https:\/\/www.aribau.es\/ca\/wp-json\/wp\/v2\/posts"}],"about":[{"href":"https:\/\/www.aribau.es\/ca\/wp-json\/wp\/v2\/types\/post"}],"author":[{"embeddable":true,"href":"https:\/\/www.aribau.es\/ca\/wp-json\/wp\/v2\/users\/3"}],"replies":[{"embeddable":true,"href":"https:\/\/www.aribau.es\/ca\/wp-json\/wp\/v2\/comments?post=6265"}],"version-history":[{"count":3,"href":"https:\/\/www.aribau.es\/ca\/wp-json\/wp\/v2\/posts\/6265\/revisions"}],"predecessor-version":[{"id":10046,"href":"https:\/\/www.aribau.es\/ca\/wp-json\/wp\/v2\/posts\/6265\/revisions\/10046"}],"wp:attachment":[{"href":"https:\/\/www.aribau.es\/ca\/wp-json\/wp\/v2\/media?parent=6265"}],"wp:term":[{"taxonomy":"category","embeddable":true,"href":"https:\/\/www.aribau.es\/ca\/wp-json\/wp\/v2\/categories?post=6265"},{"taxonomy":"post_tag","embeddable":true,"href":"https:\/\/www.aribau.es\/ca\/wp-json\/wp\/v2\/tags?post=6265"}],"curies":[{"name":"wp","href":"https:\/\/api.w.org\/{rel}","templated":true}]}}