{"id":6275,"date":"2019-01-24T10:43:46","date_gmt":"2019-01-24T09:43:46","guid":{"rendered":"https:\/\/www.aribau.es\/?p=6275"},"modified":"2021-04-26T11:48:50","modified_gmt":"2021-04-26T10:48:50","slug":"les-masies-de-poblet-de-abadia-de-poblet","status":"publish","type":"post","link":"https:\/\/www.aribau.es\/ca\/les-masies-de-poblet-de-abadia-de-poblet\/","title":{"rendered":"\u2018LES MASIES DE POBLET\u2019, D'ABADIA DE POBLET"},"content":{"rendered":"<p><em>Les Masies de Poblet<\/em> es un vino tinto elaborado a base de Pinot Noir y amparado bajo la Denominaci\u00f3n de Origen Conca de Barber\u00e0.<\/p>\n<p>Es un vino de producci\u00f3n muy limitada y elaborado de manera artesanal con la particularidad de que s\u00f3lo se elabora en aquellas a\u00f1adas en que las uvas alcanzan la madurez id\u00f3nea. Se vinifica en acero inoxidable para pasar despu\u00e9s por la fermentaci\u00f3n malol\u00e1ctica y la posterior crianza de doce meses en barricas de roble franc\u00e9s. A la hora de ser embotellado, se hace sin filtraje previo.<\/p>\n<p><!--more--><\/p>\n<p>Por lo que respecta a la nota de cata, es un vino de color cereza. En nariz presenta aromas de fresas silvestres, pimienta negra, sotobosque y restos de brasas. En boca es fresco y de tacto sedoso. Con una muy buena acidez, resulta un vino jugoso, especiado, algo salino y de frescor bals\u00e1mico.<\/p>\n<p>\u00bfY a la hora de maridarlo? Pues resulta perfecto para acompa\u00f1ar estofados de ternera o platos a base de setas silvestres.<\/p>\n<p>&nbsp;<\/p>\n<p><strong>Sobre el celler<\/strong><strong><a href=\"https:\/\/www.aribau.es\/wp-content\/uploads\/2016\/11\/poblet-01.jpg\"><img fetchpriority=\"high\" decoding=\"async\" class=\"aligncenter size-full wp-image-4933\" src=\"https:\/\/www.aribau.es\/wp-content\/uploads\/2016\/11\/poblet-01.jpg\" alt=\"\" width=\"850\" height=\"361\" srcset=\"https:\/\/www.aribau.es\/wp-content\/uploads\/2016\/11\/poblet-01.jpg 850w, https:\/\/www.aribau.es\/wp-content\/uploads\/2016\/11\/poblet-01-300x127.jpg 300w, https:\/\/www.aribau.es\/wp-content\/uploads\/2016\/11\/poblet-01-768x326.jpg 768w\" sizes=\"(max-width: 850px) 100vw, 850px\" \/><\/a><\/strong><\/p>\n<p><strong><a href=\"https:\/\/www.aribau.es\/ca\/un-paseo-entre-vinas-con-siglos-de-historia\/\">Abadia de Poblet<\/a> <\/strong>fue construida en el a\u00f1o 2000 junto al Monasterio de Poblet, un monasterio de monjes cistercienses que siguen la Regla de San Benito desde su fundaci\u00f3n en 1150. Perteneciente al grupo <strong><a href=\"http:\/\/www.codorniuraventos.com\/es\">Codorn\u00edu Ravent\u00f3s<\/a><\/strong>, es una bodega experta en la uva Pinot Noir, as\u00ed como pionera en su cultivo en Catalu\u00f1a. Su situaci\u00f3n geogr\u00e1fica hace de su terreno un espacio inmejorable para le cultivo de esta uva, de producci\u00f3n muy limitada y totalmente artesanal, que da lugar a unos vinos excepcionales, amprados bajo la <strong><a href=\"http:\/\/www.doconcadebarbera.com\/es\/index.html\">Denominaci\u00f3n de Origen Conca de Barber\u00e0<\/a>.<\/strong><\/p>","protected":false},"excerpt":{"rendered":"<p>Les Masies de Poblet es un vino tinto elaborado a base de Pinot Noir y amparado bajo la Denominaci\u00f3n de Origen Conca de Barber\u00e0. Es un vino de producci\u00f3n muy limitada y elaborado de manera artesanal con la particularidad de que s\u00f3lo se elabora en aquellas a\u00f1adas en que las uvas alcanzan la madurez id\u00f3nea. &#8230; <a title=\"\u2018LES MASIES DE POBLET\u2019, D&#039;ABADIA DE POBLET\" class=\"read-more\" href=\"https:\/\/www.aribau.es\/ca\/les-masies-de-poblet-de-abadia-de-poblet\/\" aria-label=\"M\u00e9s informaci\u00f3 sobre \u2018LES MASIES DE POBLET\u2019, DE ABADIA DE POBLET\">Llegiu m\u00e9s<\/a><\/p>","protected":false},"author":3,"featured_media":6276,"comment_status":"closed","ping_status":"closed","sticky":false,"template":"","format":"standard","meta":{"footnotes":""},"categories":[406],"tags":[371,415,311,450],"class_list":["post-6275","post","type-post","status-publish","format-standard","has-post-thumbnail","hentry","category-noticias","tag-abadia-de-poblet","tag-codorniu","tag-do-conca-de-barbera","tag-vinos"],"yoast_head":"<!-- This site is optimized with the Yoast SEO plugin v26.7 - https:\/\/yoast.com\/wordpress\/plugins\/seo\/ -->\n<title>\u2018LES MASIES DE POBLET\u2019, DE ABADIA DE POBLET - Aribau<\/title>\n<meta name=\"robots\" content=\"index, follow, max-snippet:-1, max-image-preview:large, max-video-preview:-1\" \/>\n<link rel=\"canonical\" href=\"https:\/\/www.aribau.es\/ca\/les-masies-de-poblet-de-abadia-de-poblet\/\" \/>\n<meta property=\"og:locale\" content=\"ca_ES\" \/>\n<meta property=\"og:type\" content=\"article\" \/>\n<meta property=\"og:title\" content=\"\u2018LES MASIES DE POBLET\u2019, DE ABADIA DE POBLET - Aribau\" \/>\n<meta property=\"og:description\" content=\"Les Masies de Poblet es un vino tinto elaborado a base de Pinot Noir y amparado bajo la Denominaci\u00f3n de Origen Conca de Barber\u00e0. Es un vino de producci\u00f3n muy limitada y elaborado de manera artesanal con la particularidad de que s\u00f3lo se elabora en aquellas a\u00f1adas en que las uvas alcanzan la madurez id\u00f3nea. ... Llegiu m\u00e9s\" \/>\n<meta property=\"og:url\" content=\"https:\/\/www.aribau.es\/ca\/les-masies-de-poblet-de-abadia-de-poblet\/\" \/>\n<meta property=\"og:site_name\" content=\"Aribau\" \/>\n<meta property=\"article:publisher\" content=\"https:\/\/www.facebook.com\/aribau1964\/\" \/>\n<meta property=\"article:published_time\" content=\"2019-01-24T09:43:46+00:00\" \/>\n<meta property=\"article:modified_time\" content=\"2021-04-26T10:48:50+00:00\" \/>\n<meta property=\"og:image\" content=\"https:\/\/www.aribau.es\/wp-content\/uploads\/2019\/01\/masies-poblet-aribau.png\" \/>\n\t<meta property=\"og:image:width\" content=\"800\" \/>\n\t<meta property=\"og:image:height\" content=\"214\" \/>\n\t<meta property=\"og:image:type\" content=\"image\/png\" \/>\n<meta name=\"author\" content=\"aribau\" \/>\n<meta name=\"twitter:card\" content=\"summary_large_image\" \/>\n<meta name=\"twitter:creator\" content=\"@aribau1964\" \/>\n<meta name=\"twitter:site\" content=\"@aribau1964\" \/>\n<meta name=\"twitter:label1\" content=\"Escrit per\" \/>\n\t<meta name=\"twitter:data1\" content=\"aribau\" \/>\n\t<meta name=\"twitter:label2\" content=\"Temps estimat de lectura\" \/>\n\t<meta name=\"twitter:data2\" content=\"1 minut\" \/>\n<script type=\"application\/ld+json\" class=\"yoast-schema-graph\">{\"@context\":\"https:\/\/schema.org\",\"@graph\":[{\"@type\":\"Article\",\"@id\":\"https:\/\/www.aribau.es\/les-masies-de-poblet-de-abadia-de-poblet\/#article\",\"isPartOf\":{\"@id\":\"https:\/\/www.aribau.es\/les-masies-de-poblet-de-abadia-de-poblet\/\"},\"author\":{\"name\":\"aribau\",\"@id\":\"https:\/\/www.aribau.es\/#\/schema\/person\/77a976898b3c705ed016499633f4ffd0\"},\"headline\":\"\u2018LES MASIES DE POBLET\u2019, DE ABADIA DE POBLET\",\"datePublished\":\"2019-01-24T09:43:46+00:00\",\"dateModified\":\"2021-04-26T10:48:50+00:00\",\"mainEntityOfPage\":{\"@id\":\"https:\/\/www.aribau.es\/les-masies-de-poblet-de-abadia-de-poblet\/\"},\"wordCount\":286,\"publisher\":{\"@id\":\"https:\/\/www.aribau.es\/#organization\"},\"image\":{\"@id\":\"https:\/\/www.aribau.es\/les-masies-de-poblet-de-abadia-de-poblet\/#primaryimage\"},\"thumbnailUrl\":\"https:\/\/www.aribau.es\/wp-content\/uploads\/2019\/01\/masies-poblet-aribau.png\",\"keywords\":[\"Abadia de Poblet\",\"Codorn\u00edu\",\"DO Conca de Barber\u00e0\",\"Vinos\"],\"articleSection\":[\"Noticias\"],\"inLanguage\":\"ca\"},{\"@type\":\"WebPage\",\"@id\":\"https:\/\/www.aribau.es\/les-masies-de-poblet-de-abadia-de-poblet\/\",\"url\":\"https:\/\/www.aribau.es\/les-masies-de-poblet-de-abadia-de-poblet\/\",\"name\":\"\u2018LES MASIES DE POBLET\u2019, DE ABADIA DE POBLET - Aribau\",\"isPartOf\":{\"@id\":\"https:\/\/www.aribau.es\/#website\"},\"primaryImageOfPage\":{\"@id\":\"https:\/\/www.aribau.es\/les-masies-de-poblet-de-abadia-de-poblet\/#primaryimage\"},\"image\":{\"@id\":\"https:\/\/www.aribau.es\/les-masies-de-poblet-de-abadia-de-poblet\/#primaryimage\"},\"thumbnailUrl\":\"https:\/\/www.aribau.es\/wp-content\/uploads\/2019\/01\/masies-poblet-aribau.png\",\"datePublished\":\"2019-01-24T09:43:46+00:00\",\"dateModified\":\"2021-04-26T10:48:50+00:00\",\"breadcrumb\":{\"@id\":\"https:\/\/www.aribau.es\/les-masies-de-poblet-de-abadia-de-poblet\/#breadcrumb\"},\"inLanguage\":\"ca\",\"potentialAction\":[{\"@type\":\"ReadAction\",\"target\":[\"https:\/\/www.aribau.es\/les-masies-de-poblet-de-abadia-de-poblet\/\"]}]},{\"@type\":\"ImageObject\",\"inLanguage\":\"ca\",\"@id\":\"https:\/\/www.aribau.es\/les-masies-de-poblet-de-abadia-de-poblet\/#primaryimage\",\"url\":\"https:\/\/www.aribau.es\/wp-content\/uploads\/2019\/01\/masies-poblet-aribau.png\",\"contentUrl\":\"https:\/\/www.aribau.es\/wp-content\/uploads\/2019\/01\/masies-poblet-aribau.png\",\"width\":800,\"height\":214},{\"@type\":\"BreadcrumbList\",\"@id\":\"https:\/\/www.aribau.es\/les-masies-de-poblet-de-abadia-de-poblet\/#breadcrumb\",\"itemListElement\":[{\"@type\":\"ListItem\",\"position\":1,\"name\":\"Portada\",\"item\":\"https:\/\/www.aribau.es\/\"},{\"@type\":\"ListItem\",\"position\":2,\"name\":\"\u2018LES MASIES DE POBLET\u2019, DE ABADIA DE POBLET\"}]},{\"@type\":\"WebSite\",\"@id\":\"https:\/\/www.aribau.es\/#website\",\"url\":\"https:\/\/www.aribau.es\/\",\"name\":\"Aribau\",\"description\":\"VINOS Y BODEGAS\",\"publisher\":{\"@id\":\"https:\/\/www.aribau.es\/#organization\"},\"potentialAction\":[{\"@type\":\"SearchAction\",\"target\":{\"@type\":\"EntryPoint\",\"urlTemplate\":\"https:\/\/www.aribau.es\/?s={search_term_string}\"},\"query-input\":{\"@type\":\"PropertyValueSpecification\",\"valueRequired\":true,\"valueName\":\"search_term_string\"}}],\"inLanguage\":\"ca\"},{\"@type\":\"Organization\",\"@id\":\"https:\/\/www.aribau.es\/#organization\",\"name\":\"Aribau\",\"url\":\"https:\/\/www.aribau.es\/\",\"logo\":{\"@type\":\"ImageObject\",\"inLanguage\":\"ca\",\"@id\":\"https:\/\/www.aribau.es\/#\/schema\/logo\/image\/\",\"url\":\"https:\/\/www.aribau.es\/wp-content\/uploads\/2022\/03\/logo.png\",\"contentUrl\":\"https:\/\/www.aribau.es\/wp-content\/uploads\/2022\/03\/logo.png\",\"width\":300,\"height\":300,\"caption\":\"Aribau\"},\"image\":{\"@id\":\"https:\/\/www.aribau.es\/#\/schema\/logo\/image\/\"},\"sameAs\":[\"https:\/\/www.facebook.com\/aribau1964\/\",\"https:\/\/x.com\/aribau1964\",\"https:\/\/www.instagram.com\/aribau1964\/\"]},{\"@type\":\"Person\",\"@id\":\"https:\/\/www.aribau.es\/#\/schema\/person\/77a976898b3c705ed016499633f4ffd0\",\"name\":\"aribau\",\"image\":{\"@type\":\"ImageObject\",\"inLanguage\":\"ca\",\"@id\":\"https:\/\/www.aribau.es\/#\/schema\/person\/image\/\",\"url\":\"https:\/\/secure.gravatar.com\/avatar\/6690491f832d5b32aa9482b978c9464816810fbff0f6658034a34c9d9657b94e?s=96&d=mm&r=g\",\"contentUrl\":\"https:\/\/secure.gravatar.com\/avatar\/6690491f832d5b32aa9482b978c9464816810fbff0f6658034a34c9d9657b94e?s=96&d=mm&r=g\",\"caption\":\"aribau\"},\"url\":\"https:\/\/www.aribau.es\/ca\/author\/aribau\/\"}]}<\/script>\n<!-- \/ Yoast SEO plugin. -->","yoast_head_json":{"title":"\u2018LES MASIES DE POBLET\u2019, DE ABADIA DE POBLET - Aribau","robots":{"index":"index","follow":"follow","max-snippet":"max-snippet:-1","max-image-preview":"max-image-preview:large","max-video-preview":"max-video-preview:-1"},"canonical":"https:\/\/www.aribau.es\/ca\/les-masies-de-poblet-de-abadia-de-poblet\/","og_locale":"ca_ES","og_type":"article","og_title":"\u2018LES MASIES DE POBLET\u2019, DE ABADIA DE POBLET - Aribau","og_description":"Les Masies de Poblet es un vino tinto elaborado a base de Pinot Noir y amparado bajo la Denominaci\u00f3n de Origen Conca de Barber\u00e0. Es un vino de producci\u00f3n muy limitada y elaborado de manera artesanal con la particularidad de que s\u00f3lo se elabora en aquellas a\u00f1adas en que las uvas alcanzan la madurez id\u00f3nea. ... Llegiu m\u00e9s","og_url":"https:\/\/www.aribau.es\/ca\/les-masies-de-poblet-de-abadia-de-poblet\/","og_site_name":"Aribau","article_publisher":"https:\/\/www.facebook.com\/aribau1964\/","article_published_time":"2019-01-24T09:43:46+00:00","article_modified_time":"2021-04-26T10:48:50+00:00","og_image":[{"width":800,"height":214,"url":"https:\/\/www.aribau.es\/wp-content\/uploads\/2019\/01\/masies-poblet-aribau.png","type":"image\/png"}],"author":"aribau","twitter_card":"summary_large_image","twitter_creator":"@aribau1964","twitter_site":"@aribau1964","twitter_misc":{"Escrit per":"aribau","Temps estimat de lectura":"1 minut"},"schema":{"@context":"https:\/\/schema.org","@graph":[{"@type":"Article","@id":"https:\/\/www.aribau.es\/les-masies-de-poblet-de-abadia-de-poblet\/#article","isPartOf":{"@id":"https:\/\/www.aribau.es\/les-masies-de-poblet-de-abadia-de-poblet\/"},"author":{"name":"aribau","@id":"https:\/\/www.aribau.es\/#\/schema\/person\/77a976898b3c705ed016499633f4ffd0"},"headline":"\u2018LES MASIES DE POBLET\u2019, DE ABADIA DE POBLET","datePublished":"2019-01-24T09:43:46+00:00","dateModified":"2021-04-26T10:48:50+00:00","mainEntityOfPage":{"@id":"https:\/\/www.aribau.es\/les-masies-de-poblet-de-abadia-de-poblet\/"},"wordCount":286,"publisher":{"@id":"https:\/\/www.aribau.es\/#organization"},"image":{"@id":"https:\/\/www.aribau.es\/les-masies-de-poblet-de-abadia-de-poblet\/#primaryimage"},"thumbnailUrl":"https:\/\/www.aribau.es\/wp-content\/uploads\/2019\/01\/masies-poblet-aribau.png","keywords":["Abadia de Poblet","Codorn\u00edu","DO Conca de Barber\u00e0","Vinos"],"articleSection":["Noticias"],"inLanguage":"ca"},{"@type":"WebPage","@id":"https:\/\/www.aribau.es\/les-masies-de-poblet-de-abadia-de-poblet\/","url":"https:\/\/www.aribau.es\/les-masies-de-poblet-de-abadia-de-poblet\/","name":"\u2018LES MASIES DE POBLET\u2019, DE ABADIA DE POBLET - Aribau","isPartOf":{"@id":"https:\/\/www.aribau.es\/#website"},"primaryImageOfPage":{"@id":"https:\/\/www.aribau.es\/les-masies-de-poblet-de-abadia-de-poblet\/#primaryimage"},"image":{"@id":"https:\/\/www.aribau.es\/les-masies-de-poblet-de-abadia-de-poblet\/#primaryimage"},"thumbnailUrl":"https:\/\/www.aribau.es\/wp-content\/uploads\/2019\/01\/masies-poblet-aribau.png","datePublished":"2019-01-24T09:43:46+00:00","dateModified":"2021-04-26T10:48:50+00:00","breadcrumb":{"@id":"https:\/\/www.aribau.es\/les-masies-de-poblet-de-abadia-de-poblet\/#breadcrumb"},"inLanguage":"ca","potentialAction":[{"@type":"ReadAction","target":["https:\/\/www.aribau.es\/les-masies-de-poblet-de-abadia-de-poblet\/"]}]},{"@type":"ImageObject","inLanguage":"ca","@id":"https:\/\/www.aribau.es\/les-masies-de-poblet-de-abadia-de-poblet\/#primaryimage","url":"https:\/\/www.aribau.es\/wp-content\/uploads\/2019\/01\/masies-poblet-aribau.png","contentUrl":"https:\/\/www.aribau.es\/wp-content\/uploads\/2019\/01\/masies-poblet-aribau.png","width":800,"height":214},{"@type":"BreadcrumbList","@id":"https:\/\/www.aribau.es\/les-masies-de-poblet-de-abadia-de-poblet\/#breadcrumb","itemListElement":[{"@type":"ListItem","position":1,"name":"Portada","item":"https:\/\/www.aribau.es\/"},{"@type":"ListItem","position":2,"name":"\u2018LES MASIES DE POBLET\u2019, DE ABADIA DE POBLET"}]},{"@type":"WebSite","@id":"https:\/\/www.aribau.es\/#website","url":"https:\/\/www.aribau.es\/","name":"Aribau","description":"VINOS Y BODEGAS","publisher":{"@id":"https:\/\/www.aribau.es\/#organization"},"potentialAction":[{"@type":"SearchAction","target":{"@type":"EntryPoint","urlTemplate":"https:\/\/www.aribau.es\/?s={search_term_string}"},"query-input":{"@type":"PropertyValueSpecification","valueRequired":true,"valueName":"search_term_string"}}],"inLanguage":"ca"},{"@type":"Organization","@id":"https:\/\/www.aribau.es\/#organization","name":"Aribau","url":"https:\/\/www.aribau.es\/","logo":{"@type":"ImageObject","inLanguage":"ca","@id":"https:\/\/www.aribau.es\/#\/schema\/logo\/image\/","url":"https:\/\/www.aribau.es\/wp-content\/uploads\/2022\/03\/logo.png","contentUrl":"https:\/\/www.aribau.es\/wp-content\/uploads\/2022\/03\/logo.png","width":300,"height":300,"caption":"Aribau"},"image":{"@id":"https:\/\/www.aribau.es\/#\/schema\/logo\/image\/"},"sameAs":["https:\/\/www.facebook.com\/aribau1964\/","https:\/\/x.com\/aribau1964","https:\/\/www.instagram.com\/aribau1964\/"]},{"@type":"Person","@id":"https:\/\/www.aribau.es\/#\/schema\/person\/77a976898b3c705ed016499633f4ffd0","name":"aribau","image":{"@type":"ImageObject","inLanguage":"ca","@id":"https:\/\/www.aribau.es\/#\/schema\/person\/image\/","url":"https:\/\/secure.gravatar.com\/avatar\/6690491f832d5b32aa9482b978c9464816810fbff0f6658034a34c9d9657b94e?s=96&d=mm&r=g","contentUrl":"https:\/\/secure.gravatar.com\/avatar\/6690491f832d5b32aa9482b978c9464816810fbff0f6658034a34c9d9657b94e?s=96&d=mm&r=g","caption":"aribau"},"url":"https:\/\/www.aribau.es\/ca\/author\/aribau\/"}]}},"_links":{"self":[{"href":"https:\/\/www.aribau.es\/ca\/wp-json\/wp\/v2\/posts\/6275","targetHints":{"allow":["GET"]}}],"collection":[{"href":"https:\/\/www.aribau.es\/ca\/wp-json\/wp\/v2\/posts"}],"about":[{"href":"https:\/\/www.aribau.es\/ca\/wp-json\/wp\/v2\/types\/post"}],"author":[{"embeddable":true,"href":"https:\/\/www.aribau.es\/ca\/wp-json\/wp\/v2\/users\/3"}],"replies":[{"embeddable":true,"href":"https:\/\/www.aribau.es\/ca\/wp-json\/wp\/v2\/comments?post=6275"}],"version-history":[{"count":6,"href":"https:\/\/www.aribau.es\/ca\/wp-json\/wp\/v2\/posts\/6275\/revisions"}],"predecessor-version":[{"id":10044,"href":"https:\/\/www.aribau.es\/ca\/wp-json\/wp\/v2\/posts\/6275\/revisions\/10044"}],"wp:featuredmedia":[{"embeddable":true,"href":"https:\/\/www.aribau.es\/ca\/wp-json\/wp\/v2\/media\/6276"}],"wp:attachment":[{"href":"https:\/\/www.aribau.es\/ca\/wp-json\/wp\/v2\/media?parent=6275"}],"wp:term":[{"taxonomy":"category","embeddable":true,"href":"https:\/\/www.aribau.es\/ca\/wp-json\/wp\/v2\/categories?post=6275"},{"taxonomy":"post_tag","embeddable":true,"href":"https:\/\/www.aribau.es\/ca\/wp-json\/wp\/v2\/tags?post=6275"}],"curies":[{"name":"wp","href":"https:\/\/api.w.org\/{rel}","templated":true}]}}