{"id":6320,"date":"2019-03-14T10:01:00","date_gmt":"2019-03-14T09:01:00","guid":{"rendered":"https:\/\/www.aribau.es\/?p=6320"},"modified":"2021-04-26T11:41:36","modified_gmt":"2021-04-26T10:41:36","slug":"bach-una-bodega-con-mas-de-un-siglo-de-historia","status":"publish","type":"post","link":"https:\/\/www.aribau.es\/ca\/bach-una-bodega-con-mas-de-un-siglo-de-historia\/","title":{"rendered":"BACH, UN CELLER AMB M\u00c9S D'UN SEGLE D'HIST\u00d2RIA"},"content":{"rendered":"<p>La historia de <strong><a href=\"http:\/\/www.bach.es\/index-es.html\" target=\"_blank\" rel=\"noopener\">Bach<\/a><\/strong> se remonta al a\u00f1o 1915. Fue entonces cuando dos hermanos, Pere y Ramon Bach i Escopet, gracias a los beneficios obtenidos con el comercio del algod\u00f3n, pudieron invertir y poner en marcha su propia bodega en el Pened\u00e8s.<\/p>\n<p>La bodega comenz\u00f3 a levantarse en 1918 y a\u00fan hoy es un s\u00edmbolo de la arquitectura vin\u00edcola. El arquitecto Jos\u00e9 Mar\u00eda Sala visit\u00f3 las principales zonas de producci\u00f3n vin\u00edcola de Italia y Francia buscando inspiraci\u00f3n para su obra, para la que acab\u00f3 optando por el eclecticismo arquitect\u00f3nico. As\u00ed, la bodega a\u00fana las proporciones y el ritmo renacentista de la Toscana con un aire mediterr\u00e1neo m\u00e1s blanco y soleado. El patio interior recuerda a Andaluc\u00eda al tiempo que se difumina entre el clasicismo de las columnas y la b\u00f3veda acristalada que lo cubre. En el interior, las instalaciones combinan la elegancia aristocr\u00e1tica con la colorista cer\u00e1mica mediterr\u00e1nea.<\/p>\n<p><!--more--><\/p>\n<p>Con la idea de hacer vino destinado al envejecimiento, los hermanos Bach hicieron construir una cava de 95 metros e instalaron en su interior 1.000 barricas de roble. Sus primeras botellas llegaron a estar presentes en la Exposici\u00f3n Universal de Barcelona de 1929.<\/p>\n<p>Tras la Guerra Civil, donde muri\u00f3 uno de los hermanos, Ramon, la bodega fue vendida. Despu\u00e9s de pasar por las manos de varios propietarios, en 1975 Bach pas\u00f3 a formar parte del grupo Codorn\u00edu que ha sabido mantener el esp\u00edritu de los hermanos Bach: calidad, originalidad y personalidad en todos sus vinos y cavas.<\/p>\n<p>&nbsp;<\/p>\n<p><strong><em>Bach Vi<\/em><\/strong><strong><em>\u00f1<\/em><\/strong><strong><em>a Extr<\/em><\/strong><strong><em>\u00ed<\/em><\/strong><strong><em>sima Tinto<\/em><\/strong><\/p>\n<p><a href=\"https:\/\/www.aribau.es\/wp-content\/uploads\/2019\/03\/extrisimo_seco_tinto_aribau.png\"><img decoding=\"async\" class=\"alignleft wp-image-6321\" src=\"https:\/\/www.aribau.es\/wp-content\/uploads\/2019\/03\/extrisimo_seco_tinto_aribau.png\" alt=\"\" width=\"88\" height=\"311\" srcset=\"https:\/\/www.aribau.es\/wp-content\/uploads\/2019\/03\/extrisimo_seco_tinto_aribau.png 163w, https:\/\/www.aribau.es\/wp-content\/uploads\/2019\/03\/extrisimo_seco_tinto_aribau-85x300.png 85w\" sizes=\"(max-width: 88px) 100vw, 88px\" \/><\/a>Una de las l\u00edneas de vinos de Bach son los Vi\u00f1a Extr\u00edsima, un nombre que es todo un homenaje al pasado textil de los hermanos: &#8216;extr\u00edsimo&#8217; es el nombre con el que se conoc\u00eda el algod\u00f3n de primera calidad tra\u00eddo de Egipto e India.<\/p>\n<p>La seva <strong><em>Bach Vi<\/em><em>\u00f1<\/em><em>a Extr<\/em><em>\u00ed<\/em><em>sima Tinto<\/em> <\/strong>es un <em>coupage<\/em> elaborado a base de Cabernet, Merlot y Tempranillo de un intenso color rojo brillante. En nariz presenta una amplia gama de recuerdos que van desde frutas como la ciruela a notas bals\u00e1micas especiadas y toques de cedro.<\/p>\n<p>De entrada suave y envolvente en boca, es un vino equilibrado, c\u00e1lido, con taninos suaves y buena persistencia. Un tinto polivalente que marida con una gran diversidad de platos, desde verduras y carnes guisadas hasta pescados como el bacalao y el at\u00fan, arroces, embutidos o quesos semicurados.<\/p>","protected":false},"excerpt":{"rendered":"<p>La historia de Bach se remonta al a\u00f1o 1915. Fue entonces cuando dos hermanos, Pere y Ramon Bach i Escopet, gracias a los beneficios obtenidos con el comercio del algod\u00f3n, pudieron invertir y poner en marcha su propia bodega en el Pened\u00e8s. La bodega comenz\u00f3 a levantarse en 1918 y a\u00fan hoy es un s\u00edmbolo &#8230; <a title=\"BACH, UN CELLER AMB M\u00c9S D&#039;UN SEGLE D&#039;HIST\u00d2RIA\" class=\"read-more\" href=\"https:\/\/www.aribau.es\/ca\/bach-una-bodega-con-mas-de-un-siglo-de-historia\/\" aria-label=\"M\u00e9s informaci\u00f3 sobre BACH, UNA BODEGA CON M\u00c1S DE UN SIGLO DE HISTORIA\">Llegiu m\u00e9s<\/a><\/p>","protected":false},"author":3,"featured_media":0,"comment_status":"closed","ping_status":"closed","sticky":false,"template":"","format":"standard","meta":{"footnotes":""},"categories":[406],"tags":[547,415],"class_list":["post-6320","post","type-post","status-publish","format-standard","hentry","category-noticias","tag-bach","tag-codorniu"],"yoast_head":"<!-- This site is optimized with the Yoast SEO plugin v26.7 - https:\/\/yoast.com\/wordpress\/plugins\/seo\/ -->\n<title>BACH, UNA BODEGA CON M\u00c1S DE UN SIGLO DE HISTORIA - Aribau<\/title>\n<meta name=\"robots\" content=\"index, follow, max-snippet:-1, max-image-preview:large, max-video-preview:-1\" \/>\n<link rel=\"canonical\" href=\"https:\/\/www.aribau.es\/ca\/bach-una-bodega-con-mas-de-un-siglo-de-historia\/\" \/>\n<meta property=\"og:locale\" content=\"ca_ES\" \/>\n<meta property=\"og:type\" content=\"article\" \/>\n<meta property=\"og:title\" content=\"BACH, UNA BODEGA CON M\u00c1S DE UN SIGLO DE HISTORIA - Aribau\" \/>\n<meta property=\"og:description\" content=\"La historia de Bach se remonta al a\u00f1o 1915. Fue entonces cuando dos hermanos, Pere y Ramon Bach i Escopet, gracias a los beneficios obtenidos con el comercio del algod\u00f3n, pudieron invertir y poner en marcha su propia bodega en el Pened\u00e8s. La bodega comenz\u00f3 a levantarse en 1918 y a\u00fan hoy es un s\u00edmbolo ... Llegiu m\u00e9s\" \/>\n<meta property=\"og:url\" content=\"https:\/\/www.aribau.es\/ca\/bach-una-bodega-con-mas-de-un-siglo-de-historia\/\" \/>\n<meta property=\"og:site_name\" content=\"Aribau\" \/>\n<meta property=\"article:publisher\" content=\"https:\/\/www.facebook.com\/aribau1964\/\" \/>\n<meta property=\"article:published_time\" content=\"2019-03-14T09:01:00+00:00\" \/>\n<meta property=\"article:modified_time\" content=\"2021-04-26T10:41:36+00:00\" \/>\n<meta property=\"og:image\" content=\"https:\/\/www.aribau.es\/wp-content\/uploads\/2016\/03\/masia-bach.png\" \/>\n\t<meta property=\"og:image:width\" content=\"1140\" \/>\n\t<meta property=\"og:image:height\" content=\"713\" \/>\n\t<meta property=\"og:image:type\" content=\"image\/png\" \/>\n<meta name=\"author\" content=\"aribau\" \/>\n<meta name=\"twitter:card\" content=\"summary_large_image\" \/>\n<meta name=\"twitter:creator\" content=\"@aribau1964\" \/>\n<meta name=\"twitter:site\" content=\"@aribau1964\" \/>\n<meta name=\"twitter:label1\" content=\"Escrit per\" \/>\n\t<meta name=\"twitter:data1\" content=\"aribau\" \/>\n\t<meta name=\"twitter:label2\" content=\"Temps estimat de lectura\" \/>\n\t<meta name=\"twitter:data2\" content=\"2 minuts\" \/>\n<script type=\"application\/ld+json\" class=\"yoast-schema-graph\">{\"@context\":\"https:\/\/schema.org\",\"@graph\":[{\"@type\":\"Article\",\"@id\":\"https:\/\/www.aribau.es\/bach-una-bodega-con-mas-de-un-siglo-de-historia\/#article\",\"isPartOf\":{\"@id\":\"https:\/\/www.aribau.es\/bach-una-bodega-con-mas-de-un-siglo-de-historia\/\"},\"author\":{\"name\":\"aribau\",\"@id\":\"https:\/\/www.aribau.es\/#\/schema\/person\/77a976898b3c705ed016499633f4ffd0\"},\"headline\":\"BACH, UNA BODEGA CON M\u00c1S DE UN SIGLO DE HISTORIA\",\"datePublished\":\"2019-03-14T09:01:00+00:00\",\"dateModified\":\"2021-04-26T10:41:36+00:00\",\"mainEntityOfPage\":{\"@id\":\"https:\/\/www.aribau.es\/bach-una-bodega-con-mas-de-un-siglo-de-historia\/\"},\"wordCount\":428,\"publisher\":{\"@id\":\"https:\/\/www.aribau.es\/#organization\"},\"image\":{\"@id\":\"https:\/\/www.aribau.es\/bach-una-bodega-con-mas-de-un-siglo-de-historia\/#primaryimage\"},\"thumbnailUrl\":\"https:\/\/www.aribau.es\/wp-content\/uploads\/2019\/03\/extrisimo_seco_tinto_aribau.png\",\"keywords\":[\"Bach\",\"Codorn\u00edu\"],\"articleSection\":[\"Noticias\"],\"inLanguage\":\"ca\"},{\"@type\":\"WebPage\",\"@id\":\"https:\/\/www.aribau.es\/bach-una-bodega-con-mas-de-un-siglo-de-historia\/\",\"url\":\"https:\/\/www.aribau.es\/bach-una-bodega-con-mas-de-un-siglo-de-historia\/\",\"name\":\"BACH, UNA BODEGA CON M\u00c1S DE UN SIGLO DE HISTORIA - Aribau\",\"isPartOf\":{\"@id\":\"https:\/\/www.aribau.es\/#website\"},\"primaryImageOfPage\":{\"@id\":\"https:\/\/www.aribau.es\/bach-una-bodega-con-mas-de-un-siglo-de-historia\/#primaryimage\"},\"image\":{\"@id\":\"https:\/\/www.aribau.es\/bach-una-bodega-con-mas-de-un-siglo-de-historia\/#primaryimage\"},\"thumbnailUrl\":\"https:\/\/www.aribau.es\/wp-content\/uploads\/2019\/03\/extrisimo_seco_tinto_aribau.png\",\"datePublished\":\"2019-03-14T09:01:00+00:00\",\"dateModified\":\"2021-04-26T10:41:36+00:00\",\"breadcrumb\":{\"@id\":\"https:\/\/www.aribau.es\/bach-una-bodega-con-mas-de-un-siglo-de-historia\/#breadcrumb\"},\"inLanguage\":\"ca\",\"potentialAction\":[{\"@type\":\"ReadAction\",\"target\":[\"https:\/\/www.aribau.es\/bach-una-bodega-con-mas-de-un-siglo-de-historia\/\"]}]},{\"@type\":\"ImageObject\",\"inLanguage\":\"ca\",\"@id\":\"https:\/\/www.aribau.es\/bach-una-bodega-con-mas-de-un-siglo-de-historia\/#primaryimage\",\"url\":\"https:\/\/www.aribau.es\/wp-content\/uploads\/2019\/03\/extrisimo_seco_tinto_aribau.png\",\"contentUrl\":\"https:\/\/www.aribau.es\/wp-content\/uploads\/2019\/03\/extrisimo_seco_tinto_aribau.png\"},{\"@type\":\"BreadcrumbList\",\"@id\":\"https:\/\/www.aribau.es\/bach-una-bodega-con-mas-de-un-siglo-de-historia\/#breadcrumb\",\"itemListElement\":[{\"@type\":\"ListItem\",\"position\":1,\"name\":\"Portada\",\"item\":\"https:\/\/www.aribau.es\/\"},{\"@type\":\"ListItem\",\"position\":2,\"name\":\"BACH, UNA BODEGA CON M\u00c1S DE UN SIGLO DE HISTORIA\"}]},{\"@type\":\"WebSite\",\"@id\":\"https:\/\/www.aribau.es\/#website\",\"url\":\"https:\/\/www.aribau.es\/\",\"name\":\"Aribau\",\"description\":\"VINOS Y BODEGAS\",\"publisher\":{\"@id\":\"https:\/\/www.aribau.es\/#organization\"},\"potentialAction\":[{\"@type\":\"SearchAction\",\"target\":{\"@type\":\"EntryPoint\",\"urlTemplate\":\"https:\/\/www.aribau.es\/?s={search_term_string}\"},\"query-input\":{\"@type\":\"PropertyValueSpecification\",\"valueRequired\":true,\"valueName\":\"search_term_string\"}}],\"inLanguage\":\"ca\"},{\"@type\":\"Organization\",\"@id\":\"https:\/\/www.aribau.es\/#organization\",\"name\":\"Aribau\",\"url\":\"https:\/\/www.aribau.es\/\",\"logo\":{\"@type\":\"ImageObject\",\"inLanguage\":\"ca\",\"@id\":\"https:\/\/www.aribau.es\/#\/schema\/logo\/image\/\",\"url\":\"https:\/\/www.aribau.es\/wp-content\/uploads\/2022\/03\/logo.png\",\"contentUrl\":\"https:\/\/www.aribau.es\/wp-content\/uploads\/2022\/03\/logo.png\",\"width\":300,\"height\":300,\"caption\":\"Aribau\"},\"image\":{\"@id\":\"https:\/\/www.aribau.es\/#\/schema\/logo\/image\/\"},\"sameAs\":[\"https:\/\/www.facebook.com\/aribau1964\/\",\"https:\/\/x.com\/aribau1964\",\"https:\/\/www.instagram.com\/aribau1964\/\"]},{\"@type\":\"Person\",\"@id\":\"https:\/\/www.aribau.es\/#\/schema\/person\/77a976898b3c705ed016499633f4ffd0\",\"name\":\"aribau\",\"image\":{\"@type\":\"ImageObject\",\"inLanguage\":\"ca\",\"@id\":\"https:\/\/www.aribau.es\/#\/schema\/person\/image\/\",\"url\":\"https:\/\/secure.gravatar.com\/avatar\/6690491f832d5b32aa9482b978c9464816810fbff0f6658034a34c9d9657b94e?s=96&d=mm&r=g\",\"contentUrl\":\"https:\/\/secure.gravatar.com\/avatar\/6690491f832d5b32aa9482b978c9464816810fbff0f6658034a34c9d9657b94e?s=96&d=mm&r=g\",\"caption\":\"aribau\"},\"url\":\"https:\/\/www.aribau.es\/ca\/author\/aribau\/\"}]}<\/script>\n<!-- \/ Yoast SEO plugin. -->","yoast_head_json":{"title":"BACH, UNA BODEGA CON M\u00c1S DE UN SIGLO DE HISTORIA - Aribau","robots":{"index":"index","follow":"follow","max-snippet":"max-snippet:-1","max-image-preview":"max-image-preview:large","max-video-preview":"max-video-preview:-1"},"canonical":"https:\/\/www.aribau.es\/ca\/bach-una-bodega-con-mas-de-un-siglo-de-historia\/","og_locale":"ca_ES","og_type":"article","og_title":"BACH, UNA BODEGA CON M\u00c1S DE UN SIGLO DE HISTORIA - Aribau","og_description":"La historia de Bach se remonta al a\u00f1o 1915. Fue entonces cuando dos hermanos, Pere y Ramon Bach i Escopet, gracias a los beneficios obtenidos con el comercio del algod\u00f3n, pudieron invertir y poner en marcha su propia bodega en el Pened\u00e8s. La bodega comenz\u00f3 a levantarse en 1918 y a\u00fan hoy es un s\u00edmbolo ... Llegiu m\u00e9s","og_url":"https:\/\/www.aribau.es\/ca\/bach-una-bodega-con-mas-de-un-siglo-de-historia\/","og_site_name":"Aribau","article_publisher":"https:\/\/www.facebook.com\/aribau1964\/","article_published_time":"2019-03-14T09:01:00+00:00","article_modified_time":"2021-04-26T10:41:36+00:00","og_image":[{"width":1140,"height":713,"url":"https:\/\/www.aribau.es\/wp-content\/uploads\/2016\/03\/masia-bach.png","type":"image\/png"}],"author":"aribau","twitter_card":"summary_large_image","twitter_creator":"@aribau1964","twitter_site":"@aribau1964","twitter_misc":{"Escrit per":"aribau","Temps estimat de lectura":"2 minuts"},"schema":{"@context":"https:\/\/schema.org","@graph":[{"@type":"Article","@id":"https:\/\/www.aribau.es\/bach-una-bodega-con-mas-de-un-siglo-de-historia\/#article","isPartOf":{"@id":"https:\/\/www.aribau.es\/bach-una-bodega-con-mas-de-un-siglo-de-historia\/"},"author":{"name":"aribau","@id":"https:\/\/www.aribau.es\/#\/schema\/person\/77a976898b3c705ed016499633f4ffd0"},"headline":"BACH, UNA BODEGA CON M\u00c1S DE UN SIGLO DE HISTORIA","datePublished":"2019-03-14T09:01:00+00:00","dateModified":"2021-04-26T10:41:36+00:00","mainEntityOfPage":{"@id":"https:\/\/www.aribau.es\/bach-una-bodega-con-mas-de-un-siglo-de-historia\/"},"wordCount":428,"publisher":{"@id":"https:\/\/www.aribau.es\/#organization"},"image":{"@id":"https:\/\/www.aribau.es\/bach-una-bodega-con-mas-de-un-siglo-de-historia\/#primaryimage"},"thumbnailUrl":"https:\/\/www.aribau.es\/wp-content\/uploads\/2019\/03\/extrisimo_seco_tinto_aribau.png","keywords":["Bach","Codorn\u00edu"],"articleSection":["Noticias"],"inLanguage":"ca"},{"@type":"WebPage","@id":"https:\/\/www.aribau.es\/bach-una-bodega-con-mas-de-un-siglo-de-historia\/","url":"https:\/\/www.aribau.es\/bach-una-bodega-con-mas-de-un-siglo-de-historia\/","name":"BACH, UNA BODEGA CON M\u00c1S DE UN SIGLO DE HISTORIA - Aribau","isPartOf":{"@id":"https:\/\/www.aribau.es\/#website"},"primaryImageOfPage":{"@id":"https:\/\/www.aribau.es\/bach-una-bodega-con-mas-de-un-siglo-de-historia\/#primaryimage"},"image":{"@id":"https:\/\/www.aribau.es\/bach-una-bodega-con-mas-de-un-siglo-de-historia\/#primaryimage"},"thumbnailUrl":"https:\/\/www.aribau.es\/wp-content\/uploads\/2019\/03\/extrisimo_seco_tinto_aribau.png","datePublished":"2019-03-14T09:01:00+00:00","dateModified":"2021-04-26T10:41:36+00:00","breadcrumb":{"@id":"https:\/\/www.aribau.es\/bach-una-bodega-con-mas-de-un-siglo-de-historia\/#breadcrumb"},"inLanguage":"ca","potentialAction":[{"@type":"ReadAction","target":["https:\/\/www.aribau.es\/bach-una-bodega-con-mas-de-un-siglo-de-historia\/"]}]},{"@type":"ImageObject","inLanguage":"ca","@id":"https:\/\/www.aribau.es\/bach-una-bodega-con-mas-de-un-siglo-de-historia\/#primaryimage","url":"https:\/\/www.aribau.es\/wp-content\/uploads\/2019\/03\/extrisimo_seco_tinto_aribau.png","contentUrl":"https:\/\/www.aribau.es\/wp-content\/uploads\/2019\/03\/extrisimo_seco_tinto_aribau.png"},{"@type":"BreadcrumbList","@id":"https:\/\/www.aribau.es\/bach-una-bodega-con-mas-de-un-siglo-de-historia\/#breadcrumb","itemListElement":[{"@type":"ListItem","position":1,"name":"Portada","item":"https:\/\/www.aribau.es\/"},{"@type":"ListItem","position":2,"name":"BACH, UNA BODEGA CON M\u00c1S DE UN SIGLO DE HISTORIA"}]},{"@type":"WebSite","@id":"https:\/\/www.aribau.es\/#website","url":"https:\/\/www.aribau.es\/","name":"Aribau","description":"VINOS Y BODEGAS","publisher":{"@id":"https:\/\/www.aribau.es\/#organization"},"potentialAction":[{"@type":"SearchAction","target":{"@type":"EntryPoint","urlTemplate":"https:\/\/www.aribau.es\/?s={search_term_string}"},"query-input":{"@type":"PropertyValueSpecification","valueRequired":true,"valueName":"search_term_string"}}],"inLanguage":"ca"},{"@type":"Organization","@id":"https:\/\/www.aribau.es\/#organization","name":"Aribau","url":"https:\/\/www.aribau.es\/","logo":{"@type":"ImageObject","inLanguage":"ca","@id":"https:\/\/www.aribau.es\/#\/schema\/logo\/image\/","url":"https:\/\/www.aribau.es\/wp-content\/uploads\/2022\/03\/logo.png","contentUrl":"https:\/\/www.aribau.es\/wp-content\/uploads\/2022\/03\/logo.png","width":300,"height":300,"caption":"Aribau"},"image":{"@id":"https:\/\/www.aribau.es\/#\/schema\/logo\/image\/"},"sameAs":["https:\/\/www.facebook.com\/aribau1964\/","https:\/\/x.com\/aribau1964","https:\/\/www.instagram.com\/aribau1964\/"]},{"@type":"Person","@id":"https:\/\/www.aribau.es\/#\/schema\/person\/77a976898b3c705ed016499633f4ffd0","name":"aribau","image":{"@type":"ImageObject","inLanguage":"ca","@id":"https:\/\/www.aribau.es\/#\/schema\/person\/image\/","url":"https:\/\/secure.gravatar.com\/avatar\/6690491f832d5b32aa9482b978c9464816810fbff0f6658034a34c9d9657b94e?s=96&d=mm&r=g","contentUrl":"https:\/\/secure.gravatar.com\/avatar\/6690491f832d5b32aa9482b978c9464816810fbff0f6658034a34c9d9657b94e?s=96&d=mm&r=g","caption":"aribau"},"url":"https:\/\/www.aribau.es\/ca\/author\/aribau\/"}]}},"_links":{"self":[{"href":"https:\/\/www.aribau.es\/ca\/wp-json\/wp\/v2\/posts\/6320","targetHints":{"allow":["GET"]}}],"collection":[{"href":"https:\/\/www.aribau.es\/ca\/wp-json\/wp\/v2\/posts"}],"about":[{"href":"https:\/\/www.aribau.es\/ca\/wp-json\/wp\/v2\/types\/post"}],"author":[{"embeddable":true,"href":"https:\/\/www.aribau.es\/ca\/wp-json\/wp\/v2\/users\/3"}],"replies":[{"embeddable":true,"href":"https:\/\/www.aribau.es\/ca\/wp-json\/wp\/v2\/comments?post=6320"}],"version-history":[{"count":9,"href":"https:\/\/www.aribau.es\/ca\/wp-json\/wp\/v2\/posts\/6320\/revisions"}],"predecessor-version":[{"id":10030,"href":"https:\/\/www.aribau.es\/ca\/wp-json\/wp\/v2\/posts\/6320\/revisions\/10030"}],"wp:attachment":[{"href":"https:\/\/www.aribau.es\/ca\/wp-json\/wp\/v2\/media?parent=6320"}],"wp:term":[{"taxonomy":"category","embeddable":true,"href":"https:\/\/www.aribau.es\/ca\/wp-json\/wp\/v2\/categories?post=6320"},{"taxonomy":"post_tag","embeddable":true,"href":"https:\/\/www.aribau.es\/ca\/wp-json\/wp\/v2\/tags?post=6320"}],"curies":[{"name":"wp","href":"https:\/\/api.w.org\/{rel}","templated":true}]}}