{"id":6337,"date":"2019-03-28T10:01:47","date_gmt":"2019-03-28T09:01:47","guid":{"rendered":"https:\/\/www.aribau.es\/?p=6337"},"modified":"2021-04-26T11:35:31","modified_gmt":"2021-04-26T10:35:31","slug":"vina-pomal-blanco-de-bodegas-bilbainas","status":"publish","type":"post","link":"https:\/\/www.aribau.es\/ca\/vina-pomal-blanco-de-bodegas-bilbainas\/","title":{"rendered":"\u2018VI\u00d1A POMAL BLANC\u2019, DE BODEGAS BILBA\u00cdNAS"},"content":{"rendered":"<p><strong><em>Vi<\/em><\/strong><strong><em>\u00f1<\/em><\/strong><strong><em>a Pomal Blanco<\/em><\/strong> es un buen reflejo de la tradici\u00f3n vitivin\u00edcola de La Rioja Alta en la elaboraci\u00f3n de vinos blancos frescos y equilibrados.<\/p>\n<p>La finca en la que crecen las vi\u00f1as de Viura y Malvas\u00eda con las que se elabora este vino se encuentra lindando con el r\u00edo Ebro. Una zona lim\u00edtrofe en la que confluyen las influencias atl\u00e1nticas y mediterr\u00e1neas que le aportan la finura y la expresi\u00f3n arom\u00e1tica a la uva.<\/p>\n<p><!--more--><\/p>\n<p>Con un 70% de Viura y un 30% de Malvas\u00eda, la primera aporta la base del vino, d\u00e1ndole peso y sutileza, mientras que la Malvas\u00eda le da la chispa necesaria para que el vino gane frescura y elegancia.<\/p>\n<p>El mosto con el que se elabora <em>Vi<\/em><em>\u00f1<\/em><em>a Pomal Blanco<\/em> fermenta en barricas nuevas de roble americano y franc\u00e9s (50\/50) durante 4 meses en contacto con sus l\u00edas, de manera que el vino aumenta en complejidad y ampl\u00eda su volumen en boca. El paso por botella durante un a\u00f1o m\u00e1s le har\u00e1 ganar a\u00fan m\u00e1s complejidad.<\/p>\n<p>El resultado final es un vino de color amarillo p\u00e1lido con tonos grises y ligeramente acerados. En nariz es de una intensidad arom\u00e1tica alta, con recuerdos a piel de c\u00edtricos, hinojo, frutas de hueso y un ligero tostado que le otorga el paso por barrica. En boca tiene una entrada suave y con volumen.<\/p>\n<p><em>Vi<\/em><em>\u00f1<\/em><em>a Pomal Blanco<\/em> resulta un acompa\u00f1ante ideal para platos como pescados y mariscos, pero tambi\u00e9n para platos m\u00e1s suaves como verduras, cremas y quesos.<\/p>\n<p>&nbsp;<\/p>\n<p><strong>Sobre el celler<\/strong><\/p>\n<p><strong><a href=\"https:\/\/www.aribau.es\/wp-content\/uploads\/2016\/04\/bilbainas-1.png\"><img fetchpriority=\"high\" decoding=\"async\" class=\"alignleft size-full wp-image-4616\" src=\"https:\/\/www.aribau.es\/wp-content\/uploads\/2016\/04\/bilbainas-1.png\" alt=\"\" width=\"1140\" height=\"713\" \/><\/a><a href=\"http:\/\/www.bodegasbilbainas.com\/\" target=\"_blank\" rel=\"noopener\">Bodegas Bilba\u00ednas<\/a><\/strong> cuenta con uno de los vi\u00f1edos m\u00e1s extensos de toda La Rioja y sus or\u00edgenes se remontan a 1859, cuando Savignon Fr\u00e8re &amp; Cie lleg\u00f3 a Haro huyendo de la filoxera. Fue en 1901 cuando la bodega adquiri\u00f3 el nombre actual, fruto de la compra por parte de un grupo de empresarios de Bilbao. Bodegas Bilba\u00ednas cuenta adem\u00e1s con una de las mayores superficies de calados subterr\u00e1neos de La Rioja, construidos a finales del siglo XIX, y que constituyen uno de los grandes atractivos del grupo.<\/p>","protected":false},"excerpt":{"rendered":"<p>Vi\u00f1a Pomal Blanco es un buen reflejo de la tradici\u00f3n vitivin\u00edcola de La Rioja Alta en la elaboraci\u00f3n de vinos blancos frescos y equilibrados. La finca en la que crecen las vi\u00f1as de Viura y Malvas\u00eda con las que se elabora este vino se encuentra lindando con el r\u00edo Ebro. Una zona lim\u00edtrofe en la &#8230; <a title=\"\u2018VI\u00d1A POMAL BLANC\u2019, DE BODEGAS BILBA\u00cdNAS\" class=\"read-more\" href=\"https:\/\/www.aribau.es\/ca\/vina-pomal-blanco-de-bodegas-bilbainas\/\" aria-label=\"M\u00e9s informaci\u00f3 sobre \u2018VI\u00d1A POMAL BLANCO\u2019, DE BODEGAS BILBA\u00cdNAS\">Llegiu m\u00e9s<\/a><\/p>","protected":false},"author":3,"featured_media":6339,"comment_status":"closed","ping_status":"closed","sticky":false,"template":"","format":"standard","meta":{"footnotes":""},"categories":[406],"tags":[376,461],"class_list":["post-6337","post","type-post","status-publish","format-standard","has-post-thumbnail","hentry","category-noticias","tag-bodegas-bilbainas","tag-vina-pomal"],"yoast_head":"<!-- This site is optimized with the Yoast SEO plugin v26.7 - https:\/\/yoast.com\/wordpress\/plugins\/seo\/ -->\n<title>\u2018VI\u00d1A POMAL BLANCO\u2019, DE BODEGAS BILBA\u00cdNAS - Aribau<\/title>\n<meta name=\"robots\" content=\"index, follow, max-snippet:-1, max-image-preview:large, max-video-preview:-1\" \/>\n<link rel=\"canonical\" href=\"https:\/\/www.aribau.es\/ca\/vina-pomal-blanco-de-bodegas-bilbainas\/\" \/>\n<meta property=\"og:locale\" content=\"ca_ES\" \/>\n<meta property=\"og:type\" content=\"article\" \/>\n<meta property=\"og:title\" content=\"\u2018VI\u00d1A POMAL BLANCO\u2019, DE BODEGAS BILBA\u00cdNAS - Aribau\" \/>\n<meta property=\"og:description\" content=\"Vi\u00f1a Pomal Blanco es un buen reflejo de la tradici\u00f3n vitivin\u00edcola de La Rioja Alta en la elaboraci\u00f3n de vinos blancos frescos y equilibrados. La finca en la que crecen las vi\u00f1as de Viura y Malvas\u00eda con las que se elabora este vino se encuentra lindando con el r\u00edo Ebro. Una zona lim\u00edtrofe en la ... Llegiu m\u00e9s\" \/>\n<meta property=\"og:url\" content=\"https:\/\/www.aribau.es\/ca\/vina-pomal-blanco-de-bodegas-bilbainas\/\" \/>\n<meta property=\"og:site_name\" content=\"Aribau\" \/>\n<meta property=\"article:publisher\" content=\"https:\/\/www.facebook.com\/aribau1964\/\" \/>\n<meta property=\"article:published_time\" content=\"2019-03-28T09:01:47+00:00\" \/>\n<meta property=\"article:modified_time\" content=\"2021-04-26T10:35:31+00:00\" \/>\n<meta property=\"og:image\" content=\"https:\/\/www.aribau.es\/wp-content\/uploads\/2019\/03\/pomal_blanco_aribau.png\" \/>\n\t<meta property=\"og:image:width\" content=\"1199\" \/>\n\t<meta property=\"og:image:height\" content=\"419\" \/>\n\t<meta property=\"og:image:type\" content=\"image\/png\" \/>\n<meta name=\"author\" content=\"aribau\" \/>\n<meta name=\"twitter:card\" content=\"summary_large_image\" \/>\n<meta name=\"twitter:creator\" content=\"@aribau1964\" \/>\n<meta name=\"twitter:site\" content=\"@aribau1964\" \/>\n<meta name=\"twitter:label1\" content=\"Escrit per\" \/>\n\t<meta name=\"twitter:data1\" content=\"aribau\" \/>\n\t<meta name=\"twitter:label2\" content=\"Temps estimat de lectura\" \/>\n\t<meta name=\"twitter:data2\" content=\"2 minuts\" \/>\n<script type=\"application\/ld+json\" class=\"yoast-schema-graph\">{\"@context\":\"https:\/\/schema.org\",\"@graph\":[{\"@type\":\"Article\",\"@id\":\"https:\/\/www.aribau.es\/ca\/vina-pomal-blanco-de-bodegas-bilbainas\/#article\",\"isPartOf\":{\"@id\":\"https:\/\/www.aribau.es\/ca\/vina-pomal-blanco-de-bodegas-bilbainas\/\"},\"author\":{\"name\":\"aribau\",\"@id\":\"https:\/\/www.aribau.es\/#\/schema\/person\/77a976898b3c705ed016499633f4ffd0\"},\"headline\":\"\u2018VI\u00d1A POMAL BLANCO\u2019, DE BODEGAS BILBA\u00cdNAS\",\"datePublished\":\"2019-03-28T09:01:47+00:00\",\"dateModified\":\"2021-04-26T10:35:31+00:00\",\"mainEntityOfPage\":{\"@id\":\"https:\/\/www.aribau.es\/ca\/vina-pomal-blanco-de-bodegas-bilbainas\/\"},\"wordCount\":378,\"publisher\":{\"@id\":\"https:\/\/www.aribau.es\/#organization\"},\"image\":{\"@id\":\"https:\/\/www.aribau.es\/ca\/vina-pomal-blanco-de-bodegas-bilbainas\/#primaryimage\"},\"thumbnailUrl\":\"https:\/\/www.aribau.es\/wp-content\/uploads\/2019\/03\/pomal_blanco_aribau.png\",\"keywords\":[\"Bodegas Bilba\u00ednas\",\"Vi\u00f1a Pomal\"],\"articleSection\":[\"Noticias\"],\"inLanguage\":\"ca\"},{\"@type\":\"WebPage\",\"@id\":\"https:\/\/www.aribau.es\/ca\/vina-pomal-blanco-de-bodegas-bilbainas\/\",\"url\":\"https:\/\/www.aribau.es\/ca\/vina-pomal-blanco-de-bodegas-bilbainas\/\",\"name\":\"\u2018VI\u00d1A POMAL BLANCO\u2019, DE BODEGAS BILBA\u00cdNAS - Aribau\",\"isPartOf\":{\"@id\":\"https:\/\/www.aribau.es\/#website\"},\"primaryImageOfPage\":{\"@id\":\"https:\/\/www.aribau.es\/ca\/vina-pomal-blanco-de-bodegas-bilbainas\/#primaryimage\"},\"image\":{\"@id\":\"https:\/\/www.aribau.es\/ca\/vina-pomal-blanco-de-bodegas-bilbainas\/#primaryimage\"},\"thumbnailUrl\":\"https:\/\/www.aribau.es\/wp-content\/uploads\/2019\/03\/pomal_blanco_aribau.png\",\"datePublished\":\"2019-03-28T09:01:47+00:00\",\"dateModified\":\"2021-04-26T10:35:31+00:00\",\"breadcrumb\":{\"@id\":\"https:\/\/www.aribau.es\/ca\/vina-pomal-blanco-de-bodegas-bilbainas\/#breadcrumb\"},\"inLanguage\":\"ca\",\"potentialAction\":[{\"@type\":\"ReadAction\",\"target\":[\"https:\/\/www.aribau.es\/ca\/vina-pomal-blanco-de-bodegas-bilbainas\/\"]}]},{\"@type\":\"ImageObject\",\"inLanguage\":\"ca\",\"@id\":\"https:\/\/www.aribau.es\/ca\/vina-pomal-blanco-de-bodegas-bilbainas\/#primaryimage\",\"url\":\"https:\/\/www.aribau.es\/wp-content\/uploads\/2019\/03\/pomal_blanco_aribau.png\",\"contentUrl\":\"https:\/\/www.aribau.es\/wp-content\/uploads\/2019\/03\/pomal_blanco_aribau.png\",\"width\":1199,\"height\":419},{\"@type\":\"BreadcrumbList\",\"@id\":\"https:\/\/www.aribau.es\/ca\/vina-pomal-blanco-de-bodegas-bilbainas\/#breadcrumb\",\"itemListElement\":[{\"@type\":\"ListItem\",\"position\":1,\"name\":\"Portada\",\"item\":\"https:\/\/www.aribau.es\/\"},{\"@type\":\"ListItem\",\"position\":2,\"name\":\"\u2018VI\u00d1A POMAL BLANCO\u2019, DE BODEGAS BILBA\u00cdNAS\"}]},{\"@type\":\"WebSite\",\"@id\":\"https:\/\/www.aribau.es\/#website\",\"url\":\"https:\/\/www.aribau.es\/\",\"name\":\"Aribau\",\"description\":\"VINOS Y BODEGAS\",\"publisher\":{\"@id\":\"https:\/\/www.aribau.es\/#organization\"},\"potentialAction\":[{\"@type\":\"SearchAction\",\"target\":{\"@type\":\"EntryPoint\",\"urlTemplate\":\"https:\/\/www.aribau.es\/?s={search_term_string}\"},\"query-input\":{\"@type\":\"PropertyValueSpecification\",\"valueRequired\":true,\"valueName\":\"search_term_string\"}}],\"inLanguage\":\"ca\"},{\"@type\":\"Organization\",\"@id\":\"https:\/\/www.aribau.es\/#organization\",\"name\":\"Aribau\",\"url\":\"https:\/\/www.aribau.es\/\",\"logo\":{\"@type\":\"ImageObject\",\"inLanguage\":\"ca\",\"@id\":\"https:\/\/www.aribau.es\/#\/schema\/logo\/image\/\",\"url\":\"https:\/\/www.aribau.es\/wp-content\/uploads\/2022\/03\/logo.png\",\"contentUrl\":\"https:\/\/www.aribau.es\/wp-content\/uploads\/2022\/03\/logo.png\",\"width\":300,\"height\":300,\"caption\":\"Aribau\"},\"image\":{\"@id\":\"https:\/\/www.aribau.es\/#\/schema\/logo\/image\/\"},\"sameAs\":[\"https:\/\/www.facebook.com\/aribau1964\/\",\"https:\/\/x.com\/aribau1964\",\"https:\/\/www.instagram.com\/aribau1964\/\"]},{\"@type\":\"Person\",\"@id\":\"https:\/\/www.aribau.es\/#\/schema\/person\/77a976898b3c705ed016499633f4ffd0\",\"name\":\"aribau\",\"image\":{\"@type\":\"ImageObject\",\"inLanguage\":\"ca\",\"@id\":\"https:\/\/www.aribau.es\/#\/schema\/person\/image\/\",\"url\":\"https:\/\/secure.gravatar.com\/avatar\/6690491f832d5b32aa9482b978c9464816810fbff0f6658034a34c9d9657b94e?s=96&d=mm&r=g\",\"contentUrl\":\"https:\/\/secure.gravatar.com\/avatar\/6690491f832d5b32aa9482b978c9464816810fbff0f6658034a34c9d9657b94e?s=96&d=mm&r=g\",\"caption\":\"aribau\"},\"url\":\"https:\/\/www.aribau.es\/ca\/author\/aribau\/\"}]}<\/script>\n<!-- \/ Yoast SEO plugin. -->","yoast_head_json":{"title":"\u2018VI\u00d1A POMAL BLANCO\u2019, DE BODEGAS BILBA\u00cdNAS - Aribau","robots":{"index":"index","follow":"follow","max-snippet":"max-snippet:-1","max-image-preview":"max-image-preview:large","max-video-preview":"max-video-preview:-1"},"canonical":"https:\/\/www.aribau.es\/ca\/vina-pomal-blanco-de-bodegas-bilbainas\/","og_locale":"ca_ES","og_type":"article","og_title":"\u2018VI\u00d1A POMAL BLANCO\u2019, DE BODEGAS BILBA\u00cdNAS - Aribau","og_description":"Vi\u00f1a Pomal Blanco es un buen reflejo de la tradici\u00f3n vitivin\u00edcola de La Rioja Alta en la elaboraci\u00f3n de vinos blancos frescos y equilibrados. La finca en la que crecen las vi\u00f1as de Viura y Malvas\u00eda con las que se elabora este vino se encuentra lindando con el r\u00edo Ebro. Una zona lim\u00edtrofe en la ... Llegiu m\u00e9s","og_url":"https:\/\/www.aribau.es\/ca\/vina-pomal-blanco-de-bodegas-bilbainas\/","og_site_name":"Aribau","article_publisher":"https:\/\/www.facebook.com\/aribau1964\/","article_published_time":"2019-03-28T09:01:47+00:00","article_modified_time":"2021-04-26T10:35:31+00:00","og_image":[{"width":1199,"height":419,"url":"https:\/\/www.aribau.es\/wp-content\/uploads\/2019\/03\/pomal_blanco_aribau.png","type":"image\/png"}],"author":"aribau","twitter_card":"summary_large_image","twitter_creator":"@aribau1964","twitter_site":"@aribau1964","twitter_misc":{"Escrit per":"aribau","Temps estimat de lectura":"2 minuts"},"schema":{"@context":"https:\/\/schema.org","@graph":[{"@type":"Article","@id":"https:\/\/www.aribau.es\/ca\/vina-pomal-blanco-de-bodegas-bilbainas\/#article","isPartOf":{"@id":"https:\/\/www.aribau.es\/ca\/vina-pomal-blanco-de-bodegas-bilbainas\/"},"author":{"name":"aribau","@id":"https:\/\/www.aribau.es\/#\/schema\/person\/77a976898b3c705ed016499633f4ffd0"},"headline":"\u2018VI\u00d1A POMAL BLANCO\u2019, DE BODEGAS BILBA\u00cdNAS","datePublished":"2019-03-28T09:01:47+00:00","dateModified":"2021-04-26T10:35:31+00:00","mainEntityOfPage":{"@id":"https:\/\/www.aribau.es\/ca\/vina-pomal-blanco-de-bodegas-bilbainas\/"},"wordCount":378,"publisher":{"@id":"https:\/\/www.aribau.es\/#organization"},"image":{"@id":"https:\/\/www.aribau.es\/ca\/vina-pomal-blanco-de-bodegas-bilbainas\/#primaryimage"},"thumbnailUrl":"https:\/\/www.aribau.es\/wp-content\/uploads\/2019\/03\/pomal_blanco_aribau.png","keywords":["Bodegas Bilba\u00ednas","Vi\u00f1a Pomal"],"articleSection":["Noticias"],"inLanguage":"ca"},{"@type":"WebPage","@id":"https:\/\/www.aribau.es\/ca\/vina-pomal-blanco-de-bodegas-bilbainas\/","url":"https:\/\/www.aribau.es\/ca\/vina-pomal-blanco-de-bodegas-bilbainas\/","name":"\u2018VI\u00d1A POMAL BLANCO\u2019, DE BODEGAS BILBA\u00cdNAS - Aribau","isPartOf":{"@id":"https:\/\/www.aribau.es\/#website"},"primaryImageOfPage":{"@id":"https:\/\/www.aribau.es\/ca\/vina-pomal-blanco-de-bodegas-bilbainas\/#primaryimage"},"image":{"@id":"https:\/\/www.aribau.es\/ca\/vina-pomal-blanco-de-bodegas-bilbainas\/#primaryimage"},"thumbnailUrl":"https:\/\/www.aribau.es\/wp-content\/uploads\/2019\/03\/pomal_blanco_aribau.png","datePublished":"2019-03-28T09:01:47+00:00","dateModified":"2021-04-26T10:35:31+00:00","breadcrumb":{"@id":"https:\/\/www.aribau.es\/ca\/vina-pomal-blanco-de-bodegas-bilbainas\/#breadcrumb"},"inLanguage":"ca","potentialAction":[{"@type":"ReadAction","target":["https:\/\/www.aribau.es\/ca\/vina-pomal-blanco-de-bodegas-bilbainas\/"]}]},{"@type":"ImageObject","inLanguage":"ca","@id":"https:\/\/www.aribau.es\/ca\/vina-pomal-blanco-de-bodegas-bilbainas\/#primaryimage","url":"https:\/\/www.aribau.es\/wp-content\/uploads\/2019\/03\/pomal_blanco_aribau.png","contentUrl":"https:\/\/www.aribau.es\/wp-content\/uploads\/2019\/03\/pomal_blanco_aribau.png","width":1199,"height":419},{"@type":"BreadcrumbList","@id":"https:\/\/www.aribau.es\/ca\/vina-pomal-blanco-de-bodegas-bilbainas\/#breadcrumb","itemListElement":[{"@type":"ListItem","position":1,"name":"Portada","item":"https:\/\/www.aribau.es\/"},{"@type":"ListItem","position":2,"name":"\u2018VI\u00d1A POMAL BLANCO\u2019, DE BODEGAS BILBA\u00cdNAS"}]},{"@type":"WebSite","@id":"https:\/\/www.aribau.es\/#website","url":"https:\/\/www.aribau.es\/","name":"Aribau","description":"VINOS Y BODEGAS","publisher":{"@id":"https:\/\/www.aribau.es\/#organization"},"potentialAction":[{"@type":"SearchAction","target":{"@type":"EntryPoint","urlTemplate":"https:\/\/www.aribau.es\/?s={search_term_string}"},"query-input":{"@type":"PropertyValueSpecification","valueRequired":true,"valueName":"search_term_string"}}],"inLanguage":"ca"},{"@type":"Organization","@id":"https:\/\/www.aribau.es\/#organization","name":"Aribau","url":"https:\/\/www.aribau.es\/","logo":{"@type":"ImageObject","inLanguage":"ca","@id":"https:\/\/www.aribau.es\/#\/schema\/logo\/image\/","url":"https:\/\/www.aribau.es\/wp-content\/uploads\/2022\/03\/logo.png","contentUrl":"https:\/\/www.aribau.es\/wp-content\/uploads\/2022\/03\/logo.png","width":300,"height":300,"caption":"Aribau"},"image":{"@id":"https:\/\/www.aribau.es\/#\/schema\/logo\/image\/"},"sameAs":["https:\/\/www.facebook.com\/aribau1964\/","https:\/\/x.com\/aribau1964","https:\/\/www.instagram.com\/aribau1964\/"]},{"@type":"Person","@id":"https:\/\/www.aribau.es\/#\/schema\/person\/77a976898b3c705ed016499633f4ffd0","name":"aribau","image":{"@type":"ImageObject","inLanguage":"ca","@id":"https:\/\/www.aribau.es\/#\/schema\/person\/image\/","url":"https:\/\/secure.gravatar.com\/avatar\/6690491f832d5b32aa9482b978c9464816810fbff0f6658034a34c9d9657b94e?s=96&d=mm&r=g","contentUrl":"https:\/\/secure.gravatar.com\/avatar\/6690491f832d5b32aa9482b978c9464816810fbff0f6658034a34c9d9657b94e?s=96&d=mm&r=g","caption":"aribau"},"url":"https:\/\/www.aribau.es\/ca\/author\/aribau\/"}]}},"_links":{"self":[{"href":"https:\/\/www.aribau.es\/ca\/wp-json\/wp\/v2\/posts\/6337","targetHints":{"allow":["GET"]}}],"collection":[{"href":"https:\/\/www.aribau.es\/ca\/wp-json\/wp\/v2\/posts"}],"about":[{"href":"https:\/\/www.aribau.es\/ca\/wp-json\/wp\/v2\/types\/post"}],"author":[{"embeddable":true,"href":"https:\/\/www.aribau.es\/ca\/wp-json\/wp\/v2\/users\/3"}],"replies":[{"embeddable":true,"href":"https:\/\/www.aribau.es\/ca\/wp-json\/wp\/v2\/comments?post=6337"}],"version-history":[{"count":4,"href":"https:\/\/www.aribau.es\/ca\/wp-json\/wp\/v2\/posts\/6337\/revisions"}],"predecessor-version":[{"id":10026,"href":"https:\/\/www.aribau.es\/ca\/wp-json\/wp\/v2\/posts\/6337\/revisions\/10026"}],"wp:featuredmedia":[{"embeddable":true,"href":"https:\/\/www.aribau.es\/ca\/wp-json\/wp\/v2\/media\/6339"}],"wp:attachment":[{"href":"https:\/\/www.aribau.es\/ca\/wp-json\/wp\/v2\/media?parent=6337"}],"wp:term":[{"taxonomy":"category","embeddable":true,"href":"https:\/\/www.aribau.es\/ca\/wp-json\/wp\/v2\/categories?post=6337"},{"taxonomy":"post_tag","embeddable":true,"href":"https:\/\/www.aribau.es\/ca\/wp-json\/wp\/v2\/tags?post=6337"}],"curies":[{"name":"wp","href":"https:\/\/api.w.org\/{rel}","templated":true}]}}