{"id":6341,"date":"2019-04-04T10:01:46","date_gmt":"2019-04-04T09:01:46","guid":{"rendered":"https:\/\/www.aribau.es\/?p=6341"},"modified":"2021-04-26T11:34:40","modified_gmt":"2021-04-26T10:34:40","slug":"25-anos-del-sector-ecologico-en-catalunya-con-la-vina-al-frente","status":"publish","type":"post","link":"https:\/\/www.aribau.es\/ca\/25-anos-del-sector-ecologico-en-catalunya-con-la-vina-al-frente\/","title":{"rendered":"25 ANYS DEL SECTOR ECOL\u00d2GIC A CATALUNYA, AMB LA VINYA AL CAPDAVANT"},"content":{"rendered":"<p>Este a\u00f1o se cumplen 25 a\u00f1os de la creaci\u00f3n del Consejo Catal\u00e1n de la Producci\u00f3n Ecol\u00f3gica por parte del Departamento de Agricultura de la Generalitat de Catalunya. En estos 25 a\u00f1os, el sector ecol\u00f3gico ha ido creciendo de manera exponencial, y la superficie certificada de producci\u00f3n ecol\u00f3gica se ha multiplicado por 42, pasando de las 5.000 hect\u00e1reas iniciales a las 210.000 que hay en la actualidad. As\u00ed mismo, el n\u00famero de operadores de productos ecol\u00f3gicos ha crecido de 236 a 3.859.<\/p>\n<p><!--more--><\/p>\n<p>Solo en 2018 la superficie de producci\u00f3n ecol\u00f3gica creci\u00f3 un 5,02% respecto al a\u00f1o anterior. Y de toda esta superficie, es la vi\u00f1a la que se lleva la parte m\u00e1s grande, con un 41% del terreno. Por lo que respecta a las empresas, dominan las empresas que se dedican a la comercializaci\u00f3n y distribuci\u00f3n de productos ecol\u00f3gicos con un 16,95%, hecho que prueba la constante apuesta del mercado interior por el consumo de este tipo de productos.<\/p>\n<p>En lo que al vino se refiere, las empresas que se dedican a la elaboraci\u00f3n y\/o embotellado de vinos, cavas y espumosos representan el 17,56%, mientras que las que se dedican a la importaci\u00f3n de este tipo de productos suponen un 11,22% del total.<\/p>\n<p>Desde el Departamento de Agricultura aseguran que seguir\u00e1n apostando por este tipo de cultivo para hacer crecer a\u00fan mas las producciones, as\u00ed como el conocimiento y el consumo de los productos agroalimentarios ecol\u00f3gicos como apuesta clara por un futuro m\u00e1s sostenible.<\/p>","protected":false},"excerpt":{"rendered":"<p>Este a\u00f1o se cumplen 25 a\u00f1os de la creaci\u00f3n del Consejo Catal\u00e1n de la Producci\u00f3n Ecol\u00f3gica por parte del Departamento de Agricultura de la Generalitat de Catalunya. En estos 25 a\u00f1os, el sector ecol\u00f3gico ha ido creciendo de manera exponencial, y la superficie certificada de producci\u00f3n ecol\u00f3gica se ha multiplicado por 42, pasando de las &#8230; <a title=\"25 ANYS DEL SECTOR ECOL\u00d2GIC A CATALUNYA, AMB LA VINYA AL CAPDAVANT\" class=\"read-more\" href=\"https:\/\/www.aribau.es\/ca\/25-anos-del-sector-ecologico-en-catalunya-con-la-vina-al-frente\/\" aria-label=\"M\u00e9s informaci\u00f3 sobre 25 A\u00d1OS DEL SECTOR ECOL\u00d3GICO EN CATALUNYA, CON LA VI\u00d1A AL FRENTE\">Llegiu m\u00e9s<\/a><\/p>","protected":false},"author":3,"featured_media":6342,"comment_status":"closed","ping_status":"closed","sticky":false,"template":"","format":"standard","meta":{"footnotes":""},"categories":[406],"tags":[529],"class_list":["post-6341","post","type-post","status-publish","format-standard","has-post-thumbnail","hentry","category-noticias","tag-ecologico"],"yoast_head":"<!-- This site is optimized with the Yoast SEO plugin v26.7 - https:\/\/yoast.com\/wordpress\/plugins\/seo\/ -->\n<title>25 A\u00d1OS DEL SECTOR ECOL\u00d3GICO EN CATALUNYA, CON LA VI\u00d1A AL FRENTE - Aribau<\/title>\n<meta name=\"robots\" content=\"index, follow, max-snippet:-1, max-image-preview:large, max-video-preview:-1\" \/>\n<link rel=\"canonical\" href=\"https:\/\/www.aribau.es\/ca\/25-anos-del-sector-ecologico-en-catalunya-con-la-vina-al-frente\/\" \/>\n<meta property=\"og:locale\" content=\"ca_ES\" \/>\n<meta property=\"og:type\" content=\"article\" \/>\n<meta property=\"og:title\" content=\"25 A\u00d1OS DEL SECTOR ECOL\u00d3GICO EN CATALUNYA, CON LA VI\u00d1A AL FRENTE - Aribau\" \/>\n<meta property=\"og:description\" content=\"Este a\u00f1o se cumplen 25 a\u00f1os de la creaci\u00f3n del Consejo Catal\u00e1n de la Producci\u00f3n Ecol\u00f3gica por parte del Departamento de Agricultura de la Generalitat de Catalunya. En estos 25 a\u00f1os, el sector ecol\u00f3gico ha ido creciendo de manera exponencial, y la superficie certificada de producci\u00f3n ecol\u00f3gica se ha multiplicado por 42, pasando de las ... Llegiu m\u00e9s\" \/>\n<meta property=\"og:url\" content=\"https:\/\/www.aribau.es\/ca\/25-anos-del-sector-ecologico-en-catalunya-con-la-vina-al-frente\/\" \/>\n<meta property=\"og:site_name\" content=\"Aribau\" \/>\n<meta property=\"article:publisher\" content=\"https:\/\/www.facebook.com\/aribau1964\/\" \/>\n<meta property=\"article:published_time\" content=\"2019-04-04T09:01:46+00:00\" \/>\n<meta property=\"article:modified_time\" content=\"2021-04-26T10:34:40+00:00\" \/>\n<meta property=\"og:image\" content=\"https:\/\/www.aribau.es\/wp-content\/uploads\/2019\/04\/vinya-aribau.jpg\" \/>\n\t<meta property=\"og:image:width\" content=\"1200\" \/>\n\t<meta property=\"og:image:height\" content=\"800\" \/>\n\t<meta property=\"og:image:type\" content=\"image\/jpeg\" \/>\n<meta name=\"author\" content=\"aribau\" \/>\n<meta name=\"twitter:card\" content=\"summary_large_image\" \/>\n<meta name=\"twitter:creator\" content=\"@aribau1964\" \/>\n<meta name=\"twitter:site\" content=\"@aribau1964\" \/>\n<meta name=\"twitter:label1\" content=\"Escrit per\" \/>\n\t<meta name=\"twitter:data1\" content=\"aribau\" \/>\n\t<meta name=\"twitter:label2\" content=\"Temps estimat de lectura\" \/>\n\t<meta name=\"twitter:data2\" content=\"1 minut\" \/>\n<script type=\"application\/ld+json\" class=\"yoast-schema-graph\">{\"@context\":\"https:\/\/schema.org\",\"@graph\":[{\"@type\":\"Article\",\"@id\":\"https:\/\/www.aribau.es\/25-anos-del-sector-ecologico-en-catalunya-con-la-vina-al-frente\/#article\",\"isPartOf\":{\"@id\":\"https:\/\/www.aribau.es\/25-anos-del-sector-ecologico-en-catalunya-con-la-vina-al-frente\/\"},\"author\":{\"name\":\"aribau\",\"@id\":\"https:\/\/www.aribau.es\/#\/schema\/person\/77a976898b3c705ed016499633f4ffd0\"},\"headline\":\"25 A\u00d1OS DEL SECTOR ECOL\u00d3GICO EN CATALUNYA, CON LA VI\u00d1A AL FRENTE\",\"datePublished\":\"2019-04-04T09:01:46+00:00\",\"dateModified\":\"2021-04-26T10:34:40+00:00\",\"mainEntityOfPage\":{\"@id\":\"https:\/\/www.aribau.es\/25-anos-del-sector-ecologico-en-catalunya-con-la-vina-al-frente\/\"},\"wordCount\":272,\"publisher\":{\"@id\":\"https:\/\/www.aribau.es\/#organization\"},\"image\":{\"@id\":\"https:\/\/www.aribau.es\/25-anos-del-sector-ecologico-en-catalunya-con-la-vina-al-frente\/#primaryimage\"},\"thumbnailUrl\":\"https:\/\/www.aribau.es\/wp-content\/uploads\/2019\/04\/vinya-aribau.jpg\",\"keywords\":[\"ecol\u00f3gico\"],\"articleSection\":[\"Noticias\"],\"inLanguage\":\"ca\"},{\"@type\":\"WebPage\",\"@id\":\"https:\/\/www.aribau.es\/25-anos-del-sector-ecologico-en-catalunya-con-la-vina-al-frente\/\",\"url\":\"https:\/\/www.aribau.es\/25-anos-del-sector-ecologico-en-catalunya-con-la-vina-al-frente\/\",\"name\":\"25 A\u00d1OS DEL SECTOR ECOL\u00d3GICO EN CATALUNYA, CON LA VI\u00d1A AL FRENTE - Aribau\",\"isPartOf\":{\"@id\":\"https:\/\/www.aribau.es\/#website\"},\"primaryImageOfPage\":{\"@id\":\"https:\/\/www.aribau.es\/25-anos-del-sector-ecologico-en-catalunya-con-la-vina-al-frente\/#primaryimage\"},\"image\":{\"@id\":\"https:\/\/www.aribau.es\/25-anos-del-sector-ecologico-en-catalunya-con-la-vina-al-frente\/#primaryimage\"},\"thumbnailUrl\":\"https:\/\/www.aribau.es\/wp-content\/uploads\/2019\/04\/vinya-aribau.jpg\",\"datePublished\":\"2019-04-04T09:01:46+00:00\",\"dateModified\":\"2021-04-26T10:34:40+00:00\",\"breadcrumb\":{\"@id\":\"https:\/\/www.aribau.es\/25-anos-del-sector-ecologico-en-catalunya-con-la-vina-al-frente\/#breadcrumb\"},\"inLanguage\":\"ca\",\"potentialAction\":[{\"@type\":\"ReadAction\",\"target\":[\"https:\/\/www.aribau.es\/25-anos-del-sector-ecologico-en-catalunya-con-la-vina-al-frente\/\"]}]},{\"@type\":\"ImageObject\",\"inLanguage\":\"ca\",\"@id\":\"https:\/\/www.aribau.es\/25-anos-del-sector-ecologico-en-catalunya-con-la-vina-al-frente\/#primaryimage\",\"url\":\"https:\/\/www.aribau.es\/wp-content\/uploads\/2019\/04\/vinya-aribau.jpg\",\"contentUrl\":\"https:\/\/www.aribau.es\/wp-content\/uploads\/2019\/04\/vinya-aribau.jpg\",\"width\":1200,\"height\":800},{\"@type\":\"BreadcrumbList\",\"@id\":\"https:\/\/www.aribau.es\/25-anos-del-sector-ecologico-en-catalunya-con-la-vina-al-frente\/#breadcrumb\",\"itemListElement\":[{\"@type\":\"ListItem\",\"position\":1,\"name\":\"Portada\",\"item\":\"https:\/\/www.aribau.es\/\"},{\"@type\":\"ListItem\",\"position\":2,\"name\":\"25 A\u00d1OS DEL SECTOR ECOL\u00d3GICO EN CATALUNYA, CON LA VI\u00d1A AL FRENTE\"}]},{\"@type\":\"WebSite\",\"@id\":\"https:\/\/www.aribau.es\/#website\",\"url\":\"https:\/\/www.aribau.es\/\",\"name\":\"Aribau\",\"description\":\"VINOS Y BODEGAS\",\"publisher\":{\"@id\":\"https:\/\/www.aribau.es\/#organization\"},\"potentialAction\":[{\"@type\":\"SearchAction\",\"target\":{\"@type\":\"EntryPoint\",\"urlTemplate\":\"https:\/\/www.aribau.es\/?s={search_term_string}\"},\"query-input\":{\"@type\":\"PropertyValueSpecification\",\"valueRequired\":true,\"valueName\":\"search_term_string\"}}],\"inLanguage\":\"ca\"},{\"@type\":\"Organization\",\"@id\":\"https:\/\/www.aribau.es\/#organization\",\"name\":\"Aribau\",\"url\":\"https:\/\/www.aribau.es\/\",\"logo\":{\"@type\":\"ImageObject\",\"inLanguage\":\"ca\",\"@id\":\"https:\/\/www.aribau.es\/#\/schema\/logo\/image\/\",\"url\":\"https:\/\/www.aribau.es\/wp-content\/uploads\/2022\/03\/logo.png\",\"contentUrl\":\"https:\/\/www.aribau.es\/wp-content\/uploads\/2022\/03\/logo.png\",\"width\":300,\"height\":300,\"caption\":\"Aribau\"},\"image\":{\"@id\":\"https:\/\/www.aribau.es\/#\/schema\/logo\/image\/\"},\"sameAs\":[\"https:\/\/www.facebook.com\/aribau1964\/\",\"https:\/\/x.com\/aribau1964\",\"https:\/\/www.instagram.com\/aribau1964\/\"]},{\"@type\":\"Person\",\"@id\":\"https:\/\/www.aribau.es\/#\/schema\/person\/77a976898b3c705ed016499633f4ffd0\",\"name\":\"aribau\",\"image\":{\"@type\":\"ImageObject\",\"inLanguage\":\"ca\",\"@id\":\"https:\/\/www.aribau.es\/#\/schema\/person\/image\/\",\"url\":\"https:\/\/secure.gravatar.com\/avatar\/6690491f832d5b32aa9482b978c9464816810fbff0f6658034a34c9d9657b94e?s=96&d=mm&r=g\",\"contentUrl\":\"https:\/\/secure.gravatar.com\/avatar\/6690491f832d5b32aa9482b978c9464816810fbff0f6658034a34c9d9657b94e?s=96&d=mm&r=g\",\"caption\":\"aribau\"},\"url\":\"https:\/\/www.aribau.es\/ca\/author\/aribau\/\"}]}<\/script>\n<!-- \/ Yoast SEO plugin. -->","yoast_head_json":{"title":"25 A\u00d1OS DEL SECTOR ECOL\u00d3GICO EN CATALUNYA, CON LA VI\u00d1A AL FRENTE - Aribau","robots":{"index":"index","follow":"follow","max-snippet":"max-snippet:-1","max-image-preview":"max-image-preview:large","max-video-preview":"max-video-preview:-1"},"canonical":"https:\/\/www.aribau.es\/ca\/25-anos-del-sector-ecologico-en-catalunya-con-la-vina-al-frente\/","og_locale":"ca_ES","og_type":"article","og_title":"25 A\u00d1OS DEL SECTOR ECOL\u00d3GICO EN CATALUNYA, CON LA VI\u00d1A AL FRENTE - Aribau","og_description":"Este a\u00f1o se cumplen 25 a\u00f1os de la creaci\u00f3n del Consejo Catal\u00e1n de la Producci\u00f3n Ecol\u00f3gica por parte del Departamento de Agricultura de la Generalitat de Catalunya. En estos 25 a\u00f1os, el sector ecol\u00f3gico ha ido creciendo de manera exponencial, y la superficie certificada de producci\u00f3n ecol\u00f3gica se ha multiplicado por 42, pasando de las ... Llegiu m\u00e9s","og_url":"https:\/\/www.aribau.es\/ca\/25-anos-del-sector-ecologico-en-catalunya-con-la-vina-al-frente\/","og_site_name":"Aribau","article_publisher":"https:\/\/www.facebook.com\/aribau1964\/","article_published_time":"2019-04-04T09:01:46+00:00","article_modified_time":"2021-04-26T10:34:40+00:00","og_image":[{"width":1200,"height":800,"url":"https:\/\/www.aribau.es\/wp-content\/uploads\/2019\/04\/vinya-aribau.jpg","type":"image\/jpeg"}],"author":"aribau","twitter_card":"summary_large_image","twitter_creator":"@aribau1964","twitter_site":"@aribau1964","twitter_misc":{"Escrit per":"aribau","Temps estimat de lectura":"1 minut"},"schema":{"@context":"https:\/\/schema.org","@graph":[{"@type":"Article","@id":"https:\/\/www.aribau.es\/25-anos-del-sector-ecologico-en-catalunya-con-la-vina-al-frente\/#article","isPartOf":{"@id":"https:\/\/www.aribau.es\/25-anos-del-sector-ecologico-en-catalunya-con-la-vina-al-frente\/"},"author":{"name":"aribau","@id":"https:\/\/www.aribau.es\/#\/schema\/person\/77a976898b3c705ed016499633f4ffd0"},"headline":"25 A\u00d1OS DEL SECTOR ECOL\u00d3GICO EN CATALUNYA, CON LA VI\u00d1A AL FRENTE","datePublished":"2019-04-04T09:01:46+00:00","dateModified":"2021-04-26T10:34:40+00:00","mainEntityOfPage":{"@id":"https:\/\/www.aribau.es\/25-anos-del-sector-ecologico-en-catalunya-con-la-vina-al-frente\/"},"wordCount":272,"publisher":{"@id":"https:\/\/www.aribau.es\/#organization"},"image":{"@id":"https:\/\/www.aribau.es\/25-anos-del-sector-ecologico-en-catalunya-con-la-vina-al-frente\/#primaryimage"},"thumbnailUrl":"https:\/\/www.aribau.es\/wp-content\/uploads\/2019\/04\/vinya-aribau.jpg","keywords":["ecol\u00f3gico"],"articleSection":["Noticias"],"inLanguage":"ca"},{"@type":"WebPage","@id":"https:\/\/www.aribau.es\/25-anos-del-sector-ecologico-en-catalunya-con-la-vina-al-frente\/","url":"https:\/\/www.aribau.es\/25-anos-del-sector-ecologico-en-catalunya-con-la-vina-al-frente\/","name":"25 A\u00d1OS DEL SECTOR ECOL\u00d3GICO EN CATALUNYA, CON LA VI\u00d1A AL FRENTE - Aribau","isPartOf":{"@id":"https:\/\/www.aribau.es\/#website"},"primaryImageOfPage":{"@id":"https:\/\/www.aribau.es\/25-anos-del-sector-ecologico-en-catalunya-con-la-vina-al-frente\/#primaryimage"},"image":{"@id":"https:\/\/www.aribau.es\/25-anos-del-sector-ecologico-en-catalunya-con-la-vina-al-frente\/#primaryimage"},"thumbnailUrl":"https:\/\/www.aribau.es\/wp-content\/uploads\/2019\/04\/vinya-aribau.jpg","datePublished":"2019-04-04T09:01:46+00:00","dateModified":"2021-04-26T10:34:40+00:00","breadcrumb":{"@id":"https:\/\/www.aribau.es\/25-anos-del-sector-ecologico-en-catalunya-con-la-vina-al-frente\/#breadcrumb"},"inLanguage":"ca","potentialAction":[{"@type":"ReadAction","target":["https:\/\/www.aribau.es\/25-anos-del-sector-ecologico-en-catalunya-con-la-vina-al-frente\/"]}]},{"@type":"ImageObject","inLanguage":"ca","@id":"https:\/\/www.aribau.es\/25-anos-del-sector-ecologico-en-catalunya-con-la-vina-al-frente\/#primaryimage","url":"https:\/\/www.aribau.es\/wp-content\/uploads\/2019\/04\/vinya-aribau.jpg","contentUrl":"https:\/\/www.aribau.es\/wp-content\/uploads\/2019\/04\/vinya-aribau.jpg","width":1200,"height":800},{"@type":"BreadcrumbList","@id":"https:\/\/www.aribau.es\/25-anos-del-sector-ecologico-en-catalunya-con-la-vina-al-frente\/#breadcrumb","itemListElement":[{"@type":"ListItem","position":1,"name":"Portada","item":"https:\/\/www.aribau.es\/"},{"@type":"ListItem","position":2,"name":"25 A\u00d1OS DEL SECTOR ECOL\u00d3GICO EN CATALUNYA, CON LA VI\u00d1A AL FRENTE"}]},{"@type":"WebSite","@id":"https:\/\/www.aribau.es\/#website","url":"https:\/\/www.aribau.es\/","name":"Aribau","description":"VINOS Y BODEGAS","publisher":{"@id":"https:\/\/www.aribau.es\/#organization"},"potentialAction":[{"@type":"SearchAction","target":{"@type":"EntryPoint","urlTemplate":"https:\/\/www.aribau.es\/?s={search_term_string}"},"query-input":{"@type":"PropertyValueSpecification","valueRequired":true,"valueName":"search_term_string"}}],"inLanguage":"ca"},{"@type":"Organization","@id":"https:\/\/www.aribau.es\/#organization","name":"Aribau","url":"https:\/\/www.aribau.es\/","logo":{"@type":"ImageObject","inLanguage":"ca","@id":"https:\/\/www.aribau.es\/#\/schema\/logo\/image\/","url":"https:\/\/www.aribau.es\/wp-content\/uploads\/2022\/03\/logo.png","contentUrl":"https:\/\/www.aribau.es\/wp-content\/uploads\/2022\/03\/logo.png","width":300,"height":300,"caption":"Aribau"},"image":{"@id":"https:\/\/www.aribau.es\/#\/schema\/logo\/image\/"},"sameAs":["https:\/\/www.facebook.com\/aribau1964\/","https:\/\/x.com\/aribau1964","https:\/\/www.instagram.com\/aribau1964\/"]},{"@type":"Person","@id":"https:\/\/www.aribau.es\/#\/schema\/person\/77a976898b3c705ed016499633f4ffd0","name":"aribau","image":{"@type":"ImageObject","inLanguage":"ca","@id":"https:\/\/www.aribau.es\/#\/schema\/person\/image\/","url":"https:\/\/secure.gravatar.com\/avatar\/6690491f832d5b32aa9482b978c9464816810fbff0f6658034a34c9d9657b94e?s=96&d=mm&r=g","contentUrl":"https:\/\/secure.gravatar.com\/avatar\/6690491f832d5b32aa9482b978c9464816810fbff0f6658034a34c9d9657b94e?s=96&d=mm&r=g","caption":"aribau"},"url":"https:\/\/www.aribau.es\/ca\/author\/aribau\/"}]}},"_links":{"self":[{"href":"https:\/\/www.aribau.es\/ca\/wp-json\/wp\/v2\/posts\/6341","targetHints":{"allow":["GET"]}}],"collection":[{"href":"https:\/\/www.aribau.es\/ca\/wp-json\/wp\/v2\/posts"}],"about":[{"href":"https:\/\/www.aribau.es\/ca\/wp-json\/wp\/v2\/types\/post"}],"author":[{"embeddable":true,"href":"https:\/\/www.aribau.es\/ca\/wp-json\/wp\/v2\/users\/3"}],"replies":[{"embeddable":true,"href":"https:\/\/www.aribau.es\/ca\/wp-json\/wp\/v2\/comments?post=6341"}],"version-history":[{"count":4,"href":"https:\/\/www.aribau.es\/ca\/wp-json\/wp\/v2\/posts\/6341\/revisions"}],"predecessor-version":[{"id":10024,"href":"https:\/\/www.aribau.es\/ca\/wp-json\/wp\/v2\/posts\/6341\/revisions\/10024"}],"wp:featuredmedia":[{"embeddable":true,"href":"https:\/\/www.aribau.es\/ca\/wp-json\/wp\/v2\/media\/6342"}],"wp:attachment":[{"href":"https:\/\/www.aribau.es\/ca\/wp-json\/wp\/v2\/media?parent=6341"}],"wp:term":[{"taxonomy":"category","embeddable":true,"href":"https:\/\/www.aribau.es\/ca\/wp-json\/wp\/v2\/categories?post=6341"},{"taxonomy":"post_tag","embeddable":true,"href":"https:\/\/www.aribau.es\/ca\/wp-json\/wp\/v2\/tags?post=6341"}],"curies":[{"name":"wp","href":"https:\/\/api.w.org\/{rel}","templated":true}]}}