{"id":6360,"date":"2019-04-25T10:01:38","date_gmt":"2019-04-25T09:01:38","guid":{"rendered":"https:\/\/www.aribau.es\/?p=6360"},"modified":"2021-04-26T11:31:16","modified_gmt":"2021-04-26T10:31:16","slug":"alenza-reserva-2009-de-bodega-condado-de-haza","status":"publish","type":"post","link":"https:\/\/www.aribau.es\/ca\/alenza-reserva-2009-de-bodega-condado-de-haza\/","title":{"rendered":"\u2018ALENZA RESERVA 2009\u2019, DE BODEGA CONDADO DE HAZA"},"content":{"rendered":"<p><strong><em>Alenza Reserva 2009<\/em><\/strong> es un 100% Tempranillo con <strong>Denominaci<\/strong><strong>\u00f3<\/strong><strong>n de Origen Ribera del Duero<\/strong> de la bodega <strong>Condado de Haza<\/strong>, una de las bodegas del grupo <strong><a href=\"https:\/\/www.familiafernandezrivera.com\/\" target=\"_blank\" rel=\"noopener\">Familia Fern\u00e1ndez Rivera<\/a><\/strong>.<\/p>\n<p><em>Alenza Reserva<\/em> es un vino que solo se elabora en a\u00f1adas extraordinarias, hecho que lo hace a\u00fan m\u00e1s especial. Procedente de vi\u00f1edos con una media de edad de 25 a\u00f1os, para su elaboraci\u00f3n se siguen m\u00e9todos tradicionales, fermentando el mosto con el rasp\u00f3n, sin despalillado previo. El envejecimiento se lleva a cabo durante 36 meses en barrica de roble americano para pasar despu\u00e9s otros 36 meses de reposo en botella.<\/p>\n<p><!--more--><\/p>\n<p>De atractivo color rojo granate intenso, en nariz desprende un amplio abanico de aromas a fruta roja madura, como la grosella, y confitura de frutos del bosque mezclados con toques bals\u00e1micos, mentolados y licores de caf\u00e9. Ya en boca se muestra intenso y potente a la vez que amplio y sedoso. Es un vino elegante, dulce y equilibrado con un retrogusto largo en el que vuelven a aparecer sutiles toques mentolados, bals\u00e1micos y a caf\u00e9.<\/p>\n<p>Ideal para acompa\u00f1ar platos de caza menor, carnes rojas, estofados de ave y, sobre todo, cordero asado, se recomienda decantarlo unos 45 minutos antes de servir.<\/p>\n<p><strong>\u00a0<\/strong><\/p>\n<p><strong>Sobre el celler<\/strong><strong><a href=\"https:\/\/www.aribau.es\/wp-content\/uploads\/2019\/04\/condado-de-haza-aribau.jpg\"><img fetchpriority=\"high\" decoding=\"async\" class=\"aligncenter size-large wp-image-6362\" src=\"https:\/\/www.aribau.es\/wp-content\/uploads\/2019\/04\/condado-de-haza-aribau-1024x700.jpg\" alt=\"\" width=\"1024\" height=\"700\" srcset=\"https:\/\/www.aribau.es\/wp-content\/uploads\/2019\/04\/condado-de-haza-aribau.jpg 1024w, https:\/\/www.aribau.es\/wp-content\/uploads\/2019\/04\/condado-de-haza-aribau-300x205.jpg 300w, https:\/\/www.aribau.es\/wp-content\/uploads\/2019\/04\/condado-de-haza-aribau-768x525.jpg 768w\" sizes=\"(max-width: 1024px) 100vw, 1024px\" \/><\/a><\/strong><\/p>\n<p><strong><a href=\"https:\/\/www.familiafernandezrivera.com\/condado-de-haza\/\" target=\"_blank\" rel=\"noopener\">Condado de Haza<\/a><\/strong> es una de las 4 bodegas que conforman el grupo Familia Fern\u00e1ndez Rivera, el legado vin\u00edcola y familiar de Alejandro Fern\u00e1ndez. La bodega, ubicada en Valladolid, es conocida como <em>El Ch\u00e2teau de la Ribera<\/em>, y es una de las grandes bodegas de esta zona vin\u00edcola. Adem\u00e1s de Condado de Haza, el grupo Familia Fern\u00e1ndez Rivera est\u00e1 formado por otras 3 bodegas: Tinto Pesquera, El V\u00ednculo y Dehesa La Granja.<\/p>","protected":false},"excerpt":{"rendered":"<p>Alenza Reserva 2009 es un 100% Tempranillo con Denominaci\u00f3n de Origen Ribera del Duero de la bodega Condado de Haza, una de las bodegas del grupo Familia Fern\u00e1ndez Rivera. Alenza Reserva es un vino que solo se elabora en a\u00f1adas extraordinarias, hecho que lo hace a\u00fan m\u00e1s especial. Procedente de vi\u00f1edos con una media de &#8230; <a title=\"\u2018ALENZA RESERVA 2009\u2019, DE BODEGA CONDADO DE HAZA\" class=\"read-more\" href=\"https:\/\/www.aribau.es\/ca\/alenza-reserva-2009-de-bodega-condado-de-haza\/\" aria-label=\"M\u00e9s informaci\u00f3 sobre \u2018ALENZA RESERVA 2009\u2019, DE BODEGA CONDADO DE HAZA\">Llegiu m\u00e9s<\/a><\/p>","protected":false},"author":3,"featured_media":6361,"comment_status":"closed","ping_status":"closed","sticky":false,"template":"","format":"standard","meta":{"footnotes":""},"categories":[406],"tags":[377,324,548],"class_list":["post-6360","post","type-post","status-publish","format-standard","has-post-thumbnail","hentry","category-noticias","tag-bodegas-condado-de-haza","tag-do-ribera-del-duero","tag-familia-fernandez-rivera"],"yoast_head":"<!-- This site is optimized with the Yoast SEO plugin v26.7 - https:\/\/yoast.com\/wordpress\/plugins\/seo\/ -->\n<title>\u2018ALENZA RESERVA 2009\u2019, DE BODEGA CONDADO DE HAZA - Aribau<\/title>\n<meta name=\"robots\" content=\"index, follow, max-snippet:-1, max-image-preview:large, max-video-preview:-1\" \/>\n<link rel=\"canonical\" href=\"https:\/\/www.aribau.es\/ca\/alenza-reserva-2009-de-bodega-condado-de-haza\/\" \/>\n<meta property=\"og:locale\" content=\"ca_ES\" \/>\n<meta property=\"og:type\" content=\"article\" \/>\n<meta property=\"og:title\" content=\"\u2018ALENZA RESERVA 2009\u2019, DE BODEGA CONDADO DE HAZA - Aribau\" \/>\n<meta property=\"og:description\" content=\"Alenza Reserva 2009 es un 100% Tempranillo con Denominaci\u00f3n de Origen Ribera del Duero de la bodega Condado de Haza, una de las bodegas del grupo Familia Fern\u00e1ndez Rivera. Alenza Reserva es un vino que solo se elabora en a\u00f1adas extraordinarias, hecho que lo hace a\u00fan m\u00e1s especial. Procedente de vi\u00f1edos con una media de ... Llegiu m\u00e9s\" \/>\n<meta property=\"og:url\" content=\"https:\/\/www.aribau.es\/ca\/alenza-reserva-2009-de-bodega-condado-de-haza\/\" \/>\n<meta property=\"og:site_name\" content=\"Aribau\" \/>\n<meta property=\"article:publisher\" content=\"https:\/\/www.facebook.com\/aribau1964\/\" \/>\n<meta property=\"article:published_time\" content=\"2019-04-25T09:01:38+00:00\" \/>\n<meta property=\"article:modified_time\" content=\"2021-04-26T10:31:16+00:00\" \/>\n<meta property=\"og:image\" content=\"https:\/\/www.aribau.es\/wp-content\/uploads\/2019\/04\/Alenza-Gran-Reserva-Aribau.png\" \/>\n\t<meta property=\"og:image:width\" content=\"1000\" \/>\n\t<meta property=\"og:image:height\" content=\"364\" \/>\n\t<meta property=\"og:image:type\" content=\"image\/png\" \/>\n<meta name=\"author\" content=\"aribau\" \/>\n<meta name=\"twitter:card\" content=\"summary_large_image\" \/>\n<meta name=\"twitter:creator\" content=\"@aribau1964\" \/>\n<meta name=\"twitter:site\" content=\"@aribau1964\" \/>\n<meta name=\"twitter:label1\" content=\"Escrit per\" \/>\n\t<meta name=\"twitter:data1\" content=\"aribau\" \/>\n\t<meta name=\"twitter:label2\" content=\"Temps estimat de lectura\" \/>\n\t<meta name=\"twitter:data2\" content=\"1 minut\" \/>\n<script type=\"application\/ld+json\" class=\"yoast-schema-graph\">{\"@context\":\"https:\/\/schema.org\",\"@graph\":[{\"@type\":\"Article\",\"@id\":\"https:\/\/www.aribau.es\/alenza-reserva-2009-de-bodega-condado-de-haza\/#article\",\"isPartOf\":{\"@id\":\"https:\/\/www.aribau.es\/alenza-reserva-2009-de-bodega-condado-de-haza\/\"},\"author\":{\"name\":\"aribau\",\"@id\":\"https:\/\/www.aribau.es\/#\/schema\/person\/77a976898b3c705ed016499633f4ffd0\"},\"headline\":\"\u2018ALENZA RESERVA 2009\u2019, DE BODEGA CONDADO DE HAZA\",\"datePublished\":\"2019-04-25T09:01:38+00:00\",\"dateModified\":\"2021-04-26T10:31:16+00:00\",\"mainEntityOfPage\":{\"@id\":\"https:\/\/www.aribau.es\/alenza-reserva-2009-de-bodega-condado-de-haza\/\"},\"wordCount\":296,\"publisher\":{\"@id\":\"https:\/\/www.aribau.es\/#organization\"},\"image\":{\"@id\":\"https:\/\/www.aribau.es\/alenza-reserva-2009-de-bodega-condado-de-haza\/#primaryimage\"},\"thumbnailUrl\":\"https:\/\/www.aribau.es\/wp-content\/uploads\/2019\/04\/Alenza-Gran-Reserva-Aribau.png\",\"keywords\":[\"Bodegas Condado de Haza\",\"DO Ribera del Duero\",\"Familia Fern\u00e1ndez Rivera\"],\"articleSection\":[\"Noticias\"],\"inLanguage\":\"ca\"},{\"@type\":\"WebPage\",\"@id\":\"https:\/\/www.aribau.es\/alenza-reserva-2009-de-bodega-condado-de-haza\/\",\"url\":\"https:\/\/www.aribau.es\/alenza-reserva-2009-de-bodega-condado-de-haza\/\",\"name\":\"\u2018ALENZA RESERVA 2009\u2019, DE BODEGA CONDADO DE HAZA - Aribau\",\"isPartOf\":{\"@id\":\"https:\/\/www.aribau.es\/#website\"},\"primaryImageOfPage\":{\"@id\":\"https:\/\/www.aribau.es\/alenza-reserva-2009-de-bodega-condado-de-haza\/#primaryimage\"},\"image\":{\"@id\":\"https:\/\/www.aribau.es\/alenza-reserva-2009-de-bodega-condado-de-haza\/#primaryimage\"},\"thumbnailUrl\":\"https:\/\/www.aribau.es\/wp-content\/uploads\/2019\/04\/Alenza-Gran-Reserva-Aribau.png\",\"datePublished\":\"2019-04-25T09:01:38+00:00\",\"dateModified\":\"2021-04-26T10:31:16+00:00\",\"breadcrumb\":{\"@id\":\"https:\/\/www.aribau.es\/alenza-reserva-2009-de-bodega-condado-de-haza\/#breadcrumb\"},\"inLanguage\":\"ca\",\"potentialAction\":[{\"@type\":\"ReadAction\",\"target\":[\"https:\/\/www.aribau.es\/alenza-reserva-2009-de-bodega-condado-de-haza\/\"]}]},{\"@type\":\"ImageObject\",\"inLanguage\":\"ca\",\"@id\":\"https:\/\/www.aribau.es\/alenza-reserva-2009-de-bodega-condado-de-haza\/#primaryimage\",\"url\":\"https:\/\/www.aribau.es\/wp-content\/uploads\/2019\/04\/Alenza-Gran-Reserva-Aribau.png\",\"contentUrl\":\"https:\/\/www.aribau.es\/wp-content\/uploads\/2019\/04\/Alenza-Gran-Reserva-Aribau.png\",\"width\":1000,\"height\":364},{\"@type\":\"BreadcrumbList\",\"@id\":\"https:\/\/www.aribau.es\/alenza-reserva-2009-de-bodega-condado-de-haza\/#breadcrumb\",\"itemListElement\":[{\"@type\":\"ListItem\",\"position\":1,\"name\":\"Portada\",\"item\":\"https:\/\/www.aribau.es\/\"},{\"@type\":\"ListItem\",\"position\":2,\"name\":\"\u2018ALENZA RESERVA 2009\u2019, DE BODEGA CONDADO DE HAZA\"}]},{\"@type\":\"WebSite\",\"@id\":\"https:\/\/www.aribau.es\/#website\",\"url\":\"https:\/\/www.aribau.es\/\",\"name\":\"Aribau\",\"description\":\"VINOS Y BODEGAS\",\"publisher\":{\"@id\":\"https:\/\/www.aribau.es\/#organization\"},\"potentialAction\":[{\"@type\":\"SearchAction\",\"target\":{\"@type\":\"EntryPoint\",\"urlTemplate\":\"https:\/\/www.aribau.es\/?s={search_term_string}\"},\"query-input\":{\"@type\":\"PropertyValueSpecification\",\"valueRequired\":true,\"valueName\":\"search_term_string\"}}],\"inLanguage\":\"ca\"},{\"@type\":\"Organization\",\"@id\":\"https:\/\/www.aribau.es\/#organization\",\"name\":\"Aribau\",\"url\":\"https:\/\/www.aribau.es\/\",\"logo\":{\"@type\":\"ImageObject\",\"inLanguage\":\"ca\",\"@id\":\"https:\/\/www.aribau.es\/#\/schema\/logo\/image\/\",\"url\":\"https:\/\/www.aribau.es\/wp-content\/uploads\/2022\/03\/logo.png\",\"contentUrl\":\"https:\/\/www.aribau.es\/wp-content\/uploads\/2022\/03\/logo.png\",\"width\":300,\"height\":300,\"caption\":\"Aribau\"},\"image\":{\"@id\":\"https:\/\/www.aribau.es\/#\/schema\/logo\/image\/\"},\"sameAs\":[\"https:\/\/www.facebook.com\/aribau1964\/\",\"https:\/\/x.com\/aribau1964\",\"https:\/\/www.instagram.com\/aribau1964\/\"]},{\"@type\":\"Person\",\"@id\":\"https:\/\/www.aribau.es\/#\/schema\/person\/77a976898b3c705ed016499633f4ffd0\",\"name\":\"aribau\",\"image\":{\"@type\":\"ImageObject\",\"inLanguage\":\"ca\",\"@id\":\"https:\/\/www.aribau.es\/#\/schema\/person\/image\/\",\"url\":\"https:\/\/secure.gravatar.com\/avatar\/6690491f832d5b32aa9482b978c9464816810fbff0f6658034a34c9d9657b94e?s=96&d=mm&r=g\",\"contentUrl\":\"https:\/\/secure.gravatar.com\/avatar\/6690491f832d5b32aa9482b978c9464816810fbff0f6658034a34c9d9657b94e?s=96&d=mm&r=g\",\"caption\":\"aribau\"},\"url\":\"https:\/\/www.aribau.es\/ca\/author\/aribau\/\"}]}<\/script>\n<!-- \/ Yoast SEO plugin. -->","yoast_head_json":{"title":"\u2018ALENZA RESERVA 2009\u2019, DE BODEGA CONDADO DE HAZA - Aribau","robots":{"index":"index","follow":"follow","max-snippet":"max-snippet:-1","max-image-preview":"max-image-preview:large","max-video-preview":"max-video-preview:-1"},"canonical":"https:\/\/www.aribau.es\/ca\/alenza-reserva-2009-de-bodega-condado-de-haza\/","og_locale":"ca_ES","og_type":"article","og_title":"\u2018ALENZA RESERVA 2009\u2019, DE BODEGA CONDADO DE HAZA - Aribau","og_description":"Alenza Reserva 2009 es un 100% Tempranillo con Denominaci\u00f3n de Origen Ribera del Duero de la bodega Condado de Haza, una de las bodegas del grupo Familia Fern\u00e1ndez Rivera. Alenza Reserva es un vino que solo se elabora en a\u00f1adas extraordinarias, hecho que lo hace a\u00fan m\u00e1s especial. Procedente de vi\u00f1edos con una media de ... Llegiu m\u00e9s","og_url":"https:\/\/www.aribau.es\/ca\/alenza-reserva-2009-de-bodega-condado-de-haza\/","og_site_name":"Aribau","article_publisher":"https:\/\/www.facebook.com\/aribau1964\/","article_published_time":"2019-04-25T09:01:38+00:00","article_modified_time":"2021-04-26T10:31:16+00:00","og_image":[{"width":1000,"height":364,"url":"https:\/\/www.aribau.es\/wp-content\/uploads\/2019\/04\/Alenza-Gran-Reserva-Aribau.png","type":"image\/png"}],"author":"aribau","twitter_card":"summary_large_image","twitter_creator":"@aribau1964","twitter_site":"@aribau1964","twitter_misc":{"Escrit per":"aribau","Temps estimat de lectura":"1 minut"},"schema":{"@context":"https:\/\/schema.org","@graph":[{"@type":"Article","@id":"https:\/\/www.aribau.es\/alenza-reserva-2009-de-bodega-condado-de-haza\/#article","isPartOf":{"@id":"https:\/\/www.aribau.es\/alenza-reserva-2009-de-bodega-condado-de-haza\/"},"author":{"name":"aribau","@id":"https:\/\/www.aribau.es\/#\/schema\/person\/77a976898b3c705ed016499633f4ffd0"},"headline":"\u2018ALENZA RESERVA 2009\u2019, DE BODEGA CONDADO DE HAZA","datePublished":"2019-04-25T09:01:38+00:00","dateModified":"2021-04-26T10:31:16+00:00","mainEntityOfPage":{"@id":"https:\/\/www.aribau.es\/alenza-reserva-2009-de-bodega-condado-de-haza\/"},"wordCount":296,"publisher":{"@id":"https:\/\/www.aribau.es\/#organization"},"image":{"@id":"https:\/\/www.aribau.es\/alenza-reserva-2009-de-bodega-condado-de-haza\/#primaryimage"},"thumbnailUrl":"https:\/\/www.aribau.es\/wp-content\/uploads\/2019\/04\/Alenza-Gran-Reserva-Aribau.png","keywords":["Bodegas Condado de Haza","DO Ribera del Duero","Familia Fern\u00e1ndez Rivera"],"articleSection":["Noticias"],"inLanguage":"ca"},{"@type":"WebPage","@id":"https:\/\/www.aribau.es\/alenza-reserva-2009-de-bodega-condado-de-haza\/","url":"https:\/\/www.aribau.es\/alenza-reserva-2009-de-bodega-condado-de-haza\/","name":"\u2018ALENZA RESERVA 2009\u2019, DE BODEGA CONDADO DE HAZA - Aribau","isPartOf":{"@id":"https:\/\/www.aribau.es\/#website"},"primaryImageOfPage":{"@id":"https:\/\/www.aribau.es\/alenza-reserva-2009-de-bodega-condado-de-haza\/#primaryimage"},"image":{"@id":"https:\/\/www.aribau.es\/alenza-reserva-2009-de-bodega-condado-de-haza\/#primaryimage"},"thumbnailUrl":"https:\/\/www.aribau.es\/wp-content\/uploads\/2019\/04\/Alenza-Gran-Reserva-Aribau.png","datePublished":"2019-04-25T09:01:38+00:00","dateModified":"2021-04-26T10:31:16+00:00","breadcrumb":{"@id":"https:\/\/www.aribau.es\/alenza-reserva-2009-de-bodega-condado-de-haza\/#breadcrumb"},"inLanguage":"ca","potentialAction":[{"@type":"ReadAction","target":["https:\/\/www.aribau.es\/alenza-reserva-2009-de-bodega-condado-de-haza\/"]}]},{"@type":"ImageObject","inLanguage":"ca","@id":"https:\/\/www.aribau.es\/alenza-reserva-2009-de-bodega-condado-de-haza\/#primaryimage","url":"https:\/\/www.aribau.es\/wp-content\/uploads\/2019\/04\/Alenza-Gran-Reserva-Aribau.png","contentUrl":"https:\/\/www.aribau.es\/wp-content\/uploads\/2019\/04\/Alenza-Gran-Reserva-Aribau.png","width":1000,"height":364},{"@type":"BreadcrumbList","@id":"https:\/\/www.aribau.es\/alenza-reserva-2009-de-bodega-condado-de-haza\/#breadcrumb","itemListElement":[{"@type":"ListItem","position":1,"name":"Portada","item":"https:\/\/www.aribau.es\/"},{"@type":"ListItem","position":2,"name":"\u2018ALENZA RESERVA 2009\u2019, DE BODEGA CONDADO DE HAZA"}]},{"@type":"WebSite","@id":"https:\/\/www.aribau.es\/#website","url":"https:\/\/www.aribau.es\/","name":"Aribau","description":"VINOS Y BODEGAS","publisher":{"@id":"https:\/\/www.aribau.es\/#organization"},"potentialAction":[{"@type":"SearchAction","target":{"@type":"EntryPoint","urlTemplate":"https:\/\/www.aribau.es\/?s={search_term_string}"},"query-input":{"@type":"PropertyValueSpecification","valueRequired":true,"valueName":"search_term_string"}}],"inLanguage":"ca"},{"@type":"Organization","@id":"https:\/\/www.aribau.es\/#organization","name":"Aribau","url":"https:\/\/www.aribau.es\/","logo":{"@type":"ImageObject","inLanguage":"ca","@id":"https:\/\/www.aribau.es\/#\/schema\/logo\/image\/","url":"https:\/\/www.aribau.es\/wp-content\/uploads\/2022\/03\/logo.png","contentUrl":"https:\/\/www.aribau.es\/wp-content\/uploads\/2022\/03\/logo.png","width":300,"height":300,"caption":"Aribau"},"image":{"@id":"https:\/\/www.aribau.es\/#\/schema\/logo\/image\/"},"sameAs":["https:\/\/www.facebook.com\/aribau1964\/","https:\/\/x.com\/aribau1964","https:\/\/www.instagram.com\/aribau1964\/"]},{"@type":"Person","@id":"https:\/\/www.aribau.es\/#\/schema\/person\/77a976898b3c705ed016499633f4ffd0","name":"aribau","image":{"@type":"ImageObject","inLanguage":"ca","@id":"https:\/\/www.aribau.es\/#\/schema\/person\/image\/","url":"https:\/\/secure.gravatar.com\/avatar\/6690491f832d5b32aa9482b978c9464816810fbff0f6658034a34c9d9657b94e?s=96&d=mm&r=g","contentUrl":"https:\/\/secure.gravatar.com\/avatar\/6690491f832d5b32aa9482b978c9464816810fbff0f6658034a34c9d9657b94e?s=96&d=mm&r=g","caption":"aribau"},"url":"https:\/\/www.aribau.es\/ca\/author\/aribau\/"}]}},"_links":{"self":[{"href":"https:\/\/www.aribau.es\/ca\/wp-json\/wp\/v2\/posts\/6360","targetHints":{"allow":["GET"]}}],"collection":[{"href":"https:\/\/www.aribau.es\/ca\/wp-json\/wp\/v2\/posts"}],"about":[{"href":"https:\/\/www.aribau.es\/ca\/wp-json\/wp\/v2\/types\/post"}],"author":[{"embeddable":true,"href":"https:\/\/www.aribau.es\/ca\/wp-json\/wp\/v2\/users\/3"}],"replies":[{"embeddable":true,"href":"https:\/\/www.aribau.es\/ca\/wp-json\/wp\/v2\/comments?post=6360"}],"version-history":[{"count":5,"href":"https:\/\/www.aribau.es\/ca\/wp-json\/wp\/v2\/posts\/6360\/revisions"}],"predecessor-version":[{"id":10018,"href":"https:\/\/www.aribau.es\/ca\/wp-json\/wp\/v2\/posts\/6360\/revisions\/10018"}],"wp:featuredmedia":[{"embeddable":true,"href":"https:\/\/www.aribau.es\/ca\/wp-json\/wp\/v2\/media\/6361"}],"wp:attachment":[{"href":"https:\/\/www.aribau.es\/ca\/wp-json\/wp\/v2\/media?parent=6360"}],"wp:term":[{"taxonomy":"category","embeddable":true,"href":"https:\/\/www.aribau.es\/ca\/wp-json\/wp\/v2\/categories?post=6360"},{"taxonomy":"post_tag","embeddable":true,"href":"https:\/\/www.aribau.es\/ca\/wp-json\/wp\/v2\/tags?post=6360"}],"curies":[{"name":"wp","href":"https:\/\/api.w.org\/{rel}","templated":true}]}}