{"id":6367,"date":"2019-05-02T10:01:46","date_gmt":"2019-05-02T09:01:46","guid":{"rendered":"https:\/\/www.aribau.es\/?p=6367"},"modified":"2021-04-26T11:30:31","modified_gmt":"2021-04-26T10:30:31","slug":"el-vino-con-denominacion-de-origen-lider-por-quinto-ano-consecutivo-en-catalunya","status":"publish","type":"post","link":"https:\/\/www.aribau.es\/ca\/el-vino-con-denominacion-de-origen-lider-por-quinto-ano-consecutivo-en-catalunya\/","title":{"rendered":"EL VI AMB DENOMINACI\u00d3 D'ORIGEN, L\u00cdDER PER CINQU\u00c8 ANY CONSECUTIU A CATALUNYA"},"content":{"rendered":"<p>Los vinos con denominaci\u00f3n de origen vuelven a liderar el mercado en Catalu\u00f1a. Las 11 DDOO catalanas salen fortalecidas del <strong>Informe Nielsen<\/strong> que encarga anualmente el Instituto de la Vi\u00f1a y el Vino (INCAVI), y que este a\u00f1o se\u00f1ala c\u00f3mo la cuota de mercado del 2018 ha crecido casi tres puntos respecto a la del 2017, situ\u00e1ndose en el 38,74% (11 puntos por encima respecto a 2010, cuando era del 27,8%).<\/p>\n<p>El Informe Nielsen, que analiza el volumen y el valor de las ventas de vino, refleja como el vino de las diferentes denominaciones de origen catalanas se consolida en todo el territorio catal\u00e1n, tanto en el canal hosteler\u00eda como en de la alimentaci\u00f3n.<\/p>\n<p><!--more--><\/p>\n<p>En el canal alimentaci\u00f3n se repite el liderazgo de los \u00faltimos tres a\u00f1os, increment\u00e1ndose m\u00e1s de tres puntos respecto al a\u00f1o 2017, y situ\u00e1ndose en una cuota de mercado del 38,67% que, en volumen, representa 11,78 millones de litros de vino.<\/p>\n<p>Por lo que respecta al canal hosteler\u00eda, el vino con DO catalana contin\u00faa creciendo y manteniendo su liderazgo con una cuota de mercado que se sit\u00faa en el 38,85%.<\/p>\n<p>Pero no solo en Catalu\u00f1a crece el consumo del vino con denominaci\u00f3n de origen, en toda Espa\u00f1a hay una clara preferencia por el consumo de vino con DO, creciendo un punto respecto a 2017 y situ\u00e1ndose en el 7,82%.<\/p>\n<p>Los datos reflejan que el consumidor prefiere el vino con Denominaci\u00f3n de Origen por encima de otras opciones como el vino sin DO, el vino de importaci\u00f3n o el vino sin alcohol. Respecto al a\u00f1o pasado, el consumo de vino con denominaci\u00f3n de origen ha crecido un 1,39%, datos que indican la tendencia al alza que se viene observando en los \u00faltimos a\u00f1os.<\/p>\n<p><a href=\"http:\/\/incavi.gencat.cat\/web\/.content\/03-denominacions-origen\/documents\/dades-estadistiques\/fitxers-binaris\/informe-anual-mercat-vins-denominacio-origen-2018.pdf\" target=\"_blank\" rel=\"noopener\"><strong>Consulta todos los datos del Informe Nielsen 2018 <\/strong><\/a><\/p>","protected":false},"excerpt":{"rendered":"<p>Los vinos con denominaci\u00f3n de origen vuelven a liderar el mercado en Catalu\u00f1a. Las 11 DDOO catalanas salen fortalecidas del Informe Nielsen que encarga anualmente el Instituto de la Vi\u00f1a y el Vino (INCAVI), y que este a\u00f1o se\u00f1ala c\u00f3mo la cuota de mercado del 2018 ha crecido casi tres puntos respecto a la del &#8230; <a title=\"EL VI AMB DENOMINACI\u00d3 D&#039;ORIGEN, L\u00cdDER PER CINQU\u00c8 ANY CONSECUTIU A CATALUNYA\" class=\"read-more\" href=\"https:\/\/www.aribau.es\/ca\/el-vino-con-denominacion-de-origen-lider-por-quinto-ano-consecutivo-en-catalunya\/\" aria-label=\"M\u00e9s informaci\u00f3 sobre EL VINO CON DENOMINACI\u00d3N DE ORIGEN, L\u00cdDER POR QUINTO A\u00d1O CONSECUTIVO EN CATALUNYA\">Llegiu m\u00e9s<\/a><\/p>","protected":false},"author":3,"featured_media":5838,"comment_status":"closed","ping_status":"closed","sticky":false,"template":"","format":"standard","meta":{"footnotes":""},"categories":[406],"tags":[507,549],"class_list":["post-6367","post","type-post","status-publish","format-standard","has-post-thumbnail","hentry","category-noticias","tag-consumo","tag-informe-nielsen"],"yoast_head":"<!-- This site is optimized with the Yoast SEO plugin v26.7 - https:\/\/yoast.com\/wordpress\/plugins\/seo\/ -->\n<title>EL VINO CON DENOMINACI\u00d3N DE ORIGEN, L\u00cdDER POR QUINTO A\u00d1O CONSECUTIVO EN CATALUNYA - Aribau<\/title>\n<meta name=\"robots\" content=\"index, follow, max-snippet:-1, max-image-preview:large, max-video-preview:-1\" \/>\n<link rel=\"canonical\" href=\"https:\/\/www.aribau.es\/ca\/el-vino-con-denominacion-de-origen-lider-por-quinto-ano-consecutivo-en-catalunya\/\" \/>\n<meta property=\"og:locale\" content=\"ca_ES\" \/>\n<meta property=\"og:type\" content=\"article\" \/>\n<meta property=\"og:title\" content=\"EL VINO CON DENOMINACI\u00d3N DE ORIGEN, L\u00cdDER POR QUINTO A\u00d1O CONSECUTIVO EN CATALUNYA - Aribau\" \/>\n<meta property=\"og:description\" content=\"Los vinos con denominaci\u00f3n de origen vuelven a liderar el mercado en Catalu\u00f1a. Las 11 DDOO catalanas salen fortalecidas del Informe Nielsen que encarga anualmente el Instituto de la Vi\u00f1a y el Vino (INCAVI), y que este a\u00f1o se\u00f1ala c\u00f3mo la cuota de mercado del 2018 ha crecido casi tres puntos respecto a la del ... Llegiu m\u00e9s\" \/>\n<meta property=\"og:url\" content=\"https:\/\/www.aribau.es\/ca\/el-vino-con-denominacion-de-origen-lider-por-quinto-ano-consecutivo-en-catalunya\/\" \/>\n<meta property=\"og:site_name\" content=\"Aribau\" \/>\n<meta property=\"article:publisher\" content=\"https:\/\/www.facebook.com\/aribau1964\/\" \/>\n<meta property=\"article:published_time\" content=\"2019-05-02T09:01:46+00:00\" \/>\n<meta property=\"article:modified_time\" content=\"2021-04-26T10:30:31+00:00\" \/>\n<meta property=\"og:image\" content=\"https:\/\/www.aribau.es\/wp-content\/uploads\/2018\/05\/chica-bebiendo-vino-aribau.jpeg\" \/>\n\t<meta property=\"og:image:width\" content=\"1280\" \/>\n\t<meta property=\"og:image:height\" content=\"853\" \/>\n\t<meta property=\"og:image:type\" content=\"image\/jpeg\" \/>\n<meta name=\"author\" content=\"aribau\" \/>\n<meta name=\"twitter:card\" content=\"summary_large_image\" \/>\n<meta name=\"twitter:creator\" content=\"@aribau1964\" \/>\n<meta name=\"twitter:site\" content=\"@aribau1964\" \/>\n<meta name=\"twitter:label1\" content=\"Escrit per\" \/>\n\t<meta name=\"twitter:data1\" content=\"aribau\" \/>\n\t<meta name=\"twitter:label2\" content=\"Temps estimat de lectura\" \/>\n\t<meta name=\"twitter:data2\" content=\"2 minuts\" \/>\n<script type=\"application\/ld+json\" class=\"yoast-schema-graph\">{\"@context\":\"https:\/\/schema.org\",\"@graph\":[{\"@type\":\"Article\",\"@id\":\"https:\/\/www.aribau.es\/el-vino-con-denominacion-de-origen-lider-por-quinto-ano-consecutivo-en-catalunya\/#article\",\"isPartOf\":{\"@id\":\"https:\/\/www.aribau.es\/el-vino-con-denominacion-de-origen-lider-por-quinto-ano-consecutivo-en-catalunya\/\"},\"author\":{\"name\":\"aribau\",\"@id\":\"https:\/\/www.aribau.es\/#\/schema\/person\/77a976898b3c705ed016499633f4ffd0\"},\"headline\":\"EL VINO CON DENOMINACI\u00d3N DE ORIGEN, L\u00cdDER POR QUINTO A\u00d1O CONSECUTIVO EN CATALUNYA\",\"datePublished\":\"2019-05-02T09:01:46+00:00\",\"dateModified\":\"2021-04-26T10:30:31+00:00\",\"mainEntityOfPage\":{\"@id\":\"https:\/\/www.aribau.es\/el-vino-con-denominacion-de-origen-lider-por-quinto-ano-consecutivo-en-catalunya\/\"},\"wordCount\":323,\"publisher\":{\"@id\":\"https:\/\/www.aribau.es\/#organization\"},\"image\":{\"@id\":\"https:\/\/www.aribau.es\/el-vino-con-denominacion-de-origen-lider-por-quinto-ano-consecutivo-en-catalunya\/#primaryimage\"},\"thumbnailUrl\":\"https:\/\/www.aribau.es\/wp-content\/uploads\/2018\/05\/chica-bebiendo-vino-aribau.jpeg\",\"keywords\":[\"consumo\",\"Informe Nielsen\"],\"articleSection\":[\"Noticias\"],\"inLanguage\":\"ca\"},{\"@type\":\"WebPage\",\"@id\":\"https:\/\/www.aribau.es\/el-vino-con-denominacion-de-origen-lider-por-quinto-ano-consecutivo-en-catalunya\/\",\"url\":\"https:\/\/www.aribau.es\/el-vino-con-denominacion-de-origen-lider-por-quinto-ano-consecutivo-en-catalunya\/\",\"name\":\"EL VINO CON DENOMINACI\u00d3N DE ORIGEN, L\u00cdDER POR QUINTO A\u00d1O CONSECUTIVO EN CATALUNYA - Aribau\",\"isPartOf\":{\"@id\":\"https:\/\/www.aribau.es\/#website\"},\"primaryImageOfPage\":{\"@id\":\"https:\/\/www.aribau.es\/el-vino-con-denominacion-de-origen-lider-por-quinto-ano-consecutivo-en-catalunya\/#primaryimage\"},\"image\":{\"@id\":\"https:\/\/www.aribau.es\/el-vino-con-denominacion-de-origen-lider-por-quinto-ano-consecutivo-en-catalunya\/#primaryimage\"},\"thumbnailUrl\":\"https:\/\/www.aribau.es\/wp-content\/uploads\/2018\/05\/chica-bebiendo-vino-aribau.jpeg\",\"datePublished\":\"2019-05-02T09:01:46+00:00\",\"dateModified\":\"2021-04-26T10:30:31+00:00\",\"breadcrumb\":{\"@id\":\"https:\/\/www.aribau.es\/el-vino-con-denominacion-de-origen-lider-por-quinto-ano-consecutivo-en-catalunya\/#breadcrumb\"},\"inLanguage\":\"ca\",\"potentialAction\":[{\"@type\":\"ReadAction\",\"target\":[\"https:\/\/www.aribau.es\/el-vino-con-denominacion-de-origen-lider-por-quinto-ano-consecutivo-en-catalunya\/\"]}]},{\"@type\":\"ImageObject\",\"inLanguage\":\"ca\",\"@id\":\"https:\/\/www.aribau.es\/el-vino-con-denominacion-de-origen-lider-por-quinto-ano-consecutivo-en-catalunya\/#primaryimage\",\"url\":\"https:\/\/www.aribau.es\/wp-content\/uploads\/2018\/05\/chica-bebiendo-vino-aribau.jpeg\",\"contentUrl\":\"https:\/\/www.aribau.es\/wp-content\/uploads\/2018\/05\/chica-bebiendo-vino-aribau.jpeg\",\"width\":1280,\"height\":853},{\"@type\":\"BreadcrumbList\",\"@id\":\"https:\/\/www.aribau.es\/el-vino-con-denominacion-de-origen-lider-por-quinto-ano-consecutivo-en-catalunya\/#breadcrumb\",\"itemListElement\":[{\"@type\":\"ListItem\",\"position\":1,\"name\":\"Portada\",\"item\":\"https:\/\/www.aribau.es\/\"},{\"@type\":\"ListItem\",\"position\":2,\"name\":\"EL VINO CON DENOMINACI\u00d3N DE ORIGEN, L\u00cdDER POR QUINTO A\u00d1O CONSECUTIVO EN CATALUNYA\"}]},{\"@type\":\"WebSite\",\"@id\":\"https:\/\/www.aribau.es\/#website\",\"url\":\"https:\/\/www.aribau.es\/\",\"name\":\"Aribau\",\"description\":\"VINOS Y BODEGAS\",\"publisher\":{\"@id\":\"https:\/\/www.aribau.es\/#organization\"},\"potentialAction\":[{\"@type\":\"SearchAction\",\"target\":{\"@type\":\"EntryPoint\",\"urlTemplate\":\"https:\/\/www.aribau.es\/?s={search_term_string}\"},\"query-input\":{\"@type\":\"PropertyValueSpecification\",\"valueRequired\":true,\"valueName\":\"search_term_string\"}}],\"inLanguage\":\"ca\"},{\"@type\":\"Organization\",\"@id\":\"https:\/\/www.aribau.es\/#organization\",\"name\":\"Aribau\",\"url\":\"https:\/\/www.aribau.es\/\",\"logo\":{\"@type\":\"ImageObject\",\"inLanguage\":\"ca\",\"@id\":\"https:\/\/www.aribau.es\/#\/schema\/logo\/image\/\",\"url\":\"https:\/\/www.aribau.es\/wp-content\/uploads\/2022\/03\/logo.png\",\"contentUrl\":\"https:\/\/www.aribau.es\/wp-content\/uploads\/2022\/03\/logo.png\",\"width\":300,\"height\":300,\"caption\":\"Aribau\"},\"image\":{\"@id\":\"https:\/\/www.aribau.es\/#\/schema\/logo\/image\/\"},\"sameAs\":[\"https:\/\/www.facebook.com\/aribau1964\/\",\"https:\/\/x.com\/aribau1964\",\"https:\/\/www.instagram.com\/aribau1964\/\"]},{\"@type\":\"Person\",\"@id\":\"https:\/\/www.aribau.es\/#\/schema\/person\/77a976898b3c705ed016499633f4ffd0\",\"name\":\"aribau\",\"image\":{\"@type\":\"ImageObject\",\"inLanguage\":\"ca\",\"@id\":\"https:\/\/www.aribau.es\/#\/schema\/person\/image\/\",\"url\":\"https:\/\/secure.gravatar.com\/avatar\/6690491f832d5b32aa9482b978c9464816810fbff0f6658034a34c9d9657b94e?s=96&d=mm&r=g\",\"contentUrl\":\"https:\/\/secure.gravatar.com\/avatar\/6690491f832d5b32aa9482b978c9464816810fbff0f6658034a34c9d9657b94e?s=96&d=mm&r=g\",\"caption\":\"aribau\"},\"url\":\"https:\/\/www.aribau.es\/ca\/author\/aribau\/\"}]}<\/script>\n<!-- \/ Yoast SEO plugin. -->","yoast_head_json":{"title":"EL VINO CON DENOMINACI\u00d3N DE ORIGEN, L\u00cdDER POR QUINTO A\u00d1O CONSECUTIVO EN CATALUNYA - Aribau","robots":{"index":"index","follow":"follow","max-snippet":"max-snippet:-1","max-image-preview":"max-image-preview:large","max-video-preview":"max-video-preview:-1"},"canonical":"https:\/\/www.aribau.es\/ca\/el-vino-con-denominacion-de-origen-lider-por-quinto-ano-consecutivo-en-catalunya\/","og_locale":"ca_ES","og_type":"article","og_title":"EL VINO CON DENOMINACI\u00d3N DE ORIGEN, L\u00cdDER POR QUINTO A\u00d1O CONSECUTIVO EN CATALUNYA - Aribau","og_description":"Los vinos con denominaci\u00f3n de origen vuelven a liderar el mercado en Catalu\u00f1a. Las 11 DDOO catalanas salen fortalecidas del Informe Nielsen que encarga anualmente el Instituto de la Vi\u00f1a y el Vino (INCAVI), y que este a\u00f1o se\u00f1ala c\u00f3mo la cuota de mercado del 2018 ha crecido casi tres puntos respecto a la del ... Llegiu m\u00e9s","og_url":"https:\/\/www.aribau.es\/ca\/el-vino-con-denominacion-de-origen-lider-por-quinto-ano-consecutivo-en-catalunya\/","og_site_name":"Aribau","article_publisher":"https:\/\/www.facebook.com\/aribau1964\/","article_published_time":"2019-05-02T09:01:46+00:00","article_modified_time":"2021-04-26T10:30:31+00:00","og_image":[{"width":1280,"height":853,"url":"https:\/\/www.aribau.es\/wp-content\/uploads\/2018\/05\/chica-bebiendo-vino-aribau.jpeg","type":"image\/jpeg"}],"author":"aribau","twitter_card":"summary_large_image","twitter_creator":"@aribau1964","twitter_site":"@aribau1964","twitter_misc":{"Escrit per":"aribau","Temps estimat de lectura":"2 minuts"},"schema":{"@context":"https:\/\/schema.org","@graph":[{"@type":"Article","@id":"https:\/\/www.aribau.es\/el-vino-con-denominacion-de-origen-lider-por-quinto-ano-consecutivo-en-catalunya\/#article","isPartOf":{"@id":"https:\/\/www.aribau.es\/el-vino-con-denominacion-de-origen-lider-por-quinto-ano-consecutivo-en-catalunya\/"},"author":{"name":"aribau","@id":"https:\/\/www.aribau.es\/#\/schema\/person\/77a976898b3c705ed016499633f4ffd0"},"headline":"EL VINO CON DENOMINACI\u00d3N DE ORIGEN, L\u00cdDER POR QUINTO A\u00d1O CONSECUTIVO EN CATALUNYA","datePublished":"2019-05-02T09:01:46+00:00","dateModified":"2021-04-26T10:30:31+00:00","mainEntityOfPage":{"@id":"https:\/\/www.aribau.es\/el-vino-con-denominacion-de-origen-lider-por-quinto-ano-consecutivo-en-catalunya\/"},"wordCount":323,"publisher":{"@id":"https:\/\/www.aribau.es\/#organization"},"image":{"@id":"https:\/\/www.aribau.es\/el-vino-con-denominacion-de-origen-lider-por-quinto-ano-consecutivo-en-catalunya\/#primaryimage"},"thumbnailUrl":"https:\/\/www.aribau.es\/wp-content\/uploads\/2018\/05\/chica-bebiendo-vino-aribau.jpeg","keywords":["consumo","Informe Nielsen"],"articleSection":["Noticias"],"inLanguage":"ca"},{"@type":"WebPage","@id":"https:\/\/www.aribau.es\/el-vino-con-denominacion-de-origen-lider-por-quinto-ano-consecutivo-en-catalunya\/","url":"https:\/\/www.aribau.es\/el-vino-con-denominacion-de-origen-lider-por-quinto-ano-consecutivo-en-catalunya\/","name":"EL VINO CON DENOMINACI\u00d3N DE ORIGEN, L\u00cdDER POR QUINTO A\u00d1O CONSECUTIVO EN CATALUNYA - Aribau","isPartOf":{"@id":"https:\/\/www.aribau.es\/#website"},"primaryImageOfPage":{"@id":"https:\/\/www.aribau.es\/el-vino-con-denominacion-de-origen-lider-por-quinto-ano-consecutivo-en-catalunya\/#primaryimage"},"image":{"@id":"https:\/\/www.aribau.es\/el-vino-con-denominacion-de-origen-lider-por-quinto-ano-consecutivo-en-catalunya\/#primaryimage"},"thumbnailUrl":"https:\/\/www.aribau.es\/wp-content\/uploads\/2018\/05\/chica-bebiendo-vino-aribau.jpeg","datePublished":"2019-05-02T09:01:46+00:00","dateModified":"2021-04-26T10:30:31+00:00","breadcrumb":{"@id":"https:\/\/www.aribau.es\/el-vino-con-denominacion-de-origen-lider-por-quinto-ano-consecutivo-en-catalunya\/#breadcrumb"},"inLanguage":"ca","potentialAction":[{"@type":"ReadAction","target":["https:\/\/www.aribau.es\/el-vino-con-denominacion-de-origen-lider-por-quinto-ano-consecutivo-en-catalunya\/"]}]},{"@type":"ImageObject","inLanguage":"ca","@id":"https:\/\/www.aribau.es\/el-vino-con-denominacion-de-origen-lider-por-quinto-ano-consecutivo-en-catalunya\/#primaryimage","url":"https:\/\/www.aribau.es\/wp-content\/uploads\/2018\/05\/chica-bebiendo-vino-aribau.jpeg","contentUrl":"https:\/\/www.aribau.es\/wp-content\/uploads\/2018\/05\/chica-bebiendo-vino-aribau.jpeg","width":1280,"height":853},{"@type":"BreadcrumbList","@id":"https:\/\/www.aribau.es\/el-vino-con-denominacion-de-origen-lider-por-quinto-ano-consecutivo-en-catalunya\/#breadcrumb","itemListElement":[{"@type":"ListItem","position":1,"name":"Portada","item":"https:\/\/www.aribau.es\/"},{"@type":"ListItem","position":2,"name":"EL VINO CON DENOMINACI\u00d3N DE ORIGEN, L\u00cdDER POR QUINTO A\u00d1O CONSECUTIVO EN CATALUNYA"}]},{"@type":"WebSite","@id":"https:\/\/www.aribau.es\/#website","url":"https:\/\/www.aribau.es\/","name":"Aribau","description":"VINOS Y BODEGAS","publisher":{"@id":"https:\/\/www.aribau.es\/#organization"},"potentialAction":[{"@type":"SearchAction","target":{"@type":"EntryPoint","urlTemplate":"https:\/\/www.aribau.es\/?s={search_term_string}"},"query-input":{"@type":"PropertyValueSpecification","valueRequired":true,"valueName":"search_term_string"}}],"inLanguage":"ca"},{"@type":"Organization","@id":"https:\/\/www.aribau.es\/#organization","name":"Aribau","url":"https:\/\/www.aribau.es\/","logo":{"@type":"ImageObject","inLanguage":"ca","@id":"https:\/\/www.aribau.es\/#\/schema\/logo\/image\/","url":"https:\/\/www.aribau.es\/wp-content\/uploads\/2022\/03\/logo.png","contentUrl":"https:\/\/www.aribau.es\/wp-content\/uploads\/2022\/03\/logo.png","width":300,"height":300,"caption":"Aribau"},"image":{"@id":"https:\/\/www.aribau.es\/#\/schema\/logo\/image\/"},"sameAs":["https:\/\/www.facebook.com\/aribau1964\/","https:\/\/x.com\/aribau1964","https:\/\/www.instagram.com\/aribau1964\/"]},{"@type":"Person","@id":"https:\/\/www.aribau.es\/#\/schema\/person\/77a976898b3c705ed016499633f4ffd0","name":"aribau","image":{"@type":"ImageObject","inLanguage":"ca","@id":"https:\/\/www.aribau.es\/#\/schema\/person\/image\/","url":"https:\/\/secure.gravatar.com\/avatar\/6690491f832d5b32aa9482b978c9464816810fbff0f6658034a34c9d9657b94e?s=96&d=mm&r=g","contentUrl":"https:\/\/secure.gravatar.com\/avatar\/6690491f832d5b32aa9482b978c9464816810fbff0f6658034a34c9d9657b94e?s=96&d=mm&r=g","caption":"aribau"},"url":"https:\/\/www.aribau.es\/ca\/author\/aribau\/"}]}},"_links":{"self":[{"href":"https:\/\/www.aribau.es\/ca\/wp-json\/wp\/v2\/posts\/6367","targetHints":{"allow":["GET"]}}],"collection":[{"href":"https:\/\/www.aribau.es\/ca\/wp-json\/wp\/v2\/posts"}],"about":[{"href":"https:\/\/www.aribau.es\/ca\/wp-json\/wp\/v2\/types\/post"}],"author":[{"embeddable":true,"href":"https:\/\/www.aribau.es\/ca\/wp-json\/wp\/v2\/users\/3"}],"replies":[{"embeddable":true,"href":"https:\/\/www.aribau.es\/ca\/wp-json\/wp\/v2\/comments?post=6367"}],"version-history":[{"count":5,"href":"https:\/\/www.aribau.es\/ca\/wp-json\/wp\/v2\/posts\/6367\/revisions"}],"predecessor-version":[{"id":10016,"href":"https:\/\/www.aribau.es\/ca\/wp-json\/wp\/v2\/posts\/6367\/revisions\/10016"}],"wp:featuredmedia":[{"embeddable":true,"href":"https:\/\/www.aribau.es\/ca\/wp-json\/wp\/v2\/media\/5838"}],"wp:attachment":[{"href":"https:\/\/www.aribau.es\/ca\/wp-json\/wp\/v2\/media?parent=6367"}],"wp:term":[{"taxonomy":"category","embeddable":true,"href":"https:\/\/www.aribau.es\/ca\/wp-json\/wp\/v2\/categories?post=6367"},{"taxonomy":"post_tag","embeddable":true,"href":"https:\/\/www.aribau.es\/ca\/wp-json\/wp\/v2\/tags?post=6367"}],"curies":[{"name":"wp","href":"https:\/\/api.w.org\/{rel}","templated":true}]}}