{"id":6388,"date":"2019-05-30T10:36:24","date_gmt":"2019-05-30T09:36:24","guid":{"rendered":"https:\/\/www.aribau.es\/?p=6388"},"modified":"2021-04-23T13:03:58","modified_gmt":"2021-04-23T12:03:58","slug":"la-doca-priorat-presenta-los-nombres-de-la-tierra-una-nueva-clasificacion-para-sus-vinos","status":"publish","type":"post","link":"https:\/\/www.aribau.es\/ca\/la-doca-priorat-presenta-los-nombres-de-la-tierra-una-nueva-clasificacion-para-sus-vinos\/","title":{"rendered":"LA DOQ PRIORAT PRESENTA \u2018ELS NOMS DE LA TERRA\u2019, UNA NOVA CLASSIFICACI\u00d3 PER ALS SEUS VINS"},"content":{"rendered":"<p>La <strong>Denominaci<\/strong><strong>\u00f3<\/strong><strong>n de Origen Calificada Priorat<\/strong> acaba de presentar un proyecto que posiciona sus vinos entre los grandes vinos europeos, siguiendo as\u00ed el camino iniciado por las grandes regiones vitivin\u00edcolas del mundo.<\/p>\n<p>Es tracta de <strong><em>Los Nombres de la Tierra<\/em><\/strong>, una nueva catalogaci\u00f3n de los vinos elaborados por las bodegas que conforman la DO y que pone el acento en tres valores fundamentales: la transparencia, la humildad y la recuperaci\u00f3n del territorio y de sus grandes vinos.<\/p>\n<p><!--more--><\/p>\n<p>El objetivo del proyecto es que el vino sea catalogado por el lugar de donde procede, poniendo as\u00ed en valor la singularidad del territorio y destacando los 459 parajes que conforman la DOCa Priorat, adem\u00e1s de aquellas vi\u00f1as singulares.<\/p>\n<p>Para materializar el proyecto, el Consejo Regulador de la DOCa Priorat, que actualmente cuenta con algo m\u00e1s de 2.000 hect\u00e1reas de vi\u00f1edo cultivadas por 532 viticultores y 109 bodegas, ha llevado a cabo la identificaci\u00f3n de todas las parcelas vitivin\u00edcolas del Priorat con el objetivo de garantizar el origen de la uva procedente de cada vi\u00f1a. De esta forma, los t\u00e9cnicos del Consejo Regulador, a trav\u00e9s de un riguroso control de trazabilidad, constatan que el origen y las normas establecidas en la actual clasificaci\u00f3n son aplicadas en todos sus vinos.<\/p>\n<p><em>Los Nombres de la Tierra<\/em> presenta la siguiente clasificaci\u00f3n:<\/p>\n<p><strong>Vino de la DOCa Priorat<\/strong><\/p>\n<p>Aquel vino que refleja la personalidad vin\u00edcola gen\u00e9rica y la tipicidad de la DOCa Priorat.<\/p>\n<p><strong>Vino de Vila<\/strong><\/p>\n<p>Transmite la tipicidad privativa del mosaico paisaj\u00edstico de un municipio, la suma de la diversidad de sus parajes vit\u00edcolas.<\/p>\n<p><strong>Vino de Paraje<\/strong><\/p>\n<p>Muestra una esencia a\u00fan m\u00e1s pura, un car\u00e1cter ligado a la orograf\u00eda, a la geolog\u00eda y a un microclima m\u00e1s delimitado.<\/p>\n<p><strong>Vi<\/strong><strong>\u00f1<\/strong><strong>a Clasificada<\/strong><\/p>\n<p>Vinos que nacen de una producci\u00f3n vit\u00edcola individual, de virtudes excepcionales, y que merecen ser embotellados aparte.<\/p>\n<p><strong>Gran Vi<\/strong><strong>\u00f1<\/strong><strong>a Clasificada<\/strong><\/p>\n<p>Muestras muy escasas de talento natural e hist\u00f3rico: una conmovedora alianza del capricho de la naturaleza y una tradici\u00f3n que ha sabido interpretar y salvaguardar hasta el presente las joyas vit\u00edcolas m\u00e1s exclusivas, inalteradas por el paso del tiempo.<\/p>","protected":false},"excerpt":{"rendered":"<p>La Denominaci\u00f3n de Origen Calificada Priorat acaba de presentar un proyecto que posiciona sus vinos entre los grandes vinos europeos, siguiendo as\u00ed el camino iniciado por las grandes regiones vitivin\u00edcolas del mundo. Se trata de Los Nombres de la Tierra, una nueva catalogaci\u00f3n de los vinos elaborados por las bodegas que conforman la DO y &#8230; <a title=\"LA DOQ PRIORAT PRESENTA \u2018ELS NOMS DE LA TERRA\u2019, UNA NOVA CLASSIFICACI\u00d3 PER ALS SEUS VINS\" class=\"read-more\" href=\"https:\/\/www.aribau.es\/ca\/la-doca-priorat-presenta-los-nombres-de-la-tierra-una-nueva-clasificacion-para-sus-vinos\/\" aria-label=\"M\u00e9s informaci\u00f3 sobre LA DOCa PRIORAT PRESENTA \u2018LOS NOMBRES DE LA TIERRA\u2019, UNA NUEVA CLASIFICACI\u00d3N PARA SUS VINOS\">Llegiu m\u00e9s<\/a><\/p>","protected":false},"author":3,"featured_media":6389,"comment_status":"closed","ping_status":"closed","sticky":false,"template":"","format":"standard","meta":{"footnotes":""},"categories":[406],"tags":[480],"class_list":["post-6388","post","type-post","status-publish","format-standard","has-post-thumbnail","hentry","category-noticias","tag-doq-priorat"],"yoast_head":"<!-- This site is optimized with the Yoast SEO plugin v26.7 - https:\/\/yoast.com\/wordpress\/plugins\/seo\/ -->\n<title>LA DOCa PRIORAT PRESENTA \u2018LOS NOMBRES DE LA TIERRA\u2019, UNA NUEVA CLASIFICACI\u00d3N PARA SUS VINOS - Aribau<\/title>\n<meta name=\"robots\" content=\"index, follow, max-snippet:-1, max-image-preview:large, max-video-preview:-1\" \/>\n<link rel=\"canonical\" href=\"https:\/\/www.aribau.es\/ca\/la-doca-priorat-presenta-los-nombres-de-la-tierra-una-nueva-clasificacion-para-sus-vinos\/\" \/>\n<meta property=\"og:locale\" content=\"ca_ES\" \/>\n<meta property=\"og:type\" content=\"article\" \/>\n<meta property=\"og:title\" content=\"LA DOCa PRIORAT PRESENTA \u2018LOS NOMBRES DE LA TIERRA\u2019, UNA NUEVA CLASIFICACI\u00d3N PARA SUS VINOS - Aribau\" \/>\n<meta property=\"og:description\" content=\"La Denominaci\u00f3n de Origen Calificada Priorat acaba de presentar un proyecto que posiciona sus vinos entre los grandes vinos europeos, siguiendo as\u00ed el camino iniciado por las grandes regiones vitivin\u00edcolas del mundo. Se trata de Los Nombres de la Tierra, una nueva catalogaci\u00f3n de los vinos elaborados por las bodegas que conforman la DO y ... Llegiu m\u00e9s\" \/>\n<meta property=\"og:url\" content=\"https:\/\/www.aribau.es\/ca\/la-doca-priorat-presenta-los-nombres-de-la-tierra-una-nueva-clasificacion-para-sus-vinos\/\" \/>\n<meta property=\"og:site_name\" content=\"Aribau\" \/>\n<meta property=\"article:publisher\" content=\"https:\/\/www.facebook.com\/aribau1964\/\" \/>\n<meta property=\"article:published_time\" content=\"2019-05-30T09:36:24+00:00\" \/>\n<meta property=\"article:modified_time\" content=\"2021-04-23T12:03:58+00:00\" \/>\n<meta property=\"og:image\" content=\"https:\/\/www.aribau.es\/wp-content\/uploads\/2019\/05\/Los-nombres-de-la-tierra-DOCa-Priorat-Aribau.jpg\" \/>\n\t<meta property=\"og:image:width\" content=\"2000\" \/>\n\t<meta property=\"og:image:height\" content=\"1333\" \/>\n\t<meta property=\"og:image:type\" content=\"image\/jpeg\" \/>\n<meta name=\"author\" content=\"aribau\" \/>\n<meta name=\"twitter:card\" content=\"summary_large_image\" \/>\n<meta name=\"twitter:creator\" content=\"@aribau1964\" \/>\n<meta name=\"twitter:site\" content=\"@aribau1964\" \/>\n<meta name=\"twitter:label1\" content=\"Escrit per\" \/>\n\t<meta name=\"twitter:data1\" content=\"aribau\" \/>\n\t<meta name=\"twitter:label2\" content=\"Temps estimat de lectura\" \/>\n\t<meta name=\"twitter:data2\" content=\"2 minuts\" \/>\n<script type=\"application\/ld+json\" class=\"yoast-schema-graph\">{\"@context\":\"https:\/\/schema.org\",\"@graph\":[{\"@type\":\"Article\",\"@id\":\"https:\/\/www.aribau.es\/ca\/la-doca-priorat-presenta-los-nombres-de-la-tierra-una-nueva-clasificacion-para-sus-vinos\/#article\",\"isPartOf\":{\"@id\":\"https:\/\/www.aribau.es\/ca\/la-doca-priorat-presenta-los-nombres-de-la-tierra-una-nueva-clasificacion-para-sus-vinos\/\"},\"author\":{\"name\":\"aribau\",\"@id\":\"https:\/\/www.aribau.es\/#\/schema\/person\/77a976898b3c705ed016499633f4ffd0\"},\"headline\":\"LA DOCa PRIORAT PRESENTA \u2018LOS NOMBRES DE LA TIERRA\u2019, UNA NUEVA CLASIFICACI\u00d3N PARA SUS VINOS\",\"datePublished\":\"2019-05-30T09:36:24+00:00\",\"dateModified\":\"2021-04-23T12:03:58+00:00\",\"mainEntityOfPage\":{\"@id\":\"https:\/\/www.aribau.es\/ca\/la-doca-priorat-presenta-los-nombres-de-la-tierra-una-nueva-clasificacion-para-sus-vinos\/\"},\"wordCount\":388,\"publisher\":{\"@id\":\"https:\/\/www.aribau.es\/#organization\"},\"image\":{\"@id\":\"https:\/\/www.aribau.es\/ca\/la-doca-priorat-presenta-los-nombres-de-la-tierra-una-nueva-clasificacion-para-sus-vinos\/#primaryimage\"},\"thumbnailUrl\":\"https:\/\/www.aribau.es\/wp-content\/uploads\/2019\/05\/Los-nombres-de-la-tierra-DOCa-Priorat-Aribau.jpg\",\"keywords\":[\"DOQ Priorat\"],\"articleSection\":[\"Noticias\"],\"inLanguage\":\"ca\"},{\"@type\":\"WebPage\",\"@id\":\"https:\/\/www.aribau.es\/ca\/la-doca-priorat-presenta-los-nombres-de-la-tierra-una-nueva-clasificacion-para-sus-vinos\/\",\"url\":\"https:\/\/www.aribau.es\/ca\/la-doca-priorat-presenta-los-nombres-de-la-tierra-una-nueva-clasificacion-para-sus-vinos\/\",\"name\":\"LA DOCa PRIORAT PRESENTA \u2018LOS NOMBRES DE LA TIERRA\u2019, UNA NUEVA CLASIFICACI\u00d3N PARA SUS VINOS - Aribau\",\"isPartOf\":{\"@id\":\"https:\/\/www.aribau.es\/#website\"},\"primaryImageOfPage\":{\"@id\":\"https:\/\/www.aribau.es\/ca\/la-doca-priorat-presenta-los-nombres-de-la-tierra-una-nueva-clasificacion-para-sus-vinos\/#primaryimage\"},\"image\":{\"@id\":\"https:\/\/www.aribau.es\/ca\/la-doca-priorat-presenta-los-nombres-de-la-tierra-una-nueva-clasificacion-para-sus-vinos\/#primaryimage\"},\"thumbnailUrl\":\"https:\/\/www.aribau.es\/wp-content\/uploads\/2019\/05\/Los-nombres-de-la-tierra-DOCa-Priorat-Aribau.jpg\",\"datePublished\":\"2019-05-30T09:36:24+00:00\",\"dateModified\":\"2021-04-23T12:03:58+00:00\",\"breadcrumb\":{\"@id\":\"https:\/\/www.aribau.es\/ca\/la-doca-priorat-presenta-los-nombres-de-la-tierra-una-nueva-clasificacion-para-sus-vinos\/#breadcrumb\"},\"inLanguage\":\"ca\",\"potentialAction\":[{\"@type\":\"ReadAction\",\"target\":[\"https:\/\/www.aribau.es\/ca\/la-doca-priorat-presenta-los-nombres-de-la-tierra-una-nueva-clasificacion-para-sus-vinos\/\"]}]},{\"@type\":\"ImageObject\",\"inLanguage\":\"ca\",\"@id\":\"https:\/\/www.aribau.es\/ca\/la-doca-priorat-presenta-los-nombres-de-la-tierra-una-nueva-clasificacion-para-sus-vinos\/#primaryimage\",\"url\":\"https:\/\/www.aribau.es\/wp-content\/uploads\/2019\/05\/Los-nombres-de-la-tierra-DOCa-Priorat-Aribau.jpg\",\"contentUrl\":\"https:\/\/www.aribau.es\/wp-content\/uploads\/2019\/05\/Los-nombres-de-la-tierra-DOCa-Priorat-Aribau.jpg\",\"width\":2000,\"height\":1333},{\"@type\":\"BreadcrumbList\",\"@id\":\"https:\/\/www.aribau.es\/ca\/la-doca-priorat-presenta-los-nombres-de-la-tierra-una-nueva-clasificacion-para-sus-vinos\/#breadcrumb\",\"itemListElement\":[{\"@type\":\"ListItem\",\"position\":1,\"name\":\"Portada\",\"item\":\"https:\/\/www.aribau.es\/\"},{\"@type\":\"ListItem\",\"position\":2,\"name\":\"LA DOCa PRIORAT PRESENTA \u2018LOS NOMBRES DE LA TIERRA\u2019, UNA NUEVA CLASIFICACI\u00d3N PARA SUS VINOS\"}]},{\"@type\":\"WebSite\",\"@id\":\"https:\/\/www.aribau.es\/#website\",\"url\":\"https:\/\/www.aribau.es\/\",\"name\":\"Aribau\",\"description\":\"VINOS Y BODEGAS\",\"publisher\":{\"@id\":\"https:\/\/www.aribau.es\/#organization\"},\"potentialAction\":[{\"@type\":\"SearchAction\",\"target\":{\"@type\":\"EntryPoint\",\"urlTemplate\":\"https:\/\/www.aribau.es\/?s={search_term_string}\"},\"query-input\":{\"@type\":\"PropertyValueSpecification\",\"valueRequired\":true,\"valueName\":\"search_term_string\"}}],\"inLanguage\":\"ca\"},{\"@type\":\"Organization\",\"@id\":\"https:\/\/www.aribau.es\/#organization\",\"name\":\"Aribau\",\"url\":\"https:\/\/www.aribau.es\/\",\"logo\":{\"@type\":\"ImageObject\",\"inLanguage\":\"ca\",\"@id\":\"https:\/\/www.aribau.es\/#\/schema\/logo\/image\/\",\"url\":\"https:\/\/www.aribau.es\/wp-content\/uploads\/2022\/03\/logo.png\",\"contentUrl\":\"https:\/\/www.aribau.es\/wp-content\/uploads\/2022\/03\/logo.png\",\"width\":300,\"height\":300,\"caption\":\"Aribau\"},\"image\":{\"@id\":\"https:\/\/www.aribau.es\/#\/schema\/logo\/image\/\"},\"sameAs\":[\"https:\/\/www.facebook.com\/aribau1964\/\",\"https:\/\/x.com\/aribau1964\",\"https:\/\/www.instagram.com\/aribau1964\/\"]},{\"@type\":\"Person\",\"@id\":\"https:\/\/www.aribau.es\/#\/schema\/person\/77a976898b3c705ed016499633f4ffd0\",\"name\":\"aribau\",\"image\":{\"@type\":\"ImageObject\",\"inLanguage\":\"ca\",\"@id\":\"https:\/\/www.aribau.es\/#\/schema\/person\/image\/\",\"url\":\"https:\/\/secure.gravatar.com\/avatar\/6690491f832d5b32aa9482b978c9464816810fbff0f6658034a34c9d9657b94e?s=96&d=mm&r=g\",\"contentUrl\":\"https:\/\/secure.gravatar.com\/avatar\/6690491f832d5b32aa9482b978c9464816810fbff0f6658034a34c9d9657b94e?s=96&d=mm&r=g\",\"caption\":\"aribau\"},\"url\":\"https:\/\/www.aribau.es\/ca\/author\/aribau\/\"}]}<\/script>\n<!-- \/ Yoast SEO plugin. -->","yoast_head_json":{"title":"LA DOCa PRIORAT PRESENTA \u2018LOS NOMBRES DE LA TIERRA\u2019, UNA NUEVA CLASIFICACI\u00d3N PARA SUS VINOS - Aribau","robots":{"index":"index","follow":"follow","max-snippet":"max-snippet:-1","max-image-preview":"max-image-preview:large","max-video-preview":"max-video-preview:-1"},"canonical":"https:\/\/www.aribau.es\/ca\/la-doca-priorat-presenta-los-nombres-de-la-tierra-una-nueva-clasificacion-para-sus-vinos\/","og_locale":"ca_ES","og_type":"article","og_title":"LA DOCa PRIORAT PRESENTA \u2018LOS NOMBRES DE LA TIERRA\u2019, UNA NUEVA CLASIFICACI\u00d3N PARA SUS VINOS - Aribau","og_description":"La Denominaci\u00f3n de Origen Calificada Priorat acaba de presentar un proyecto que posiciona sus vinos entre los grandes vinos europeos, siguiendo as\u00ed el camino iniciado por las grandes regiones vitivin\u00edcolas del mundo. Se trata de Los Nombres de la Tierra, una nueva catalogaci\u00f3n de los vinos elaborados por las bodegas que conforman la DO y ... Llegiu m\u00e9s","og_url":"https:\/\/www.aribau.es\/ca\/la-doca-priorat-presenta-los-nombres-de-la-tierra-una-nueva-clasificacion-para-sus-vinos\/","og_site_name":"Aribau","article_publisher":"https:\/\/www.facebook.com\/aribau1964\/","article_published_time":"2019-05-30T09:36:24+00:00","article_modified_time":"2021-04-23T12:03:58+00:00","og_image":[{"width":2000,"height":1333,"url":"https:\/\/www.aribau.es\/wp-content\/uploads\/2019\/05\/Los-nombres-de-la-tierra-DOCa-Priorat-Aribau.jpg","type":"image\/jpeg"}],"author":"aribau","twitter_card":"summary_large_image","twitter_creator":"@aribau1964","twitter_site":"@aribau1964","twitter_misc":{"Escrit per":"aribau","Temps estimat de lectura":"2 minuts"},"schema":{"@context":"https:\/\/schema.org","@graph":[{"@type":"Article","@id":"https:\/\/www.aribau.es\/ca\/la-doca-priorat-presenta-los-nombres-de-la-tierra-una-nueva-clasificacion-para-sus-vinos\/#article","isPartOf":{"@id":"https:\/\/www.aribau.es\/ca\/la-doca-priorat-presenta-los-nombres-de-la-tierra-una-nueva-clasificacion-para-sus-vinos\/"},"author":{"name":"aribau","@id":"https:\/\/www.aribau.es\/#\/schema\/person\/77a976898b3c705ed016499633f4ffd0"},"headline":"LA DOCa PRIORAT PRESENTA \u2018LOS NOMBRES DE LA TIERRA\u2019, UNA NUEVA CLASIFICACI\u00d3N PARA SUS VINOS","datePublished":"2019-05-30T09:36:24+00:00","dateModified":"2021-04-23T12:03:58+00:00","mainEntityOfPage":{"@id":"https:\/\/www.aribau.es\/ca\/la-doca-priorat-presenta-los-nombres-de-la-tierra-una-nueva-clasificacion-para-sus-vinos\/"},"wordCount":388,"publisher":{"@id":"https:\/\/www.aribau.es\/#organization"},"image":{"@id":"https:\/\/www.aribau.es\/ca\/la-doca-priorat-presenta-los-nombres-de-la-tierra-una-nueva-clasificacion-para-sus-vinos\/#primaryimage"},"thumbnailUrl":"https:\/\/www.aribau.es\/wp-content\/uploads\/2019\/05\/Los-nombres-de-la-tierra-DOCa-Priorat-Aribau.jpg","keywords":["DOQ Priorat"],"articleSection":["Noticias"],"inLanguage":"ca"},{"@type":"WebPage","@id":"https:\/\/www.aribau.es\/ca\/la-doca-priorat-presenta-los-nombres-de-la-tierra-una-nueva-clasificacion-para-sus-vinos\/","url":"https:\/\/www.aribau.es\/ca\/la-doca-priorat-presenta-los-nombres-de-la-tierra-una-nueva-clasificacion-para-sus-vinos\/","name":"LA DOCa PRIORAT PRESENTA \u2018LOS NOMBRES DE LA TIERRA\u2019, UNA NUEVA CLASIFICACI\u00d3N PARA SUS VINOS - Aribau","isPartOf":{"@id":"https:\/\/www.aribau.es\/#website"},"primaryImageOfPage":{"@id":"https:\/\/www.aribau.es\/ca\/la-doca-priorat-presenta-los-nombres-de-la-tierra-una-nueva-clasificacion-para-sus-vinos\/#primaryimage"},"image":{"@id":"https:\/\/www.aribau.es\/ca\/la-doca-priorat-presenta-los-nombres-de-la-tierra-una-nueva-clasificacion-para-sus-vinos\/#primaryimage"},"thumbnailUrl":"https:\/\/www.aribau.es\/wp-content\/uploads\/2019\/05\/Los-nombres-de-la-tierra-DOCa-Priorat-Aribau.jpg","datePublished":"2019-05-30T09:36:24+00:00","dateModified":"2021-04-23T12:03:58+00:00","breadcrumb":{"@id":"https:\/\/www.aribau.es\/ca\/la-doca-priorat-presenta-los-nombres-de-la-tierra-una-nueva-clasificacion-para-sus-vinos\/#breadcrumb"},"inLanguage":"ca","potentialAction":[{"@type":"ReadAction","target":["https:\/\/www.aribau.es\/ca\/la-doca-priorat-presenta-los-nombres-de-la-tierra-una-nueva-clasificacion-para-sus-vinos\/"]}]},{"@type":"ImageObject","inLanguage":"ca","@id":"https:\/\/www.aribau.es\/ca\/la-doca-priorat-presenta-los-nombres-de-la-tierra-una-nueva-clasificacion-para-sus-vinos\/#primaryimage","url":"https:\/\/www.aribau.es\/wp-content\/uploads\/2019\/05\/Los-nombres-de-la-tierra-DOCa-Priorat-Aribau.jpg","contentUrl":"https:\/\/www.aribau.es\/wp-content\/uploads\/2019\/05\/Los-nombres-de-la-tierra-DOCa-Priorat-Aribau.jpg","width":2000,"height":1333},{"@type":"BreadcrumbList","@id":"https:\/\/www.aribau.es\/ca\/la-doca-priorat-presenta-los-nombres-de-la-tierra-una-nueva-clasificacion-para-sus-vinos\/#breadcrumb","itemListElement":[{"@type":"ListItem","position":1,"name":"Portada","item":"https:\/\/www.aribau.es\/"},{"@type":"ListItem","position":2,"name":"LA DOCa PRIORAT PRESENTA \u2018LOS NOMBRES DE LA TIERRA\u2019, UNA NUEVA CLASIFICACI\u00d3N PARA SUS VINOS"}]},{"@type":"WebSite","@id":"https:\/\/www.aribau.es\/#website","url":"https:\/\/www.aribau.es\/","name":"Aribau","description":"VINOS Y BODEGAS","publisher":{"@id":"https:\/\/www.aribau.es\/#organization"},"potentialAction":[{"@type":"SearchAction","target":{"@type":"EntryPoint","urlTemplate":"https:\/\/www.aribau.es\/?s={search_term_string}"},"query-input":{"@type":"PropertyValueSpecification","valueRequired":true,"valueName":"search_term_string"}}],"inLanguage":"ca"},{"@type":"Organization","@id":"https:\/\/www.aribau.es\/#organization","name":"Aribau","url":"https:\/\/www.aribau.es\/","logo":{"@type":"ImageObject","inLanguage":"ca","@id":"https:\/\/www.aribau.es\/#\/schema\/logo\/image\/","url":"https:\/\/www.aribau.es\/wp-content\/uploads\/2022\/03\/logo.png","contentUrl":"https:\/\/www.aribau.es\/wp-content\/uploads\/2022\/03\/logo.png","width":300,"height":300,"caption":"Aribau"},"image":{"@id":"https:\/\/www.aribau.es\/#\/schema\/logo\/image\/"},"sameAs":["https:\/\/www.facebook.com\/aribau1964\/","https:\/\/x.com\/aribau1964","https:\/\/www.instagram.com\/aribau1964\/"]},{"@type":"Person","@id":"https:\/\/www.aribau.es\/#\/schema\/person\/77a976898b3c705ed016499633f4ffd0","name":"aribau","image":{"@type":"ImageObject","inLanguage":"ca","@id":"https:\/\/www.aribau.es\/#\/schema\/person\/image\/","url":"https:\/\/secure.gravatar.com\/avatar\/6690491f832d5b32aa9482b978c9464816810fbff0f6658034a34c9d9657b94e?s=96&d=mm&r=g","contentUrl":"https:\/\/secure.gravatar.com\/avatar\/6690491f832d5b32aa9482b978c9464816810fbff0f6658034a34c9d9657b94e?s=96&d=mm&r=g","caption":"aribau"},"url":"https:\/\/www.aribau.es\/ca\/author\/aribau\/"}]}},"_links":{"self":[{"href":"https:\/\/www.aribau.es\/ca\/wp-json\/wp\/v2\/posts\/6388","targetHints":{"allow":["GET"]}}],"collection":[{"href":"https:\/\/www.aribau.es\/ca\/wp-json\/wp\/v2\/posts"}],"about":[{"href":"https:\/\/www.aribau.es\/ca\/wp-json\/wp\/v2\/types\/post"}],"author":[{"embeddable":true,"href":"https:\/\/www.aribau.es\/ca\/wp-json\/wp\/v2\/users\/3"}],"replies":[{"embeddable":true,"href":"https:\/\/www.aribau.es\/ca\/wp-json\/wp\/v2\/comments?post=6388"}],"version-history":[{"count":5,"href":"https:\/\/www.aribau.es\/ca\/wp-json\/wp\/v2\/posts\/6388\/revisions"}],"predecessor-version":[{"id":10010,"href":"https:\/\/www.aribau.es\/ca\/wp-json\/wp\/v2\/posts\/6388\/revisions\/10010"}],"wp:featuredmedia":[{"embeddable":true,"href":"https:\/\/www.aribau.es\/ca\/wp-json\/wp\/v2\/media\/6389"}],"wp:attachment":[{"href":"https:\/\/www.aribau.es\/ca\/wp-json\/wp\/v2\/media?parent=6388"}],"wp:term":[{"taxonomy":"category","embeddable":true,"href":"https:\/\/www.aribau.es\/ca\/wp-json\/wp\/v2\/categories?post=6388"},{"taxonomy":"post_tag","embeddable":true,"href":"https:\/\/www.aribau.es\/ca\/wp-json\/wp\/v2\/tags?post=6388"}],"curies":[{"name":"wp","href":"https:\/\/api.w.org\/{rel}","templated":true}]}}