{"id":6393,"date":"2019-06-06T10:01:09","date_gmt":"2019-06-06T09:01:09","guid":{"rendered":"https:\/\/www.aribau.es\/?p=6393"},"modified":"2021-04-23T12:54:16","modified_gmt":"2021-04-23T11:54:16","slug":"nace-alojamientos-con-do-una-iniciativa-que-busca-promover-el-enoturismo-en-catalunya","status":"publish","type":"post","link":"https:\/\/www.aribau.es\/ca\/nace-alojamientos-con-do-una-iniciativa-que-busca-promover-el-enoturismo-en-catalunya\/","title":{"rendered":"NEIX \u2018ALLOTJAMENTS AMB DO\u2019, UNA INICIATIVA PER PROMOURE L'ENOTURISME A CATALUNYA"},"content":{"rendered":"<p>Hace unos d\u00edas se presentaba en Barcelona <strong><a href=\"https:\/\/allotjamentsambdo.com\/es\/\" target=\"_blank\" rel=\"noopener\"><em>Allotjaments amb DO<\/em><\/a><\/strong> -Alojamientos con DO- una iniciativa que nace con la voluntad de promover y divulgar la cultura del vino en Catalunya.<\/p>\n<p>La asociaci\u00f3n est\u00e1 formada por 12 establecimientos tur\u00edsticos que se encuentran ubicados en las 12 denominaciones de origen que hay en el territorio catal\u00e1n y que en 2017 decidieron unirse para compartir y potenciar experiencias vinculadas al enoturismo.<\/p>\n<p><!--more--><\/p>\n<p>Todos ellos son alojamientos muy diversos, desde hoteles, grandes y peque\u00f1os, hasta casas de turismo rural, Bed &amp; Breakfasts o incluso bodegas que ofrecen alojamiento a sus visitantes. Todos distintos, pero con un denominador com\u00fan: el conocimiento del territorio y la vinculaci\u00f3n con el mundo del vino.<\/p>\n<p>Otro de los denominadores comunes es la oferta. Con una especial sensibilidad por la gastronom\u00eda y el vino, aquellos que decidan alojarse en alguno de estos establecimientos podr\u00e1n disfrutar de una copa de bienvenida, as\u00ed como de propuestas de enoturismo que van desde la visita a una bodega a la invitaci\u00f3n a una actividad enotur\u00edstica \u00fanica y ligada a la zona en la que el alojamiento se encuentre ubicado.<\/p>\n<p>Una propuesta con el territorio y el vino como protagonistas y con la garant\u00eda de los est\u00e1ndares de calidad que ofrecen estos alojamientos, algunos de ellos con mucha implantaci\u00f3n en el territorio. En definitiva, una propuesta que busca convertirse en un referente en el \u00e1mbito del enoturismo en Catalunya, al tiempo que generar sinergias que vayan en beneficio del sector tur\u00edstico catal\u00e1n en general, as\u00ed como de las bodegas y del resto de establecimientos que viven de la cultura del vino.<\/p>","protected":false},"excerpt":{"rendered":"<p>Hace unos d\u00edas se presentaba en Barcelona Allotjaments amb DO -Alojamientos con DO- una iniciativa que nace con la voluntad de promover y divulgar la cultura del vino en Catalunya. La asociaci\u00f3n est\u00e1 formada por 12 establecimientos tur\u00edsticos que se encuentran ubicados en las 12 denominaciones de origen que hay en el territorio catal\u00e1n y &#8230; <a title=\"NEIX \u2018ALLOTJAMENTS AMB DO\u2019, UNA INICIATIVA PER PROMOURE L&#039;ENOTURISME A CATALUNYA\" class=\"read-more\" href=\"https:\/\/www.aribau.es\/ca\/nace-alojamientos-con-do-una-iniciativa-que-busca-promover-el-enoturismo-en-catalunya\/\" aria-label=\"M\u00e9s informaci\u00f3 sobre NACE \u2018ALOJAMIENTOS CON DO\u2019, UNA INICIATIVA QUE BUSCA PROMOVER EL ENOTURISMO EN CATALUNYA\">Llegiu m\u00e9s<\/a><\/p>","protected":false},"author":3,"featured_media":6394,"comment_status":"closed","ping_status":"closed","sticky":false,"template":"","format":"standard","meta":{"footnotes":""},"categories":[406],"tags":[463],"class_list":["post-6393","post","type-post","status-publish","format-standard","has-post-thumbnail","hentry","category-noticias","tag-enoturismo"],"yoast_head":"<!-- This site is optimized with the Yoast SEO plugin v26.7 - https:\/\/yoast.com\/wordpress\/plugins\/seo\/ -->\n<title>NACE \u2018ALOJAMIENTOS CON DO\u2019, UNA INICIATIVA QUE BUSCA PROMOVER EL ENOTURISMO EN CATALUNYA - Aribau<\/title>\n<meta name=\"robots\" content=\"index, follow, max-snippet:-1, max-image-preview:large, max-video-preview:-1\" \/>\n<link rel=\"canonical\" href=\"https:\/\/www.aribau.es\/ca\/nace-alojamientos-con-do-una-iniciativa-que-busca-promover-el-enoturismo-en-catalunya\/\" \/>\n<meta property=\"og:locale\" content=\"ca_ES\" \/>\n<meta property=\"og:type\" content=\"article\" \/>\n<meta property=\"og:title\" content=\"NACE \u2018ALOJAMIENTOS CON DO\u2019, UNA INICIATIVA QUE BUSCA PROMOVER EL ENOTURISMO EN CATALUNYA - Aribau\" \/>\n<meta property=\"og:description\" content=\"Hace unos d\u00edas se presentaba en Barcelona Allotjaments amb DO -Alojamientos con DO- una iniciativa que nace con la voluntad de promover y divulgar la cultura del vino en Catalunya. La asociaci\u00f3n est\u00e1 formada por 12 establecimientos tur\u00edsticos que se encuentran ubicados en las 12 denominaciones de origen que hay en el territorio catal\u00e1n y ... Llegiu m\u00e9s\" \/>\n<meta property=\"og:url\" content=\"https:\/\/www.aribau.es\/ca\/nace-alojamientos-con-do-una-iniciativa-que-busca-promover-el-enoturismo-en-catalunya\/\" \/>\n<meta property=\"og:site_name\" content=\"Aribau\" \/>\n<meta property=\"article:publisher\" content=\"https:\/\/www.facebook.com\/aribau1964\/\" \/>\n<meta property=\"article:published_time\" content=\"2019-06-06T09:01:09+00:00\" \/>\n<meta property=\"article:modified_time\" content=\"2021-04-23T11:54:16+00:00\" \/>\n<meta property=\"og:image\" content=\"https:\/\/www.aribau.es\/wp-content\/uploads\/2019\/06\/enoturismo-aribau.jpg\" \/>\n\t<meta property=\"og:image:width\" content=\"1000\" \/>\n\t<meta property=\"og:image:height\" content=\"562\" \/>\n\t<meta property=\"og:image:type\" content=\"image\/jpeg\" \/>\n<meta name=\"author\" content=\"aribau\" \/>\n<meta name=\"twitter:card\" content=\"summary_large_image\" \/>\n<meta name=\"twitter:creator\" content=\"@aribau1964\" \/>\n<meta name=\"twitter:site\" content=\"@aribau1964\" \/>\n<meta name=\"twitter:label1\" content=\"Escrit per\" \/>\n\t<meta name=\"twitter:data1\" content=\"aribau\" \/>\n\t<meta name=\"twitter:label2\" content=\"Temps estimat de lectura\" \/>\n\t<meta name=\"twitter:data2\" content=\"1 minut\" \/>\n<script type=\"application\/ld+json\" class=\"yoast-schema-graph\">{\"@context\":\"https:\/\/schema.org\",\"@graph\":[{\"@type\":\"Article\",\"@id\":\"https:\/\/www.aribau.es\/ca\/nace-alojamientos-con-do-una-iniciativa-que-busca-promover-el-enoturismo-en-catalunya\/#article\",\"isPartOf\":{\"@id\":\"https:\/\/www.aribau.es\/ca\/nace-alojamientos-con-do-una-iniciativa-que-busca-promover-el-enoturismo-en-catalunya\/\"},\"author\":{\"name\":\"aribau\",\"@id\":\"https:\/\/www.aribau.es\/#\/schema\/person\/77a976898b3c705ed016499633f4ffd0\"},\"headline\":\"NACE \u2018ALOJAMIENTOS CON DO\u2019, UNA INICIATIVA QUE BUSCA PROMOVER EL ENOTURISMO EN CATALUNYA\",\"datePublished\":\"2019-06-06T09:01:09+00:00\",\"dateModified\":\"2021-04-23T11:54:16+00:00\",\"mainEntityOfPage\":{\"@id\":\"https:\/\/www.aribau.es\/ca\/nace-alojamientos-con-do-una-iniciativa-que-busca-promover-el-enoturismo-en-catalunya\/\"},\"wordCount\":291,\"publisher\":{\"@id\":\"https:\/\/www.aribau.es\/#organization\"},\"image\":{\"@id\":\"https:\/\/www.aribau.es\/ca\/nace-alojamientos-con-do-una-iniciativa-que-busca-promover-el-enoturismo-en-catalunya\/#primaryimage\"},\"thumbnailUrl\":\"https:\/\/www.aribau.es\/wp-content\/uploads\/2019\/06\/enoturismo-aribau.jpg\",\"keywords\":[\"enoturismo\"],\"articleSection\":[\"Noticias\"],\"inLanguage\":\"ca\"},{\"@type\":\"WebPage\",\"@id\":\"https:\/\/www.aribau.es\/ca\/nace-alojamientos-con-do-una-iniciativa-que-busca-promover-el-enoturismo-en-catalunya\/\",\"url\":\"https:\/\/www.aribau.es\/ca\/nace-alojamientos-con-do-una-iniciativa-que-busca-promover-el-enoturismo-en-catalunya\/\",\"name\":\"NACE \u2018ALOJAMIENTOS CON DO\u2019, UNA INICIATIVA QUE BUSCA PROMOVER EL ENOTURISMO EN CATALUNYA - Aribau\",\"isPartOf\":{\"@id\":\"https:\/\/www.aribau.es\/#website\"},\"primaryImageOfPage\":{\"@id\":\"https:\/\/www.aribau.es\/ca\/nace-alojamientos-con-do-una-iniciativa-que-busca-promover-el-enoturismo-en-catalunya\/#primaryimage\"},\"image\":{\"@id\":\"https:\/\/www.aribau.es\/ca\/nace-alojamientos-con-do-una-iniciativa-que-busca-promover-el-enoturismo-en-catalunya\/#primaryimage\"},\"thumbnailUrl\":\"https:\/\/www.aribau.es\/wp-content\/uploads\/2019\/06\/enoturismo-aribau.jpg\",\"datePublished\":\"2019-06-06T09:01:09+00:00\",\"dateModified\":\"2021-04-23T11:54:16+00:00\",\"breadcrumb\":{\"@id\":\"https:\/\/www.aribau.es\/ca\/nace-alojamientos-con-do-una-iniciativa-que-busca-promover-el-enoturismo-en-catalunya\/#breadcrumb\"},\"inLanguage\":\"ca\",\"potentialAction\":[{\"@type\":\"ReadAction\",\"target\":[\"https:\/\/www.aribau.es\/ca\/nace-alojamientos-con-do-una-iniciativa-que-busca-promover-el-enoturismo-en-catalunya\/\"]}]},{\"@type\":\"ImageObject\",\"inLanguage\":\"ca\",\"@id\":\"https:\/\/www.aribau.es\/ca\/nace-alojamientos-con-do-una-iniciativa-que-busca-promover-el-enoturismo-en-catalunya\/#primaryimage\",\"url\":\"https:\/\/www.aribau.es\/wp-content\/uploads\/2019\/06\/enoturismo-aribau.jpg\",\"contentUrl\":\"https:\/\/www.aribau.es\/wp-content\/uploads\/2019\/06\/enoturismo-aribau.jpg\",\"width\":1000,\"height\":562},{\"@type\":\"BreadcrumbList\",\"@id\":\"https:\/\/www.aribau.es\/ca\/nace-alojamientos-con-do-una-iniciativa-que-busca-promover-el-enoturismo-en-catalunya\/#breadcrumb\",\"itemListElement\":[{\"@type\":\"ListItem\",\"position\":1,\"name\":\"Portada\",\"item\":\"https:\/\/www.aribau.es\/\"},{\"@type\":\"ListItem\",\"position\":2,\"name\":\"NACE \u2018ALOJAMIENTOS CON DO\u2019, UNA INICIATIVA QUE BUSCA PROMOVER EL ENOTURISMO EN CATALUNYA\"}]},{\"@type\":\"WebSite\",\"@id\":\"https:\/\/www.aribau.es\/#website\",\"url\":\"https:\/\/www.aribau.es\/\",\"name\":\"Aribau\",\"description\":\"VINOS Y BODEGAS\",\"publisher\":{\"@id\":\"https:\/\/www.aribau.es\/#organization\"},\"potentialAction\":[{\"@type\":\"SearchAction\",\"target\":{\"@type\":\"EntryPoint\",\"urlTemplate\":\"https:\/\/www.aribau.es\/?s={search_term_string}\"},\"query-input\":{\"@type\":\"PropertyValueSpecification\",\"valueRequired\":true,\"valueName\":\"search_term_string\"}}],\"inLanguage\":\"ca\"},{\"@type\":\"Organization\",\"@id\":\"https:\/\/www.aribau.es\/#organization\",\"name\":\"Aribau\",\"url\":\"https:\/\/www.aribau.es\/\",\"logo\":{\"@type\":\"ImageObject\",\"inLanguage\":\"ca\",\"@id\":\"https:\/\/www.aribau.es\/#\/schema\/logo\/image\/\",\"url\":\"https:\/\/www.aribau.es\/wp-content\/uploads\/2022\/03\/logo.png\",\"contentUrl\":\"https:\/\/www.aribau.es\/wp-content\/uploads\/2022\/03\/logo.png\",\"width\":300,\"height\":300,\"caption\":\"Aribau\"},\"image\":{\"@id\":\"https:\/\/www.aribau.es\/#\/schema\/logo\/image\/\"},\"sameAs\":[\"https:\/\/www.facebook.com\/aribau1964\/\",\"https:\/\/x.com\/aribau1964\",\"https:\/\/www.instagram.com\/aribau1964\/\"]},{\"@type\":\"Person\",\"@id\":\"https:\/\/www.aribau.es\/#\/schema\/person\/77a976898b3c705ed016499633f4ffd0\",\"name\":\"aribau\",\"image\":{\"@type\":\"ImageObject\",\"inLanguage\":\"ca\",\"@id\":\"https:\/\/www.aribau.es\/#\/schema\/person\/image\/\",\"url\":\"https:\/\/secure.gravatar.com\/avatar\/6690491f832d5b32aa9482b978c9464816810fbff0f6658034a34c9d9657b94e?s=96&d=mm&r=g\",\"contentUrl\":\"https:\/\/secure.gravatar.com\/avatar\/6690491f832d5b32aa9482b978c9464816810fbff0f6658034a34c9d9657b94e?s=96&d=mm&r=g\",\"caption\":\"aribau\"},\"url\":\"https:\/\/www.aribau.es\/ca\/author\/aribau\/\"}]}<\/script>\n<!-- \/ Yoast SEO plugin. -->","yoast_head_json":{"title":"NACE \u2018ALOJAMIENTOS CON DO\u2019, UNA INICIATIVA QUE BUSCA PROMOVER EL ENOTURISMO EN CATALUNYA - Aribau","robots":{"index":"index","follow":"follow","max-snippet":"max-snippet:-1","max-image-preview":"max-image-preview:large","max-video-preview":"max-video-preview:-1"},"canonical":"https:\/\/www.aribau.es\/ca\/nace-alojamientos-con-do-una-iniciativa-que-busca-promover-el-enoturismo-en-catalunya\/","og_locale":"ca_ES","og_type":"article","og_title":"NACE \u2018ALOJAMIENTOS CON DO\u2019, UNA INICIATIVA QUE BUSCA PROMOVER EL ENOTURISMO EN CATALUNYA - Aribau","og_description":"Hace unos d\u00edas se presentaba en Barcelona Allotjaments amb DO -Alojamientos con DO- una iniciativa que nace con la voluntad de promover y divulgar la cultura del vino en Catalunya. La asociaci\u00f3n est\u00e1 formada por 12 establecimientos tur\u00edsticos que se encuentran ubicados en las 12 denominaciones de origen que hay en el territorio catal\u00e1n y ... Llegiu m\u00e9s","og_url":"https:\/\/www.aribau.es\/ca\/nace-alojamientos-con-do-una-iniciativa-que-busca-promover-el-enoturismo-en-catalunya\/","og_site_name":"Aribau","article_publisher":"https:\/\/www.facebook.com\/aribau1964\/","article_published_time":"2019-06-06T09:01:09+00:00","article_modified_time":"2021-04-23T11:54:16+00:00","og_image":[{"width":1000,"height":562,"url":"https:\/\/www.aribau.es\/wp-content\/uploads\/2019\/06\/enoturismo-aribau.jpg","type":"image\/jpeg"}],"author":"aribau","twitter_card":"summary_large_image","twitter_creator":"@aribau1964","twitter_site":"@aribau1964","twitter_misc":{"Escrit per":"aribau","Temps estimat de lectura":"1 minut"},"schema":{"@context":"https:\/\/schema.org","@graph":[{"@type":"Article","@id":"https:\/\/www.aribau.es\/ca\/nace-alojamientos-con-do-una-iniciativa-que-busca-promover-el-enoturismo-en-catalunya\/#article","isPartOf":{"@id":"https:\/\/www.aribau.es\/ca\/nace-alojamientos-con-do-una-iniciativa-que-busca-promover-el-enoturismo-en-catalunya\/"},"author":{"name":"aribau","@id":"https:\/\/www.aribau.es\/#\/schema\/person\/77a976898b3c705ed016499633f4ffd0"},"headline":"NACE \u2018ALOJAMIENTOS CON DO\u2019, UNA INICIATIVA QUE BUSCA PROMOVER EL ENOTURISMO EN CATALUNYA","datePublished":"2019-06-06T09:01:09+00:00","dateModified":"2021-04-23T11:54:16+00:00","mainEntityOfPage":{"@id":"https:\/\/www.aribau.es\/ca\/nace-alojamientos-con-do-una-iniciativa-que-busca-promover-el-enoturismo-en-catalunya\/"},"wordCount":291,"publisher":{"@id":"https:\/\/www.aribau.es\/#organization"},"image":{"@id":"https:\/\/www.aribau.es\/ca\/nace-alojamientos-con-do-una-iniciativa-que-busca-promover-el-enoturismo-en-catalunya\/#primaryimage"},"thumbnailUrl":"https:\/\/www.aribau.es\/wp-content\/uploads\/2019\/06\/enoturismo-aribau.jpg","keywords":["enoturismo"],"articleSection":["Noticias"],"inLanguage":"ca"},{"@type":"WebPage","@id":"https:\/\/www.aribau.es\/ca\/nace-alojamientos-con-do-una-iniciativa-que-busca-promover-el-enoturismo-en-catalunya\/","url":"https:\/\/www.aribau.es\/ca\/nace-alojamientos-con-do-una-iniciativa-que-busca-promover-el-enoturismo-en-catalunya\/","name":"NACE \u2018ALOJAMIENTOS CON DO\u2019, UNA INICIATIVA QUE BUSCA PROMOVER EL ENOTURISMO EN CATALUNYA - Aribau","isPartOf":{"@id":"https:\/\/www.aribau.es\/#website"},"primaryImageOfPage":{"@id":"https:\/\/www.aribau.es\/ca\/nace-alojamientos-con-do-una-iniciativa-que-busca-promover-el-enoturismo-en-catalunya\/#primaryimage"},"image":{"@id":"https:\/\/www.aribau.es\/ca\/nace-alojamientos-con-do-una-iniciativa-que-busca-promover-el-enoturismo-en-catalunya\/#primaryimage"},"thumbnailUrl":"https:\/\/www.aribau.es\/wp-content\/uploads\/2019\/06\/enoturismo-aribau.jpg","datePublished":"2019-06-06T09:01:09+00:00","dateModified":"2021-04-23T11:54:16+00:00","breadcrumb":{"@id":"https:\/\/www.aribau.es\/ca\/nace-alojamientos-con-do-una-iniciativa-que-busca-promover-el-enoturismo-en-catalunya\/#breadcrumb"},"inLanguage":"ca","potentialAction":[{"@type":"ReadAction","target":["https:\/\/www.aribau.es\/ca\/nace-alojamientos-con-do-una-iniciativa-que-busca-promover-el-enoturismo-en-catalunya\/"]}]},{"@type":"ImageObject","inLanguage":"ca","@id":"https:\/\/www.aribau.es\/ca\/nace-alojamientos-con-do-una-iniciativa-que-busca-promover-el-enoturismo-en-catalunya\/#primaryimage","url":"https:\/\/www.aribau.es\/wp-content\/uploads\/2019\/06\/enoturismo-aribau.jpg","contentUrl":"https:\/\/www.aribau.es\/wp-content\/uploads\/2019\/06\/enoturismo-aribau.jpg","width":1000,"height":562},{"@type":"BreadcrumbList","@id":"https:\/\/www.aribau.es\/ca\/nace-alojamientos-con-do-una-iniciativa-que-busca-promover-el-enoturismo-en-catalunya\/#breadcrumb","itemListElement":[{"@type":"ListItem","position":1,"name":"Portada","item":"https:\/\/www.aribau.es\/"},{"@type":"ListItem","position":2,"name":"NACE \u2018ALOJAMIENTOS CON DO\u2019, UNA INICIATIVA QUE BUSCA PROMOVER EL ENOTURISMO EN CATALUNYA"}]},{"@type":"WebSite","@id":"https:\/\/www.aribau.es\/#website","url":"https:\/\/www.aribau.es\/","name":"Aribau","description":"VINOS Y BODEGAS","publisher":{"@id":"https:\/\/www.aribau.es\/#organization"},"potentialAction":[{"@type":"SearchAction","target":{"@type":"EntryPoint","urlTemplate":"https:\/\/www.aribau.es\/?s={search_term_string}"},"query-input":{"@type":"PropertyValueSpecification","valueRequired":true,"valueName":"search_term_string"}}],"inLanguage":"ca"},{"@type":"Organization","@id":"https:\/\/www.aribau.es\/#organization","name":"Aribau","url":"https:\/\/www.aribau.es\/","logo":{"@type":"ImageObject","inLanguage":"ca","@id":"https:\/\/www.aribau.es\/#\/schema\/logo\/image\/","url":"https:\/\/www.aribau.es\/wp-content\/uploads\/2022\/03\/logo.png","contentUrl":"https:\/\/www.aribau.es\/wp-content\/uploads\/2022\/03\/logo.png","width":300,"height":300,"caption":"Aribau"},"image":{"@id":"https:\/\/www.aribau.es\/#\/schema\/logo\/image\/"},"sameAs":["https:\/\/www.facebook.com\/aribau1964\/","https:\/\/x.com\/aribau1964","https:\/\/www.instagram.com\/aribau1964\/"]},{"@type":"Person","@id":"https:\/\/www.aribau.es\/#\/schema\/person\/77a976898b3c705ed016499633f4ffd0","name":"aribau","image":{"@type":"ImageObject","inLanguage":"ca","@id":"https:\/\/www.aribau.es\/#\/schema\/person\/image\/","url":"https:\/\/secure.gravatar.com\/avatar\/6690491f832d5b32aa9482b978c9464816810fbff0f6658034a34c9d9657b94e?s=96&d=mm&r=g","contentUrl":"https:\/\/secure.gravatar.com\/avatar\/6690491f832d5b32aa9482b978c9464816810fbff0f6658034a34c9d9657b94e?s=96&d=mm&r=g","caption":"aribau"},"url":"https:\/\/www.aribau.es\/ca\/author\/aribau\/"}]}},"_links":{"self":[{"href":"https:\/\/www.aribau.es\/ca\/wp-json\/wp\/v2\/posts\/6393","targetHints":{"allow":["GET"]}}],"collection":[{"href":"https:\/\/www.aribau.es\/ca\/wp-json\/wp\/v2\/posts"}],"about":[{"href":"https:\/\/www.aribau.es\/ca\/wp-json\/wp\/v2\/types\/post"}],"author":[{"embeddable":true,"href":"https:\/\/www.aribau.es\/ca\/wp-json\/wp\/v2\/users\/3"}],"replies":[{"embeddable":true,"href":"https:\/\/www.aribau.es\/ca\/wp-json\/wp\/v2\/comments?post=6393"}],"version-history":[{"count":6,"href":"https:\/\/www.aribau.es\/ca\/wp-json\/wp\/v2\/posts\/6393\/revisions"}],"predecessor-version":[{"id":10008,"href":"https:\/\/www.aribau.es\/ca\/wp-json\/wp\/v2\/posts\/6393\/revisions\/10008"}],"wp:featuredmedia":[{"embeddable":true,"href":"https:\/\/www.aribau.es\/ca\/wp-json\/wp\/v2\/media\/6394"}],"wp:attachment":[{"href":"https:\/\/www.aribau.es\/ca\/wp-json\/wp\/v2\/media?parent=6393"}],"wp:term":[{"taxonomy":"category","embeddable":true,"href":"https:\/\/www.aribau.es\/ca\/wp-json\/wp\/v2\/categories?post=6393"},{"taxonomy":"post_tag","embeddable":true,"href":"https:\/\/www.aribau.es\/ca\/wp-json\/wp\/v2\/tags?post=6393"}],"curies":[{"name":"wp","href":"https:\/\/api.w.org\/{rel}","templated":true}]}}