{"id":6407,"date":"2019-06-20T10:01:15","date_gmt":"2019-06-20T09:01:15","guid":{"rendered":"https:\/\/www.aribau.es\/?p=6407"},"modified":"2021-04-23T12:43:23","modified_gmt":"2021-04-23T11:43:23","slug":"celebra-la-verbena-de-san-juan-con-nuestros-vinos","status":"publish","type":"post","link":"https:\/\/www.aribau.es\/ca\/celebra-la-verbena-de-san-juan-con-nuestros-vinos\/","title":{"rendered":"CELEBRA LA REVETLLA DE SANT JOAN AMB ELS NOSTRES VINS"},"content":{"rendered":"<p>Este pr\u00f3ximo fin de semana es fiesta grande. El domingo se celebra la verbena de San Juan y, como cada a\u00f1o, hay algunas cosas que no pueden faltar para asegurarnos una celebraci\u00f3n a la altura de la noche m\u00e1s corta del a\u00f1o: una buena cena, la mejor compa\u00f1\u00eda, algunos petardos y, por supuesto, unos buenos vinos.<\/p>\n<p>Y como seguro que tienes un mill\u00f3n de cosas en la cabeza para que no falte de nada ese d\u00eda, te vamos a echar un cable con la bebida (de los adultos). Aqu\u00ed tienes nuestras propuestas para garantizar una buena cena, seas anfitri\u00f3n o invitado.<\/p>\n<p><!--more--><\/p>\n<p><strong>Empecemos con un vermut: <em>Bertsolari<\/em><\/strong><\/p>\n<p><a href=\"https:\/\/www.aribau.es\/wp-content\/uploads\/2018\/12\/bertsolari-121x300.jpg\"><img decoding=\"async\" class=\"alignleft size-medium wp-image-6251\" src=\"https:\/\/www.aribau.es\/wp-content\/uploads\/2018\/12\/bertsolari-121x300-121x300.jpg\" alt=\"\" width=\"121\" height=\"300\" \/><\/a>Mientras van llegando los invitados, y como siempre hay alg\u00fan tard\u00f3n en el grupo, \u00bfqu\u00e9 tal si empezamos tomando un vemut? <strong><em><a href=\"https:\/\/www.aribau.es\/ca\/bertsolari-el-vermut-que-homenajea-a-la-cultura-popular\/\" target=\"_blank\" rel=\"noopener\">Bertsolari<\/a><\/em> <\/strong>es un vermut dulce y a la vez amargo y arom\u00e1tico que, acompa\u00f1ado de unas olivas, har\u00e1 la espera mucho m\u00e1s llevadera.<\/p>\n<p><strong>\u00bfVinos? <em>I Tant, Que S\u00ed!\u00a0<a href=\"https:\/\/www.aribau.es\/wp-content\/uploads\/2014\/06\/itantblanco.png\"><img decoding=\"async\" class=\"alignright wp-image-3693\" src=\"https:\/\/www.aribau.es\/wp-content\/uploads\/2014\/06\/itantblanco-120x300.png\" alt=\"\" width=\"92\" height=\"230\" \/><\/a><\/em><\/strong><\/p>\n<p>Una vez sentados y dispuestos a hincarle el diente a la cena, los vinos ser\u00e1n fundamentales para asegurarnos una gran experiencia gastron\u00f3mica (haya lo que haya en el plato). Como la cena la dejamos en tus manos, y los maridajes son, en gran parte, cuesti\u00f3n de gustos, te proponemos un vino blanco y otro tinto, y que cada comensal escoja el que m\u00e1s le apetezca.<\/p>\n<p><strong><em><a href=\"https:\/\/www.aribau.es\/ca\/i-tant-blanco-el-primero-de-una-familia-de-vinos-arraigados-al-territorio\/\" target=\"_blank\" rel=\"noopener\">I Tant Blanc<\/a><\/em><\/strong> es un 100% Garnacha Blanca con Denominaci\u00f3n de Origen Terra Alta. Es un vino con toques de fruta blanca como la pera, y recuerdo de frutas como el melocot\u00f3n. Por el tipo de variedad con el que est\u00e1 elaborado, y al tener crianza, es perfecto para combinarlo con un buen arroz mar y monta\u00f1a, aves al horno o sardinas marinadas.<\/p>\n<p>Y si el blanco es un DO Terra Alta, para el tinto no nos vamos a mover de Tarragona. Esta vez, nos vamos hasta el <a href=\"https:\/\/www.aribau.es\/wp-content\/uploads\/2014\/06\/que-si.jpg\"><img decoding=\"async\" class=\"alignright wp-image-4210\" src=\"https:\/\/www.aribau.es\/wp-content\/uploads\/2014\/06\/que-si-121x300.jpg\" alt=\"\" width=\"98\" height=\"243\" \/><\/a>Priorat. <strong><em><a href=\"https:\/\/www.aribau.es\/ca\/que-si-un-gran-tinto-con-sello-del-priorat\/\" target=\"_blank\" rel=\"noopener\">Qu\u00e8 S\u00ed!<\/a><\/em><\/strong> es un vino elaborado a base de Garnacha tinta y Cari\u00f1ena, y con Denominaci\u00f3n de Origen Cualificada Priorat. Es un vino de marcado car\u00e1cter, untuoso, cremoso y amplio en boca. Sin duda, el maridaje perfecto para platos de sabores intensos como el queso curado o las carnes de cualquier tipo.<\/p>\n<p><strong>Y para la coca, un cava: <em>Mar Salada<\/em><\/strong><\/p>\n<p><a href=\"https:\/\/www.aribau.es\/wp-content\/uploads\/2014\/06\/mar-salada-cava.jpg\"><img loading=\"lazy\" decoding=\"async\" class=\"alignleft wp-image-4209\" src=\"https:\/\/www.aribau.es\/wp-content\/uploads\/2014\/06\/mar-salada-cava-121x300.jpg\" alt=\"\" width=\"103\" height=\"255\" \/><\/a>Para finalizar la noche, y mientras los m\u00e1s peque\u00f1os empiezan a tirar petardos, es el momento de abrir la coca y servir una copa de cava como colof\u00f3n a la cena. <strong><em><a href=\"https:\/\/www.aribau.es\/ca\/mar-salada-cava\/\" target=\"_blank\" rel=\"noopener\">Mar Salada Cava<\/a><\/em><\/strong> est\u00e1 elaborado a base de variedades aut\u00f3ctonas del Pened\u00e9s, como son la Macabeo, la Parellada y el Xarel\u00b7lo. Es un cava de burbuja fina que destaca por su excelente acidez y cuyo final amargo le otorga fuerza y complejidad.<\/p>\n<p>A partir de aqu\u00ed, lo dejamos en tus manos, y esperamos que la oferta vin\u00edcola triunfe. \u00a1Feliz San Juan a todos!<\/p>","protected":false},"excerpt":{"rendered":"<p>Este pr\u00f3ximo fin de semana es fiesta grande. El domingo se celebra la verbena de San Juan y, como cada a\u00f1o, hay algunas cosas que no pueden faltar para asegurarnos una celebraci\u00f3n a la altura de la noche m\u00e1s corta del a\u00f1o: una buena cena, la mejor compa\u00f1\u00eda, algunos petardos y, por supuesto, unos buenos &#8230; <a title=\"CELEBRA LA REVETLLA DE SANT JOAN AMB ELS NOSTRES VINS\" class=\"read-more\" href=\"https:\/\/www.aribau.es\/ca\/celebra-la-verbena-de-san-juan-con-nuestros-vinos\/\" aria-label=\"M\u00e9s informaci\u00f3 sobre CELEBRA LA VERBENA DE SAN JUAN CON NUESTROS VINOS\">Llegiu m\u00e9s<\/a><\/p>","protected":false},"author":3,"featured_media":6408,"comment_status":"closed","ping_status":"closed","sticky":false,"template":"","format":"standard","meta":{"footnotes":""},"categories":[406],"tags":[439,440,396,441],"class_list":["post-6407","post","type-post","status-publish","format-standard","has-post-thumbnail","hentry","category-noticias","tag-bertsolari","tag-i-tant","tag-mar-salada","tag-que-si"],"yoast_head":"<!-- This site is optimized with the Yoast SEO plugin v26.7 - https:\/\/yoast.com\/wordpress\/plugins\/seo\/ -->\n<title>CELEBRA LA VERBENA DE SAN JUAN CON NUESTROS VINOS - Aribau<\/title>\n<meta name=\"robots\" content=\"index, follow, max-snippet:-1, max-image-preview:large, max-video-preview:-1\" \/>\n<link rel=\"canonical\" href=\"https:\/\/www.aribau.es\/ca\/celebra-la-verbena-de-san-juan-con-nuestros-vinos\/\" \/>\n<meta property=\"og:locale\" content=\"ca_ES\" \/>\n<meta property=\"og:type\" content=\"article\" \/>\n<meta property=\"og:title\" content=\"CELEBRA LA VERBENA DE SAN JUAN CON NUESTROS VINOS - Aribau\" \/>\n<meta property=\"og:description\" content=\"Este pr\u00f3ximo fin de semana es fiesta grande. El domingo se celebra la verbena de San Juan y, como cada a\u00f1o, hay algunas cosas que no pueden faltar para asegurarnos una celebraci\u00f3n a la altura de la noche m\u00e1s corta del a\u00f1o: una buena cena, la mejor compa\u00f1\u00eda, algunos petardos y, por supuesto, unos buenos ... Llegiu m\u00e9s\" \/>\n<meta property=\"og:url\" content=\"https:\/\/www.aribau.es\/ca\/celebra-la-verbena-de-san-juan-con-nuestros-vinos\/\" \/>\n<meta property=\"og:site_name\" content=\"Aribau\" \/>\n<meta property=\"article:publisher\" content=\"https:\/\/www.facebook.com\/aribau1964\/\" \/>\n<meta property=\"article:published_time\" content=\"2019-06-20T09:01:15+00:00\" \/>\n<meta property=\"article:modified_time\" content=\"2021-04-23T11:43:23+00:00\" \/>\n<meta property=\"og:image\" content=\"https:\/\/www.aribau.es\/wp-content\/uploads\/2019\/06\/celebracion_aribau.jpg\" \/>\n\t<meta property=\"og:image:width\" content=\"1280\" \/>\n\t<meta property=\"og:image:height\" content=\"854\" \/>\n\t<meta property=\"og:image:type\" content=\"image\/jpeg\" \/>\n<meta name=\"author\" content=\"aribau\" \/>\n<meta name=\"twitter:card\" content=\"summary_large_image\" \/>\n<meta name=\"twitter:creator\" content=\"@aribau1964\" \/>\n<meta name=\"twitter:site\" content=\"@aribau1964\" \/>\n<meta name=\"twitter:label1\" content=\"Escrit per\" \/>\n\t<meta name=\"twitter:data1\" content=\"aribau\" \/>\n\t<meta name=\"twitter:label2\" content=\"Temps estimat de lectura\" \/>\n\t<meta name=\"twitter:data2\" content=\"2 minuts\" \/>\n<script type=\"application\/ld+json\" class=\"yoast-schema-graph\">{\"@context\":\"https:\/\/schema.org\",\"@graph\":[{\"@type\":\"Article\",\"@id\":\"https:\/\/www.aribau.es\/celebra-la-verbena-de-san-juan-con-nuestros-vinos\/#article\",\"isPartOf\":{\"@id\":\"https:\/\/www.aribau.es\/celebra-la-verbena-de-san-juan-con-nuestros-vinos\/\"},\"author\":{\"name\":\"aribau\",\"@id\":\"https:\/\/www.aribau.es\/#\/schema\/person\/77a976898b3c705ed016499633f4ffd0\"},\"headline\":\"CELEBRA LA VERBENA DE SAN JUAN CON NUESTROS VINOS\",\"datePublished\":\"2019-06-20T09:01:15+00:00\",\"dateModified\":\"2021-04-23T11:43:23+00:00\",\"mainEntityOfPage\":{\"@id\":\"https:\/\/www.aribau.es\/celebra-la-verbena-de-san-juan-con-nuestros-vinos\/\"},\"wordCount\":502,\"publisher\":{\"@id\":\"https:\/\/www.aribau.es\/#organization\"},\"image\":{\"@id\":\"https:\/\/www.aribau.es\/celebra-la-verbena-de-san-juan-con-nuestros-vinos\/#primaryimage\"},\"thumbnailUrl\":\"https:\/\/www.aribau.es\/wp-content\/uploads\/2019\/06\/celebracion_aribau.jpg\",\"keywords\":[\"Bertsolari\",\"I Tant\",\"Mar Salada\",\"Que s\u00ed!\"],\"articleSection\":[\"Noticias\"],\"inLanguage\":\"ca\"},{\"@type\":\"WebPage\",\"@id\":\"https:\/\/www.aribau.es\/celebra-la-verbena-de-san-juan-con-nuestros-vinos\/\",\"url\":\"https:\/\/www.aribau.es\/celebra-la-verbena-de-san-juan-con-nuestros-vinos\/\",\"name\":\"CELEBRA LA VERBENA DE SAN JUAN CON NUESTROS VINOS - Aribau\",\"isPartOf\":{\"@id\":\"https:\/\/www.aribau.es\/#website\"},\"primaryImageOfPage\":{\"@id\":\"https:\/\/www.aribau.es\/celebra-la-verbena-de-san-juan-con-nuestros-vinos\/#primaryimage\"},\"image\":{\"@id\":\"https:\/\/www.aribau.es\/celebra-la-verbena-de-san-juan-con-nuestros-vinos\/#primaryimage\"},\"thumbnailUrl\":\"https:\/\/www.aribau.es\/wp-content\/uploads\/2019\/06\/celebracion_aribau.jpg\",\"datePublished\":\"2019-06-20T09:01:15+00:00\",\"dateModified\":\"2021-04-23T11:43:23+00:00\",\"breadcrumb\":{\"@id\":\"https:\/\/www.aribau.es\/celebra-la-verbena-de-san-juan-con-nuestros-vinos\/#breadcrumb\"},\"inLanguage\":\"ca\",\"potentialAction\":[{\"@type\":\"ReadAction\",\"target\":[\"https:\/\/www.aribau.es\/celebra-la-verbena-de-san-juan-con-nuestros-vinos\/\"]}]},{\"@type\":\"ImageObject\",\"inLanguage\":\"ca\",\"@id\":\"https:\/\/www.aribau.es\/celebra-la-verbena-de-san-juan-con-nuestros-vinos\/#primaryimage\",\"url\":\"https:\/\/www.aribau.es\/wp-content\/uploads\/2019\/06\/celebracion_aribau.jpg\",\"contentUrl\":\"https:\/\/www.aribau.es\/wp-content\/uploads\/2019\/06\/celebracion_aribau.jpg\",\"width\":1280,\"height\":854},{\"@type\":\"BreadcrumbList\",\"@id\":\"https:\/\/www.aribau.es\/celebra-la-verbena-de-san-juan-con-nuestros-vinos\/#breadcrumb\",\"itemListElement\":[{\"@type\":\"ListItem\",\"position\":1,\"name\":\"Portada\",\"item\":\"https:\/\/www.aribau.es\/\"},{\"@type\":\"ListItem\",\"position\":2,\"name\":\"CELEBRA LA VERBENA DE SAN JUAN CON NUESTROS VINOS\"}]},{\"@type\":\"WebSite\",\"@id\":\"https:\/\/www.aribau.es\/#website\",\"url\":\"https:\/\/www.aribau.es\/\",\"name\":\"Aribau\",\"description\":\"VINOS Y BODEGAS\",\"publisher\":{\"@id\":\"https:\/\/www.aribau.es\/#organization\"},\"potentialAction\":[{\"@type\":\"SearchAction\",\"target\":{\"@type\":\"EntryPoint\",\"urlTemplate\":\"https:\/\/www.aribau.es\/?s={search_term_string}\"},\"query-input\":{\"@type\":\"PropertyValueSpecification\",\"valueRequired\":true,\"valueName\":\"search_term_string\"}}],\"inLanguage\":\"ca\"},{\"@type\":\"Organization\",\"@id\":\"https:\/\/www.aribau.es\/#organization\",\"name\":\"Aribau\",\"url\":\"https:\/\/www.aribau.es\/\",\"logo\":{\"@type\":\"ImageObject\",\"inLanguage\":\"ca\",\"@id\":\"https:\/\/www.aribau.es\/#\/schema\/logo\/image\/\",\"url\":\"https:\/\/www.aribau.es\/wp-content\/uploads\/2022\/03\/logo.png\",\"contentUrl\":\"https:\/\/www.aribau.es\/wp-content\/uploads\/2022\/03\/logo.png\",\"width\":300,\"height\":300,\"caption\":\"Aribau\"},\"image\":{\"@id\":\"https:\/\/www.aribau.es\/#\/schema\/logo\/image\/\"},\"sameAs\":[\"https:\/\/www.facebook.com\/aribau1964\/\",\"https:\/\/x.com\/aribau1964\",\"https:\/\/www.instagram.com\/aribau1964\/\"]},{\"@type\":\"Person\",\"@id\":\"https:\/\/www.aribau.es\/#\/schema\/person\/77a976898b3c705ed016499633f4ffd0\",\"name\":\"aribau\",\"image\":{\"@type\":\"ImageObject\",\"inLanguage\":\"ca\",\"@id\":\"https:\/\/www.aribau.es\/#\/schema\/person\/image\/\",\"url\":\"https:\/\/secure.gravatar.com\/avatar\/6690491f832d5b32aa9482b978c9464816810fbff0f6658034a34c9d9657b94e?s=96&d=mm&r=g\",\"contentUrl\":\"https:\/\/secure.gravatar.com\/avatar\/6690491f832d5b32aa9482b978c9464816810fbff0f6658034a34c9d9657b94e?s=96&d=mm&r=g\",\"caption\":\"aribau\"},\"url\":\"https:\/\/www.aribau.es\/ca\/author\/aribau\/\"}]}<\/script>\n<!-- \/ Yoast SEO plugin. -->","yoast_head_json":{"title":"CELEBRA LA VERBENA DE SAN JUAN CON NUESTROS VINOS - Aribau","robots":{"index":"index","follow":"follow","max-snippet":"max-snippet:-1","max-image-preview":"max-image-preview:large","max-video-preview":"max-video-preview:-1"},"canonical":"https:\/\/www.aribau.es\/ca\/celebra-la-verbena-de-san-juan-con-nuestros-vinos\/","og_locale":"ca_ES","og_type":"article","og_title":"CELEBRA LA VERBENA DE SAN JUAN CON NUESTROS VINOS - Aribau","og_description":"Este pr\u00f3ximo fin de semana es fiesta grande. El domingo se celebra la verbena de San Juan y, como cada a\u00f1o, hay algunas cosas que no pueden faltar para asegurarnos una celebraci\u00f3n a la altura de la noche m\u00e1s corta del a\u00f1o: una buena cena, la mejor compa\u00f1\u00eda, algunos petardos y, por supuesto, unos buenos ... Llegiu m\u00e9s","og_url":"https:\/\/www.aribau.es\/ca\/celebra-la-verbena-de-san-juan-con-nuestros-vinos\/","og_site_name":"Aribau","article_publisher":"https:\/\/www.facebook.com\/aribau1964\/","article_published_time":"2019-06-20T09:01:15+00:00","article_modified_time":"2021-04-23T11:43:23+00:00","og_image":[{"width":1280,"height":854,"url":"https:\/\/www.aribau.es\/wp-content\/uploads\/2019\/06\/celebracion_aribau.jpg","type":"image\/jpeg"}],"author":"aribau","twitter_card":"summary_large_image","twitter_creator":"@aribau1964","twitter_site":"@aribau1964","twitter_misc":{"Escrit per":"aribau","Temps estimat de lectura":"2 minuts"},"schema":{"@context":"https:\/\/schema.org","@graph":[{"@type":"Article","@id":"https:\/\/www.aribau.es\/celebra-la-verbena-de-san-juan-con-nuestros-vinos\/#article","isPartOf":{"@id":"https:\/\/www.aribau.es\/celebra-la-verbena-de-san-juan-con-nuestros-vinos\/"},"author":{"name":"aribau","@id":"https:\/\/www.aribau.es\/#\/schema\/person\/77a976898b3c705ed016499633f4ffd0"},"headline":"CELEBRA LA VERBENA DE SAN JUAN CON NUESTROS VINOS","datePublished":"2019-06-20T09:01:15+00:00","dateModified":"2021-04-23T11:43:23+00:00","mainEntityOfPage":{"@id":"https:\/\/www.aribau.es\/celebra-la-verbena-de-san-juan-con-nuestros-vinos\/"},"wordCount":502,"publisher":{"@id":"https:\/\/www.aribau.es\/#organization"},"image":{"@id":"https:\/\/www.aribau.es\/celebra-la-verbena-de-san-juan-con-nuestros-vinos\/#primaryimage"},"thumbnailUrl":"https:\/\/www.aribau.es\/wp-content\/uploads\/2019\/06\/celebracion_aribau.jpg","keywords":["Bertsolari","I Tant","Mar Salada","Que s\u00ed!"],"articleSection":["Noticias"],"inLanguage":"ca"},{"@type":"WebPage","@id":"https:\/\/www.aribau.es\/celebra-la-verbena-de-san-juan-con-nuestros-vinos\/","url":"https:\/\/www.aribau.es\/celebra-la-verbena-de-san-juan-con-nuestros-vinos\/","name":"CELEBRA LA VERBENA DE SAN JUAN CON NUESTROS VINOS - Aribau","isPartOf":{"@id":"https:\/\/www.aribau.es\/#website"},"primaryImageOfPage":{"@id":"https:\/\/www.aribau.es\/celebra-la-verbena-de-san-juan-con-nuestros-vinos\/#primaryimage"},"image":{"@id":"https:\/\/www.aribau.es\/celebra-la-verbena-de-san-juan-con-nuestros-vinos\/#primaryimage"},"thumbnailUrl":"https:\/\/www.aribau.es\/wp-content\/uploads\/2019\/06\/celebracion_aribau.jpg","datePublished":"2019-06-20T09:01:15+00:00","dateModified":"2021-04-23T11:43:23+00:00","breadcrumb":{"@id":"https:\/\/www.aribau.es\/celebra-la-verbena-de-san-juan-con-nuestros-vinos\/#breadcrumb"},"inLanguage":"ca","potentialAction":[{"@type":"ReadAction","target":["https:\/\/www.aribau.es\/celebra-la-verbena-de-san-juan-con-nuestros-vinos\/"]}]},{"@type":"ImageObject","inLanguage":"ca","@id":"https:\/\/www.aribau.es\/celebra-la-verbena-de-san-juan-con-nuestros-vinos\/#primaryimage","url":"https:\/\/www.aribau.es\/wp-content\/uploads\/2019\/06\/celebracion_aribau.jpg","contentUrl":"https:\/\/www.aribau.es\/wp-content\/uploads\/2019\/06\/celebracion_aribau.jpg","width":1280,"height":854},{"@type":"BreadcrumbList","@id":"https:\/\/www.aribau.es\/celebra-la-verbena-de-san-juan-con-nuestros-vinos\/#breadcrumb","itemListElement":[{"@type":"ListItem","position":1,"name":"Portada","item":"https:\/\/www.aribau.es\/"},{"@type":"ListItem","position":2,"name":"CELEBRA LA VERBENA DE SAN JUAN CON NUESTROS VINOS"}]},{"@type":"WebSite","@id":"https:\/\/www.aribau.es\/#website","url":"https:\/\/www.aribau.es\/","name":"Aribau","description":"VINOS Y BODEGAS","publisher":{"@id":"https:\/\/www.aribau.es\/#organization"},"potentialAction":[{"@type":"SearchAction","target":{"@type":"EntryPoint","urlTemplate":"https:\/\/www.aribau.es\/?s={search_term_string}"},"query-input":{"@type":"PropertyValueSpecification","valueRequired":true,"valueName":"search_term_string"}}],"inLanguage":"ca"},{"@type":"Organization","@id":"https:\/\/www.aribau.es\/#organization","name":"Aribau","url":"https:\/\/www.aribau.es\/","logo":{"@type":"ImageObject","inLanguage":"ca","@id":"https:\/\/www.aribau.es\/#\/schema\/logo\/image\/","url":"https:\/\/www.aribau.es\/wp-content\/uploads\/2022\/03\/logo.png","contentUrl":"https:\/\/www.aribau.es\/wp-content\/uploads\/2022\/03\/logo.png","width":300,"height":300,"caption":"Aribau"},"image":{"@id":"https:\/\/www.aribau.es\/#\/schema\/logo\/image\/"},"sameAs":["https:\/\/www.facebook.com\/aribau1964\/","https:\/\/x.com\/aribau1964","https:\/\/www.instagram.com\/aribau1964\/"]},{"@type":"Person","@id":"https:\/\/www.aribau.es\/#\/schema\/person\/77a976898b3c705ed016499633f4ffd0","name":"aribau","image":{"@type":"ImageObject","inLanguage":"ca","@id":"https:\/\/www.aribau.es\/#\/schema\/person\/image\/","url":"https:\/\/secure.gravatar.com\/avatar\/6690491f832d5b32aa9482b978c9464816810fbff0f6658034a34c9d9657b94e?s=96&d=mm&r=g","contentUrl":"https:\/\/secure.gravatar.com\/avatar\/6690491f832d5b32aa9482b978c9464816810fbff0f6658034a34c9d9657b94e?s=96&d=mm&r=g","caption":"aribau"},"url":"https:\/\/www.aribau.es\/ca\/author\/aribau\/"}]}},"_links":{"self":[{"href":"https:\/\/www.aribau.es\/ca\/wp-json\/wp\/v2\/posts\/6407","targetHints":{"allow":["GET"]}}],"collection":[{"href":"https:\/\/www.aribau.es\/ca\/wp-json\/wp\/v2\/posts"}],"about":[{"href":"https:\/\/www.aribau.es\/ca\/wp-json\/wp\/v2\/types\/post"}],"author":[{"embeddable":true,"href":"https:\/\/www.aribau.es\/ca\/wp-json\/wp\/v2\/users\/3"}],"replies":[{"embeddable":true,"href":"https:\/\/www.aribau.es\/ca\/wp-json\/wp\/v2\/comments?post=6407"}],"version-history":[{"count":7,"href":"https:\/\/www.aribau.es\/ca\/wp-json\/wp\/v2\/posts\/6407\/revisions"}],"predecessor-version":[{"id":10003,"href":"https:\/\/www.aribau.es\/ca\/wp-json\/wp\/v2\/posts\/6407\/revisions\/10003"}],"wp:featuredmedia":[{"embeddable":true,"href":"https:\/\/www.aribau.es\/ca\/wp-json\/wp\/v2\/media\/6408"}],"wp:attachment":[{"href":"https:\/\/www.aribau.es\/ca\/wp-json\/wp\/v2\/media?parent=6407"}],"wp:term":[{"taxonomy":"category","embeddable":true,"href":"https:\/\/www.aribau.es\/ca\/wp-json\/wp\/v2\/categories?post=6407"},{"taxonomy":"post_tag","embeddable":true,"href":"https:\/\/www.aribau.es\/ca\/wp-json\/wp\/v2\/tags?post=6407"}],"curies":[{"name":"wp","href":"https:\/\/api.w.org\/{rel}","templated":true}]}}