{"id":6529,"date":"2019-09-05T10:01:18","date_gmt":"2019-09-05T09:01:18","guid":{"rendered":"https:\/\/www.aribau.es\/?p=6529"},"modified":"2021-04-23T11:55:40","modified_gmt":"2021-04-23T10:55:40","slug":"la-verema-solidaria-llega-a-herencia-altes","status":"publish","type":"post","link":"https:\/\/www.aribau.es\/ca\/la-verema-solidaria-llega-a-herencia-altes\/","title":{"rendered":"LA \u2018VEREMA SOLID\u00c0RIA\u2019 ARRIBA A HER\u00c8NCIA ALT\u00c9S"},"content":{"rendered":"<p>Este s\u00e1bado d\u00eda <strong>7 de septiembre<\/strong>, la bodega <strong><a href=\"http:\/\/www.herenciaaltes.com\/es\/\" target=\"_blank\" rel=\"noopener\">Her\u00e8ncia Alt\u00e9s<\/a><\/strong> ser\u00e1 la protagonista de la <a href=\"https:\/\/www.veremasolidaria.org\/\" target=\"_blank\" rel=\"noopener\"><strong><em>Verema Solid\u00e0ria<\/em><\/strong><\/a> de este 2019. La bodega, situada en Gandesa (Tarragona) y enmarcada en la <strong><a href=\"https:\/\/www.doterraalta.com\/es\/\" target=\"_blank\" rel=\"noopener\">Denominaci\u00f3n de Origen Terra Alta<\/a><\/strong>, ser\u00e1 la encargada de dar el pistoletazo de salida a este proyecto solidario que llega este a\u00f1o a su cuarta edici\u00f3n.<\/p>\n<p><!--more--><\/p>\n<p>El lema de este a\u00f1o es <strong>\u2018Corta con la pobreza y la exclusi\u00f3n social\u2019<\/strong>, y los fondos recaudados ir\u00e1n destinados a la Fundaci\u00f3n <strong><a href=\"https:\/\/aalba.cat\/es\/c\/fundacio-alba-futur-6\" target=\"_blank\" rel=\"noopener\">Alba Futur<\/a><\/strong>, que trabaja en la inserci\u00f3n laboral de personas con discapacidad en el \u00e1mbito rural, y a la <strong><a href=\"http:\/\/www.quilometrezero.cat\/\" target=\"_blank\" rel=\"noopener\">Asociaci\u00f3n Quil\u00f2metre Zero<\/a><\/strong>, encargada de acompa\u00f1ar a j\u00f3venes tutelados y extutelados en el proceso de emancipaci\u00f3n.<\/p>\n<p>La jornada solidaria en Her\u00e8ncia Alt\u00e9s arrancar\u00e1 a las <strong>16:30h<\/strong> con la <strong>bienvenida a los participantes y el inicio de la vendimia<\/strong> en una parcela de la fina Lo Grau de l\u2019Inquisidor, a los pies de la bodega. A partir de las <strong>18:30h<\/strong> se dar\u00e1 por finalizada la vendimia y comenzar\u00e1 la <strong>visita guiada a la bodega y las vi\u00f1as<\/strong> para conocer de primera mano su proyecto medioambiental. Paralelamente, otras bodegas de la Denominaci\u00f3n de Origen Terra Alta presentar\u00e1n sus vinos a los asistentes, acompa\u00f1ados por la m\u00fasica de Temps al Temps.<\/p>\n<p>La jornada acabar\u00e1 con una <strong>cena solidaria<\/strong> i la <strong>m\u00fasica en directo de<\/strong> <strong>Eric Vinaixa<\/strong>. Y todo a cambio de una aportaci\u00f3n de <strong>38 \u20ac<\/strong> al fondo solidario. Para participar, tan solo hay que inscribirse previamente a trav\u00e9s de la web <strong><a href=\"https:\/\/www.veremasolidaria.org\/cat\/activitat\/verema-solidaria-a-herencia-altes\" target=\"_blank\" rel=\"noopener\">www.veremasolidaria.org<\/a><\/strong><\/p>\n<p>&nbsp;<\/p>\n<p><strong>Sobre el proyecto <em>Verema Solid\u00e0ria<\/em><\/strong><\/p>\n<p>La iniciativa <em>Verema Solid\u00e0ria<\/em> nac\u00eda hace 3 a\u00f1os con el objetivo de apoyar aquellos proyectos sociales que luchan contra la pobreza y las desigualdades. En el marco de la jornada se organizan diferentes actividades: visitas guiadas, catas de vino, degustaciones gastron\u00f3micas\u2026 o incluso actividades infantiles, de manera que cualquiera que quiera vivir de cerca la vi\u00f1a o colaborar en la causa solidaria, pueda sumarse a la celebraci\u00f3n. La campa\u00f1a se cierra en primavera con la presentaci\u00f3n de los vinos de la <em>Verema Solid\u00e0ria<\/em>, elaborados con las uvas recogidas durante la jornada solidaria.<\/p>\n<p>Por el proyecto han pasado ya varias bodegas catalanas, y se han recaudado cerca de 50.000 \u20ac para 6 proyectos sociales.<\/p>","protected":false},"excerpt":{"rendered":"<p>Este s\u00e1bado d\u00eda 7 de septiembre, la bodega Her\u00e8ncia Alt\u00e9s ser\u00e1 la protagonista de la Verema Solid\u00e0ria de este 2019. La bodega, situada en Gandesa (Tarragona) y enmarcada en la Denominaci\u00f3n de Origen Terra Alta, ser\u00e1 la encargada de dar el pistoletazo de salida a este proyecto solidario que llega este a\u00f1o a su cuarta &#8230; <a title=\"LA \u2018VEREMA SOLID\u00c0RIA\u2019 ARRIBA A HER\u00c8NCIA ALT\u00c9S\" class=\"read-more\" href=\"https:\/\/www.aribau.es\/ca\/la-verema-solidaria-llega-a-herencia-altes\/\" aria-label=\"M\u00e9s informaci\u00f3 sobre LA \u2018VEREMA SOLID\u00c0RIA\u2019 LLEGA A HER\u00c8NCIA ALT\u00c9S\">Llegiu m\u00e9s<\/a><\/p>","protected":false},"author":3,"featured_media":6530,"comment_status":"closed","ping_status":"closed","sticky":false,"template":"","format":"standard","meta":{"footnotes":""},"categories":[406],"tags":[328,564,563],"class_list":["post-6529","post","type-post","status-publish","format-standard","has-post-thumbnail","hentry","category-noticias","tag-do-terra-alta","tag-herencia-altes","tag-verema-solidaria"],"yoast_head":"<!-- This site is optimized with the Yoast SEO plugin v26.7 - https:\/\/yoast.com\/wordpress\/plugins\/seo\/ -->\n<title>LA \u2018VEREMA SOLID\u00c0RIA\u2019 LLEGA A HER\u00c8NCIA ALT\u00c9S - Aribau<\/title>\n<meta name=\"robots\" content=\"index, follow, max-snippet:-1, max-image-preview:large, max-video-preview:-1\" \/>\n<link rel=\"canonical\" href=\"https:\/\/www.aribau.es\/ca\/la-verema-solidaria-llega-a-herencia-altes\/\" \/>\n<meta property=\"og:locale\" content=\"ca_ES\" \/>\n<meta property=\"og:type\" content=\"article\" \/>\n<meta property=\"og:title\" content=\"LA \u2018VEREMA SOLID\u00c0RIA\u2019 LLEGA A HER\u00c8NCIA ALT\u00c9S - Aribau\" \/>\n<meta property=\"og:description\" content=\"Este s\u00e1bado d\u00eda 7 de septiembre, la bodega Her\u00e8ncia Alt\u00e9s ser\u00e1 la protagonista de la Verema Solid\u00e0ria de este 2019. La bodega, situada en Gandesa (Tarragona) y enmarcada en la Denominaci\u00f3n de Origen Terra Alta, ser\u00e1 la encargada de dar el pistoletazo de salida a este proyecto solidario que llega este a\u00f1o a su cuarta ... Llegiu m\u00e9s\" \/>\n<meta property=\"og:url\" content=\"https:\/\/www.aribau.es\/ca\/la-verema-solidaria-llega-a-herencia-altes\/\" \/>\n<meta property=\"og:site_name\" content=\"Aribau\" \/>\n<meta property=\"article:publisher\" content=\"https:\/\/www.facebook.com\/aribau1964\/\" \/>\n<meta property=\"article:published_time\" content=\"2019-09-05T09:01:18+00:00\" \/>\n<meta property=\"article:modified_time\" content=\"2021-04-23T10:55:40+00:00\" \/>\n<meta property=\"og:image\" content=\"https:\/\/www.aribau.es\/wp-content\/uploads\/2019\/09\/verema-solidaria-aribau-02.png\" \/>\n\t<meta property=\"og:image:width\" content=\"1251\" \/>\n\t<meta property=\"og:image:height\" content=\"457\" \/>\n\t<meta property=\"og:image:type\" content=\"image\/png\" \/>\n<meta name=\"author\" content=\"aribau\" \/>\n<meta name=\"twitter:card\" content=\"summary_large_image\" \/>\n<meta name=\"twitter:creator\" content=\"@aribau1964\" \/>\n<meta name=\"twitter:site\" content=\"@aribau1964\" \/>\n<meta name=\"twitter:label1\" content=\"Escrit per\" \/>\n\t<meta name=\"twitter:data1\" content=\"aribau\" \/>\n\t<meta name=\"twitter:label2\" content=\"Temps estimat de lectura\" \/>\n\t<meta name=\"twitter:data2\" content=\"2 minuts\" \/>\n<script type=\"application\/ld+json\" class=\"yoast-schema-graph\">{\"@context\":\"https:\/\/schema.org\",\"@graph\":[{\"@type\":\"Article\",\"@id\":\"https:\/\/www.aribau.es\/la-verema-solidaria-llega-a-herencia-altes\/#article\",\"isPartOf\":{\"@id\":\"https:\/\/www.aribau.es\/la-verema-solidaria-llega-a-herencia-altes\/\"},\"author\":{\"name\":\"aribau\",\"@id\":\"https:\/\/www.aribau.es\/#\/schema\/person\/77a976898b3c705ed016499633f4ffd0\"},\"headline\":\"LA \u2018VEREMA SOLID\u00c0RIA\u2019 LLEGA A HER\u00c8NCIA ALT\u00c9S\",\"datePublished\":\"2019-09-05T09:01:18+00:00\",\"dateModified\":\"2021-04-23T10:55:40+00:00\",\"mainEntityOfPage\":{\"@id\":\"https:\/\/www.aribau.es\/la-verema-solidaria-llega-a-herencia-altes\/\"},\"wordCount\":410,\"publisher\":{\"@id\":\"https:\/\/www.aribau.es\/#organization\"},\"image\":{\"@id\":\"https:\/\/www.aribau.es\/la-verema-solidaria-llega-a-herencia-altes\/#primaryimage\"},\"thumbnailUrl\":\"https:\/\/www.aribau.es\/wp-content\/uploads\/2019\/09\/verema-solidaria-aribau-02.png\",\"keywords\":[\"DO Terra Alta\",\"Her\u00e8ncia Alt\u00e9s\",\"Verema Solid\u00e0ria\"],\"articleSection\":[\"Noticias\"],\"inLanguage\":\"ca\"},{\"@type\":\"WebPage\",\"@id\":\"https:\/\/www.aribau.es\/la-verema-solidaria-llega-a-herencia-altes\/\",\"url\":\"https:\/\/www.aribau.es\/la-verema-solidaria-llega-a-herencia-altes\/\",\"name\":\"LA \u2018VEREMA SOLID\u00c0RIA\u2019 LLEGA A HER\u00c8NCIA ALT\u00c9S - Aribau\",\"isPartOf\":{\"@id\":\"https:\/\/www.aribau.es\/#website\"},\"primaryImageOfPage\":{\"@id\":\"https:\/\/www.aribau.es\/la-verema-solidaria-llega-a-herencia-altes\/#primaryimage\"},\"image\":{\"@id\":\"https:\/\/www.aribau.es\/la-verema-solidaria-llega-a-herencia-altes\/#primaryimage\"},\"thumbnailUrl\":\"https:\/\/www.aribau.es\/wp-content\/uploads\/2019\/09\/verema-solidaria-aribau-02.png\",\"datePublished\":\"2019-09-05T09:01:18+00:00\",\"dateModified\":\"2021-04-23T10:55:40+00:00\",\"breadcrumb\":{\"@id\":\"https:\/\/www.aribau.es\/la-verema-solidaria-llega-a-herencia-altes\/#breadcrumb\"},\"inLanguage\":\"ca\",\"potentialAction\":[{\"@type\":\"ReadAction\",\"target\":[\"https:\/\/www.aribau.es\/la-verema-solidaria-llega-a-herencia-altes\/\"]}]},{\"@type\":\"ImageObject\",\"inLanguage\":\"ca\",\"@id\":\"https:\/\/www.aribau.es\/la-verema-solidaria-llega-a-herencia-altes\/#primaryimage\",\"url\":\"https:\/\/www.aribau.es\/wp-content\/uploads\/2019\/09\/verema-solidaria-aribau-02.png\",\"contentUrl\":\"https:\/\/www.aribau.es\/wp-content\/uploads\/2019\/09\/verema-solidaria-aribau-02.png\",\"width\":1251,\"height\":457},{\"@type\":\"BreadcrumbList\",\"@id\":\"https:\/\/www.aribau.es\/la-verema-solidaria-llega-a-herencia-altes\/#breadcrumb\",\"itemListElement\":[{\"@type\":\"ListItem\",\"position\":1,\"name\":\"Portada\",\"item\":\"https:\/\/www.aribau.es\/\"},{\"@type\":\"ListItem\",\"position\":2,\"name\":\"LA \u2018VEREMA SOLID\u00c0RIA\u2019 LLEGA A HER\u00c8NCIA ALT\u00c9S\"}]},{\"@type\":\"WebSite\",\"@id\":\"https:\/\/www.aribau.es\/#website\",\"url\":\"https:\/\/www.aribau.es\/\",\"name\":\"Aribau\",\"description\":\"VINOS Y BODEGAS\",\"publisher\":{\"@id\":\"https:\/\/www.aribau.es\/#organization\"},\"potentialAction\":[{\"@type\":\"SearchAction\",\"target\":{\"@type\":\"EntryPoint\",\"urlTemplate\":\"https:\/\/www.aribau.es\/?s={search_term_string}\"},\"query-input\":{\"@type\":\"PropertyValueSpecification\",\"valueRequired\":true,\"valueName\":\"search_term_string\"}}],\"inLanguage\":\"ca\"},{\"@type\":\"Organization\",\"@id\":\"https:\/\/www.aribau.es\/#organization\",\"name\":\"Aribau\",\"url\":\"https:\/\/www.aribau.es\/\",\"logo\":{\"@type\":\"ImageObject\",\"inLanguage\":\"ca\",\"@id\":\"https:\/\/www.aribau.es\/#\/schema\/logo\/image\/\",\"url\":\"https:\/\/www.aribau.es\/wp-content\/uploads\/2022\/03\/logo.png\",\"contentUrl\":\"https:\/\/www.aribau.es\/wp-content\/uploads\/2022\/03\/logo.png\",\"width\":300,\"height\":300,\"caption\":\"Aribau\"},\"image\":{\"@id\":\"https:\/\/www.aribau.es\/#\/schema\/logo\/image\/\"},\"sameAs\":[\"https:\/\/www.facebook.com\/aribau1964\/\",\"https:\/\/x.com\/aribau1964\",\"https:\/\/www.instagram.com\/aribau1964\/\"]},{\"@type\":\"Person\",\"@id\":\"https:\/\/www.aribau.es\/#\/schema\/person\/77a976898b3c705ed016499633f4ffd0\",\"name\":\"aribau\",\"image\":{\"@type\":\"ImageObject\",\"inLanguage\":\"ca\",\"@id\":\"https:\/\/www.aribau.es\/#\/schema\/person\/image\/\",\"url\":\"https:\/\/secure.gravatar.com\/avatar\/6690491f832d5b32aa9482b978c9464816810fbff0f6658034a34c9d9657b94e?s=96&d=mm&r=g\",\"contentUrl\":\"https:\/\/secure.gravatar.com\/avatar\/6690491f832d5b32aa9482b978c9464816810fbff0f6658034a34c9d9657b94e?s=96&d=mm&r=g\",\"caption\":\"aribau\"},\"url\":\"https:\/\/www.aribau.es\/ca\/author\/aribau\/\"}]}<\/script>\n<!-- \/ Yoast SEO plugin. -->","yoast_head_json":{"title":"LA \u2018VEREMA SOLID\u00c0RIA\u2019 LLEGA A HER\u00c8NCIA ALT\u00c9S - Aribau","robots":{"index":"index","follow":"follow","max-snippet":"max-snippet:-1","max-image-preview":"max-image-preview:large","max-video-preview":"max-video-preview:-1"},"canonical":"https:\/\/www.aribau.es\/ca\/la-verema-solidaria-llega-a-herencia-altes\/","og_locale":"ca_ES","og_type":"article","og_title":"LA \u2018VEREMA SOLID\u00c0RIA\u2019 LLEGA A HER\u00c8NCIA ALT\u00c9S - Aribau","og_description":"Este s\u00e1bado d\u00eda 7 de septiembre, la bodega Her\u00e8ncia Alt\u00e9s ser\u00e1 la protagonista de la Verema Solid\u00e0ria de este 2019. La bodega, situada en Gandesa (Tarragona) y enmarcada en la Denominaci\u00f3n de Origen Terra Alta, ser\u00e1 la encargada de dar el pistoletazo de salida a este proyecto solidario que llega este a\u00f1o a su cuarta ... Llegiu m\u00e9s","og_url":"https:\/\/www.aribau.es\/ca\/la-verema-solidaria-llega-a-herencia-altes\/","og_site_name":"Aribau","article_publisher":"https:\/\/www.facebook.com\/aribau1964\/","article_published_time":"2019-09-05T09:01:18+00:00","article_modified_time":"2021-04-23T10:55:40+00:00","og_image":[{"width":1251,"height":457,"url":"https:\/\/www.aribau.es\/wp-content\/uploads\/2019\/09\/verema-solidaria-aribau-02.png","type":"image\/png"}],"author":"aribau","twitter_card":"summary_large_image","twitter_creator":"@aribau1964","twitter_site":"@aribau1964","twitter_misc":{"Escrit per":"aribau","Temps estimat de lectura":"2 minuts"},"schema":{"@context":"https:\/\/schema.org","@graph":[{"@type":"Article","@id":"https:\/\/www.aribau.es\/la-verema-solidaria-llega-a-herencia-altes\/#article","isPartOf":{"@id":"https:\/\/www.aribau.es\/la-verema-solidaria-llega-a-herencia-altes\/"},"author":{"name":"aribau","@id":"https:\/\/www.aribau.es\/#\/schema\/person\/77a976898b3c705ed016499633f4ffd0"},"headline":"LA \u2018VEREMA SOLID\u00c0RIA\u2019 LLEGA A HER\u00c8NCIA ALT\u00c9S","datePublished":"2019-09-05T09:01:18+00:00","dateModified":"2021-04-23T10:55:40+00:00","mainEntityOfPage":{"@id":"https:\/\/www.aribau.es\/la-verema-solidaria-llega-a-herencia-altes\/"},"wordCount":410,"publisher":{"@id":"https:\/\/www.aribau.es\/#organization"},"image":{"@id":"https:\/\/www.aribau.es\/la-verema-solidaria-llega-a-herencia-altes\/#primaryimage"},"thumbnailUrl":"https:\/\/www.aribau.es\/wp-content\/uploads\/2019\/09\/verema-solidaria-aribau-02.png","keywords":["DO Terra Alta","Her\u00e8ncia Alt\u00e9s","Verema Solid\u00e0ria"],"articleSection":["Noticias"],"inLanguage":"ca"},{"@type":"WebPage","@id":"https:\/\/www.aribau.es\/la-verema-solidaria-llega-a-herencia-altes\/","url":"https:\/\/www.aribau.es\/la-verema-solidaria-llega-a-herencia-altes\/","name":"LA \u2018VEREMA SOLID\u00c0RIA\u2019 LLEGA A HER\u00c8NCIA ALT\u00c9S - Aribau","isPartOf":{"@id":"https:\/\/www.aribau.es\/#website"},"primaryImageOfPage":{"@id":"https:\/\/www.aribau.es\/la-verema-solidaria-llega-a-herencia-altes\/#primaryimage"},"image":{"@id":"https:\/\/www.aribau.es\/la-verema-solidaria-llega-a-herencia-altes\/#primaryimage"},"thumbnailUrl":"https:\/\/www.aribau.es\/wp-content\/uploads\/2019\/09\/verema-solidaria-aribau-02.png","datePublished":"2019-09-05T09:01:18+00:00","dateModified":"2021-04-23T10:55:40+00:00","breadcrumb":{"@id":"https:\/\/www.aribau.es\/la-verema-solidaria-llega-a-herencia-altes\/#breadcrumb"},"inLanguage":"ca","potentialAction":[{"@type":"ReadAction","target":["https:\/\/www.aribau.es\/la-verema-solidaria-llega-a-herencia-altes\/"]}]},{"@type":"ImageObject","inLanguage":"ca","@id":"https:\/\/www.aribau.es\/la-verema-solidaria-llega-a-herencia-altes\/#primaryimage","url":"https:\/\/www.aribau.es\/wp-content\/uploads\/2019\/09\/verema-solidaria-aribau-02.png","contentUrl":"https:\/\/www.aribau.es\/wp-content\/uploads\/2019\/09\/verema-solidaria-aribau-02.png","width":1251,"height":457},{"@type":"BreadcrumbList","@id":"https:\/\/www.aribau.es\/la-verema-solidaria-llega-a-herencia-altes\/#breadcrumb","itemListElement":[{"@type":"ListItem","position":1,"name":"Portada","item":"https:\/\/www.aribau.es\/"},{"@type":"ListItem","position":2,"name":"LA \u2018VEREMA SOLID\u00c0RIA\u2019 LLEGA A HER\u00c8NCIA ALT\u00c9S"}]},{"@type":"WebSite","@id":"https:\/\/www.aribau.es\/#website","url":"https:\/\/www.aribau.es\/","name":"Aribau","description":"VINOS Y BODEGAS","publisher":{"@id":"https:\/\/www.aribau.es\/#organization"},"potentialAction":[{"@type":"SearchAction","target":{"@type":"EntryPoint","urlTemplate":"https:\/\/www.aribau.es\/?s={search_term_string}"},"query-input":{"@type":"PropertyValueSpecification","valueRequired":true,"valueName":"search_term_string"}}],"inLanguage":"ca"},{"@type":"Organization","@id":"https:\/\/www.aribau.es\/#organization","name":"Aribau","url":"https:\/\/www.aribau.es\/","logo":{"@type":"ImageObject","inLanguage":"ca","@id":"https:\/\/www.aribau.es\/#\/schema\/logo\/image\/","url":"https:\/\/www.aribau.es\/wp-content\/uploads\/2022\/03\/logo.png","contentUrl":"https:\/\/www.aribau.es\/wp-content\/uploads\/2022\/03\/logo.png","width":300,"height":300,"caption":"Aribau"},"image":{"@id":"https:\/\/www.aribau.es\/#\/schema\/logo\/image\/"},"sameAs":["https:\/\/www.facebook.com\/aribau1964\/","https:\/\/x.com\/aribau1964","https:\/\/www.instagram.com\/aribau1964\/"]},{"@type":"Person","@id":"https:\/\/www.aribau.es\/#\/schema\/person\/77a976898b3c705ed016499633f4ffd0","name":"aribau","image":{"@type":"ImageObject","inLanguage":"ca","@id":"https:\/\/www.aribau.es\/#\/schema\/person\/image\/","url":"https:\/\/secure.gravatar.com\/avatar\/6690491f832d5b32aa9482b978c9464816810fbff0f6658034a34c9d9657b94e?s=96&d=mm&r=g","contentUrl":"https:\/\/secure.gravatar.com\/avatar\/6690491f832d5b32aa9482b978c9464816810fbff0f6658034a34c9d9657b94e?s=96&d=mm&r=g","caption":"aribau"},"url":"https:\/\/www.aribau.es\/ca\/author\/aribau\/"}]}},"_links":{"self":[{"href":"https:\/\/www.aribau.es\/ca\/wp-json\/wp\/v2\/posts\/6529","targetHints":{"allow":["GET"]}}],"collection":[{"href":"https:\/\/www.aribau.es\/ca\/wp-json\/wp\/v2\/posts"}],"about":[{"href":"https:\/\/www.aribau.es\/ca\/wp-json\/wp\/v2\/types\/post"}],"author":[{"embeddable":true,"href":"https:\/\/www.aribau.es\/ca\/wp-json\/wp\/v2\/users\/3"}],"replies":[{"embeddable":true,"href":"https:\/\/www.aribau.es\/ca\/wp-json\/wp\/v2\/comments?post=6529"}],"version-history":[{"count":10,"href":"https:\/\/www.aribau.es\/ca\/wp-json\/wp\/v2\/posts\/6529\/revisions"}],"predecessor-version":[{"id":9982,"href":"https:\/\/www.aribau.es\/ca\/wp-json\/wp\/v2\/posts\/6529\/revisions\/9982"}],"wp:featuredmedia":[{"embeddable":true,"href":"https:\/\/www.aribau.es\/ca\/wp-json\/wp\/v2\/media\/6530"}],"wp:attachment":[{"href":"https:\/\/www.aribau.es\/ca\/wp-json\/wp\/v2\/media?parent=6529"}],"wp:term":[{"taxonomy":"category","embeddable":true,"href":"https:\/\/www.aribau.es\/ca\/wp-json\/wp\/v2\/categories?post=6529"},{"taxonomy":"post_tag","embeddable":true,"href":"https:\/\/www.aribau.es\/ca\/wp-json\/wp\/v2\/tags?post=6529"}],"curies":[{"name":"wp","href":"https:\/\/api.w.org\/{rel}","templated":true}]}}