{"id":6557,"date":"2019-09-26T12:35:03","date_gmt":"2019-09-26T11:35:03","guid":{"rendered":"https:\/\/www.aribau.es\/?p=6557"},"modified":"2021-04-23T11:48:10","modified_gmt":"2021-04-23T10:48:10","slug":"la-val-albarino-de-bodegas-la-val","status":"publish","type":"post","link":"https:\/\/www.aribau.es\/ca\/la-val-albarino-de-bodegas-la-val\/","title":{"rendered":"\u2018LA VAL ALBARI\u00d1O\u2019, DE BODEGAS LA VAL"},"content":{"rendered":"<p><strong><em>La Val Albari\u00f1o<\/em><\/strong> es un blanco joven de <strong><a href=\"https:\/\/bodegaslaval.com\/\" target=\"_blank\" rel=\"noopener\">Bodegas La Val<\/a> <\/strong>elaborado 100% con esta variedad t\u00edpica de las R\u00edas Baixas gallegas pero procedente de tres fincas distintas situadas en el sur de la Denominaci\u00f3n de Origen R\u00edas Baixas.<\/p>\n<p>El resultado final, pese a ser un vino monovarietal, es un complejo coupage de uvas procedentes de Taboexa, una finca situada a 300 metros sobre el nivel del mar, de suelo arenoso y gran\u00edtico, y que aporta frescura al vino; de Arentei, a 30 metros sobre el nivel del mar, con suelo arcilloso y cantos rodados, que aporta complejidad mineral y frutal; y de Pexegueiro, de suelo gran\u00edtico y textura arenosa, que completa el coupage.<\/p>\n<p><!--more--><\/p>\n<p><em>La Val Albari\u00f1o<\/em> es un vino de un intenso color amarillo pajizo con destellos verdes. En nariz destacan aromas atl\u00e1nticos de hierbas frescas y laureles, as\u00ed como sutiles notas florales y c\u00edtricas, y recuerdos a frutas blancas. Una vez en boca es fresco y sabroso, llenando el paladar de notas c\u00edtricas y dejando un final largo.<\/p>\n<p>Es un vino ideal para acompa\u00f1ar mariscos y pescados, pero tambi\u00e9n quesos frescos, foie o aves. Eso s\u00ed, para garantizarnos un estado \u00f3ptimo del vino, se recomienda consumirlo en los tres a\u00f1os posteriores a la fecha de cosecha.<\/p>\n<p>&nbsp;<\/p>\n<p><strong>Sobre el celler<\/strong><a href=\"https:\/\/www.aribau.es\/wp-content\/uploads\/2017\/10\/la-val-aribau-02.jpg\"><img fetchpriority=\"high\" decoding=\"async\" class=\"aligncenter size-full wp-image-5571\" src=\"https:\/\/www.aribau.es\/wp-content\/uploads\/2017\/10\/la-val-aribau-02.jpg\" alt=\"\" width=\"1000\" height=\"666\" srcset=\"https:\/\/www.aribau.es\/wp-content\/uploads\/2017\/10\/la-val-aribau-02.jpg 1000w, https:\/\/www.aribau.es\/wp-content\/uploads\/2017\/10\/la-val-aribau-02-300x200.jpg 300w, https:\/\/www.aribau.es\/wp-content\/uploads\/2017\/10\/la-val-aribau-02-768x511.jpg 768w\" sizes=\"(max-width: 1000px) 100vw, 1000px\" \/><\/a><\/p>\n<p>Bodegas La Val, creada en 1985, es una de las marcas pioneras de la Denominaci\u00f3n de Origen R\u00edas Baixas. Uno de sus factores diferenciales es que fue una de las primeras bodegas en apostar por el autoabastecimiento mediante el cultivo de sus propios vi\u00f1edos. La calidad es un factor determinante en la elaboraci\u00f3n de sus vinos, hecho que le ha valido la Certificaci\u00f3n British Retail Consortium (BRC) de Seguridad Alimentaria, una de las acreditaciones m\u00e1s importantes de la industria.<\/p>","protected":false},"excerpt":{"rendered":"<p>La Val Albari\u00f1o es un blanco joven de Bodegas La Val elaborado 100% con esta variedad t\u00edpica de las R\u00edas Baixas gallegas pero procedente de tres fincas distintas situadas en el sur de la Denominaci\u00f3n de Origen R\u00edas Baixas. El resultado final, pese a ser un vino monovarietal, es un complejo coupage de uvas procedentes &#8230; <a title=\"\u2018LA VAL ALBARI\u00d1O\u2019, DE BODEGAS LA VAL\" class=\"read-more\" href=\"https:\/\/www.aribau.es\/ca\/la-val-albarino-de-bodegas-la-val\/\" aria-label=\"M\u00e9s informaci\u00f3 sobre `LA VAL ALBARI\u00d1O\u2019, DE BODEGAS LA VAL\">Llegiu m\u00e9s<\/a><\/p>","protected":false},"author":3,"featured_media":6559,"comment_status":"closed","ping_status":"closed","sticky":false,"template":"","format":"standard","meta":{"footnotes":""},"categories":[406],"tags":[567,381,323,412],"class_list":["post-6557","post","type-post","status-publish","format-standard","has-post-thumbnail","hentry","category-noticias","tag-albarino","tag-bodegas-la-val","tag-do-rias-baixas","tag-vino-blanco"],"yoast_head":"<!-- This site is optimized with the Yoast SEO plugin v26.7 - https:\/\/yoast.com\/wordpress\/plugins\/seo\/ -->\n<title>`LA VAL ALBARI\u00d1O\u2019, DE BODEGAS LA VAL - Aribau<\/title>\n<meta name=\"robots\" content=\"index, follow, max-snippet:-1, max-image-preview:large, max-video-preview:-1\" \/>\n<link rel=\"canonical\" href=\"https:\/\/www.aribau.es\/ca\/la-val-albarino-de-bodegas-la-val\/\" \/>\n<meta property=\"og:locale\" content=\"ca_ES\" \/>\n<meta property=\"og:type\" content=\"article\" \/>\n<meta property=\"og:title\" content=\"`LA VAL ALBARI\u00d1O\u2019, DE BODEGAS LA VAL - Aribau\" \/>\n<meta property=\"og:description\" content=\"La Val Albari\u00f1o es un blanco joven de Bodegas La Val elaborado 100% con esta variedad t\u00edpica de las R\u00edas Baixas gallegas pero procedente de tres fincas distintas situadas en el sur de la Denominaci\u00f3n de Origen R\u00edas Baixas. El resultado final, pese a ser un vino monovarietal, es un complejo coupage de uvas procedentes ... Llegiu m\u00e9s\" \/>\n<meta property=\"og:url\" content=\"https:\/\/www.aribau.es\/ca\/la-val-albarino-de-bodegas-la-val\/\" \/>\n<meta property=\"og:site_name\" content=\"Aribau\" \/>\n<meta property=\"article:publisher\" content=\"https:\/\/www.facebook.com\/aribau1964\/\" \/>\n<meta property=\"article:published_time\" content=\"2019-09-26T11:35:03+00:00\" \/>\n<meta property=\"article:modified_time\" content=\"2021-04-23T10:48:10+00:00\" \/>\n<meta property=\"og:image\" content=\"https:\/\/www.aribau.es\/wp-content\/uploads\/2019\/09\/la-val-aribau.png\" \/>\n\t<meta property=\"og:image:width\" content=\"728\" \/>\n\t<meta property=\"og:image:height\" content=\"208\" \/>\n\t<meta property=\"og:image:type\" content=\"image\/png\" \/>\n<meta name=\"author\" content=\"aribau\" \/>\n<meta name=\"twitter:card\" content=\"summary_large_image\" \/>\n<meta name=\"twitter:creator\" content=\"@aribau1964\" \/>\n<meta name=\"twitter:site\" content=\"@aribau1964\" \/>\n<meta name=\"twitter:label1\" content=\"Escrit per\" \/>\n\t<meta name=\"twitter:data1\" content=\"aribau\" \/>\n\t<meta name=\"twitter:label2\" content=\"Temps estimat de lectura\" \/>\n\t<meta name=\"twitter:data2\" content=\"2 minuts\" \/>\n<script type=\"application\/ld+json\" class=\"yoast-schema-graph\">{\"@context\":\"https:\/\/schema.org\",\"@graph\":[{\"@type\":\"Article\",\"@id\":\"https:\/\/www.aribau.es\/la-val-albarino-de-bodegas-la-val\/#article\",\"isPartOf\":{\"@id\":\"https:\/\/www.aribau.es\/la-val-albarino-de-bodegas-la-val\/\"},\"author\":{\"name\":\"aribau\",\"@id\":\"https:\/\/www.aribau.es\/#\/schema\/person\/77a976898b3c705ed016499633f4ffd0\"},\"headline\":\"`LA VAL ALBARI\u00d1O\u2019, DE BODEGAS LA VAL\",\"datePublished\":\"2019-09-26T11:35:03+00:00\",\"dateModified\":\"2021-04-23T10:48:10+00:00\",\"mainEntityOfPage\":{\"@id\":\"https:\/\/www.aribau.es\/la-val-albarino-de-bodegas-la-val\/\"},\"wordCount\":315,\"publisher\":{\"@id\":\"https:\/\/www.aribau.es\/#organization\"},\"image\":{\"@id\":\"https:\/\/www.aribau.es\/la-val-albarino-de-bodegas-la-val\/#primaryimage\"},\"thumbnailUrl\":\"https:\/\/www.aribau.es\/wp-content\/uploads\/2019\/09\/la-val-aribau.png\",\"keywords\":[\"Albari\u00f1o\",\"Bodegas La Val\",\"DO Rias Baixas\",\"Vino blanco\"],\"articleSection\":[\"Noticias\"],\"inLanguage\":\"ca\"},{\"@type\":\"WebPage\",\"@id\":\"https:\/\/www.aribau.es\/la-val-albarino-de-bodegas-la-val\/\",\"url\":\"https:\/\/www.aribau.es\/la-val-albarino-de-bodegas-la-val\/\",\"name\":\"`LA VAL ALBARI\u00d1O\u2019, DE BODEGAS LA VAL - Aribau\",\"isPartOf\":{\"@id\":\"https:\/\/www.aribau.es\/#website\"},\"primaryImageOfPage\":{\"@id\":\"https:\/\/www.aribau.es\/la-val-albarino-de-bodegas-la-val\/#primaryimage\"},\"image\":{\"@id\":\"https:\/\/www.aribau.es\/la-val-albarino-de-bodegas-la-val\/#primaryimage\"},\"thumbnailUrl\":\"https:\/\/www.aribau.es\/wp-content\/uploads\/2019\/09\/la-val-aribau.png\",\"datePublished\":\"2019-09-26T11:35:03+00:00\",\"dateModified\":\"2021-04-23T10:48:10+00:00\",\"breadcrumb\":{\"@id\":\"https:\/\/www.aribau.es\/la-val-albarino-de-bodegas-la-val\/#breadcrumb\"},\"inLanguage\":\"ca\",\"potentialAction\":[{\"@type\":\"ReadAction\",\"target\":[\"https:\/\/www.aribau.es\/la-val-albarino-de-bodegas-la-val\/\"]}]},{\"@type\":\"ImageObject\",\"inLanguage\":\"ca\",\"@id\":\"https:\/\/www.aribau.es\/la-val-albarino-de-bodegas-la-val\/#primaryimage\",\"url\":\"https:\/\/www.aribau.es\/wp-content\/uploads\/2019\/09\/la-val-aribau.png\",\"contentUrl\":\"https:\/\/www.aribau.es\/wp-content\/uploads\/2019\/09\/la-val-aribau.png\",\"width\":728,\"height\":208},{\"@type\":\"BreadcrumbList\",\"@id\":\"https:\/\/www.aribau.es\/la-val-albarino-de-bodegas-la-val\/#breadcrumb\",\"itemListElement\":[{\"@type\":\"ListItem\",\"position\":1,\"name\":\"Portada\",\"item\":\"https:\/\/www.aribau.es\/\"},{\"@type\":\"ListItem\",\"position\":2,\"name\":\"`LA VAL ALBARI\u00d1O\u2019, DE BODEGAS LA VAL\"}]},{\"@type\":\"WebSite\",\"@id\":\"https:\/\/www.aribau.es\/#website\",\"url\":\"https:\/\/www.aribau.es\/\",\"name\":\"Aribau\",\"description\":\"VINOS Y BODEGAS\",\"publisher\":{\"@id\":\"https:\/\/www.aribau.es\/#organization\"},\"potentialAction\":[{\"@type\":\"SearchAction\",\"target\":{\"@type\":\"EntryPoint\",\"urlTemplate\":\"https:\/\/www.aribau.es\/?s={search_term_string}\"},\"query-input\":{\"@type\":\"PropertyValueSpecification\",\"valueRequired\":true,\"valueName\":\"search_term_string\"}}],\"inLanguage\":\"ca\"},{\"@type\":\"Organization\",\"@id\":\"https:\/\/www.aribau.es\/#organization\",\"name\":\"Aribau\",\"url\":\"https:\/\/www.aribau.es\/\",\"logo\":{\"@type\":\"ImageObject\",\"inLanguage\":\"ca\",\"@id\":\"https:\/\/www.aribau.es\/#\/schema\/logo\/image\/\",\"url\":\"https:\/\/www.aribau.es\/wp-content\/uploads\/2022\/03\/logo.png\",\"contentUrl\":\"https:\/\/www.aribau.es\/wp-content\/uploads\/2022\/03\/logo.png\",\"width\":300,\"height\":300,\"caption\":\"Aribau\"},\"image\":{\"@id\":\"https:\/\/www.aribau.es\/#\/schema\/logo\/image\/\"},\"sameAs\":[\"https:\/\/www.facebook.com\/aribau1964\/\",\"https:\/\/x.com\/aribau1964\",\"https:\/\/www.instagram.com\/aribau1964\/\"]},{\"@type\":\"Person\",\"@id\":\"https:\/\/www.aribau.es\/#\/schema\/person\/77a976898b3c705ed016499633f4ffd0\",\"name\":\"aribau\",\"image\":{\"@type\":\"ImageObject\",\"inLanguage\":\"ca\",\"@id\":\"https:\/\/www.aribau.es\/#\/schema\/person\/image\/\",\"url\":\"https:\/\/secure.gravatar.com\/avatar\/6690491f832d5b32aa9482b978c9464816810fbff0f6658034a34c9d9657b94e?s=96&d=mm&r=g\",\"contentUrl\":\"https:\/\/secure.gravatar.com\/avatar\/6690491f832d5b32aa9482b978c9464816810fbff0f6658034a34c9d9657b94e?s=96&d=mm&r=g\",\"caption\":\"aribau\"},\"url\":\"https:\/\/www.aribau.es\/ca\/author\/aribau\/\"}]}<\/script>\n<!-- \/ Yoast SEO plugin. -->","yoast_head_json":{"title":"`LA VAL ALBARI\u00d1O\u2019, DE BODEGAS LA VAL - Aribau","robots":{"index":"index","follow":"follow","max-snippet":"max-snippet:-1","max-image-preview":"max-image-preview:large","max-video-preview":"max-video-preview:-1"},"canonical":"https:\/\/www.aribau.es\/ca\/la-val-albarino-de-bodegas-la-val\/","og_locale":"ca_ES","og_type":"article","og_title":"`LA VAL ALBARI\u00d1O\u2019, DE BODEGAS LA VAL - Aribau","og_description":"La Val Albari\u00f1o es un blanco joven de Bodegas La Val elaborado 100% con esta variedad t\u00edpica de las R\u00edas Baixas gallegas pero procedente de tres fincas distintas situadas en el sur de la Denominaci\u00f3n de Origen R\u00edas Baixas. El resultado final, pese a ser un vino monovarietal, es un complejo coupage de uvas procedentes ... Llegiu m\u00e9s","og_url":"https:\/\/www.aribau.es\/ca\/la-val-albarino-de-bodegas-la-val\/","og_site_name":"Aribau","article_publisher":"https:\/\/www.facebook.com\/aribau1964\/","article_published_time":"2019-09-26T11:35:03+00:00","article_modified_time":"2021-04-23T10:48:10+00:00","og_image":[{"width":728,"height":208,"url":"https:\/\/www.aribau.es\/wp-content\/uploads\/2019\/09\/la-val-aribau.png","type":"image\/png"}],"author":"aribau","twitter_card":"summary_large_image","twitter_creator":"@aribau1964","twitter_site":"@aribau1964","twitter_misc":{"Escrit per":"aribau","Temps estimat de lectura":"2 minuts"},"schema":{"@context":"https:\/\/schema.org","@graph":[{"@type":"Article","@id":"https:\/\/www.aribau.es\/la-val-albarino-de-bodegas-la-val\/#article","isPartOf":{"@id":"https:\/\/www.aribau.es\/la-val-albarino-de-bodegas-la-val\/"},"author":{"name":"aribau","@id":"https:\/\/www.aribau.es\/#\/schema\/person\/77a976898b3c705ed016499633f4ffd0"},"headline":"`LA VAL ALBARI\u00d1O\u2019, DE BODEGAS LA VAL","datePublished":"2019-09-26T11:35:03+00:00","dateModified":"2021-04-23T10:48:10+00:00","mainEntityOfPage":{"@id":"https:\/\/www.aribau.es\/la-val-albarino-de-bodegas-la-val\/"},"wordCount":315,"publisher":{"@id":"https:\/\/www.aribau.es\/#organization"},"image":{"@id":"https:\/\/www.aribau.es\/la-val-albarino-de-bodegas-la-val\/#primaryimage"},"thumbnailUrl":"https:\/\/www.aribau.es\/wp-content\/uploads\/2019\/09\/la-val-aribau.png","keywords":["Albari\u00f1o","Bodegas La Val","DO Rias Baixas","Vino blanco"],"articleSection":["Noticias"],"inLanguage":"ca"},{"@type":"WebPage","@id":"https:\/\/www.aribau.es\/la-val-albarino-de-bodegas-la-val\/","url":"https:\/\/www.aribau.es\/la-val-albarino-de-bodegas-la-val\/","name":"`LA VAL ALBARI\u00d1O\u2019, DE BODEGAS LA VAL - Aribau","isPartOf":{"@id":"https:\/\/www.aribau.es\/#website"},"primaryImageOfPage":{"@id":"https:\/\/www.aribau.es\/la-val-albarino-de-bodegas-la-val\/#primaryimage"},"image":{"@id":"https:\/\/www.aribau.es\/la-val-albarino-de-bodegas-la-val\/#primaryimage"},"thumbnailUrl":"https:\/\/www.aribau.es\/wp-content\/uploads\/2019\/09\/la-val-aribau.png","datePublished":"2019-09-26T11:35:03+00:00","dateModified":"2021-04-23T10:48:10+00:00","breadcrumb":{"@id":"https:\/\/www.aribau.es\/la-val-albarino-de-bodegas-la-val\/#breadcrumb"},"inLanguage":"ca","potentialAction":[{"@type":"ReadAction","target":["https:\/\/www.aribau.es\/la-val-albarino-de-bodegas-la-val\/"]}]},{"@type":"ImageObject","inLanguage":"ca","@id":"https:\/\/www.aribau.es\/la-val-albarino-de-bodegas-la-val\/#primaryimage","url":"https:\/\/www.aribau.es\/wp-content\/uploads\/2019\/09\/la-val-aribau.png","contentUrl":"https:\/\/www.aribau.es\/wp-content\/uploads\/2019\/09\/la-val-aribau.png","width":728,"height":208},{"@type":"BreadcrumbList","@id":"https:\/\/www.aribau.es\/la-val-albarino-de-bodegas-la-val\/#breadcrumb","itemListElement":[{"@type":"ListItem","position":1,"name":"Portada","item":"https:\/\/www.aribau.es\/"},{"@type":"ListItem","position":2,"name":"`LA VAL ALBARI\u00d1O\u2019, DE BODEGAS LA VAL"}]},{"@type":"WebSite","@id":"https:\/\/www.aribau.es\/#website","url":"https:\/\/www.aribau.es\/","name":"Aribau","description":"VINOS Y BODEGAS","publisher":{"@id":"https:\/\/www.aribau.es\/#organization"},"potentialAction":[{"@type":"SearchAction","target":{"@type":"EntryPoint","urlTemplate":"https:\/\/www.aribau.es\/?s={search_term_string}"},"query-input":{"@type":"PropertyValueSpecification","valueRequired":true,"valueName":"search_term_string"}}],"inLanguage":"ca"},{"@type":"Organization","@id":"https:\/\/www.aribau.es\/#organization","name":"Aribau","url":"https:\/\/www.aribau.es\/","logo":{"@type":"ImageObject","inLanguage":"ca","@id":"https:\/\/www.aribau.es\/#\/schema\/logo\/image\/","url":"https:\/\/www.aribau.es\/wp-content\/uploads\/2022\/03\/logo.png","contentUrl":"https:\/\/www.aribau.es\/wp-content\/uploads\/2022\/03\/logo.png","width":300,"height":300,"caption":"Aribau"},"image":{"@id":"https:\/\/www.aribau.es\/#\/schema\/logo\/image\/"},"sameAs":["https:\/\/www.facebook.com\/aribau1964\/","https:\/\/x.com\/aribau1964","https:\/\/www.instagram.com\/aribau1964\/"]},{"@type":"Person","@id":"https:\/\/www.aribau.es\/#\/schema\/person\/77a976898b3c705ed016499633f4ffd0","name":"aribau","image":{"@type":"ImageObject","inLanguage":"ca","@id":"https:\/\/www.aribau.es\/#\/schema\/person\/image\/","url":"https:\/\/secure.gravatar.com\/avatar\/6690491f832d5b32aa9482b978c9464816810fbff0f6658034a34c9d9657b94e?s=96&d=mm&r=g","contentUrl":"https:\/\/secure.gravatar.com\/avatar\/6690491f832d5b32aa9482b978c9464816810fbff0f6658034a34c9d9657b94e?s=96&d=mm&r=g","caption":"aribau"},"url":"https:\/\/www.aribau.es\/ca\/author\/aribau\/"}]}},"_links":{"self":[{"href":"https:\/\/www.aribau.es\/ca\/wp-json\/wp\/v2\/posts\/6557","targetHints":{"allow":["GET"]}}],"collection":[{"href":"https:\/\/www.aribau.es\/ca\/wp-json\/wp\/v2\/posts"}],"about":[{"href":"https:\/\/www.aribau.es\/ca\/wp-json\/wp\/v2\/types\/post"}],"author":[{"embeddable":true,"href":"https:\/\/www.aribau.es\/ca\/wp-json\/wp\/v2\/users\/3"}],"replies":[{"embeddable":true,"href":"https:\/\/www.aribau.es\/ca\/wp-json\/wp\/v2\/comments?post=6557"}],"version-history":[{"count":5,"href":"https:\/\/www.aribau.es\/ca\/wp-json\/wp\/v2\/posts\/6557\/revisions"}],"predecessor-version":[{"id":9976,"href":"https:\/\/www.aribau.es\/ca\/wp-json\/wp\/v2\/posts\/6557\/revisions\/9976"}],"wp:featuredmedia":[{"embeddable":true,"href":"https:\/\/www.aribau.es\/ca\/wp-json\/wp\/v2\/media\/6559"}],"wp:attachment":[{"href":"https:\/\/www.aribau.es\/ca\/wp-json\/wp\/v2\/media?parent=6557"}],"wp:term":[{"taxonomy":"category","embeddable":true,"href":"https:\/\/www.aribau.es\/ca\/wp-json\/wp\/v2\/categories?post=6557"},{"taxonomy":"post_tag","embeddable":true,"href":"https:\/\/www.aribau.es\/ca\/wp-json\/wp\/v2\/tags?post=6557"}],"curies":[{"name":"wp","href":"https:\/\/api.w.org\/{rel}","templated":true}]}}