{"id":6632,"date":"2019-10-10T10:19:32","date_gmt":"2019-10-10T09:19:32","guid":{"rendered":"https:\/\/www.aribau.es\/?p=6632"},"modified":"2021-04-23T11:45:18","modified_gmt":"2021-04-23T10:45:18","slug":"talai-berri-fusion-entre-la-herencia-familiar-y-la-modernidad","status":"publish","type":"post","link":"https:\/\/www.aribau.es\/ca\/talai-berri-fusion-entre-la-herencia-familiar-y-la-modernidad\/","title":{"rendered":"TALAI BERRI: FUSI\u00d3 ENTRE L'HER\u00c8NCIA FAMILIAR I LA MODERNITAT"},"content":{"rendered":"<p>Bixente Eizaguirre es el fundador de la bodega <strong><a href=\"http:\/\/www.talaiberri.com\/cas\/index.php\" target=\"_blank\" rel=\"noopener\">Talai Berri<\/a><\/strong>. Hijo de una familia con una gran tradici\u00f3n vin\u00edcola, decidi\u00f3 crear la bodega despu\u00e9s de haber sido uno de los impulsores y fundadores de la Denominaci\u00f3n de Origen Getariako Txakolina.<\/p>\n<p><!--more--><\/p>\n<p>Situada en Zarautz, en las laderas del monte Talai Mendi, la bodega Talai Berri se encuentra rodeada de 12 hect\u00e1reas de vi\u00f1as propias. En los inicios de la bodega se plantaron vi\u00f1as de variedades aut\u00f3ctonas junto a las que ya se encontraban en la zona, muchas de ellas centenarias. Se buscaron entonces nuevas orientaciones a las plantaciones aprovechando las laderas m\u00e1s soleadas del monte.<\/p>\n<p>La filosof\u00eda de la bodega pasa por primar el control del producto hasta el m\u00e1s m\u00ednimo detalle, de manera que durante todo el proceso, desde el cuidado de las vi\u00f1as hasta el resultado final, el factor humano prima sobre el t\u00e9cnico.<\/p>\n<p>Por otra parte, Talai Berri ha sido pionera en la incorporaci\u00f3n de los sistemas m\u00e1s avanzados: prensa neum\u00e1tica, control de temperaturas, laboratorio de autocontrol\u2026 Adem\u00e1s, a d\u00eda de hoy, la cosecha se trabaja bajo criterios de respeto al medio ambiente, reduciendo al m\u00ednimo el uso de productos fitosanitarios y disminuyendo los residuos.<\/p>\n<p>As\u00ed, gracias a la innovaci\u00f3n, la bodega ha podido mantener su esencia generaci\u00f3n tras generaci\u00f3n, pero mejorando los procesos de elaboraci\u00f3n de sus antepasados. Una fusi\u00f3n entre herencia y modernidad que queda reflejada en sus productos.<\/p>\n<p>&nbsp;<\/p>\n<p><strong><em>Txakoli Blanco Talai Berri<\/em><\/strong><\/p>\n<p><a href=\"https:\/\/www.aribau.es\/wp-content\/uploads\/2019\/10\/talai_berri_txakoli_aribau.jpg\"><img decoding=\"async\" class=\"alignleft wp-image-6633\" src=\"https:\/\/www.aribau.es\/wp-content\/uploads\/2019\/10\/talai_berri_txakoli_aribau.jpg\" alt=\"\" width=\"67\" height=\"217\" srcset=\"https:\/\/www.aribau.es\/wp-content\/uploads\/2019\/10\/talai_berri_txakoli_aribau.jpg 278w, https:\/\/www.aribau.es\/wp-content\/uploads\/2019\/10\/talai_berri_txakoli_aribau-93x300.jpg 93w\" sizes=\"(max-width: 67px) 100vw, 67px\" \/><\/a>El <strong><em>Txakoli Blanco Talai Berri<\/em><\/strong> se elabora con las dos variedades aut\u00f3ctonas que tienen plantadas en los vi\u00f1edos de la bodega: la Hondarribi Zuri, que supone el 90% del vi\u00f1edo, y la Hondarribi Beltza, que cubre el 10% restante.<\/p>\n<p>Se trata de un vino joven y de graduaci\u00f3n moderada, con un toque de acidez que lo hace muy caracter\u00edstico. De color amarillo verdoso, tiene un aspecto muy luminoso y una burbuja fina. En nariz presenta aromas complejos con reminiscencias a frutas y notas de hierba fresca. En boca, es un vino seco, equilibrado, con estructura y un retrogusto que nos devuelve las notas frutales.<\/p>\n<p>El vino ideal para acompa\u00f1ar un buen surtido de <em>pintxos<\/em> en cualquier taberna vasca de la ciudad.<\/p>","protected":false},"excerpt":{"rendered":"<p>Bixente Eizaguirre \u00e9s el fundador del celler Talai Berri. Fill d'una fam\u00edlia amb una gran tradici\u00f3 vin\u00edcola, va decidir crear el celler despr\u00e9s d'haver estat un dels impulsors i fundadors de la Denominaci\u00f3 d'Origen Getariako Txakolina.<\/p>","protected":false},"author":3,"featured_media":6634,"comment_status":"closed","ping_status":"closed","sticky":false,"template":"","format":"standard","meta":{"footnotes":""},"categories":[406],"tags":[330,399,571],"class_list":["post-6632","post","type-post","status-publish","format-standard","has-post-thumbnail","hentry","category-noticias","tag-do-txakoli","tag-talai-berri","tag-txakoli"],"yoast_head":"<!-- This site is optimized with the Yoast SEO plugin v26.7 - https:\/\/yoast.com\/wordpress\/plugins\/seo\/ -->\n<title>TALAI BERRI: FUSI\u00d3N ENTRE LA HERENCIA FAMILIAR Y LA MODERNIDAD - Aribau<\/title>\n<meta name=\"robots\" content=\"index, follow, max-snippet:-1, max-image-preview:large, max-video-preview:-1\" \/>\n<link rel=\"canonical\" href=\"https:\/\/www.aribau.es\/ca\/talai-berri-fusion-entre-la-herencia-familiar-y-la-modernidad\/\" \/>\n<meta property=\"og:locale\" content=\"ca_ES\" \/>\n<meta property=\"og:type\" content=\"article\" \/>\n<meta property=\"og:title\" content=\"TALAI BERRI: FUSI\u00d3N ENTRE LA HERENCIA FAMILIAR Y LA MODERNIDAD - Aribau\" \/>\n<meta property=\"og:description\" content=\"Bixente Eizaguirre es el fundador de la bodega Talai Berri. Hijo de una familia con una gran tradici\u00f3n vin\u00edcola, decidi\u00f3 crear la bodega despu\u00e9s de haber sido uno de los impulsores y fundadores de la Denominaci\u00f3n de Origen Getariako Txakolina.\" \/>\n<meta property=\"og:url\" content=\"https:\/\/www.aribau.es\/ca\/talai-berri-fusion-entre-la-herencia-familiar-y-la-modernidad\/\" \/>\n<meta property=\"og:site_name\" content=\"Aribau\" \/>\n<meta property=\"article:publisher\" content=\"https:\/\/www.facebook.com\/aribau1964\/\" \/>\n<meta property=\"article:published_time\" content=\"2019-10-10T09:19:32+00:00\" \/>\n<meta property=\"article:modified_time\" content=\"2021-04-23T10:45:18+00:00\" \/>\n<meta property=\"og:image\" content=\"https:\/\/www.aribau.es\/wp-content\/uploads\/2019\/10\/talai_berri_aribau.jpg\" \/>\n\t<meta property=\"og:image:width\" content=\"1906\" \/>\n\t<meta property=\"og:image:height\" content=\"600\" \/>\n\t<meta property=\"og:image:type\" content=\"image\/jpeg\" \/>\n<meta name=\"author\" content=\"aribau\" \/>\n<meta name=\"twitter:card\" content=\"summary_large_image\" \/>\n<meta name=\"twitter:creator\" content=\"@aribau1964\" \/>\n<meta name=\"twitter:site\" content=\"@aribau1964\" \/>\n<meta name=\"twitter:label1\" content=\"Escrit per\" \/>\n\t<meta name=\"twitter:data1\" content=\"aribau\" \/>\n\t<meta name=\"twitter:label2\" content=\"Temps estimat de lectura\" \/>\n\t<meta name=\"twitter:data2\" content=\"2 minuts\" \/>\n<script type=\"application\/ld+json\" class=\"yoast-schema-graph\">{\"@context\":\"https:\/\/schema.org\",\"@graph\":[{\"@type\":\"Article\",\"@id\":\"https:\/\/www.aribau.es\/talai-berri-fusion-entre-la-herencia-familiar-y-la-modernidad\/#article\",\"isPartOf\":{\"@id\":\"https:\/\/www.aribau.es\/talai-berri-fusion-entre-la-herencia-familiar-y-la-modernidad\/\"},\"author\":{\"name\":\"aribau\",\"@id\":\"https:\/\/www.aribau.es\/#\/schema\/person\/77a976898b3c705ed016499633f4ffd0\"},\"headline\":\"TALAI BERRI: FUSI\u00d3N ENTRE LA HERENCIA FAMILIAR Y LA MODERNIDAD\",\"datePublished\":\"2019-10-10T09:19:32+00:00\",\"dateModified\":\"2021-04-23T10:45:18+00:00\",\"mainEntityOfPage\":{\"@id\":\"https:\/\/www.aribau.es\/talai-berri-fusion-entre-la-herencia-familiar-y-la-modernidad\/\"},\"wordCount\":398,\"publisher\":{\"@id\":\"https:\/\/www.aribau.es\/#organization\"},\"image\":{\"@id\":\"https:\/\/www.aribau.es\/talai-berri-fusion-entre-la-herencia-familiar-y-la-modernidad\/#primaryimage\"},\"thumbnailUrl\":\"https:\/\/www.aribau.es\/wp-content\/uploads\/2019\/10\/talai_berri_aribau.jpg\",\"keywords\":[\"DO Txakol\u00ed\",\"Talai Berri\",\"Txakoli\"],\"articleSection\":[\"Noticias\"],\"inLanguage\":\"ca\"},{\"@type\":\"WebPage\",\"@id\":\"https:\/\/www.aribau.es\/talai-berri-fusion-entre-la-herencia-familiar-y-la-modernidad\/\",\"url\":\"https:\/\/www.aribau.es\/talai-berri-fusion-entre-la-herencia-familiar-y-la-modernidad\/\",\"name\":\"TALAI BERRI: FUSI\u00d3N ENTRE LA HERENCIA FAMILIAR Y LA MODERNIDAD - Aribau\",\"isPartOf\":{\"@id\":\"https:\/\/www.aribau.es\/#website\"},\"primaryImageOfPage\":{\"@id\":\"https:\/\/www.aribau.es\/talai-berri-fusion-entre-la-herencia-familiar-y-la-modernidad\/#primaryimage\"},\"image\":{\"@id\":\"https:\/\/www.aribau.es\/talai-berri-fusion-entre-la-herencia-familiar-y-la-modernidad\/#primaryimage\"},\"thumbnailUrl\":\"https:\/\/www.aribau.es\/wp-content\/uploads\/2019\/10\/talai_berri_aribau.jpg\",\"datePublished\":\"2019-10-10T09:19:32+00:00\",\"dateModified\":\"2021-04-23T10:45:18+00:00\",\"breadcrumb\":{\"@id\":\"https:\/\/www.aribau.es\/talai-berri-fusion-entre-la-herencia-familiar-y-la-modernidad\/#breadcrumb\"},\"inLanguage\":\"ca\",\"potentialAction\":[{\"@type\":\"ReadAction\",\"target\":[\"https:\/\/www.aribau.es\/talai-berri-fusion-entre-la-herencia-familiar-y-la-modernidad\/\"]}]},{\"@type\":\"ImageObject\",\"inLanguage\":\"ca\",\"@id\":\"https:\/\/www.aribau.es\/talai-berri-fusion-entre-la-herencia-familiar-y-la-modernidad\/#primaryimage\",\"url\":\"https:\/\/www.aribau.es\/wp-content\/uploads\/2019\/10\/talai_berri_aribau.jpg\",\"contentUrl\":\"https:\/\/www.aribau.es\/wp-content\/uploads\/2019\/10\/talai_berri_aribau.jpg\",\"width\":1906,\"height\":600},{\"@type\":\"BreadcrumbList\",\"@id\":\"https:\/\/www.aribau.es\/talai-berri-fusion-entre-la-herencia-familiar-y-la-modernidad\/#breadcrumb\",\"itemListElement\":[{\"@type\":\"ListItem\",\"position\":1,\"name\":\"Portada\",\"item\":\"https:\/\/www.aribau.es\/\"},{\"@type\":\"ListItem\",\"position\":2,\"name\":\"TALAI BERRI: FUSI\u00d3N ENTRE LA HERENCIA FAMILIAR Y LA MODERNIDAD\"}]},{\"@type\":\"WebSite\",\"@id\":\"https:\/\/www.aribau.es\/#website\",\"url\":\"https:\/\/www.aribau.es\/\",\"name\":\"Aribau\",\"description\":\"VINOS Y BODEGAS\",\"publisher\":{\"@id\":\"https:\/\/www.aribau.es\/#organization\"},\"potentialAction\":[{\"@type\":\"SearchAction\",\"target\":{\"@type\":\"EntryPoint\",\"urlTemplate\":\"https:\/\/www.aribau.es\/?s={search_term_string}\"},\"query-input\":{\"@type\":\"PropertyValueSpecification\",\"valueRequired\":true,\"valueName\":\"search_term_string\"}}],\"inLanguage\":\"ca\"},{\"@type\":\"Organization\",\"@id\":\"https:\/\/www.aribau.es\/#organization\",\"name\":\"Aribau\",\"url\":\"https:\/\/www.aribau.es\/\",\"logo\":{\"@type\":\"ImageObject\",\"inLanguage\":\"ca\",\"@id\":\"https:\/\/www.aribau.es\/#\/schema\/logo\/image\/\",\"url\":\"https:\/\/www.aribau.es\/wp-content\/uploads\/2022\/03\/logo.png\",\"contentUrl\":\"https:\/\/www.aribau.es\/wp-content\/uploads\/2022\/03\/logo.png\",\"width\":300,\"height\":300,\"caption\":\"Aribau\"},\"image\":{\"@id\":\"https:\/\/www.aribau.es\/#\/schema\/logo\/image\/\"},\"sameAs\":[\"https:\/\/www.facebook.com\/aribau1964\/\",\"https:\/\/x.com\/aribau1964\",\"https:\/\/www.instagram.com\/aribau1964\/\"]},{\"@type\":\"Person\",\"@id\":\"https:\/\/www.aribau.es\/#\/schema\/person\/77a976898b3c705ed016499633f4ffd0\",\"name\":\"aribau\",\"image\":{\"@type\":\"ImageObject\",\"inLanguage\":\"ca\",\"@id\":\"https:\/\/www.aribau.es\/#\/schema\/person\/image\/\",\"url\":\"https:\/\/secure.gravatar.com\/avatar\/6690491f832d5b32aa9482b978c9464816810fbff0f6658034a34c9d9657b94e?s=96&d=mm&r=g\",\"contentUrl\":\"https:\/\/secure.gravatar.com\/avatar\/6690491f832d5b32aa9482b978c9464816810fbff0f6658034a34c9d9657b94e?s=96&d=mm&r=g\",\"caption\":\"aribau\"},\"url\":\"https:\/\/www.aribau.es\/ca\/author\/aribau\/\"}]}<\/script>\n<!-- \/ Yoast SEO plugin. -->","yoast_head_json":{"title":"TALAI BERRI: FUSI\u00d3N ENTRE LA HERENCIA FAMILIAR Y LA MODERNIDAD - Aribau","robots":{"index":"index","follow":"follow","max-snippet":"max-snippet:-1","max-image-preview":"max-image-preview:large","max-video-preview":"max-video-preview:-1"},"canonical":"https:\/\/www.aribau.es\/ca\/talai-berri-fusion-entre-la-herencia-familiar-y-la-modernidad\/","og_locale":"ca_ES","og_type":"article","og_title":"TALAI BERRI: FUSI\u00d3N ENTRE LA HERENCIA FAMILIAR Y LA MODERNIDAD - Aribau","og_description":"Bixente Eizaguirre es el fundador de la bodega Talai Berri. Hijo de una familia con una gran tradici\u00f3n vin\u00edcola, decidi\u00f3 crear la bodega despu\u00e9s de haber sido uno de los impulsores y fundadores de la Denominaci\u00f3n de Origen Getariako Txakolina.","og_url":"https:\/\/www.aribau.es\/ca\/talai-berri-fusion-entre-la-herencia-familiar-y-la-modernidad\/","og_site_name":"Aribau","article_publisher":"https:\/\/www.facebook.com\/aribau1964\/","article_published_time":"2019-10-10T09:19:32+00:00","article_modified_time":"2021-04-23T10:45:18+00:00","og_image":[{"width":1906,"height":600,"url":"https:\/\/www.aribau.es\/wp-content\/uploads\/2019\/10\/talai_berri_aribau.jpg","type":"image\/jpeg"}],"author":"aribau","twitter_card":"summary_large_image","twitter_creator":"@aribau1964","twitter_site":"@aribau1964","twitter_misc":{"Escrit per":"aribau","Temps estimat de lectura":"2 minuts"},"schema":{"@context":"https:\/\/schema.org","@graph":[{"@type":"Article","@id":"https:\/\/www.aribau.es\/talai-berri-fusion-entre-la-herencia-familiar-y-la-modernidad\/#article","isPartOf":{"@id":"https:\/\/www.aribau.es\/talai-berri-fusion-entre-la-herencia-familiar-y-la-modernidad\/"},"author":{"name":"aribau","@id":"https:\/\/www.aribau.es\/#\/schema\/person\/77a976898b3c705ed016499633f4ffd0"},"headline":"TALAI BERRI: FUSI\u00d3N ENTRE LA HERENCIA FAMILIAR Y LA MODERNIDAD","datePublished":"2019-10-10T09:19:32+00:00","dateModified":"2021-04-23T10:45:18+00:00","mainEntityOfPage":{"@id":"https:\/\/www.aribau.es\/talai-berri-fusion-entre-la-herencia-familiar-y-la-modernidad\/"},"wordCount":398,"publisher":{"@id":"https:\/\/www.aribau.es\/#organization"},"image":{"@id":"https:\/\/www.aribau.es\/talai-berri-fusion-entre-la-herencia-familiar-y-la-modernidad\/#primaryimage"},"thumbnailUrl":"https:\/\/www.aribau.es\/wp-content\/uploads\/2019\/10\/talai_berri_aribau.jpg","keywords":["DO Txakol\u00ed","Talai Berri","Txakoli"],"articleSection":["Noticias"],"inLanguage":"ca"},{"@type":"WebPage","@id":"https:\/\/www.aribau.es\/talai-berri-fusion-entre-la-herencia-familiar-y-la-modernidad\/","url":"https:\/\/www.aribau.es\/talai-berri-fusion-entre-la-herencia-familiar-y-la-modernidad\/","name":"TALAI BERRI: FUSI\u00d3N ENTRE LA HERENCIA FAMILIAR Y LA MODERNIDAD - Aribau","isPartOf":{"@id":"https:\/\/www.aribau.es\/#website"},"primaryImageOfPage":{"@id":"https:\/\/www.aribau.es\/talai-berri-fusion-entre-la-herencia-familiar-y-la-modernidad\/#primaryimage"},"image":{"@id":"https:\/\/www.aribau.es\/talai-berri-fusion-entre-la-herencia-familiar-y-la-modernidad\/#primaryimage"},"thumbnailUrl":"https:\/\/www.aribau.es\/wp-content\/uploads\/2019\/10\/talai_berri_aribau.jpg","datePublished":"2019-10-10T09:19:32+00:00","dateModified":"2021-04-23T10:45:18+00:00","breadcrumb":{"@id":"https:\/\/www.aribau.es\/talai-berri-fusion-entre-la-herencia-familiar-y-la-modernidad\/#breadcrumb"},"inLanguage":"ca","potentialAction":[{"@type":"ReadAction","target":["https:\/\/www.aribau.es\/talai-berri-fusion-entre-la-herencia-familiar-y-la-modernidad\/"]}]},{"@type":"ImageObject","inLanguage":"ca","@id":"https:\/\/www.aribau.es\/talai-berri-fusion-entre-la-herencia-familiar-y-la-modernidad\/#primaryimage","url":"https:\/\/www.aribau.es\/wp-content\/uploads\/2019\/10\/talai_berri_aribau.jpg","contentUrl":"https:\/\/www.aribau.es\/wp-content\/uploads\/2019\/10\/talai_berri_aribau.jpg","width":1906,"height":600},{"@type":"BreadcrumbList","@id":"https:\/\/www.aribau.es\/talai-berri-fusion-entre-la-herencia-familiar-y-la-modernidad\/#breadcrumb","itemListElement":[{"@type":"ListItem","position":1,"name":"Portada","item":"https:\/\/www.aribau.es\/"},{"@type":"ListItem","position":2,"name":"TALAI BERRI: FUSI\u00d3N ENTRE LA HERENCIA FAMILIAR Y LA MODERNIDAD"}]},{"@type":"WebSite","@id":"https:\/\/www.aribau.es\/#website","url":"https:\/\/www.aribau.es\/","name":"Aribau","description":"VINOS Y BODEGAS","publisher":{"@id":"https:\/\/www.aribau.es\/#organization"},"potentialAction":[{"@type":"SearchAction","target":{"@type":"EntryPoint","urlTemplate":"https:\/\/www.aribau.es\/?s={search_term_string}"},"query-input":{"@type":"PropertyValueSpecification","valueRequired":true,"valueName":"search_term_string"}}],"inLanguage":"ca"},{"@type":"Organization","@id":"https:\/\/www.aribau.es\/#organization","name":"Aribau","url":"https:\/\/www.aribau.es\/","logo":{"@type":"ImageObject","inLanguage":"ca","@id":"https:\/\/www.aribau.es\/#\/schema\/logo\/image\/","url":"https:\/\/www.aribau.es\/wp-content\/uploads\/2022\/03\/logo.png","contentUrl":"https:\/\/www.aribau.es\/wp-content\/uploads\/2022\/03\/logo.png","width":300,"height":300,"caption":"Aribau"},"image":{"@id":"https:\/\/www.aribau.es\/#\/schema\/logo\/image\/"},"sameAs":["https:\/\/www.facebook.com\/aribau1964\/","https:\/\/x.com\/aribau1964","https:\/\/www.instagram.com\/aribau1964\/"]},{"@type":"Person","@id":"https:\/\/www.aribau.es\/#\/schema\/person\/77a976898b3c705ed016499633f4ffd0","name":"aribau","image":{"@type":"ImageObject","inLanguage":"ca","@id":"https:\/\/www.aribau.es\/#\/schema\/person\/image\/","url":"https:\/\/secure.gravatar.com\/avatar\/6690491f832d5b32aa9482b978c9464816810fbff0f6658034a34c9d9657b94e?s=96&d=mm&r=g","contentUrl":"https:\/\/secure.gravatar.com\/avatar\/6690491f832d5b32aa9482b978c9464816810fbff0f6658034a34c9d9657b94e?s=96&d=mm&r=g","caption":"aribau"},"url":"https:\/\/www.aribau.es\/ca\/author\/aribau\/"}]}},"_links":{"self":[{"href":"https:\/\/www.aribau.es\/ca\/wp-json\/wp\/v2\/posts\/6632","targetHints":{"allow":["GET"]}}],"collection":[{"href":"https:\/\/www.aribau.es\/ca\/wp-json\/wp\/v2\/posts"}],"about":[{"href":"https:\/\/www.aribau.es\/ca\/wp-json\/wp\/v2\/types\/post"}],"author":[{"embeddable":true,"href":"https:\/\/www.aribau.es\/ca\/wp-json\/wp\/v2\/users\/3"}],"replies":[{"embeddable":true,"href":"https:\/\/www.aribau.es\/ca\/wp-json\/wp\/v2\/comments?post=6632"}],"version-history":[{"count":5,"href":"https:\/\/www.aribau.es\/ca\/wp-json\/wp\/v2\/posts\/6632\/revisions"}],"predecessor-version":[{"id":9972,"href":"https:\/\/www.aribau.es\/ca\/wp-json\/wp\/v2\/posts\/6632\/revisions\/9972"}],"wp:featuredmedia":[{"embeddable":true,"href":"https:\/\/www.aribau.es\/ca\/wp-json\/wp\/v2\/media\/6634"}],"wp:attachment":[{"href":"https:\/\/www.aribau.es\/ca\/wp-json\/wp\/v2\/media?parent=6632"}],"wp:term":[{"taxonomy":"category","embeddable":true,"href":"https:\/\/www.aribau.es\/ca\/wp-json\/wp\/v2\/categories?post=6632"},{"taxonomy":"post_tag","embeddable":true,"href":"https:\/\/www.aribau.es\/ca\/wp-json\/wp\/v2\/tags?post=6632"}],"curies":[{"name":"wp","href":"https:\/\/api.w.org\/{rel}","templated":true}]}}