{"id":6716,"date":"2019-12-27T10:01:03","date_gmt":"2019-12-27T09:01:03","guid":{"rendered":"https:\/\/www.aribau.es\/?p=6716"},"modified":"2021-04-23T11:21:14","modified_gmt":"2021-04-23T10:21:14","slug":"marida-la-ultima-cena-de-la-decada-con-los-vinos-de-aribau","status":"publish","type":"post","link":"https:\/\/www.aribau.es\/ca\/marida-la-ultima-cena-de-la-decada-con-los-vinos-de-aribau\/","title":{"rendered":"MARIDA L'\u00daLTIM SOPAR DE LA D\u00c8CADA AMB ELS VINS D'ARIBAU"},"content":{"rendered":"<p>La pr\u00f3xima semana, no solo entramos en un a\u00f1o nuevo, sino que ponemos fin a una d\u00e9cada para dar paso a una nueva. O sea que, si cambiar de a\u00f1o ya requiere toda una serie de rituales para hacer el paso con el mejor pie, \u00a1imaginaos lo que puede suponer cambiar de d\u00e9cada!<\/p>\n<p><!--more--><\/p>\n<p>Como el tema de los rituales no es lo nuestro, ah\u00ed os dejamos a vuestra suerte. Eso s\u00ed, para que la cena sea todo un \u00e9xito, aqu\u00ed van nuestras recomendaciones vin\u00edcolas para que la noche deje huella.<\/p>\n<p><strong>Copa de bienvenida con <em>Musugorri<\/em><\/strong><\/p>\n<p><a href=\"https:\/\/www.aribau.es\/wp-content\/uploads\/2014\/04\/musugorri.jpg\"><img decoding=\"async\" class=\"alignleft size-medium wp-image-4825\" src=\"https:\/\/www.aribau.es\/wp-content\/uploads\/2014\/04\/musugorri-150x300.jpg\" alt=\"\" width=\"150\" height=\"300\" srcset=\"https:\/\/www.aribau.es\/wp-content\/uploads\/2014\/04\/musugorri-150x300.jpg 150w, https:\/\/www.aribau.es\/wp-content\/uploads\/2014\/04\/musugorri.jpg 284w\" sizes=\"(max-width: 150px) 100vw, 150px\" \/><\/a>Siempre hay invitados que son puntuales y otros que no lo son tanto, as\u00ed que est\u00e1 bien tener previsto algo para ese rato de espera. Una copa de <em>Musugorri<\/em> con algo de picoteo (ligero, que luego ya habr\u00e1 tiempo para comer) es una alternativa de lo m\u00e1s oportuna. Los que lleguen puntuales estar\u00e1n encantados y lo que lleguen tarde aprender\u00e1n la lecci\u00f3n para la pr\u00f3xima.<\/p>\n<p>&nbsp;<\/p>\n<p><strong>Sale el marisco, \u00a1abramos una <em>Descarada<\/em>!\u00a0<a href=\"https:\/\/www.aribau.es\/wp-content\/uploads\/2016\/09\/ladescarada_web_02.jpg\"><img decoding=\"async\" class=\"alignright size-medium wp-image-4715\" src=\"https:\/\/www.aribau.es\/wp-content\/uploads\/2016\/09\/ladescarada_web_02-121x300.jpg\" alt=\"\" width=\"121\" height=\"300\" srcset=\"https:\/\/www.aribau.es\/wp-content\/uploads\/2016\/09\/ladescarada_web_02-121x300.jpg 121w, https:\/\/www.aribau.es\/wp-content\/uploads\/2016\/09\/ladescarada_web_02.jpg 322w\" sizes=\"(max-width: 121px) 100vw, 121px\" \/><\/a><\/strong><\/p>\n<p>En la primera parte de la cena no suele faltar el marisco: unas gambas, unos buenos carabineros, \u00bfostras tal vez? Sea como sea, nuestra querida <em>Descarada<\/em> har\u00e1 las delicias de los comensales y ser\u00e1 el acompa\u00f1amiento perfecto para ir abriendo el apetito hasta las carnes.<\/p>\n<p>&nbsp;<\/p>\n<p><strong>Plato principal y <em>Cargol Treu Banya<a href=\"https:\/\/www.aribau.es\/wp-content\/uploads\/2019\/07\/cargol_treu_banya_2018_low_res.jpg\"><img decoding=\"async\" class=\"alignright size-medium wp-image-6476\" src=\"https:\/\/www.aribau.es\/wp-content\/uploads\/2019\/07\/cargol_treu_banya_2018_low_res-150x300.jpg\" alt=\"\" width=\"150\" height=\"300\" srcset=\"https:\/\/www.aribau.es\/wp-content\/uploads\/2019\/07\/cargol_treu_banya_2018_low_res-150x300.jpg 150w, https:\/\/www.aribau.es\/wp-content\/uploads\/2019\/07\/cargol_treu_banya_2018_low_res.jpg 384w\" sizes=\"(max-width: 150px) 100vw, 150px\" \/><\/a><\/em><\/strong><\/p>\n<p>Vamos a ponernos cl\u00e1sicos con esto de los maridajes. Como seguro que de plato principal tendr\u00e1s carne y pescado, para los que opten por lo segundo, pueden seguir brindando con <em>La Descarada<\/em>. Para los que prefieran pasarse a la carne, te recomendamos nuestro <em>Cargol Treu Banya<\/em>, un vino tinto a base de Tempranillo, Garnacha, Merlot y Syrah que va a maridar a la perfecci\u00f3n con cualquiera de los contundentes platos que hayas preparado. Estamos seguros de que va a triunfar.<\/p>\n<p><strong><a href=\"https:\/\/www.aribau.es\/wp-content\/uploads\/2019\/10\/i_tant_brut_rose_low_res.jpg\"><img loading=\"lazy\" decoding=\"async\" class=\"alignleft size-medium wp-image-6569\" src=\"https:\/\/www.aribau.es\/wp-content\/uploads\/2019\/10\/i_tant_brut_rose_low_res-150x300.jpg\" alt=\"\" width=\"150\" height=\"300\" srcset=\"https:\/\/www.aribau.es\/wp-content\/uploads\/2019\/10\/i_tant_brut_rose_low_res-150x300.jpg 150w, https:\/\/www.aribau.es\/wp-content\/uploads\/2019\/10\/i_tant_brut_rose_low_res.jpg 384w\" sizes=\"(max-width: 150px) 100vw, 150px\" \/><\/a><\/strong><\/p>\n<p>&nbsp;<\/p>\n<p><strong>Comencemos la nueva d\u00e9cada con un cava diferente, <em>I Tant Cava Ros\u00e9<\/em><\/strong><\/p>\n<p>Es uno de los \u00faltimos en llegar a la familia de vinos de Aribau, y por eso queremos que sea el primer cava que tomes nada m\u00e1s arrancar el a\u00f1o y la d\u00e9cada nueva. Un cava diferente, rosado, que ti\u00f1a de color este inicio de una nueva etapa que, con rituales o sin ellos, seguro que vendr\u00e1 cargada de nuevas oportunidades y grandes momentos. \u00a1Feliz 2020!<\/p>","protected":false},"excerpt":{"rendered":"<p>La pr\u00f3xima semana, no solo entramos en un a\u00f1o nuevo, sino que ponemos fin a una d\u00e9cada para dar paso a una nueva. O sea que, si cambiar de a\u00f1o ya requiere toda una serie de rituales para hacer el paso con el mejor pie, \u00a1imaginaos lo que puede suponer cambiar de d\u00e9cada!<\/p>","protected":false},"author":3,"featured_media":6720,"comment_status":"closed","ping_status":"closed","sticky":false,"template":"","format":"standard","meta":{"footnotes":""},"categories":[406],"tags":[562,572,341,407,431],"class_list":["post-6716","post","type-post","status-publish","format-standard","has-post-thumbnail","hentry","category-noticias","tag-cargol-treu-banya","tag-i-tant-cava","tag-la-descarada","tag-musugorri","tag-navidad"],"yoast_head":"<!-- This site is optimized with the Yoast SEO plugin v26.7 - https:\/\/yoast.com\/wordpress\/plugins\/seo\/ -->\n<title>MARIDA LA \u00daLTIMA CENA DE LA D\u00c9CADA CON LOS VINOS DE ARIBAU - Aribau<\/title>\n<meta name=\"robots\" content=\"index, follow, max-snippet:-1, max-image-preview:large, max-video-preview:-1\" \/>\n<link rel=\"canonical\" href=\"https:\/\/www.aribau.es\/ca\/marida-la-ultima-cena-de-la-decada-con-los-vinos-de-aribau\/\" \/>\n<meta property=\"og:locale\" content=\"ca_ES\" \/>\n<meta property=\"og:type\" content=\"article\" \/>\n<meta property=\"og:title\" content=\"MARIDA LA \u00daLTIMA CENA DE LA D\u00c9CADA CON LOS VINOS DE ARIBAU - Aribau\" \/>\n<meta property=\"og:description\" content=\"La pr\u00f3xima semana, no solo entramos en un a\u00f1o nuevo, sino que ponemos fin a una d\u00e9cada para dar paso a una nueva. O sea que, si cambiar de a\u00f1o ya requiere toda una serie de rituales para hacer el paso con el mejor pie, \u00a1imaginaos lo que puede suponer cambiar de d\u00e9cada!\" \/>\n<meta property=\"og:url\" content=\"https:\/\/www.aribau.es\/ca\/marida-la-ultima-cena-de-la-decada-con-los-vinos-de-aribau\/\" \/>\n<meta property=\"og:site_name\" content=\"Aribau\" \/>\n<meta property=\"article:publisher\" content=\"https:\/\/www.facebook.com\/aribau1964\/\" \/>\n<meta property=\"article:published_time\" content=\"2019-12-27T09:01:03+00:00\" \/>\n<meta property=\"article:modified_time\" content=\"2021-04-23T10:21:14+00:00\" \/>\n<meta property=\"og:image\" content=\"https:\/\/www.aribau.es\/wp-content\/uploads\/2019\/12\/aribau_postal_2020_01-1024x1024.png\" \/>\n\t<meta property=\"og:image:width\" content=\"1024\" \/>\n\t<meta property=\"og:image:height\" content=\"1024\" \/>\n\t<meta property=\"og:image:type\" content=\"image\/png\" \/>\n<meta name=\"author\" content=\"aribau\" \/>\n<meta name=\"twitter:card\" content=\"summary_large_image\" \/>\n<meta name=\"twitter:creator\" content=\"@aribau1964\" \/>\n<meta name=\"twitter:site\" content=\"@aribau1964\" \/>\n<meta name=\"twitter:label1\" content=\"Escrit per\" \/>\n\t<meta name=\"twitter:data1\" content=\"aribau\" \/>\n\t<meta name=\"twitter:label2\" content=\"Temps estimat de lectura\" \/>\n\t<meta name=\"twitter:data2\" content=\"2 minuts\" \/>\n<script type=\"application\/ld+json\" class=\"yoast-schema-graph\">{\"@context\":\"https:\/\/schema.org\",\"@graph\":[{\"@type\":\"Article\",\"@id\":\"https:\/\/www.aribau.es\/marida-la-ultima-cena-de-la-decada-con-los-vinos-de-aribau\/#article\",\"isPartOf\":{\"@id\":\"https:\/\/www.aribau.es\/marida-la-ultima-cena-de-la-decada-con-los-vinos-de-aribau\/\"},\"author\":{\"name\":\"aribau\",\"@id\":\"https:\/\/www.aribau.es\/#\/schema\/person\/77a976898b3c705ed016499633f4ffd0\"},\"headline\":\"MARIDA LA \u00daLTIMA CENA DE LA D\u00c9CADA CON LOS VINOS DE ARIBAU\",\"datePublished\":\"2019-12-27T09:01:03+00:00\",\"dateModified\":\"2021-04-23T10:21:14+00:00\",\"mainEntityOfPage\":{\"@id\":\"https:\/\/www.aribau.es\/marida-la-ultima-cena-de-la-decada-con-los-vinos-de-aribau\/\"},\"wordCount\":410,\"publisher\":{\"@id\":\"https:\/\/www.aribau.es\/#organization\"},\"image\":{\"@id\":\"https:\/\/www.aribau.es\/marida-la-ultima-cena-de-la-decada-con-los-vinos-de-aribau\/#primaryimage\"},\"thumbnailUrl\":\"https:\/\/www.aribau.es\/wp-content\/uploads\/2019\/12\/aribau_postal_2020_01.png\",\"keywords\":[\"Cargol Treu Banya\",\"I Tant Cava\",\"La descarada\",\"Musugorri\",\"Navidad\"],\"articleSection\":[\"Noticias\"],\"inLanguage\":\"ca\"},{\"@type\":\"WebPage\",\"@id\":\"https:\/\/www.aribau.es\/marida-la-ultima-cena-de-la-decada-con-los-vinos-de-aribau\/\",\"url\":\"https:\/\/www.aribau.es\/marida-la-ultima-cena-de-la-decada-con-los-vinos-de-aribau\/\",\"name\":\"MARIDA LA \u00daLTIMA CENA DE LA D\u00c9CADA CON LOS VINOS DE ARIBAU - Aribau\",\"isPartOf\":{\"@id\":\"https:\/\/www.aribau.es\/#website\"},\"primaryImageOfPage\":{\"@id\":\"https:\/\/www.aribau.es\/marida-la-ultima-cena-de-la-decada-con-los-vinos-de-aribau\/#primaryimage\"},\"image\":{\"@id\":\"https:\/\/www.aribau.es\/marida-la-ultima-cena-de-la-decada-con-los-vinos-de-aribau\/#primaryimage\"},\"thumbnailUrl\":\"https:\/\/www.aribau.es\/wp-content\/uploads\/2019\/12\/aribau_postal_2020_01.png\",\"datePublished\":\"2019-12-27T09:01:03+00:00\",\"dateModified\":\"2021-04-23T10:21:14+00:00\",\"breadcrumb\":{\"@id\":\"https:\/\/www.aribau.es\/marida-la-ultima-cena-de-la-decada-con-los-vinos-de-aribau\/#breadcrumb\"},\"inLanguage\":\"ca\",\"potentialAction\":[{\"@type\":\"ReadAction\",\"target\":[\"https:\/\/www.aribau.es\/marida-la-ultima-cena-de-la-decada-con-los-vinos-de-aribau\/\"]}]},{\"@type\":\"ImageObject\",\"inLanguage\":\"ca\",\"@id\":\"https:\/\/www.aribau.es\/marida-la-ultima-cena-de-la-decada-con-los-vinos-de-aribau\/#primaryimage\",\"url\":\"https:\/\/www.aribau.es\/wp-content\/uploads\/2019\/12\/aribau_postal_2020_01.png\",\"contentUrl\":\"https:\/\/www.aribau.es\/wp-content\/uploads\/2019\/12\/aribau_postal_2020_01.png\",\"width\":1081,\"height\":1081},{\"@type\":\"BreadcrumbList\",\"@id\":\"https:\/\/www.aribau.es\/marida-la-ultima-cena-de-la-decada-con-los-vinos-de-aribau\/#breadcrumb\",\"itemListElement\":[{\"@type\":\"ListItem\",\"position\":1,\"name\":\"Portada\",\"item\":\"https:\/\/www.aribau.es\/\"},{\"@type\":\"ListItem\",\"position\":2,\"name\":\"MARIDA LA \u00daLTIMA CENA DE LA D\u00c9CADA CON LOS VINOS DE ARIBAU\"}]},{\"@type\":\"WebSite\",\"@id\":\"https:\/\/www.aribau.es\/#website\",\"url\":\"https:\/\/www.aribau.es\/\",\"name\":\"Aribau\",\"description\":\"VINOS Y BODEGAS\",\"publisher\":{\"@id\":\"https:\/\/www.aribau.es\/#organization\"},\"potentialAction\":[{\"@type\":\"SearchAction\",\"target\":{\"@type\":\"EntryPoint\",\"urlTemplate\":\"https:\/\/www.aribau.es\/?s={search_term_string}\"},\"query-input\":{\"@type\":\"PropertyValueSpecification\",\"valueRequired\":true,\"valueName\":\"search_term_string\"}}],\"inLanguage\":\"ca\"},{\"@type\":\"Organization\",\"@id\":\"https:\/\/www.aribau.es\/#organization\",\"name\":\"Aribau\",\"url\":\"https:\/\/www.aribau.es\/\",\"logo\":{\"@type\":\"ImageObject\",\"inLanguage\":\"ca\",\"@id\":\"https:\/\/www.aribau.es\/#\/schema\/logo\/image\/\",\"url\":\"https:\/\/www.aribau.es\/wp-content\/uploads\/2022\/03\/logo.png\",\"contentUrl\":\"https:\/\/www.aribau.es\/wp-content\/uploads\/2022\/03\/logo.png\",\"width\":300,\"height\":300,\"caption\":\"Aribau\"},\"image\":{\"@id\":\"https:\/\/www.aribau.es\/#\/schema\/logo\/image\/\"},\"sameAs\":[\"https:\/\/www.facebook.com\/aribau1964\/\",\"https:\/\/x.com\/aribau1964\",\"https:\/\/www.instagram.com\/aribau1964\/\"]},{\"@type\":\"Person\",\"@id\":\"https:\/\/www.aribau.es\/#\/schema\/person\/77a976898b3c705ed016499633f4ffd0\",\"name\":\"aribau\",\"image\":{\"@type\":\"ImageObject\",\"inLanguage\":\"ca\",\"@id\":\"https:\/\/www.aribau.es\/#\/schema\/person\/image\/\",\"url\":\"https:\/\/secure.gravatar.com\/avatar\/6690491f832d5b32aa9482b978c9464816810fbff0f6658034a34c9d9657b94e?s=96&d=mm&r=g\",\"contentUrl\":\"https:\/\/secure.gravatar.com\/avatar\/6690491f832d5b32aa9482b978c9464816810fbff0f6658034a34c9d9657b94e?s=96&d=mm&r=g\",\"caption\":\"aribau\"},\"url\":\"https:\/\/www.aribau.es\/ca\/author\/aribau\/\"}]}<\/script>\n<!-- \/ Yoast SEO plugin. -->","yoast_head_json":{"title":"MARIDA LA \u00daLTIMA CENA DE LA D\u00c9CADA CON LOS VINOS DE ARIBAU - Aribau","robots":{"index":"index","follow":"follow","max-snippet":"max-snippet:-1","max-image-preview":"max-image-preview:large","max-video-preview":"max-video-preview:-1"},"canonical":"https:\/\/www.aribau.es\/ca\/marida-la-ultima-cena-de-la-decada-con-los-vinos-de-aribau\/","og_locale":"ca_ES","og_type":"article","og_title":"MARIDA LA \u00daLTIMA CENA DE LA D\u00c9CADA CON LOS VINOS DE ARIBAU - Aribau","og_description":"La pr\u00f3xima semana, no solo entramos en un a\u00f1o nuevo, sino que ponemos fin a una d\u00e9cada para dar paso a una nueva. O sea que, si cambiar de a\u00f1o ya requiere toda una serie de rituales para hacer el paso con el mejor pie, \u00a1imaginaos lo que puede suponer cambiar de d\u00e9cada!","og_url":"https:\/\/www.aribau.es\/ca\/marida-la-ultima-cena-de-la-decada-con-los-vinos-de-aribau\/","og_site_name":"Aribau","article_publisher":"https:\/\/www.facebook.com\/aribau1964\/","article_published_time":"2019-12-27T09:01:03+00:00","article_modified_time":"2021-04-23T10:21:14+00:00","og_image":[{"width":1024,"height":1024,"url":"https:\/\/www.aribau.es\/wp-content\/uploads\/2019\/12\/aribau_postal_2020_01-1024x1024.png","type":"image\/png"}],"author":"aribau","twitter_card":"summary_large_image","twitter_creator":"@aribau1964","twitter_site":"@aribau1964","twitter_misc":{"Escrit per":"aribau","Temps estimat de lectura":"2 minuts"},"schema":{"@context":"https:\/\/schema.org","@graph":[{"@type":"Article","@id":"https:\/\/www.aribau.es\/marida-la-ultima-cena-de-la-decada-con-los-vinos-de-aribau\/#article","isPartOf":{"@id":"https:\/\/www.aribau.es\/marida-la-ultima-cena-de-la-decada-con-los-vinos-de-aribau\/"},"author":{"name":"aribau","@id":"https:\/\/www.aribau.es\/#\/schema\/person\/77a976898b3c705ed016499633f4ffd0"},"headline":"MARIDA LA \u00daLTIMA CENA DE LA D\u00c9CADA CON LOS VINOS DE ARIBAU","datePublished":"2019-12-27T09:01:03+00:00","dateModified":"2021-04-23T10:21:14+00:00","mainEntityOfPage":{"@id":"https:\/\/www.aribau.es\/marida-la-ultima-cena-de-la-decada-con-los-vinos-de-aribau\/"},"wordCount":410,"publisher":{"@id":"https:\/\/www.aribau.es\/#organization"},"image":{"@id":"https:\/\/www.aribau.es\/marida-la-ultima-cena-de-la-decada-con-los-vinos-de-aribau\/#primaryimage"},"thumbnailUrl":"https:\/\/www.aribau.es\/wp-content\/uploads\/2019\/12\/aribau_postal_2020_01.png","keywords":["Cargol Treu Banya","I Tant Cava","La descarada","Musugorri","Navidad"],"articleSection":["Noticias"],"inLanguage":"ca"},{"@type":"WebPage","@id":"https:\/\/www.aribau.es\/marida-la-ultima-cena-de-la-decada-con-los-vinos-de-aribau\/","url":"https:\/\/www.aribau.es\/marida-la-ultima-cena-de-la-decada-con-los-vinos-de-aribau\/","name":"MARIDA LA \u00daLTIMA CENA DE LA D\u00c9CADA CON LOS VINOS DE ARIBAU - Aribau","isPartOf":{"@id":"https:\/\/www.aribau.es\/#website"},"primaryImageOfPage":{"@id":"https:\/\/www.aribau.es\/marida-la-ultima-cena-de-la-decada-con-los-vinos-de-aribau\/#primaryimage"},"image":{"@id":"https:\/\/www.aribau.es\/marida-la-ultima-cena-de-la-decada-con-los-vinos-de-aribau\/#primaryimage"},"thumbnailUrl":"https:\/\/www.aribau.es\/wp-content\/uploads\/2019\/12\/aribau_postal_2020_01.png","datePublished":"2019-12-27T09:01:03+00:00","dateModified":"2021-04-23T10:21:14+00:00","breadcrumb":{"@id":"https:\/\/www.aribau.es\/marida-la-ultima-cena-de-la-decada-con-los-vinos-de-aribau\/#breadcrumb"},"inLanguage":"ca","potentialAction":[{"@type":"ReadAction","target":["https:\/\/www.aribau.es\/marida-la-ultima-cena-de-la-decada-con-los-vinos-de-aribau\/"]}]},{"@type":"ImageObject","inLanguage":"ca","@id":"https:\/\/www.aribau.es\/marida-la-ultima-cena-de-la-decada-con-los-vinos-de-aribau\/#primaryimage","url":"https:\/\/www.aribau.es\/wp-content\/uploads\/2019\/12\/aribau_postal_2020_01.png","contentUrl":"https:\/\/www.aribau.es\/wp-content\/uploads\/2019\/12\/aribau_postal_2020_01.png","width":1081,"height":1081},{"@type":"BreadcrumbList","@id":"https:\/\/www.aribau.es\/marida-la-ultima-cena-de-la-decada-con-los-vinos-de-aribau\/#breadcrumb","itemListElement":[{"@type":"ListItem","position":1,"name":"Portada","item":"https:\/\/www.aribau.es\/"},{"@type":"ListItem","position":2,"name":"MARIDA LA \u00daLTIMA CENA DE LA D\u00c9CADA CON LOS VINOS DE ARIBAU"}]},{"@type":"WebSite","@id":"https:\/\/www.aribau.es\/#website","url":"https:\/\/www.aribau.es\/","name":"Aribau","description":"VINOS Y BODEGAS","publisher":{"@id":"https:\/\/www.aribau.es\/#organization"},"potentialAction":[{"@type":"SearchAction","target":{"@type":"EntryPoint","urlTemplate":"https:\/\/www.aribau.es\/?s={search_term_string}"},"query-input":{"@type":"PropertyValueSpecification","valueRequired":true,"valueName":"search_term_string"}}],"inLanguage":"ca"},{"@type":"Organization","@id":"https:\/\/www.aribau.es\/#organization","name":"Aribau","url":"https:\/\/www.aribau.es\/","logo":{"@type":"ImageObject","inLanguage":"ca","@id":"https:\/\/www.aribau.es\/#\/schema\/logo\/image\/","url":"https:\/\/www.aribau.es\/wp-content\/uploads\/2022\/03\/logo.png","contentUrl":"https:\/\/www.aribau.es\/wp-content\/uploads\/2022\/03\/logo.png","width":300,"height":300,"caption":"Aribau"},"image":{"@id":"https:\/\/www.aribau.es\/#\/schema\/logo\/image\/"},"sameAs":["https:\/\/www.facebook.com\/aribau1964\/","https:\/\/x.com\/aribau1964","https:\/\/www.instagram.com\/aribau1964\/"]},{"@type":"Person","@id":"https:\/\/www.aribau.es\/#\/schema\/person\/77a976898b3c705ed016499633f4ffd0","name":"aribau","image":{"@type":"ImageObject","inLanguage":"ca","@id":"https:\/\/www.aribau.es\/#\/schema\/person\/image\/","url":"https:\/\/secure.gravatar.com\/avatar\/6690491f832d5b32aa9482b978c9464816810fbff0f6658034a34c9d9657b94e?s=96&d=mm&r=g","contentUrl":"https:\/\/secure.gravatar.com\/avatar\/6690491f832d5b32aa9482b978c9464816810fbff0f6658034a34c9d9657b94e?s=96&d=mm&r=g","caption":"aribau"},"url":"https:\/\/www.aribau.es\/ca\/author\/aribau\/"}]}},"_links":{"self":[{"href":"https:\/\/www.aribau.es\/ca\/wp-json\/wp\/v2\/posts\/6716","targetHints":{"allow":["GET"]}}],"collection":[{"href":"https:\/\/www.aribau.es\/ca\/wp-json\/wp\/v2\/posts"}],"about":[{"href":"https:\/\/www.aribau.es\/ca\/wp-json\/wp\/v2\/types\/post"}],"author":[{"embeddable":true,"href":"https:\/\/www.aribau.es\/ca\/wp-json\/wp\/v2\/users\/3"}],"replies":[{"embeddable":true,"href":"https:\/\/www.aribau.es\/ca\/wp-json\/wp\/v2\/comments?post=6716"}],"version-history":[{"count":6,"href":"https:\/\/www.aribau.es\/ca\/wp-json\/wp\/v2\/posts\/6716\/revisions"}],"predecessor-version":[{"id":9952,"href":"https:\/\/www.aribau.es\/ca\/wp-json\/wp\/v2\/posts\/6716\/revisions\/9952"}],"wp:featuredmedia":[{"embeddable":true,"href":"https:\/\/www.aribau.es\/ca\/wp-json\/wp\/v2\/media\/6720"}],"wp:attachment":[{"href":"https:\/\/www.aribau.es\/ca\/wp-json\/wp\/v2\/media?parent=6716"}],"wp:term":[{"taxonomy":"category","embeddable":true,"href":"https:\/\/www.aribau.es\/ca\/wp-json\/wp\/v2\/categories?post=6716"},{"taxonomy":"post_tag","embeddable":true,"href":"https:\/\/www.aribau.es\/ca\/wp-json\/wp\/v2\/tags?post=6716"}],"curies":[{"name":"wp","href":"https:\/\/api.w.org\/{rel}","templated":true}]}}