{"id":6729,"date":"2020-01-09T10:01:45","date_gmt":"2020-01-09T09:01:45","guid":{"rendered":"https:\/\/www.aribau.es\/?p=6729"},"modified":"2021-04-23T11:17:29","modified_gmt":"2021-04-23T10:17:29","slug":"herencia-altes-un-homenaje-a-la-familia-y-las-raices","status":"publish","type":"post","link":"https:\/\/www.aribau.es\/ca\/herencia-altes-un-homenaje-a-la-familia-y-las-raices\/","title":{"rendered":"HER\u00c8NCIA ALT\u00c9S, UN HOMENATGE A LA FAM\u00cdLIA I LES ARRELS"},"content":{"rendered":"<p>N\u00faria Alt\u00e9s decidi\u00f3 en 2010 fundar <strong><a href=\"http:\/\/www.herenciaaltes.com\/es\/\" target=\"_blank\" rel=\"noopener\">Her\u00e8ncia Alt\u00e9s<\/a><\/strong> como un homenaje a sus recuerdos de infancia, a su familia y en especial a su abuelo. En tan solo tres a\u00f1os de vida, la marca obtuvo tal \u00e9xito que permiti\u00f3 a sus creadores levantar su propia peque\u00f1a bodega en el pueblo natal de la familia, Batea, en la comarca catalana de la Terra Alta.<\/p>\n<p><!--more--><\/p>\n<p>La gama inicial de cuatro vinos con la que empezaron de la mano del en\u00f3logo franc\u00e9s Claude Gros, ha pasado a ser hoy en d\u00eda de nueve, y las fincas cultivadas son ya tres. Un total de 60 hect\u00e1reas en las que predominan las vi\u00f1as viejas y que se trabajan siguiendo pr\u00e1cticas de cultivo ecol\u00f3gicas y sostenibles con el medio ambiente.<\/p>\n<p>Pero, adem\u00e1s de crecer en n\u00famero de vinos elaborados y hect\u00e1reas de vi\u00f1a cultivadas, N\u00faria y su marido han visto crecer su proyecto hasta lo que es hoy: una bodega con una superficie de 4.400 m2 que se ha convertido en todo un referente en la zona.<\/p>\n<p>Rodeada de vi\u00f1as viejas, gran parte de la bodega es subterr\u00e1nea para facilitar su integraci\u00f3n en el entorno. Sus modernas instalaciones funcionan, adem\u00e1s, gracias a energ\u00edas renovables, garantizando la insolaci\u00f3n t\u00e9rmica natural o el reciclaje del agua de lluvia.<\/p>\n<p>En la zona subterr\u00e1nea se encuentra la sala de crianza, proporcionando as\u00ed la temperatura y la humedad perfectas durante todo el a\u00f1o, y dando lugar a vinos serenos, pulidos y amables.<\/p>\n<p>&nbsp;<\/p>\n<p><strong><em><a href=\"https:\/\/www.aribau.es\/wp-content\/uploads\/2020\/01\/benufet-herencia-altes-aribau.jpg\"><img decoding=\"async\" class=\"alignleft size-medium wp-image-6730\" src=\"https:\/\/www.aribau.es\/wp-content\/uploads\/2020\/01\/benufet-herencia-altes-aribau-115x300.jpg\" alt=\"\" width=\"115\" height=\"300\" srcset=\"https:\/\/www.aribau.es\/wp-content\/uploads\/2020\/01\/benufet-herencia-altes-aribau-115x300.jpg 115w, https:\/\/www.aribau.es\/wp-content\/uploads\/2020\/01\/benufet-herencia-altes-aribau-394x1024.jpg 394w, https:\/\/www.aribau.es\/wp-content\/uploads\/2020\/01\/benufet-herencia-altes-aribau.jpg 453w\" sizes=\"(max-width: 115px) 100vw, 115px\" \/><\/a><\/em><\/strong><\/p>\n<p><strong><em>Benufet<\/em><\/strong><\/p>\n<p>Uno de esos vinos es <em>Benufet<\/em>, un 100% Garnacha Blanca, la variedad emblema de la Denominaci\u00f3n de Origen Terra Alta en la que se encuentra enmarcada la bodega. El nombre hace referencia a la finca de la que procede la Garnacha con la que se elabora. Vi\u00f1as viejas plantadas en los a\u00f1os 50 y que son cuidadas de forma manual y trabajadas siguiendo principios ecol\u00f3gicos.<\/p>\n<p>El resultado es un vino de una alta concentraci\u00f3n y de una finura excepcional. En nariz juega entre la fruta blanca en flor y la fruta blanca madura, con recuerdos a madera. De textura ancha y envolvente, es un vino carnoso pero fresco, de acidez intensa, largo y profundo. Un vino blanco de los denominados gastron\u00f3micos, y que ser\u00e1 el acompa\u00f1ante perfecto para un arroz cremoso este fin de semana.<\/p>","protected":false},"excerpt":{"rendered":"<p>N\u00faria Alt\u00e9s decidi\u00f3 en 2010 fundar Her\u00e8ncia Alt\u00e9s como un homenaje a sus recuerdos de infancia, a su familia y en especial a su abuelo. En tan solo tres a\u00f1os de vida, la marca obtuvo tal \u00e9xito que permiti\u00f3 a sus creadores levantar su propia peque\u00f1a bodega en el pueblo natal de la familia, Batea, &#8230; <a title=\"HER\u00c8NCIA ALT\u00c9S, UN HOMENATGE A LA FAM\u00cdLIA I LES ARRELS\" class=\"read-more\" href=\"https:\/\/www.aribau.es\/ca\/herencia-altes-un-homenaje-a-la-familia-y-las-raices\/\" aria-label=\"M\u00e9s informaci\u00f3 sobre HER\u00c8NCIA ALT\u00c9S, UN HOMENAJE A LA FAMILIA Y LAS RAICES\">Llegiu m\u00e9s<\/a><\/p>","protected":false},"author":3,"featured_media":6455,"comment_status":"closed","ping_status":"closed","sticky":false,"template":"","format":"standard","meta":{"footnotes":""},"categories":[406],"tags":[446,328,564],"class_list":["post-6729","post","type-post","status-publish","format-standard","has-post-thumbnail","hentry","category-noticias","tag-bodegas","tag-do-terra-alta","tag-herencia-altes"],"yoast_head":"<!-- This site is optimized with the Yoast SEO plugin v26.7 - https:\/\/yoast.com\/wordpress\/plugins\/seo\/ -->\n<title>HER\u00c8NCIA ALT\u00c9S, UN HOMENAJE A LA FAMILIA Y LAS RAICES - Aribau<\/title>\n<meta name=\"robots\" content=\"index, follow, max-snippet:-1, max-image-preview:large, max-video-preview:-1\" \/>\n<link rel=\"canonical\" href=\"https:\/\/www.aribau.es\/ca\/herencia-altes-un-homenaje-a-la-familia-y-las-raices\/\" \/>\n<meta property=\"og:locale\" content=\"ca_ES\" \/>\n<meta property=\"og:type\" content=\"article\" \/>\n<meta property=\"og:title\" content=\"HER\u00c8NCIA ALT\u00c9S, UN HOMENAJE A LA FAMILIA Y LAS RAICES - Aribau\" \/>\n<meta property=\"og:description\" content=\"N\u00faria Alt\u00e9s decidi\u00f3 en 2010 fundar Her\u00e8ncia Alt\u00e9s como un homenaje a sus recuerdos de infancia, a su familia y en especial a su abuelo. En tan solo tres a\u00f1os de vida, la marca obtuvo tal \u00e9xito que permiti\u00f3 a sus creadores levantar su propia peque\u00f1a bodega en el pueblo natal de la familia, Batea, ... Llegiu m\u00e9s\" \/>\n<meta property=\"og:url\" content=\"https:\/\/www.aribau.es\/ca\/herencia-altes-un-homenaje-a-la-familia-y-las-raices\/\" \/>\n<meta property=\"og:site_name\" content=\"Aribau\" \/>\n<meta property=\"article:publisher\" content=\"https:\/\/www.facebook.com\/aribau1964\/\" \/>\n<meta property=\"article:published_time\" content=\"2020-01-09T09:01:45+00:00\" \/>\n<meta property=\"article:modified_time\" content=\"2021-04-23T10:17:29+00:00\" \/>\n<meta property=\"og:image\" content=\"https:\/\/www.aribau.es\/wp-content\/uploads\/2019\/07\/Herencia_Altes.jpg\" \/>\n\t<meta property=\"og:image:width\" content=\"1162\" \/>\n\t<meta property=\"og:image:height\" content=\"775\" \/>\n\t<meta property=\"og:image:type\" content=\"image\/jpeg\" \/>\n<meta name=\"author\" content=\"aribau\" \/>\n<meta name=\"twitter:card\" content=\"summary_large_image\" \/>\n<meta name=\"twitter:creator\" content=\"@aribau1964\" \/>\n<meta name=\"twitter:site\" content=\"@aribau1964\" \/>\n<meta name=\"twitter:label1\" content=\"Escrit per\" \/>\n\t<meta name=\"twitter:data1\" content=\"aribau\" \/>\n\t<meta name=\"twitter:label2\" content=\"Temps estimat de lectura\" \/>\n\t<meta name=\"twitter:data2\" content=\"2 minuts\" \/>\n<script type=\"application\/ld+json\" class=\"yoast-schema-graph\">{\"@context\":\"https:\/\/schema.org\",\"@graph\":[{\"@type\":\"Article\",\"@id\":\"https:\/\/www.aribau.es\/ca\/herencia-altes-un-homenaje-a-la-familia-y-las-raices\/#article\",\"isPartOf\":{\"@id\":\"https:\/\/www.aribau.es\/ca\/herencia-altes-un-homenaje-a-la-familia-y-las-raices\/\"},\"author\":{\"name\":\"aribau\",\"@id\":\"https:\/\/www.aribau.es\/#\/schema\/person\/77a976898b3c705ed016499633f4ffd0\"},\"headline\":\"HER\u00c8NCIA ALT\u00c9S, UN HOMENAJE A LA FAMILIA Y LAS RAICES\",\"datePublished\":\"2020-01-09T09:01:45+00:00\",\"dateModified\":\"2021-04-23T10:17:29+00:00\",\"mainEntityOfPage\":{\"@id\":\"https:\/\/www.aribau.es\/ca\/herencia-altes-un-homenaje-a-la-familia-y-las-raices\/\"},\"wordCount\":419,\"publisher\":{\"@id\":\"https:\/\/www.aribau.es\/#organization\"},\"image\":{\"@id\":\"https:\/\/www.aribau.es\/ca\/herencia-altes-un-homenaje-a-la-familia-y-las-raices\/#primaryimage\"},\"thumbnailUrl\":\"https:\/\/www.aribau.es\/wp-content\/uploads\/2019\/07\/Herencia_Altes.jpg\",\"keywords\":[\"Bodegas\",\"DO Terra Alta\",\"Her\u00e8ncia Alt\u00e9s\"],\"articleSection\":[\"Noticias\"],\"inLanguage\":\"ca\"},{\"@type\":\"WebPage\",\"@id\":\"https:\/\/www.aribau.es\/ca\/herencia-altes-un-homenaje-a-la-familia-y-las-raices\/\",\"url\":\"https:\/\/www.aribau.es\/ca\/herencia-altes-un-homenaje-a-la-familia-y-las-raices\/\",\"name\":\"HER\u00c8NCIA ALT\u00c9S, UN HOMENAJE A LA FAMILIA Y LAS RAICES - Aribau\",\"isPartOf\":{\"@id\":\"https:\/\/www.aribau.es\/#website\"},\"primaryImageOfPage\":{\"@id\":\"https:\/\/www.aribau.es\/ca\/herencia-altes-un-homenaje-a-la-familia-y-las-raices\/#primaryimage\"},\"image\":{\"@id\":\"https:\/\/www.aribau.es\/ca\/herencia-altes-un-homenaje-a-la-familia-y-las-raices\/#primaryimage\"},\"thumbnailUrl\":\"https:\/\/www.aribau.es\/wp-content\/uploads\/2019\/07\/Herencia_Altes.jpg\",\"datePublished\":\"2020-01-09T09:01:45+00:00\",\"dateModified\":\"2021-04-23T10:17:29+00:00\",\"breadcrumb\":{\"@id\":\"https:\/\/www.aribau.es\/ca\/herencia-altes-un-homenaje-a-la-familia-y-las-raices\/#breadcrumb\"},\"inLanguage\":\"ca\",\"potentialAction\":[{\"@type\":\"ReadAction\",\"target\":[\"https:\/\/www.aribau.es\/ca\/herencia-altes-un-homenaje-a-la-familia-y-las-raices\/\"]}]},{\"@type\":\"ImageObject\",\"inLanguage\":\"ca\",\"@id\":\"https:\/\/www.aribau.es\/ca\/herencia-altes-un-homenaje-a-la-familia-y-las-raices\/#primaryimage\",\"url\":\"https:\/\/www.aribau.es\/wp-content\/uploads\/2019\/07\/Herencia_Altes.jpg\",\"contentUrl\":\"https:\/\/www.aribau.es\/wp-content\/uploads\/2019\/07\/Herencia_Altes.jpg\",\"width\":1162,\"height\":775},{\"@type\":\"BreadcrumbList\",\"@id\":\"https:\/\/www.aribau.es\/ca\/herencia-altes-un-homenaje-a-la-familia-y-las-raices\/#breadcrumb\",\"itemListElement\":[{\"@type\":\"ListItem\",\"position\":1,\"name\":\"Portada\",\"item\":\"https:\/\/www.aribau.es\/\"},{\"@type\":\"ListItem\",\"position\":2,\"name\":\"HER\u00c8NCIA ALT\u00c9S, UN HOMENAJE A LA FAMILIA Y LAS RAICES\"}]},{\"@type\":\"WebSite\",\"@id\":\"https:\/\/www.aribau.es\/#website\",\"url\":\"https:\/\/www.aribau.es\/\",\"name\":\"Aribau\",\"description\":\"VINOS Y BODEGAS\",\"publisher\":{\"@id\":\"https:\/\/www.aribau.es\/#organization\"},\"potentialAction\":[{\"@type\":\"SearchAction\",\"target\":{\"@type\":\"EntryPoint\",\"urlTemplate\":\"https:\/\/www.aribau.es\/?s={search_term_string}\"},\"query-input\":{\"@type\":\"PropertyValueSpecification\",\"valueRequired\":true,\"valueName\":\"search_term_string\"}}],\"inLanguage\":\"ca\"},{\"@type\":\"Organization\",\"@id\":\"https:\/\/www.aribau.es\/#organization\",\"name\":\"Aribau\",\"url\":\"https:\/\/www.aribau.es\/\",\"logo\":{\"@type\":\"ImageObject\",\"inLanguage\":\"ca\",\"@id\":\"https:\/\/www.aribau.es\/#\/schema\/logo\/image\/\",\"url\":\"https:\/\/www.aribau.es\/wp-content\/uploads\/2022\/03\/logo.png\",\"contentUrl\":\"https:\/\/www.aribau.es\/wp-content\/uploads\/2022\/03\/logo.png\",\"width\":300,\"height\":300,\"caption\":\"Aribau\"},\"image\":{\"@id\":\"https:\/\/www.aribau.es\/#\/schema\/logo\/image\/\"},\"sameAs\":[\"https:\/\/www.facebook.com\/aribau1964\/\",\"https:\/\/x.com\/aribau1964\",\"https:\/\/www.instagram.com\/aribau1964\/\"]},{\"@type\":\"Person\",\"@id\":\"https:\/\/www.aribau.es\/#\/schema\/person\/77a976898b3c705ed016499633f4ffd0\",\"name\":\"aribau\",\"image\":{\"@type\":\"ImageObject\",\"inLanguage\":\"ca\",\"@id\":\"https:\/\/www.aribau.es\/#\/schema\/person\/image\/\",\"url\":\"https:\/\/secure.gravatar.com\/avatar\/6690491f832d5b32aa9482b978c9464816810fbff0f6658034a34c9d9657b94e?s=96&d=mm&r=g\",\"contentUrl\":\"https:\/\/secure.gravatar.com\/avatar\/6690491f832d5b32aa9482b978c9464816810fbff0f6658034a34c9d9657b94e?s=96&d=mm&r=g\",\"caption\":\"aribau\"},\"url\":\"https:\/\/www.aribau.es\/ca\/author\/aribau\/\"}]}<\/script>\n<!-- \/ Yoast SEO plugin. -->","yoast_head_json":{"title":"HER\u00c8NCIA ALT\u00c9S, UN HOMENAJE A LA FAMILIA Y LAS RAICES - Aribau","robots":{"index":"index","follow":"follow","max-snippet":"max-snippet:-1","max-image-preview":"max-image-preview:large","max-video-preview":"max-video-preview:-1"},"canonical":"https:\/\/www.aribau.es\/ca\/herencia-altes-un-homenaje-a-la-familia-y-las-raices\/","og_locale":"ca_ES","og_type":"article","og_title":"HER\u00c8NCIA ALT\u00c9S, UN HOMENAJE A LA FAMILIA Y LAS RAICES - Aribau","og_description":"N\u00faria Alt\u00e9s decidi\u00f3 en 2010 fundar Her\u00e8ncia Alt\u00e9s como un homenaje a sus recuerdos de infancia, a su familia y en especial a su abuelo. En tan solo tres a\u00f1os de vida, la marca obtuvo tal \u00e9xito que permiti\u00f3 a sus creadores levantar su propia peque\u00f1a bodega en el pueblo natal de la familia, Batea, ... Llegiu m\u00e9s","og_url":"https:\/\/www.aribau.es\/ca\/herencia-altes-un-homenaje-a-la-familia-y-las-raices\/","og_site_name":"Aribau","article_publisher":"https:\/\/www.facebook.com\/aribau1964\/","article_published_time":"2020-01-09T09:01:45+00:00","article_modified_time":"2021-04-23T10:17:29+00:00","og_image":[{"width":1162,"height":775,"url":"https:\/\/www.aribau.es\/wp-content\/uploads\/2019\/07\/Herencia_Altes.jpg","type":"image\/jpeg"}],"author":"aribau","twitter_card":"summary_large_image","twitter_creator":"@aribau1964","twitter_site":"@aribau1964","twitter_misc":{"Escrit per":"aribau","Temps estimat de lectura":"2 minuts"},"schema":{"@context":"https:\/\/schema.org","@graph":[{"@type":"Article","@id":"https:\/\/www.aribau.es\/ca\/herencia-altes-un-homenaje-a-la-familia-y-las-raices\/#article","isPartOf":{"@id":"https:\/\/www.aribau.es\/ca\/herencia-altes-un-homenaje-a-la-familia-y-las-raices\/"},"author":{"name":"aribau","@id":"https:\/\/www.aribau.es\/#\/schema\/person\/77a976898b3c705ed016499633f4ffd0"},"headline":"HER\u00c8NCIA ALT\u00c9S, UN HOMENAJE A LA FAMILIA Y LAS RAICES","datePublished":"2020-01-09T09:01:45+00:00","dateModified":"2021-04-23T10:17:29+00:00","mainEntityOfPage":{"@id":"https:\/\/www.aribau.es\/ca\/herencia-altes-un-homenaje-a-la-familia-y-las-raices\/"},"wordCount":419,"publisher":{"@id":"https:\/\/www.aribau.es\/#organization"},"image":{"@id":"https:\/\/www.aribau.es\/ca\/herencia-altes-un-homenaje-a-la-familia-y-las-raices\/#primaryimage"},"thumbnailUrl":"https:\/\/www.aribau.es\/wp-content\/uploads\/2019\/07\/Herencia_Altes.jpg","keywords":["Bodegas","DO Terra Alta","Her\u00e8ncia Alt\u00e9s"],"articleSection":["Noticias"],"inLanguage":"ca"},{"@type":"WebPage","@id":"https:\/\/www.aribau.es\/ca\/herencia-altes-un-homenaje-a-la-familia-y-las-raices\/","url":"https:\/\/www.aribau.es\/ca\/herencia-altes-un-homenaje-a-la-familia-y-las-raices\/","name":"HER\u00c8NCIA ALT\u00c9S, UN HOMENAJE A LA FAMILIA Y LAS RAICES - Aribau","isPartOf":{"@id":"https:\/\/www.aribau.es\/#website"},"primaryImageOfPage":{"@id":"https:\/\/www.aribau.es\/ca\/herencia-altes-un-homenaje-a-la-familia-y-las-raices\/#primaryimage"},"image":{"@id":"https:\/\/www.aribau.es\/ca\/herencia-altes-un-homenaje-a-la-familia-y-las-raices\/#primaryimage"},"thumbnailUrl":"https:\/\/www.aribau.es\/wp-content\/uploads\/2019\/07\/Herencia_Altes.jpg","datePublished":"2020-01-09T09:01:45+00:00","dateModified":"2021-04-23T10:17:29+00:00","breadcrumb":{"@id":"https:\/\/www.aribau.es\/ca\/herencia-altes-un-homenaje-a-la-familia-y-las-raices\/#breadcrumb"},"inLanguage":"ca","potentialAction":[{"@type":"ReadAction","target":["https:\/\/www.aribau.es\/ca\/herencia-altes-un-homenaje-a-la-familia-y-las-raices\/"]}]},{"@type":"ImageObject","inLanguage":"ca","@id":"https:\/\/www.aribau.es\/ca\/herencia-altes-un-homenaje-a-la-familia-y-las-raices\/#primaryimage","url":"https:\/\/www.aribau.es\/wp-content\/uploads\/2019\/07\/Herencia_Altes.jpg","contentUrl":"https:\/\/www.aribau.es\/wp-content\/uploads\/2019\/07\/Herencia_Altes.jpg","width":1162,"height":775},{"@type":"BreadcrumbList","@id":"https:\/\/www.aribau.es\/ca\/herencia-altes-un-homenaje-a-la-familia-y-las-raices\/#breadcrumb","itemListElement":[{"@type":"ListItem","position":1,"name":"Portada","item":"https:\/\/www.aribau.es\/"},{"@type":"ListItem","position":2,"name":"HER\u00c8NCIA ALT\u00c9S, UN HOMENAJE A LA FAMILIA Y LAS RAICES"}]},{"@type":"WebSite","@id":"https:\/\/www.aribau.es\/#website","url":"https:\/\/www.aribau.es\/","name":"Aribau","description":"VINOS Y BODEGAS","publisher":{"@id":"https:\/\/www.aribau.es\/#organization"},"potentialAction":[{"@type":"SearchAction","target":{"@type":"EntryPoint","urlTemplate":"https:\/\/www.aribau.es\/?s={search_term_string}"},"query-input":{"@type":"PropertyValueSpecification","valueRequired":true,"valueName":"search_term_string"}}],"inLanguage":"ca"},{"@type":"Organization","@id":"https:\/\/www.aribau.es\/#organization","name":"Aribau","url":"https:\/\/www.aribau.es\/","logo":{"@type":"ImageObject","inLanguage":"ca","@id":"https:\/\/www.aribau.es\/#\/schema\/logo\/image\/","url":"https:\/\/www.aribau.es\/wp-content\/uploads\/2022\/03\/logo.png","contentUrl":"https:\/\/www.aribau.es\/wp-content\/uploads\/2022\/03\/logo.png","width":300,"height":300,"caption":"Aribau"},"image":{"@id":"https:\/\/www.aribau.es\/#\/schema\/logo\/image\/"},"sameAs":["https:\/\/www.facebook.com\/aribau1964\/","https:\/\/x.com\/aribau1964","https:\/\/www.instagram.com\/aribau1964\/"]},{"@type":"Person","@id":"https:\/\/www.aribau.es\/#\/schema\/person\/77a976898b3c705ed016499633f4ffd0","name":"aribau","image":{"@type":"ImageObject","inLanguage":"ca","@id":"https:\/\/www.aribau.es\/#\/schema\/person\/image\/","url":"https:\/\/secure.gravatar.com\/avatar\/6690491f832d5b32aa9482b978c9464816810fbff0f6658034a34c9d9657b94e?s=96&d=mm&r=g","contentUrl":"https:\/\/secure.gravatar.com\/avatar\/6690491f832d5b32aa9482b978c9464816810fbff0f6658034a34c9d9657b94e?s=96&d=mm&r=g","caption":"aribau"},"url":"https:\/\/www.aribau.es\/ca\/author\/aribau\/"}]}},"_links":{"self":[{"href":"https:\/\/www.aribau.es\/ca\/wp-json\/wp\/v2\/posts\/6729","targetHints":{"allow":["GET"]}}],"collection":[{"href":"https:\/\/www.aribau.es\/ca\/wp-json\/wp\/v2\/posts"}],"about":[{"href":"https:\/\/www.aribau.es\/ca\/wp-json\/wp\/v2\/types\/post"}],"author":[{"embeddable":true,"href":"https:\/\/www.aribau.es\/ca\/wp-json\/wp\/v2\/users\/3"}],"replies":[{"embeddable":true,"href":"https:\/\/www.aribau.es\/ca\/wp-json\/wp\/v2\/comments?post=6729"}],"version-history":[{"count":10,"href":"https:\/\/www.aribau.es\/ca\/wp-json\/wp\/v2\/posts\/6729\/revisions"}],"predecessor-version":[{"id":9948,"href":"https:\/\/www.aribau.es\/ca\/wp-json\/wp\/v2\/posts\/6729\/revisions\/9948"}],"wp:featuredmedia":[{"embeddable":true,"href":"https:\/\/www.aribau.es\/ca\/wp-json\/wp\/v2\/media\/6455"}],"wp:attachment":[{"href":"https:\/\/www.aribau.es\/ca\/wp-json\/wp\/v2\/media?parent=6729"}],"wp:term":[{"taxonomy":"category","embeddable":true,"href":"https:\/\/www.aribau.es\/ca\/wp-json\/wp\/v2\/categories?post=6729"},{"taxonomy":"post_tag","embeddable":true,"href":"https:\/\/www.aribau.es\/ca\/wp-json\/wp\/v2\/tags?post=6729"}],"curies":[{"name":"wp","href":"https:\/\/api.w.org\/{rel}","templated":true}]}}