{"id":6745,"date":"2020-01-23T10:01:01","date_gmt":"2020-01-23T09:01:01","guid":{"rendered":"https:\/\/www.aribau.es\/?p=6745"},"modified":"2021-04-23T11:09:17","modified_gmt":"2021-04-23T10:09:17","slug":"vol-danima-de-raimat-blanco-de-bodegas-raimat","status":"publish","type":"post","link":"https:\/\/www.aribau.es\/ca\/vol-danima-de-raimat-blanco-de-bodegas-raimat\/","title":{"rendered":"\u2018VOL D\u2019\u00c0NIMA DE RAIMAT BLANC\u2019, DE RAIMAT"},"content":{"rendered":"<p><strong><em>Vol d\u2019\u00c0nima de Raimat<\/em><\/strong> representa la culminaci\u00f3n de los primeros 100 a\u00f1os de historia de <strong><a href=\"http:\/\/raimat.com\/es\/\" target=\"_blank\" rel=\"noopener\">Bodegas Raimat<\/a><\/strong>. De hecho, los azulejos que aparecen en la etiqueta son iguales a aquellos que cubren las paredes del castillo de Raimat desde 1935, tras la reforma del arquitecto Rafael Mas\u00f3.<\/p>\n<p><!--more--><\/p>\n<p>Con Denominaci\u00f3n de Origen Costers del Segre, este vino se elabora a base de Chardonnay, Xarel\u00b7lo y Albari\u00f1o, y es un vino fresco, afrutado y de cuerpo suave, fruto de la viticultura sostenible que llevan a cabo en la bodega, y que es una de las caracter\u00edsticas que definen la casa.<\/p>\n<p>De aspecto amarillo p\u00e1lido con reflejos verdosos, en nariz presenta aromas complejos con notas de melocot\u00f3n, nectarina, pera y mel\u00f3n, adem\u00e1s de notas tropicales y c\u00edtricas con toques a hierbas arom\u00e1ticas. Una vez en boca, es un vino cremoso, de buena acidez y estructurado, en el que destacan las notas de fruta amarilla y su final persistente, fresco y c\u00edtrico.<\/p>\n<p>A la hora de maridar, es perfecto para acompa\u00f1ar pastas, arroces cremosos, pescados blancos, mariscos y carnes de ave.<\/p>\n<p>&nbsp;<\/p>\n<p><strong>Sobre el celler<\/strong><\/p>\n<p><a href=\"https:\/\/www.aribau.es\/wp-content\/uploads\/2016\/04\/raimat.png\"><img fetchpriority=\"high\" decoding=\"async\" class=\"aligncenter size-large wp-image-4627\" src=\"https:\/\/www.aribau.es\/wp-content\/uploads\/2016\/04\/raimat-1024x640.png\" alt=\"\" width=\"1024\" height=\"640\" \/><\/a><\/p>\n<p>La historia de Raimat se remonta al a\u00f1o 1914, cuando Manuel Ravent\u00f3s i Dom\u00e9nech, propietario de Codorn\u00edu, adquiere unas tierras \u00e1ridas e inf\u00e9rtiles y las convierte en vi\u00f1edos. La primera bodega se construy\u00f3 en 1918, obra del arquitecto y disc\u00edpulo de Gaud\u00ed, Joan Rubi\u00f3 i Bellver, y es considerada una de las Catedrales del Vino repartidas por Catalunya. Desde entonces, la familia no ha parado de innovar tanto en los sistemas de cultivo como en la inclusi\u00f3n de variedades, hasta el punto que, en 1986, fueron los impulsores de la Denominaci\u00f3n de Origen Costers del Segre.<\/p>","protected":false},"excerpt":{"rendered":"<p>Vol d\u2019\u00c0nima de Raimat representa la culminaci\u00f3 dels primers 100 anys d'hist\u00f2ria de Raimat. De fet, les rajoles que apareixen a l'etiqueta s\u00f3n iguals a aquelles que cobreixen les parets del castell de Raimat des de 1935, despr\u00e9s de la reforma de l'arquitecte Rafael Mas\u00f3.<\/p>","protected":false},"author":3,"featured_media":6747,"comment_status":"closed","ping_status":"closed","sticky":false,"template":"","format":"standard","meta":{"footnotes":""},"categories":[406],"tags":[384,415,312,412],"class_list":["post-6745","post","type-post","status-publish","format-standard","has-post-thumbnail","hentry","category-noticias","tag-bodegas-raimat","tag-codorniu","tag-do-costers-del-segre","tag-vino-blanco"],"yoast_head":"<!-- This site is optimized with the Yoast SEO plugin v26.7 - https:\/\/yoast.com\/wordpress\/plugins\/seo\/ -->\n<title>\u2018VOL D\u2019\u00c0NIMA DE RAIMAT BLANCO\u2019, DE BODEGAS RAIMAT - Aribau<\/title>\n<meta name=\"robots\" content=\"index, follow, max-snippet:-1, max-image-preview:large, max-video-preview:-1\" \/>\n<link rel=\"canonical\" href=\"https:\/\/www.aribau.es\/ca\/vol-danima-de-raimat-blanco-de-bodegas-raimat\/\" \/>\n<meta property=\"og:locale\" content=\"ca_ES\" \/>\n<meta property=\"og:type\" content=\"article\" \/>\n<meta property=\"og:title\" content=\"\u2018VOL D\u2019\u00c0NIMA DE RAIMAT BLANCO\u2019, DE BODEGAS RAIMAT - Aribau\" \/>\n<meta property=\"og:description\" content=\"Vol d\u2019\u00c0nima de Raimat representa la culminaci\u00f3n de los primeros 100 a\u00f1os de historia de Bodegas Raimat. De hecho, los azulejos que aparecen en la etiqueta son iguales a aquellos que cubren las paredes del castillo de Raimat desde 1935, tras la reforma del arquitecto Rafael Mas\u00f3.\" \/>\n<meta property=\"og:url\" content=\"https:\/\/www.aribau.es\/ca\/vol-danima-de-raimat-blanco-de-bodegas-raimat\/\" \/>\n<meta property=\"og:site_name\" content=\"Aribau\" \/>\n<meta property=\"article:publisher\" content=\"https:\/\/www.facebook.com\/aribau1964\/\" \/>\n<meta property=\"article:published_time\" content=\"2020-01-23T09:01:01+00:00\" \/>\n<meta property=\"article:modified_time\" content=\"2021-04-23T10:09:17+00:00\" \/>\n<meta property=\"og:image\" content=\"https:\/\/www.aribau.es\/wp-content\/uploads\/2020\/01\/vol-danima-raimat-aribau.jpg\" \/>\n\t<meta property=\"og:image:width\" content=\"1000\" \/>\n\t<meta property=\"og:image:height\" content=\"500\" \/>\n\t<meta property=\"og:image:type\" content=\"image\/jpeg\" \/>\n<meta name=\"author\" content=\"aribau\" \/>\n<meta name=\"twitter:card\" content=\"summary_large_image\" \/>\n<meta name=\"twitter:creator\" content=\"@aribau1964\" \/>\n<meta name=\"twitter:site\" content=\"@aribau1964\" \/>\n<meta name=\"twitter:label1\" content=\"Escrit per\" \/>\n\t<meta name=\"twitter:data1\" content=\"aribau\" \/>\n\t<meta name=\"twitter:label2\" content=\"Temps estimat de lectura\" \/>\n\t<meta name=\"twitter:data2\" content=\"1 minut\" \/>\n<script type=\"application\/ld+json\" class=\"yoast-schema-graph\">{\"@context\":\"https:\/\/schema.org\",\"@graph\":[{\"@type\":\"Article\",\"@id\":\"https:\/\/www.aribau.es\/vol-danima-de-raimat-blanco-de-bodegas-raimat\/#article\",\"isPartOf\":{\"@id\":\"https:\/\/www.aribau.es\/vol-danima-de-raimat-blanco-de-bodegas-raimat\/\"},\"author\":{\"name\":\"aribau\",\"@id\":\"https:\/\/www.aribau.es\/#\/schema\/person\/77a976898b3c705ed016499633f4ffd0\"},\"headline\":\"\u2018VOL D\u2019\u00c0NIMA DE RAIMAT BLANCO\u2019, DE BODEGAS RAIMAT\",\"datePublished\":\"2020-01-23T09:01:01+00:00\",\"dateModified\":\"2021-04-23T10:09:17+00:00\",\"mainEntityOfPage\":{\"@id\":\"https:\/\/www.aribau.es\/vol-danima-de-raimat-blanco-de-bodegas-raimat\/\"},\"wordCount\":305,\"publisher\":{\"@id\":\"https:\/\/www.aribau.es\/#organization\"},\"image\":{\"@id\":\"https:\/\/www.aribau.es\/vol-danima-de-raimat-blanco-de-bodegas-raimat\/#primaryimage\"},\"thumbnailUrl\":\"https:\/\/www.aribau.es\/wp-content\/uploads\/2020\/01\/vol-danima-raimat-aribau.jpg\",\"keywords\":[\"Bodegas Raimat\",\"Codorn\u00edu\",\"DO Costers del Segre\",\"Vino blanco\"],\"articleSection\":[\"Noticias\"],\"inLanguage\":\"ca\"},{\"@type\":\"WebPage\",\"@id\":\"https:\/\/www.aribau.es\/vol-danima-de-raimat-blanco-de-bodegas-raimat\/\",\"url\":\"https:\/\/www.aribau.es\/vol-danima-de-raimat-blanco-de-bodegas-raimat\/\",\"name\":\"\u2018VOL D\u2019\u00c0NIMA DE RAIMAT BLANCO\u2019, DE BODEGAS RAIMAT - Aribau\",\"isPartOf\":{\"@id\":\"https:\/\/www.aribau.es\/#website\"},\"primaryImageOfPage\":{\"@id\":\"https:\/\/www.aribau.es\/vol-danima-de-raimat-blanco-de-bodegas-raimat\/#primaryimage\"},\"image\":{\"@id\":\"https:\/\/www.aribau.es\/vol-danima-de-raimat-blanco-de-bodegas-raimat\/#primaryimage\"},\"thumbnailUrl\":\"https:\/\/www.aribau.es\/wp-content\/uploads\/2020\/01\/vol-danima-raimat-aribau.jpg\",\"datePublished\":\"2020-01-23T09:01:01+00:00\",\"dateModified\":\"2021-04-23T10:09:17+00:00\",\"breadcrumb\":{\"@id\":\"https:\/\/www.aribau.es\/vol-danima-de-raimat-blanco-de-bodegas-raimat\/#breadcrumb\"},\"inLanguage\":\"ca\",\"potentialAction\":[{\"@type\":\"ReadAction\",\"target\":[\"https:\/\/www.aribau.es\/vol-danima-de-raimat-blanco-de-bodegas-raimat\/\"]}]},{\"@type\":\"ImageObject\",\"inLanguage\":\"ca\",\"@id\":\"https:\/\/www.aribau.es\/vol-danima-de-raimat-blanco-de-bodegas-raimat\/#primaryimage\",\"url\":\"https:\/\/www.aribau.es\/wp-content\/uploads\/2020\/01\/vol-danima-raimat-aribau.jpg\",\"contentUrl\":\"https:\/\/www.aribau.es\/wp-content\/uploads\/2020\/01\/vol-danima-raimat-aribau.jpg\",\"width\":1000,\"height\":500,\"caption\":\"Cosorniu, Raimat, Vol d'Anima, Costers del Segre, Catalunya, Spain, 75 cl\"},{\"@type\":\"BreadcrumbList\",\"@id\":\"https:\/\/www.aribau.es\/vol-danima-de-raimat-blanco-de-bodegas-raimat\/#breadcrumb\",\"itemListElement\":[{\"@type\":\"ListItem\",\"position\":1,\"name\":\"Portada\",\"item\":\"https:\/\/www.aribau.es\/\"},{\"@type\":\"ListItem\",\"position\":2,\"name\":\"\u2018VOL D\u2019\u00c0NIMA DE RAIMAT BLANCO\u2019, DE BODEGAS RAIMAT\"}]},{\"@type\":\"WebSite\",\"@id\":\"https:\/\/www.aribau.es\/#website\",\"url\":\"https:\/\/www.aribau.es\/\",\"name\":\"Aribau\",\"description\":\"VINOS Y BODEGAS\",\"publisher\":{\"@id\":\"https:\/\/www.aribau.es\/#organization\"},\"potentialAction\":[{\"@type\":\"SearchAction\",\"target\":{\"@type\":\"EntryPoint\",\"urlTemplate\":\"https:\/\/www.aribau.es\/?s={search_term_string}\"},\"query-input\":{\"@type\":\"PropertyValueSpecification\",\"valueRequired\":true,\"valueName\":\"search_term_string\"}}],\"inLanguage\":\"ca\"},{\"@type\":\"Organization\",\"@id\":\"https:\/\/www.aribau.es\/#organization\",\"name\":\"Aribau\",\"url\":\"https:\/\/www.aribau.es\/\",\"logo\":{\"@type\":\"ImageObject\",\"inLanguage\":\"ca\",\"@id\":\"https:\/\/www.aribau.es\/#\/schema\/logo\/image\/\",\"url\":\"https:\/\/www.aribau.es\/wp-content\/uploads\/2022\/03\/logo.png\",\"contentUrl\":\"https:\/\/www.aribau.es\/wp-content\/uploads\/2022\/03\/logo.png\",\"width\":300,\"height\":300,\"caption\":\"Aribau\"},\"image\":{\"@id\":\"https:\/\/www.aribau.es\/#\/schema\/logo\/image\/\"},\"sameAs\":[\"https:\/\/www.facebook.com\/aribau1964\/\",\"https:\/\/x.com\/aribau1964\",\"https:\/\/www.instagram.com\/aribau1964\/\"]},{\"@type\":\"Person\",\"@id\":\"https:\/\/www.aribau.es\/#\/schema\/person\/77a976898b3c705ed016499633f4ffd0\",\"name\":\"aribau\",\"image\":{\"@type\":\"ImageObject\",\"inLanguage\":\"ca\",\"@id\":\"https:\/\/www.aribau.es\/#\/schema\/person\/image\/\",\"url\":\"https:\/\/secure.gravatar.com\/avatar\/6690491f832d5b32aa9482b978c9464816810fbff0f6658034a34c9d9657b94e?s=96&d=mm&r=g\",\"contentUrl\":\"https:\/\/secure.gravatar.com\/avatar\/6690491f832d5b32aa9482b978c9464816810fbff0f6658034a34c9d9657b94e?s=96&d=mm&r=g\",\"caption\":\"aribau\"},\"url\":\"https:\/\/www.aribau.es\/ca\/author\/aribau\/\"}]}<\/script>\n<!-- \/ Yoast SEO plugin. -->","yoast_head_json":{"title":"\u2018VOL D\u2019\u00c0NIMA DE RAIMAT BLANCO\u2019, DE BODEGAS RAIMAT - Aribau","robots":{"index":"index","follow":"follow","max-snippet":"max-snippet:-1","max-image-preview":"max-image-preview:large","max-video-preview":"max-video-preview:-1"},"canonical":"https:\/\/www.aribau.es\/ca\/vol-danima-de-raimat-blanco-de-bodegas-raimat\/","og_locale":"ca_ES","og_type":"article","og_title":"\u2018VOL D\u2019\u00c0NIMA DE RAIMAT BLANCO\u2019, DE BODEGAS RAIMAT - Aribau","og_description":"Vol d\u2019\u00c0nima de Raimat representa la culminaci\u00f3n de los primeros 100 a\u00f1os de historia de Bodegas Raimat. De hecho, los azulejos que aparecen en la etiqueta son iguales a aquellos que cubren las paredes del castillo de Raimat desde 1935, tras la reforma del arquitecto Rafael Mas\u00f3.","og_url":"https:\/\/www.aribau.es\/ca\/vol-danima-de-raimat-blanco-de-bodegas-raimat\/","og_site_name":"Aribau","article_publisher":"https:\/\/www.facebook.com\/aribau1964\/","article_published_time":"2020-01-23T09:01:01+00:00","article_modified_time":"2021-04-23T10:09:17+00:00","og_image":[{"width":1000,"height":500,"url":"https:\/\/www.aribau.es\/wp-content\/uploads\/2020\/01\/vol-danima-raimat-aribau.jpg","type":"image\/jpeg"}],"author":"aribau","twitter_card":"summary_large_image","twitter_creator":"@aribau1964","twitter_site":"@aribau1964","twitter_misc":{"Escrit per":"aribau","Temps estimat de lectura":"1 minut"},"schema":{"@context":"https:\/\/schema.org","@graph":[{"@type":"Article","@id":"https:\/\/www.aribau.es\/vol-danima-de-raimat-blanco-de-bodegas-raimat\/#article","isPartOf":{"@id":"https:\/\/www.aribau.es\/vol-danima-de-raimat-blanco-de-bodegas-raimat\/"},"author":{"name":"aribau","@id":"https:\/\/www.aribau.es\/#\/schema\/person\/77a976898b3c705ed016499633f4ffd0"},"headline":"\u2018VOL D\u2019\u00c0NIMA DE RAIMAT BLANCO\u2019, DE BODEGAS RAIMAT","datePublished":"2020-01-23T09:01:01+00:00","dateModified":"2021-04-23T10:09:17+00:00","mainEntityOfPage":{"@id":"https:\/\/www.aribau.es\/vol-danima-de-raimat-blanco-de-bodegas-raimat\/"},"wordCount":305,"publisher":{"@id":"https:\/\/www.aribau.es\/#organization"},"image":{"@id":"https:\/\/www.aribau.es\/vol-danima-de-raimat-blanco-de-bodegas-raimat\/#primaryimage"},"thumbnailUrl":"https:\/\/www.aribau.es\/wp-content\/uploads\/2020\/01\/vol-danima-raimat-aribau.jpg","keywords":["Bodegas Raimat","Codorn\u00edu","DO Costers del Segre","Vino blanco"],"articleSection":["Noticias"],"inLanguage":"ca"},{"@type":"WebPage","@id":"https:\/\/www.aribau.es\/vol-danima-de-raimat-blanco-de-bodegas-raimat\/","url":"https:\/\/www.aribau.es\/vol-danima-de-raimat-blanco-de-bodegas-raimat\/","name":"\u2018VOL D\u2019\u00c0NIMA DE RAIMAT BLANCO\u2019, DE BODEGAS RAIMAT - Aribau","isPartOf":{"@id":"https:\/\/www.aribau.es\/#website"},"primaryImageOfPage":{"@id":"https:\/\/www.aribau.es\/vol-danima-de-raimat-blanco-de-bodegas-raimat\/#primaryimage"},"image":{"@id":"https:\/\/www.aribau.es\/vol-danima-de-raimat-blanco-de-bodegas-raimat\/#primaryimage"},"thumbnailUrl":"https:\/\/www.aribau.es\/wp-content\/uploads\/2020\/01\/vol-danima-raimat-aribau.jpg","datePublished":"2020-01-23T09:01:01+00:00","dateModified":"2021-04-23T10:09:17+00:00","breadcrumb":{"@id":"https:\/\/www.aribau.es\/vol-danima-de-raimat-blanco-de-bodegas-raimat\/#breadcrumb"},"inLanguage":"ca","potentialAction":[{"@type":"ReadAction","target":["https:\/\/www.aribau.es\/vol-danima-de-raimat-blanco-de-bodegas-raimat\/"]}]},{"@type":"ImageObject","inLanguage":"ca","@id":"https:\/\/www.aribau.es\/vol-danima-de-raimat-blanco-de-bodegas-raimat\/#primaryimage","url":"https:\/\/www.aribau.es\/wp-content\/uploads\/2020\/01\/vol-danima-raimat-aribau.jpg","contentUrl":"https:\/\/www.aribau.es\/wp-content\/uploads\/2020\/01\/vol-danima-raimat-aribau.jpg","width":1000,"height":500,"caption":"Cosorniu, Raimat, Vol d'Anima, Costers del Segre, Catalunya, Spain, 75 cl"},{"@type":"BreadcrumbList","@id":"https:\/\/www.aribau.es\/vol-danima-de-raimat-blanco-de-bodegas-raimat\/#breadcrumb","itemListElement":[{"@type":"ListItem","position":1,"name":"Portada","item":"https:\/\/www.aribau.es\/"},{"@type":"ListItem","position":2,"name":"\u2018VOL D\u2019\u00c0NIMA DE RAIMAT BLANCO\u2019, DE BODEGAS RAIMAT"}]},{"@type":"WebSite","@id":"https:\/\/www.aribau.es\/#website","url":"https:\/\/www.aribau.es\/","name":"Aribau","description":"VINOS Y BODEGAS","publisher":{"@id":"https:\/\/www.aribau.es\/#organization"},"potentialAction":[{"@type":"SearchAction","target":{"@type":"EntryPoint","urlTemplate":"https:\/\/www.aribau.es\/?s={search_term_string}"},"query-input":{"@type":"PropertyValueSpecification","valueRequired":true,"valueName":"search_term_string"}}],"inLanguage":"ca"},{"@type":"Organization","@id":"https:\/\/www.aribau.es\/#organization","name":"Aribau","url":"https:\/\/www.aribau.es\/","logo":{"@type":"ImageObject","inLanguage":"ca","@id":"https:\/\/www.aribau.es\/#\/schema\/logo\/image\/","url":"https:\/\/www.aribau.es\/wp-content\/uploads\/2022\/03\/logo.png","contentUrl":"https:\/\/www.aribau.es\/wp-content\/uploads\/2022\/03\/logo.png","width":300,"height":300,"caption":"Aribau"},"image":{"@id":"https:\/\/www.aribau.es\/#\/schema\/logo\/image\/"},"sameAs":["https:\/\/www.facebook.com\/aribau1964\/","https:\/\/x.com\/aribau1964","https:\/\/www.instagram.com\/aribau1964\/"]},{"@type":"Person","@id":"https:\/\/www.aribau.es\/#\/schema\/person\/77a976898b3c705ed016499633f4ffd0","name":"aribau","image":{"@type":"ImageObject","inLanguage":"ca","@id":"https:\/\/www.aribau.es\/#\/schema\/person\/image\/","url":"https:\/\/secure.gravatar.com\/avatar\/6690491f832d5b32aa9482b978c9464816810fbff0f6658034a34c9d9657b94e?s=96&d=mm&r=g","contentUrl":"https:\/\/secure.gravatar.com\/avatar\/6690491f832d5b32aa9482b978c9464816810fbff0f6658034a34c9d9657b94e?s=96&d=mm&r=g","caption":"aribau"},"url":"https:\/\/www.aribau.es\/ca\/author\/aribau\/"}]}},"_links":{"self":[{"href":"https:\/\/www.aribau.es\/ca\/wp-json\/wp\/v2\/posts\/6745","targetHints":{"allow":["GET"]}}],"collection":[{"href":"https:\/\/www.aribau.es\/ca\/wp-json\/wp\/v2\/posts"}],"about":[{"href":"https:\/\/www.aribau.es\/ca\/wp-json\/wp\/v2\/types\/post"}],"author":[{"embeddable":true,"href":"https:\/\/www.aribau.es\/ca\/wp-json\/wp\/v2\/users\/3"}],"replies":[{"embeddable":true,"href":"https:\/\/www.aribau.es\/ca\/wp-json\/wp\/v2\/comments?post=6745"}],"version-history":[{"count":4,"href":"https:\/\/www.aribau.es\/ca\/wp-json\/wp\/v2\/posts\/6745\/revisions"}],"predecessor-version":[{"id":9945,"href":"https:\/\/www.aribau.es\/ca\/wp-json\/wp\/v2\/posts\/6745\/revisions\/9945"}],"wp:featuredmedia":[{"embeddable":true,"href":"https:\/\/www.aribau.es\/ca\/wp-json\/wp\/v2\/media\/6747"}],"wp:attachment":[{"href":"https:\/\/www.aribau.es\/ca\/wp-json\/wp\/v2\/media?parent=6745"}],"wp:term":[{"taxonomy":"category","embeddable":true,"href":"https:\/\/www.aribau.es\/ca\/wp-json\/wp\/v2\/categories?post=6745"},{"taxonomy":"post_tag","embeddable":true,"href":"https:\/\/www.aribau.es\/ca\/wp-json\/wp\/v2\/tags?post=6745"}],"curies":[{"name":"wp","href":"https:\/\/api.w.org\/{rel}","templated":true}]}}