{"id":6752,"date":"2020-01-30T17:48:22","date_gmt":"2020-01-30T16:48:22","guid":{"rendered":"https:\/\/www.aribau.es\/?p=6752"},"modified":"2021-04-23T11:08:04","modified_gmt":"2021-04-23T10:08:04","slug":"llega-la-primera-edicion-de-la-barcelona-wine-week","status":"publish","type":"post","link":"https:\/\/www.aribau.es\/ca\/llega-la-primera-edicion-de-la-barcelona-wine-week\/","title":{"rendered":"ARRIBA LA PRIMERA EDICI\u00d3 DE LA BARCELONA WINE WEEK"},"content":{"rendered":"<p>El pr\u00f3ximo lunes 3 de febrero se inaugura la primera edici\u00f3n de la <strong><a href=\"https:\/\/www.barcelonawineweek.com\/\" target=\"_blank\" rel=\"noopener\">Barcelona Wine Week<\/a><\/strong>, la nueva feria de vinos organizada por Fira de Barcelona a trav\u00e9s de su sociedad Alimentaria Exhibitions, y cuyo objetivo es convertirse en la mayor plataforma vin\u00edcola del estado para mostrar a los operadores internacionales la extensa oferta y la calidad de los vinos que se elaboran en Espa\u00f1a.<\/p>\n<p><!--more--><\/p>\n<p>Cerca de 550 empresas participar\u00e1n de este sal\u00f3n en el que estar\u00e1n representadas 40 de las 95 Denominaciones de Origen vin\u00edcolas que hay en Espa\u00f1a. Por superficie y n\u00famero de empresas expositoras, Catalunya ser\u00e1 la que contar\u00e1 con m\u00e1s presencia, seguida de Castilla y Le\u00f3n, La Rioja, Euskadi y Navarra.<\/p>\n<p>El sal\u00f3n, que constituir\u00e1 todo un recorrido sensorial por el territorio, estar\u00e1 dividido en dos grandes \u00e1reas: la <em>BWW Lands<\/em>, donde se encontrar\u00e1n situadas las bodegas organizadas por Denominaciones de Origen, as\u00ed como otros sellos de calidad y vinos ecol\u00f3gicos y biodin\u00e1micos; y <em>BWW Groups &amp; Complements<\/em>, en la que se instalar\u00e1n grandes grupos de bodegas junto a otras empresas que ofrecen equipos, accesorios y servicios orientados al sector. Adem\u00e1s, en el sal\u00f3n tambi\u00e9n participaran los destilados, que contar\u00e1n con un espacio propio: <em>Barcelona Cocktail Art<\/em>.<\/p>\n<p><strong>Completo programa de actividades<\/strong><\/p>\n<p>La Barcelona Wine Week propondr\u00e1 a los visitantes un completo programa con m\u00e1s de 50 actividades que van desde experiencias sensoriales o maridajes hasta ponencias y mesas redondas para debatir sobre el vino, poniendo el acento en sus v\u00ednculos con la cultura y la gastronom\u00eda.<\/p>\n<p>Algunos de los temas que tratar\u00e1n los ponentes versar\u00e1n sobre la sostenilbilidad y el respeto al territorio, nuevas formas de adquirir y consumir vino, el mercado digital del vino, etc.<\/p>\n<p><strong>Programas B2B<\/strong><\/p>\n<p>Una de las prioridades de la Barcelona Wine Week es aumentar las oportunidades de negocio de les empresas expositoras. As\u00ed, estas podr\u00e1n establecer numerosos contactos con importadores, distribuidores, mayoristas\u2026 extranjeros con el objetivo \u00faltimo de incrementar las exportaciones.<\/p>\n<p>Mediante el programa <em>BWW Hosted Buyers<\/em>, el sal\u00f3n ha invitado a unos 300 profesionales internacionales procedentes de 50 pa\u00edses considerados estrat\u00e9gicos para el sector. Cada uno de estos compradores especializados y con un inter\u00e9s directo en el mercado espa\u00f1ol realizar\u00e1 un m\u00ednimo de 10 reuniones con los expositores seleccionados. Adem\u00e1s, la organizaci\u00f3n ha invitado tambi\u00e9n a un millar de compradores nacionales a trav\u00e9s del programa <em>VIP Buyers<\/em>.<\/p>","protected":false},"excerpt":{"rendered":"<p>El pr\u00f3ximo lunes 3 de febrero se inaugura la primera edici\u00f3n de la Barcelona Wine Week, la nueva feria de vinos organizada por Fira de Barcelona a trav\u00e9s de su sociedad Alimentaria Exhibitions, y cuyo objetivo es convertirse en la mayor plataforma vin\u00edcola del estado para mostrar a los operadores internacionales la extensa oferta y &#8230; <a title=\"ARRIBA LA PRIMERA EDICI\u00d3 DE LA BARCELONA WINE WEEK\" class=\"read-more\" href=\"https:\/\/www.aribau.es\/ca\/llega-la-primera-edicion-de-la-barcelona-wine-week\/\" aria-label=\"M\u00e9s informaci\u00f3 sobre LLEGA LA PRIMERA EDICI\u00d3N DE LA BARCELONA WINE WEEK\">Llegiu m\u00e9s<\/a><\/p>","protected":false},"author":3,"featured_media":6565,"comment_status":"closed","ping_status":"closed","sticky":false,"template":"","format":"standard","meta":{"footnotes":""},"categories":[406],"tags":[568],"class_list":["post-6752","post","type-post","status-publish","format-standard","has-post-thumbnail","hentry","category-noticias","tag-barcelona-wine-week"],"yoast_head":"<!-- This site is optimized with the Yoast SEO plugin v26.7 - https:\/\/yoast.com\/wordpress\/plugins\/seo\/ -->\n<title>LLEGA LA PRIMERA EDICI\u00d3N DE LA BARCELONA WINE WEEK - Aribau<\/title>\n<meta name=\"robots\" content=\"index, follow, max-snippet:-1, max-image-preview:large, max-video-preview:-1\" \/>\n<link rel=\"canonical\" href=\"https:\/\/www.aribau.es\/ca\/llega-la-primera-edicion-de-la-barcelona-wine-week\/\" \/>\n<meta property=\"og:locale\" content=\"ca_ES\" \/>\n<meta property=\"og:type\" content=\"article\" \/>\n<meta property=\"og:title\" content=\"LLEGA LA PRIMERA EDICI\u00d3N DE LA BARCELONA WINE WEEK - Aribau\" \/>\n<meta property=\"og:description\" content=\"El pr\u00f3ximo lunes 3 de febrero se inaugura la primera edici\u00f3n de la Barcelona Wine Week, la nueva feria de vinos organizada por Fira de Barcelona a trav\u00e9s de su sociedad Alimentaria Exhibitions, y cuyo objetivo es convertirse en la mayor plataforma vin\u00edcola del estado para mostrar a los operadores internacionales la extensa oferta y ... Llegiu m\u00e9s\" \/>\n<meta property=\"og:url\" content=\"https:\/\/www.aribau.es\/ca\/llega-la-primera-edicion-de-la-barcelona-wine-week\/\" \/>\n<meta property=\"og:site_name\" content=\"Aribau\" \/>\n<meta property=\"article:publisher\" content=\"https:\/\/www.facebook.com\/aribau1964\/\" \/>\n<meta property=\"article:published_time\" content=\"2020-01-30T16:48:22+00:00\" \/>\n<meta property=\"article:modified_time\" content=\"2021-04-23T10:08:04+00:00\" \/>\n<meta property=\"og:image\" content=\"https:\/\/www.aribau.es\/wp-content\/uploads\/2019\/10\/bww_aribau_01.png\" \/>\n\t<meta property=\"og:image:width\" content=\"1332\" \/>\n\t<meta property=\"og:image:height\" content=\"607\" \/>\n\t<meta property=\"og:image:type\" content=\"image\/png\" \/>\n<meta name=\"author\" content=\"aribau\" \/>\n<meta name=\"twitter:card\" content=\"summary_large_image\" \/>\n<meta name=\"twitter:creator\" content=\"@aribau1964\" \/>\n<meta name=\"twitter:site\" content=\"@aribau1964\" \/>\n<meta name=\"twitter:label1\" content=\"Escrit per\" \/>\n\t<meta name=\"twitter:data1\" content=\"aribau\" \/>\n\t<meta name=\"twitter:label2\" content=\"Temps estimat de lectura\" \/>\n\t<meta name=\"twitter:data2\" content=\"2 minuts\" \/>\n<script type=\"application\/ld+json\" class=\"yoast-schema-graph\">{\"@context\":\"https:\/\/schema.org\",\"@graph\":[{\"@type\":\"Article\",\"@id\":\"https:\/\/www.aribau.es\/llega-la-primera-edicion-de-la-barcelona-wine-week\/#article\",\"isPartOf\":{\"@id\":\"https:\/\/www.aribau.es\/llega-la-primera-edicion-de-la-barcelona-wine-week\/\"},\"author\":{\"name\":\"aribau\",\"@id\":\"https:\/\/www.aribau.es\/#\/schema\/person\/77a976898b3c705ed016499633f4ffd0\"},\"headline\":\"LLEGA LA PRIMERA EDICI\u00d3N DE LA BARCELONA WINE WEEK\",\"datePublished\":\"2020-01-30T16:48:22+00:00\",\"dateModified\":\"2021-04-23T10:08:04+00:00\",\"mainEntityOfPage\":{\"@id\":\"https:\/\/www.aribau.es\/llega-la-primera-edicion-de-la-barcelona-wine-week\/\"},\"wordCount\":428,\"publisher\":{\"@id\":\"https:\/\/www.aribau.es\/#organization\"},\"image\":{\"@id\":\"https:\/\/www.aribau.es\/llega-la-primera-edicion-de-la-barcelona-wine-week\/#primaryimage\"},\"thumbnailUrl\":\"https:\/\/www.aribau.es\/wp-content\/uploads\/2019\/10\/bww_aribau_01.png\",\"keywords\":[\"Barcelona Wine Week\"],\"articleSection\":[\"Noticias\"],\"inLanguage\":\"ca\"},{\"@type\":\"WebPage\",\"@id\":\"https:\/\/www.aribau.es\/llega-la-primera-edicion-de-la-barcelona-wine-week\/\",\"url\":\"https:\/\/www.aribau.es\/llega-la-primera-edicion-de-la-barcelona-wine-week\/\",\"name\":\"LLEGA LA PRIMERA EDICI\u00d3N DE LA BARCELONA WINE WEEK - Aribau\",\"isPartOf\":{\"@id\":\"https:\/\/www.aribau.es\/#website\"},\"primaryImageOfPage\":{\"@id\":\"https:\/\/www.aribau.es\/llega-la-primera-edicion-de-la-barcelona-wine-week\/#primaryimage\"},\"image\":{\"@id\":\"https:\/\/www.aribau.es\/llega-la-primera-edicion-de-la-barcelona-wine-week\/#primaryimage\"},\"thumbnailUrl\":\"https:\/\/www.aribau.es\/wp-content\/uploads\/2019\/10\/bww_aribau_01.png\",\"datePublished\":\"2020-01-30T16:48:22+00:00\",\"dateModified\":\"2021-04-23T10:08:04+00:00\",\"breadcrumb\":{\"@id\":\"https:\/\/www.aribau.es\/llega-la-primera-edicion-de-la-barcelona-wine-week\/#breadcrumb\"},\"inLanguage\":\"ca\",\"potentialAction\":[{\"@type\":\"ReadAction\",\"target\":[\"https:\/\/www.aribau.es\/llega-la-primera-edicion-de-la-barcelona-wine-week\/\"]}]},{\"@type\":\"ImageObject\",\"inLanguage\":\"ca\",\"@id\":\"https:\/\/www.aribau.es\/llega-la-primera-edicion-de-la-barcelona-wine-week\/#primaryimage\",\"url\":\"https:\/\/www.aribau.es\/wp-content\/uploads\/2019\/10\/bww_aribau_01.png\",\"contentUrl\":\"https:\/\/www.aribau.es\/wp-content\/uploads\/2019\/10\/bww_aribau_01.png\",\"width\":1332,\"height\":607},{\"@type\":\"BreadcrumbList\",\"@id\":\"https:\/\/www.aribau.es\/llega-la-primera-edicion-de-la-barcelona-wine-week\/#breadcrumb\",\"itemListElement\":[{\"@type\":\"ListItem\",\"position\":1,\"name\":\"Portada\",\"item\":\"https:\/\/www.aribau.es\/\"},{\"@type\":\"ListItem\",\"position\":2,\"name\":\"LLEGA LA PRIMERA EDICI\u00d3N DE LA BARCELONA WINE WEEK\"}]},{\"@type\":\"WebSite\",\"@id\":\"https:\/\/www.aribau.es\/#website\",\"url\":\"https:\/\/www.aribau.es\/\",\"name\":\"Aribau\",\"description\":\"VINOS Y BODEGAS\",\"publisher\":{\"@id\":\"https:\/\/www.aribau.es\/#organization\"},\"potentialAction\":[{\"@type\":\"SearchAction\",\"target\":{\"@type\":\"EntryPoint\",\"urlTemplate\":\"https:\/\/www.aribau.es\/?s={search_term_string}\"},\"query-input\":{\"@type\":\"PropertyValueSpecification\",\"valueRequired\":true,\"valueName\":\"search_term_string\"}}],\"inLanguage\":\"ca\"},{\"@type\":\"Organization\",\"@id\":\"https:\/\/www.aribau.es\/#organization\",\"name\":\"Aribau\",\"url\":\"https:\/\/www.aribau.es\/\",\"logo\":{\"@type\":\"ImageObject\",\"inLanguage\":\"ca\",\"@id\":\"https:\/\/www.aribau.es\/#\/schema\/logo\/image\/\",\"url\":\"https:\/\/www.aribau.es\/wp-content\/uploads\/2022\/03\/logo.png\",\"contentUrl\":\"https:\/\/www.aribau.es\/wp-content\/uploads\/2022\/03\/logo.png\",\"width\":300,\"height\":300,\"caption\":\"Aribau\"},\"image\":{\"@id\":\"https:\/\/www.aribau.es\/#\/schema\/logo\/image\/\"},\"sameAs\":[\"https:\/\/www.facebook.com\/aribau1964\/\",\"https:\/\/x.com\/aribau1964\",\"https:\/\/www.instagram.com\/aribau1964\/\"]},{\"@type\":\"Person\",\"@id\":\"https:\/\/www.aribau.es\/#\/schema\/person\/77a976898b3c705ed016499633f4ffd0\",\"name\":\"aribau\",\"image\":{\"@type\":\"ImageObject\",\"inLanguage\":\"ca\",\"@id\":\"https:\/\/www.aribau.es\/#\/schema\/person\/image\/\",\"url\":\"https:\/\/secure.gravatar.com\/avatar\/6690491f832d5b32aa9482b978c9464816810fbff0f6658034a34c9d9657b94e?s=96&d=mm&r=g\",\"contentUrl\":\"https:\/\/secure.gravatar.com\/avatar\/6690491f832d5b32aa9482b978c9464816810fbff0f6658034a34c9d9657b94e?s=96&d=mm&r=g\",\"caption\":\"aribau\"},\"url\":\"https:\/\/www.aribau.es\/ca\/author\/aribau\/\"}]}<\/script>\n<!-- \/ Yoast SEO plugin. -->","yoast_head_json":{"title":"LLEGA LA PRIMERA EDICI\u00d3N DE LA BARCELONA WINE WEEK - Aribau","robots":{"index":"index","follow":"follow","max-snippet":"max-snippet:-1","max-image-preview":"max-image-preview:large","max-video-preview":"max-video-preview:-1"},"canonical":"https:\/\/www.aribau.es\/ca\/llega-la-primera-edicion-de-la-barcelona-wine-week\/","og_locale":"ca_ES","og_type":"article","og_title":"LLEGA LA PRIMERA EDICI\u00d3N DE LA BARCELONA WINE WEEK - Aribau","og_description":"El pr\u00f3ximo lunes 3 de febrero se inaugura la primera edici\u00f3n de la Barcelona Wine Week, la nueva feria de vinos organizada por Fira de Barcelona a trav\u00e9s de su sociedad Alimentaria Exhibitions, y cuyo objetivo es convertirse en la mayor plataforma vin\u00edcola del estado para mostrar a los operadores internacionales la extensa oferta y ... Llegiu m\u00e9s","og_url":"https:\/\/www.aribau.es\/ca\/llega-la-primera-edicion-de-la-barcelona-wine-week\/","og_site_name":"Aribau","article_publisher":"https:\/\/www.facebook.com\/aribau1964\/","article_published_time":"2020-01-30T16:48:22+00:00","article_modified_time":"2021-04-23T10:08:04+00:00","og_image":[{"width":1332,"height":607,"url":"https:\/\/www.aribau.es\/wp-content\/uploads\/2019\/10\/bww_aribau_01.png","type":"image\/png"}],"author":"aribau","twitter_card":"summary_large_image","twitter_creator":"@aribau1964","twitter_site":"@aribau1964","twitter_misc":{"Escrit per":"aribau","Temps estimat de lectura":"2 minuts"},"schema":{"@context":"https:\/\/schema.org","@graph":[{"@type":"Article","@id":"https:\/\/www.aribau.es\/llega-la-primera-edicion-de-la-barcelona-wine-week\/#article","isPartOf":{"@id":"https:\/\/www.aribau.es\/llega-la-primera-edicion-de-la-barcelona-wine-week\/"},"author":{"name":"aribau","@id":"https:\/\/www.aribau.es\/#\/schema\/person\/77a976898b3c705ed016499633f4ffd0"},"headline":"LLEGA LA PRIMERA EDICI\u00d3N DE LA BARCELONA WINE WEEK","datePublished":"2020-01-30T16:48:22+00:00","dateModified":"2021-04-23T10:08:04+00:00","mainEntityOfPage":{"@id":"https:\/\/www.aribau.es\/llega-la-primera-edicion-de-la-barcelona-wine-week\/"},"wordCount":428,"publisher":{"@id":"https:\/\/www.aribau.es\/#organization"},"image":{"@id":"https:\/\/www.aribau.es\/llega-la-primera-edicion-de-la-barcelona-wine-week\/#primaryimage"},"thumbnailUrl":"https:\/\/www.aribau.es\/wp-content\/uploads\/2019\/10\/bww_aribau_01.png","keywords":["Barcelona Wine Week"],"articleSection":["Noticias"],"inLanguage":"ca"},{"@type":"WebPage","@id":"https:\/\/www.aribau.es\/llega-la-primera-edicion-de-la-barcelona-wine-week\/","url":"https:\/\/www.aribau.es\/llega-la-primera-edicion-de-la-barcelona-wine-week\/","name":"LLEGA LA PRIMERA EDICI\u00d3N DE LA BARCELONA WINE WEEK - Aribau","isPartOf":{"@id":"https:\/\/www.aribau.es\/#website"},"primaryImageOfPage":{"@id":"https:\/\/www.aribau.es\/llega-la-primera-edicion-de-la-barcelona-wine-week\/#primaryimage"},"image":{"@id":"https:\/\/www.aribau.es\/llega-la-primera-edicion-de-la-barcelona-wine-week\/#primaryimage"},"thumbnailUrl":"https:\/\/www.aribau.es\/wp-content\/uploads\/2019\/10\/bww_aribau_01.png","datePublished":"2020-01-30T16:48:22+00:00","dateModified":"2021-04-23T10:08:04+00:00","breadcrumb":{"@id":"https:\/\/www.aribau.es\/llega-la-primera-edicion-de-la-barcelona-wine-week\/#breadcrumb"},"inLanguage":"ca","potentialAction":[{"@type":"ReadAction","target":["https:\/\/www.aribau.es\/llega-la-primera-edicion-de-la-barcelona-wine-week\/"]}]},{"@type":"ImageObject","inLanguage":"ca","@id":"https:\/\/www.aribau.es\/llega-la-primera-edicion-de-la-barcelona-wine-week\/#primaryimage","url":"https:\/\/www.aribau.es\/wp-content\/uploads\/2019\/10\/bww_aribau_01.png","contentUrl":"https:\/\/www.aribau.es\/wp-content\/uploads\/2019\/10\/bww_aribau_01.png","width":1332,"height":607},{"@type":"BreadcrumbList","@id":"https:\/\/www.aribau.es\/llega-la-primera-edicion-de-la-barcelona-wine-week\/#breadcrumb","itemListElement":[{"@type":"ListItem","position":1,"name":"Portada","item":"https:\/\/www.aribau.es\/"},{"@type":"ListItem","position":2,"name":"LLEGA LA PRIMERA EDICI\u00d3N DE LA BARCELONA WINE WEEK"}]},{"@type":"WebSite","@id":"https:\/\/www.aribau.es\/#website","url":"https:\/\/www.aribau.es\/","name":"Aribau","description":"VINOS Y BODEGAS","publisher":{"@id":"https:\/\/www.aribau.es\/#organization"},"potentialAction":[{"@type":"SearchAction","target":{"@type":"EntryPoint","urlTemplate":"https:\/\/www.aribau.es\/?s={search_term_string}"},"query-input":{"@type":"PropertyValueSpecification","valueRequired":true,"valueName":"search_term_string"}}],"inLanguage":"ca"},{"@type":"Organization","@id":"https:\/\/www.aribau.es\/#organization","name":"Aribau","url":"https:\/\/www.aribau.es\/","logo":{"@type":"ImageObject","inLanguage":"ca","@id":"https:\/\/www.aribau.es\/#\/schema\/logo\/image\/","url":"https:\/\/www.aribau.es\/wp-content\/uploads\/2022\/03\/logo.png","contentUrl":"https:\/\/www.aribau.es\/wp-content\/uploads\/2022\/03\/logo.png","width":300,"height":300,"caption":"Aribau"},"image":{"@id":"https:\/\/www.aribau.es\/#\/schema\/logo\/image\/"},"sameAs":["https:\/\/www.facebook.com\/aribau1964\/","https:\/\/x.com\/aribau1964","https:\/\/www.instagram.com\/aribau1964\/"]},{"@type":"Person","@id":"https:\/\/www.aribau.es\/#\/schema\/person\/77a976898b3c705ed016499633f4ffd0","name":"aribau","image":{"@type":"ImageObject","inLanguage":"ca","@id":"https:\/\/www.aribau.es\/#\/schema\/person\/image\/","url":"https:\/\/secure.gravatar.com\/avatar\/6690491f832d5b32aa9482b978c9464816810fbff0f6658034a34c9d9657b94e?s=96&d=mm&r=g","contentUrl":"https:\/\/secure.gravatar.com\/avatar\/6690491f832d5b32aa9482b978c9464816810fbff0f6658034a34c9d9657b94e?s=96&d=mm&r=g","caption":"aribau"},"url":"https:\/\/www.aribau.es\/ca\/author\/aribau\/"}]}},"_links":{"self":[{"href":"https:\/\/www.aribau.es\/ca\/wp-json\/wp\/v2\/posts\/6752","targetHints":{"allow":["GET"]}}],"collection":[{"href":"https:\/\/www.aribau.es\/ca\/wp-json\/wp\/v2\/posts"}],"about":[{"href":"https:\/\/www.aribau.es\/ca\/wp-json\/wp\/v2\/types\/post"}],"author":[{"embeddable":true,"href":"https:\/\/www.aribau.es\/ca\/wp-json\/wp\/v2\/users\/3"}],"replies":[{"embeddable":true,"href":"https:\/\/www.aribau.es\/ca\/wp-json\/wp\/v2\/comments?post=6752"}],"version-history":[{"count":5,"href":"https:\/\/www.aribau.es\/ca\/wp-json\/wp\/v2\/posts\/6752\/revisions"}],"predecessor-version":[{"id":9943,"href":"https:\/\/www.aribau.es\/ca\/wp-json\/wp\/v2\/posts\/6752\/revisions\/9943"}],"wp:featuredmedia":[{"embeddable":true,"href":"https:\/\/www.aribau.es\/ca\/wp-json\/wp\/v2\/media\/6565"}],"wp:attachment":[{"href":"https:\/\/www.aribau.es\/ca\/wp-json\/wp\/v2\/media?parent=6752"}],"wp:term":[{"taxonomy":"category","embeddable":true,"href":"https:\/\/www.aribau.es\/ca\/wp-json\/wp\/v2\/categories?post=6752"},{"taxonomy":"post_tag","embeddable":true,"href":"https:\/\/www.aribau.es\/ca\/wp-json\/wp\/v2\/tags?post=6752"}],"curies":[{"name":"wp","href":"https:\/\/api.w.org\/{rel}","templated":true}]}}