{"id":6756,"date":"2020-02-06T10:01:28","date_gmt":"2020-02-06T09:01:28","guid":{"rendered":"https:\/\/www.aribau.es\/?p=6756"},"modified":"2021-04-23T11:06:54","modified_gmt":"2021-04-23T10:06:54","slug":"como-afectara-el-cambio-climatico-a-la-viticultura-del-futuro","status":"publish","type":"post","link":"https:\/\/www.aribau.es\/ca\/como-afectara-el-cambio-climatico-a-la-viticultura-del-futuro\/","title":{"rendered":"COM AFECTAR\u00c0 EL CANVI CLIM\u00c0TIC A LA VITICULTURA DEL FUTUR?"},"content":{"rendered":"<p>El canvi clim\u00e0tic \u00e9s un fet. La pujada de la temperatura global i la seva repercussi\u00f3 en la biodiversitat del planeta s\u00f3n cada vegada m\u00e9s evidents. I davant aquest escenari \u00e9s inevitable preguntar-se pel futur de la viticultura, no nom\u00e9s a Espanya sin\u00f3 a nivell global.<\/p>\n<p><!--more--><\/p>\n<p>La Universidad de Alcal\u00e1 de Henares (UAH), de la mano del investigador Ignacio Morales-Castilla, acaba de publicar un estudio en el que se concluye que un aumento de la temperatura global de 2\u00baC reducir\u00eda en un 56% la producci\u00f3n de las principales regiones vin\u00edcolas del mundo, entre las cuales se encuentra Espa\u00f1a, mientras que una subida de la temperatura de 4\u00baC supondr\u00eda una reducci\u00f3n del 85%.<\/p>\n<p>Para llevar a cabo este estudio, el equipo se ha centrado en la fenolog\u00eda -clave para la adaptaci\u00f3n al clima- de 11 variedades vin\u00edcolas que se cultivan en todo el mundo: Cabernet Sauvignon, Chasselas, Chardonnay, Garnacha, Merlot, Monastrell, Pinot Noir, Riesling, Sauvignon Blanc, Syrah y Ugni Blanc.<\/p>\n<p>Para determinar d\u00f3nde ser\u00edan viables estas variedades en el futuro se han establecido tres escenarios de posible calentamiento: 0\u00baC, 2\u00baC y 4\u00baC. Los cambios en los dos escenarios de calentamiento afectar\u00edan al proceso de maduraci\u00f3n y, por tanto, a la calidad de los vinos.<\/p>\n<p>Sin embargo, el estudio demuestra tambi\u00e9n que adoptando determinadas medidas de adaptaci\u00f3n, como la sustituci\u00f3n de variedades m\u00e1s vulnerables por otras que se adaptar\u00edan mejor al clima futuro, como pueden ser la Monastrell o la Garnacha, las p\u00e9rdidas podr\u00edan reducirse en un 24%. As\u00ed, en zonas como la Borgo\u00f1a francesa, estas variedades -Monastrell y Garnacha- podr\u00edan sustituir a variedades actuales como la Pinot Noir; mientras que en Burdeos, la Cabernet Sauvignon y la Merlot podr\u00edan ser sustituidas por la Monastrell.<\/p>\n<p>Ante escenario, las regiones m\u00e1s fr\u00edas pasar\u00edan a ser m\u00e1s adecuadas para el cultivo de la vid, mientras que las regiones m\u00e1s c\u00e1lidas como son Espa\u00f1a, Italia y Australia, ser\u00edan las que se enfrentar\u00edan a p\u00e9rdidas mayores si no se adoptan medidas con urgencia.<\/p>\n<p>Sin duda, cifras que no se pueden pasar por alto y que es necesario tener en cuenta a la hora de trabajar en las estrategias de cara a un futuro pr\u00f3ximo, si queremos que Espa\u00f1a siga siendo l\u00edder en la producci\u00f3n de vino a nivel mundial.<\/p>","protected":false},"excerpt":{"rendered":"<p>El canvi clim\u00e0tic \u00e9s un fet. La pujada de la temperatura global i la seva repercussi\u00f3 en la biodiversitat del planeta s\u00f3n cada vegada m\u00e9s evidents. I davant aquest escenari \u00e9s inevitable preguntar-se pel futur de la viticultura, no nom\u00e9s a Espanya sin\u00f3 a nivell global.<\/p>","protected":false},"author":3,"featured_media":6342,"comment_status":"closed","ping_status":"closed","sticky":false,"template":"","format":"standard","meta":{"footnotes":""},"categories":[406],"tags":[578,579],"class_list":["post-6756","post","type-post","status-publish","format-standard","has-post-thumbnail","hentry","category-noticias","tag-estudios","tag-viticultura"],"yoast_head":"<!-- This site is optimized with the Yoast SEO plugin v26.7 - https:\/\/yoast.com\/wordpress\/plugins\/seo\/ -->\n<title>\u00bfC\u00d3MO AFECTAR\u00c1 EL CAMBIO CLIM\u00c1TICO A LA VITICULTURA DEL FUTURO? - Aribau<\/title>\n<meta name=\"robots\" content=\"index, follow, max-snippet:-1, max-image-preview:large, max-video-preview:-1\" \/>\n<link rel=\"canonical\" href=\"https:\/\/www.aribau.es\/ca\/como-afectara-el-cambio-climatico-a-la-viticultura-del-futuro\/\" \/>\n<meta property=\"og:locale\" content=\"ca_ES\" \/>\n<meta property=\"og:type\" content=\"article\" \/>\n<meta property=\"og:title\" content=\"\u00bfC\u00d3MO AFECTAR\u00c1 EL CAMBIO CLIM\u00c1TICO A LA VITICULTURA DEL FUTURO? - Aribau\" \/>\n<meta property=\"og:description\" content=\"El cambio clim\u00e1tico es un hecho. El aumento de la temperatura global y su repercusi\u00f3n en la biodiversidad del planeta son cada vez m\u00e1s evidentes. Y ante este escenario es inevitable preguntarse por el futuro de la viticultura, ya no solo en Espa\u00f1a sino a nivel global.\" \/>\n<meta property=\"og:url\" content=\"https:\/\/www.aribau.es\/ca\/como-afectara-el-cambio-climatico-a-la-viticultura-del-futuro\/\" \/>\n<meta property=\"og:site_name\" content=\"Aribau\" \/>\n<meta property=\"article:publisher\" content=\"https:\/\/www.facebook.com\/aribau1964\/\" \/>\n<meta property=\"article:published_time\" content=\"2020-02-06T09:01:28+00:00\" \/>\n<meta property=\"article:modified_time\" content=\"2021-04-23T10:06:54+00:00\" \/>\n<meta property=\"og:image\" content=\"https:\/\/www.aribau.es\/wp-content\/uploads\/2019\/04\/vinya-aribau.jpg\" \/>\n\t<meta property=\"og:image:width\" content=\"1200\" \/>\n\t<meta property=\"og:image:height\" content=\"800\" \/>\n\t<meta property=\"og:image:type\" content=\"image\/jpeg\" \/>\n<meta name=\"author\" content=\"aribau\" \/>\n<meta name=\"twitter:card\" content=\"summary_large_image\" \/>\n<meta name=\"twitter:creator\" content=\"@aribau1964\" \/>\n<meta name=\"twitter:site\" content=\"@aribau1964\" \/>\n<meta name=\"twitter:label1\" content=\"Escrit per\" \/>\n\t<meta name=\"twitter:data1\" content=\"aribau\" \/>\n\t<meta name=\"twitter:label2\" content=\"Temps estimat de lectura\" \/>\n\t<meta name=\"twitter:data2\" content=\"2 minuts\" \/>\n<script type=\"application\/ld+json\" class=\"yoast-schema-graph\">{\"@context\":\"https:\/\/schema.org\",\"@graph\":[{\"@type\":\"Article\",\"@id\":\"https:\/\/www.aribau.es\/como-afectara-el-cambio-climatico-a-la-viticultura-del-futuro\/#article\",\"isPartOf\":{\"@id\":\"https:\/\/www.aribau.es\/como-afectara-el-cambio-climatico-a-la-viticultura-del-futuro\/\"},\"author\":{\"name\":\"aribau\",\"@id\":\"https:\/\/www.aribau.es\/#\/schema\/person\/77a976898b3c705ed016499633f4ffd0\"},\"headline\":\"\u00bfC\u00d3MO AFECTAR\u00c1 EL CAMBIO CLIM\u00c1TICO A LA VITICULTURA DEL FUTURO?\",\"datePublished\":\"2020-02-06T09:01:28+00:00\",\"dateModified\":\"2021-04-23T10:06:54+00:00\",\"mainEntityOfPage\":{\"@id\":\"https:\/\/www.aribau.es\/como-afectara-el-cambio-climatico-a-la-viticultura-del-futuro\/\"},\"wordCount\":423,\"publisher\":{\"@id\":\"https:\/\/www.aribau.es\/#organization\"},\"image\":{\"@id\":\"https:\/\/www.aribau.es\/como-afectara-el-cambio-climatico-a-la-viticultura-del-futuro\/#primaryimage\"},\"thumbnailUrl\":\"https:\/\/www.aribau.es\/wp-content\/uploads\/2019\/04\/vinya-aribau.jpg\",\"keywords\":[\"Estudios\",\"Viticultura\"],\"articleSection\":[\"Noticias\"],\"inLanguage\":\"ca\"},{\"@type\":\"WebPage\",\"@id\":\"https:\/\/www.aribau.es\/como-afectara-el-cambio-climatico-a-la-viticultura-del-futuro\/\",\"url\":\"https:\/\/www.aribau.es\/como-afectara-el-cambio-climatico-a-la-viticultura-del-futuro\/\",\"name\":\"\u00bfC\u00d3MO AFECTAR\u00c1 EL CAMBIO CLIM\u00c1TICO A LA VITICULTURA DEL FUTURO? - Aribau\",\"isPartOf\":{\"@id\":\"https:\/\/www.aribau.es\/#website\"},\"primaryImageOfPage\":{\"@id\":\"https:\/\/www.aribau.es\/como-afectara-el-cambio-climatico-a-la-viticultura-del-futuro\/#primaryimage\"},\"image\":{\"@id\":\"https:\/\/www.aribau.es\/como-afectara-el-cambio-climatico-a-la-viticultura-del-futuro\/#primaryimage\"},\"thumbnailUrl\":\"https:\/\/www.aribau.es\/wp-content\/uploads\/2019\/04\/vinya-aribau.jpg\",\"datePublished\":\"2020-02-06T09:01:28+00:00\",\"dateModified\":\"2021-04-23T10:06:54+00:00\",\"breadcrumb\":{\"@id\":\"https:\/\/www.aribau.es\/como-afectara-el-cambio-climatico-a-la-viticultura-del-futuro\/#breadcrumb\"},\"inLanguage\":\"ca\",\"potentialAction\":[{\"@type\":\"ReadAction\",\"target\":[\"https:\/\/www.aribau.es\/como-afectara-el-cambio-climatico-a-la-viticultura-del-futuro\/\"]}]},{\"@type\":\"ImageObject\",\"inLanguage\":\"ca\",\"@id\":\"https:\/\/www.aribau.es\/como-afectara-el-cambio-climatico-a-la-viticultura-del-futuro\/#primaryimage\",\"url\":\"https:\/\/www.aribau.es\/wp-content\/uploads\/2019\/04\/vinya-aribau.jpg\",\"contentUrl\":\"https:\/\/www.aribau.es\/wp-content\/uploads\/2019\/04\/vinya-aribau.jpg\",\"width\":1200,\"height\":800},{\"@type\":\"BreadcrumbList\",\"@id\":\"https:\/\/www.aribau.es\/como-afectara-el-cambio-climatico-a-la-viticultura-del-futuro\/#breadcrumb\",\"itemListElement\":[{\"@type\":\"ListItem\",\"position\":1,\"name\":\"Portada\",\"item\":\"https:\/\/www.aribau.es\/\"},{\"@type\":\"ListItem\",\"position\":2,\"name\":\"\u00bfC\u00d3MO AFECTAR\u00c1 EL CAMBIO CLIM\u00c1TICO A LA VITICULTURA DEL FUTURO?\"}]},{\"@type\":\"WebSite\",\"@id\":\"https:\/\/www.aribau.es\/#website\",\"url\":\"https:\/\/www.aribau.es\/\",\"name\":\"Aribau\",\"description\":\"VINOS Y BODEGAS\",\"publisher\":{\"@id\":\"https:\/\/www.aribau.es\/#organization\"},\"potentialAction\":[{\"@type\":\"SearchAction\",\"target\":{\"@type\":\"EntryPoint\",\"urlTemplate\":\"https:\/\/www.aribau.es\/?s={search_term_string}\"},\"query-input\":{\"@type\":\"PropertyValueSpecification\",\"valueRequired\":true,\"valueName\":\"search_term_string\"}}],\"inLanguage\":\"ca\"},{\"@type\":\"Organization\",\"@id\":\"https:\/\/www.aribau.es\/#organization\",\"name\":\"Aribau\",\"url\":\"https:\/\/www.aribau.es\/\",\"logo\":{\"@type\":\"ImageObject\",\"inLanguage\":\"ca\",\"@id\":\"https:\/\/www.aribau.es\/#\/schema\/logo\/image\/\",\"url\":\"https:\/\/www.aribau.es\/wp-content\/uploads\/2022\/03\/logo.png\",\"contentUrl\":\"https:\/\/www.aribau.es\/wp-content\/uploads\/2022\/03\/logo.png\",\"width\":300,\"height\":300,\"caption\":\"Aribau\"},\"image\":{\"@id\":\"https:\/\/www.aribau.es\/#\/schema\/logo\/image\/\"},\"sameAs\":[\"https:\/\/www.facebook.com\/aribau1964\/\",\"https:\/\/x.com\/aribau1964\",\"https:\/\/www.instagram.com\/aribau1964\/\"]},{\"@type\":\"Person\",\"@id\":\"https:\/\/www.aribau.es\/#\/schema\/person\/77a976898b3c705ed016499633f4ffd0\",\"name\":\"aribau\",\"image\":{\"@type\":\"ImageObject\",\"inLanguage\":\"ca\",\"@id\":\"https:\/\/www.aribau.es\/#\/schema\/person\/image\/\",\"url\":\"https:\/\/secure.gravatar.com\/avatar\/6690491f832d5b32aa9482b978c9464816810fbff0f6658034a34c9d9657b94e?s=96&d=mm&r=g\",\"contentUrl\":\"https:\/\/secure.gravatar.com\/avatar\/6690491f832d5b32aa9482b978c9464816810fbff0f6658034a34c9d9657b94e?s=96&d=mm&r=g\",\"caption\":\"aribau\"},\"url\":\"https:\/\/www.aribau.es\/ca\/author\/aribau\/\"}]}<\/script>\n<!-- \/ Yoast SEO plugin. -->","yoast_head_json":{"title":"\u00bfC\u00d3MO AFECTAR\u00c1 EL CAMBIO CLIM\u00c1TICO A LA VITICULTURA DEL FUTURO? - Aribau","robots":{"index":"index","follow":"follow","max-snippet":"max-snippet:-1","max-image-preview":"max-image-preview:large","max-video-preview":"max-video-preview:-1"},"canonical":"https:\/\/www.aribau.es\/ca\/como-afectara-el-cambio-climatico-a-la-viticultura-del-futuro\/","og_locale":"ca_ES","og_type":"article","og_title":"\u00bfC\u00d3MO AFECTAR\u00c1 EL CAMBIO CLIM\u00c1TICO A LA VITICULTURA DEL FUTURO? - Aribau","og_description":"El cambio clim\u00e1tico es un hecho. El aumento de la temperatura global y su repercusi\u00f3n en la biodiversidad del planeta son cada vez m\u00e1s evidentes. Y ante este escenario es inevitable preguntarse por el futuro de la viticultura, ya no solo en Espa\u00f1a sino a nivel global.","og_url":"https:\/\/www.aribau.es\/ca\/como-afectara-el-cambio-climatico-a-la-viticultura-del-futuro\/","og_site_name":"Aribau","article_publisher":"https:\/\/www.facebook.com\/aribau1964\/","article_published_time":"2020-02-06T09:01:28+00:00","article_modified_time":"2021-04-23T10:06:54+00:00","og_image":[{"width":1200,"height":800,"url":"https:\/\/www.aribau.es\/wp-content\/uploads\/2019\/04\/vinya-aribau.jpg","type":"image\/jpeg"}],"author":"aribau","twitter_card":"summary_large_image","twitter_creator":"@aribau1964","twitter_site":"@aribau1964","twitter_misc":{"Escrit per":"aribau","Temps estimat de lectura":"2 minuts"},"schema":{"@context":"https:\/\/schema.org","@graph":[{"@type":"Article","@id":"https:\/\/www.aribau.es\/como-afectara-el-cambio-climatico-a-la-viticultura-del-futuro\/#article","isPartOf":{"@id":"https:\/\/www.aribau.es\/como-afectara-el-cambio-climatico-a-la-viticultura-del-futuro\/"},"author":{"name":"aribau","@id":"https:\/\/www.aribau.es\/#\/schema\/person\/77a976898b3c705ed016499633f4ffd0"},"headline":"\u00bfC\u00d3MO AFECTAR\u00c1 EL CAMBIO CLIM\u00c1TICO A LA VITICULTURA DEL FUTURO?","datePublished":"2020-02-06T09:01:28+00:00","dateModified":"2021-04-23T10:06:54+00:00","mainEntityOfPage":{"@id":"https:\/\/www.aribau.es\/como-afectara-el-cambio-climatico-a-la-viticultura-del-futuro\/"},"wordCount":423,"publisher":{"@id":"https:\/\/www.aribau.es\/#organization"},"image":{"@id":"https:\/\/www.aribau.es\/como-afectara-el-cambio-climatico-a-la-viticultura-del-futuro\/#primaryimage"},"thumbnailUrl":"https:\/\/www.aribau.es\/wp-content\/uploads\/2019\/04\/vinya-aribau.jpg","keywords":["Estudios","Viticultura"],"articleSection":["Noticias"],"inLanguage":"ca"},{"@type":"WebPage","@id":"https:\/\/www.aribau.es\/como-afectara-el-cambio-climatico-a-la-viticultura-del-futuro\/","url":"https:\/\/www.aribau.es\/como-afectara-el-cambio-climatico-a-la-viticultura-del-futuro\/","name":"\u00bfC\u00d3MO AFECTAR\u00c1 EL CAMBIO CLIM\u00c1TICO A LA VITICULTURA DEL FUTURO? - Aribau","isPartOf":{"@id":"https:\/\/www.aribau.es\/#website"},"primaryImageOfPage":{"@id":"https:\/\/www.aribau.es\/como-afectara-el-cambio-climatico-a-la-viticultura-del-futuro\/#primaryimage"},"image":{"@id":"https:\/\/www.aribau.es\/como-afectara-el-cambio-climatico-a-la-viticultura-del-futuro\/#primaryimage"},"thumbnailUrl":"https:\/\/www.aribau.es\/wp-content\/uploads\/2019\/04\/vinya-aribau.jpg","datePublished":"2020-02-06T09:01:28+00:00","dateModified":"2021-04-23T10:06:54+00:00","breadcrumb":{"@id":"https:\/\/www.aribau.es\/como-afectara-el-cambio-climatico-a-la-viticultura-del-futuro\/#breadcrumb"},"inLanguage":"ca","potentialAction":[{"@type":"ReadAction","target":["https:\/\/www.aribau.es\/como-afectara-el-cambio-climatico-a-la-viticultura-del-futuro\/"]}]},{"@type":"ImageObject","inLanguage":"ca","@id":"https:\/\/www.aribau.es\/como-afectara-el-cambio-climatico-a-la-viticultura-del-futuro\/#primaryimage","url":"https:\/\/www.aribau.es\/wp-content\/uploads\/2019\/04\/vinya-aribau.jpg","contentUrl":"https:\/\/www.aribau.es\/wp-content\/uploads\/2019\/04\/vinya-aribau.jpg","width":1200,"height":800},{"@type":"BreadcrumbList","@id":"https:\/\/www.aribau.es\/como-afectara-el-cambio-climatico-a-la-viticultura-del-futuro\/#breadcrumb","itemListElement":[{"@type":"ListItem","position":1,"name":"Portada","item":"https:\/\/www.aribau.es\/"},{"@type":"ListItem","position":2,"name":"\u00bfC\u00d3MO AFECTAR\u00c1 EL CAMBIO CLIM\u00c1TICO A LA VITICULTURA DEL FUTURO?"}]},{"@type":"WebSite","@id":"https:\/\/www.aribau.es\/#website","url":"https:\/\/www.aribau.es\/","name":"Aribau","description":"VINOS Y BODEGAS","publisher":{"@id":"https:\/\/www.aribau.es\/#organization"},"potentialAction":[{"@type":"SearchAction","target":{"@type":"EntryPoint","urlTemplate":"https:\/\/www.aribau.es\/?s={search_term_string}"},"query-input":{"@type":"PropertyValueSpecification","valueRequired":true,"valueName":"search_term_string"}}],"inLanguage":"ca"},{"@type":"Organization","@id":"https:\/\/www.aribau.es\/#organization","name":"Aribau","url":"https:\/\/www.aribau.es\/","logo":{"@type":"ImageObject","inLanguage":"ca","@id":"https:\/\/www.aribau.es\/#\/schema\/logo\/image\/","url":"https:\/\/www.aribau.es\/wp-content\/uploads\/2022\/03\/logo.png","contentUrl":"https:\/\/www.aribau.es\/wp-content\/uploads\/2022\/03\/logo.png","width":300,"height":300,"caption":"Aribau"},"image":{"@id":"https:\/\/www.aribau.es\/#\/schema\/logo\/image\/"},"sameAs":["https:\/\/www.facebook.com\/aribau1964\/","https:\/\/x.com\/aribau1964","https:\/\/www.instagram.com\/aribau1964\/"]},{"@type":"Person","@id":"https:\/\/www.aribau.es\/#\/schema\/person\/77a976898b3c705ed016499633f4ffd0","name":"aribau","image":{"@type":"ImageObject","inLanguage":"ca","@id":"https:\/\/www.aribau.es\/#\/schema\/person\/image\/","url":"https:\/\/secure.gravatar.com\/avatar\/6690491f832d5b32aa9482b978c9464816810fbff0f6658034a34c9d9657b94e?s=96&d=mm&r=g","contentUrl":"https:\/\/secure.gravatar.com\/avatar\/6690491f832d5b32aa9482b978c9464816810fbff0f6658034a34c9d9657b94e?s=96&d=mm&r=g","caption":"aribau"},"url":"https:\/\/www.aribau.es\/ca\/author\/aribau\/"}]}},"_links":{"self":[{"href":"https:\/\/www.aribau.es\/ca\/wp-json\/wp\/v2\/posts\/6756","targetHints":{"allow":["GET"]}}],"collection":[{"href":"https:\/\/www.aribau.es\/ca\/wp-json\/wp\/v2\/posts"}],"about":[{"href":"https:\/\/www.aribau.es\/ca\/wp-json\/wp\/v2\/types\/post"}],"author":[{"embeddable":true,"href":"https:\/\/www.aribau.es\/ca\/wp-json\/wp\/v2\/users\/3"}],"replies":[{"embeddable":true,"href":"https:\/\/www.aribau.es\/ca\/wp-json\/wp\/v2\/comments?post=6756"}],"version-history":[{"count":4,"href":"https:\/\/www.aribau.es\/ca\/wp-json\/wp\/v2\/posts\/6756\/revisions"}],"predecessor-version":[{"id":9941,"href":"https:\/\/www.aribau.es\/ca\/wp-json\/wp\/v2\/posts\/6756\/revisions\/9941"}],"wp:featuredmedia":[{"embeddable":true,"href":"https:\/\/www.aribau.es\/ca\/wp-json\/wp\/v2\/media\/6342"}],"wp:attachment":[{"href":"https:\/\/www.aribau.es\/ca\/wp-json\/wp\/v2\/media?parent=6756"}],"wp:term":[{"taxonomy":"category","embeddable":true,"href":"https:\/\/www.aribau.es\/ca\/wp-json\/wp\/v2\/categories?post=6756"},{"taxonomy":"post_tag","embeddable":true,"href":"https:\/\/www.aribau.es\/ca\/wp-json\/wp\/v2\/tags?post=6756"}],"curies":[{"name":"wp","href":"https:\/\/api.w.org\/{rel}","templated":true}]}}