{"id":6769,"date":"2020-02-27T12:58:51","date_gmt":"2020-02-27T11:58:51","guid":{"rendered":"https:\/\/www.aribau.es\/?p=6769"},"modified":"2021-04-23T10:59:43","modified_gmt":"2021-04-23T09:59:43","slug":"scala-dei-prior-de-cellers-scala-dei","status":"publish","type":"post","link":"https:\/\/www.aribau.es\/ca\/scala-dei-prior-de-cellers-scala-dei\/","title":{"rendered":"\u2018SCALA DEI PRIOR, DE CELLERS SCALA DEI"},"content":{"rendered":"<p><strong><em>Scala Dei Prior<\/em><\/strong> es un vino que puede considerarse una fotograf\u00eda de la DOQ Priorat por dos motivos fundamentales: porque est\u00e1 elaborado a base de las cuatro variedades m\u00e1s cultivadas en la comarca, a saber, Garnacha tinta, Cari\u00f1ena, Cabernet Sauvignon y Syrah; y porque los vi\u00f1edos de los que procede crecen en los suelos t\u00edpicos del Priorat, la pizarra y la arcilla.<\/p>\n<p><!--more--><\/p>\n<p><em>Scala Dei Prior<\/em> es un vino tinto de crianza procedente de los vi\u00f1edos m\u00e1s viejos de las bodegas <strong><a href=\"https:\/\/www.cellersdescaladei.com\/es\/\" target=\"_blank\" rel=\"noopener\">Scala Dei<\/a><\/strong>. Vi\u00f1edos de entre 35 y 65 a\u00f1os y situados entre los 400 y los 600 metros de altitud, lo que favorece una maduraci\u00f3n lenta y regular, permitiendo as\u00ed una variedad de matices al combinar diferentes altitudes y orientaciones del vi\u00f1edo.<\/p>\n<p>Con una crianza de un a\u00f1o en barrica de roble franc\u00e9s -y 4 meses m\u00e1s en botella-, <em>Scala Dei Prior<\/em> es un vino limpio y brillante. De un color rojo rub\u00ed intenso y con tonalidades granates y azuladas, destila intensos y persistentes aromas a frutas rojas y negras, moras, matices florales de violeta, y sutiles toques especiados y tostados. Es un vino con cuerpo, finura y sedoso en boca. Sus taninos, maduros y elegantes, se complementan con los aromas minerales que le aporta la pizarra y las notas bals\u00e1micas de la arcilla.<\/p>\n<p><em>Scala Dei Prior<\/em> es el maridaje ideal para acompa\u00f1ar un cordero asado, carnes rojas a la parrilla, jam\u00f3n ib\u00e9rico de bellota o caza de pluma. Pero, adem\u00e1s, ser\u00e1 tambi\u00e9n el compa\u00f1ero ideal para disfrutar con el chocolate.<\/p>\n<p>&nbsp;<\/p>\n<p><strong>Sobre el celler<\/strong><\/p>\n<p><a href=\"https:\/\/www.aribau.es\/wp-content\/uploads\/2017\/09\/scaladei-aribau.jpg\"><img fetchpriority=\"high\" decoding=\"async\" class=\"aligncenter size-full wp-image-5539\" src=\"https:\/\/www.aribau.es\/wp-content\/uploads\/2017\/09\/scaladei-aribau.jpg\" alt=\"\" width=\"1000\" height=\"562\" srcset=\"https:\/\/www.aribau.es\/wp-content\/uploads\/2017\/09\/scaladei-aribau.jpg 1000w, https:\/\/www.aribau.es\/wp-content\/uploads\/2017\/09\/scaladei-aribau-300x169.jpg 300w, https:\/\/www.aribau.es\/wp-content\/uploads\/2017\/09\/scaladei-aribau-768x432.jpg 768w\" sizes=\"(max-width: 1000px) 100vw, 1000px\" \/><\/a><\/p>\n<p>Fundada en 1840 por las familias que se hicieron en su d\u00eda con el monumento de la Cartuja de Escaladei (considerada la primera cartuja de la Pen\u00ednsula Ib\u00e9rica), esta bodega puede ser considerada historia viva del vino del Priorat. El origen de Cellers Scala Dei se encuentra en la Societat Agr\u00edcola La Uni\u00f3, fundada en 1844 para impulsar el cultivo de la vi\u00f1a en las tierras que rodeaban la cartuja. Despu\u00e9s de a\u00f1os cultivando estas tierras y produciendo vinos singulares, en 1974 la bodega se refunda y saca al mercado sus primeros vinos \u201cmodernos\u201d del Priorat.<\/p>","protected":false},"excerpt":{"rendered":"<p>Scala Dei Prior es un vino que puede considerarse una fotograf\u00eda de la DOQ Priorat por dos motivos fundamentales: porque est\u00e1 elaborado a base de las cuatro variedades m\u00e1s cultivadas en la comarca, a saber, Garnacha tinta, Cari\u00f1ena, Cabernet Sauvignon y Syrah; y porque los vi\u00f1edos de los que procede crecen en los suelos t\u00edpicos &#8230; <a title=\"\u2018SCALA DEI PRIOR&#8217;, DE CELLERS SCALA DEI\" class=\"read-more\" href=\"https:\/\/www.aribau.es\/ca\/scala-dei-prior-de-cellers-scala-dei\/\" aria-label=\"M\u00e9s informaci\u00f3 sobre \u2018SCALA DEI PRIOR&#8217;, DE CELLERS SCALA DEI\">Llegiu m\u00e9s<\/a><\/p>","protected":false},"author":3,"featured_media":6771,"comment_status":"closed","ping_status":"closed","sticky":false,"template":"","format":"standard","meta":{"footnotes":""},"categories":[406],"tags":[493,480,425],"class_list":["post-6769","post","type-post","status-publish","format-standard","has-post-thumbnail","hentry","category-noticias","tag-cellers-scala-dei","tag-doq-priorat","tag-vino-tinto"],"yoast_head":"<!-- This site is optimized with the Yoast SEO plugin v26.7 - https:\/\/yoast.com\/wordpress\/plugins\/seo\/ -->\n<title>\u2018SCALA DEI PRIOR&#039;, DE CELLERS SCALA DEI - Aribau<\/title>\n<meta name=\"robots\" content=\"index, follow, max-snippet:-1, max-image-preview:large, max-video-preview:-1\" \/>\n<link rel=\"canonical\" href=\"https:\/\/www.aribau.es\/ca\/scala-dei-prior-de-cellers-scala-dei\/\" \/>\n<meta property=\"og:locale\" content=\"ca_ES\" \/>\n<meta property=\"og:type\" content=\"article\" \/>\n<meta property=\"og:title\" content=\"\u2018SCALA DEI PRIOR&#039;, DE CELLERS SCALA DEI - Aribau\" \/>\n<meta property=\"og:description\" content=\"Scala Dei Prior es un vino que puede considerarse una fotograf\u00eda de la DOQ Priorat por dos motivos fundamentales: porque est\u00e1 elaborado a base de las cuatro variedades m\u00e1s cultivadas en la comarca, a saber, Garnacha tinta, Cari\u00f1ena, Cabernet Sauvignon y Syrah; y porque los vi\u00f1edos de los que procede crecen en los suelos t\u00edpicos ... Llegiu m\u00e9s\" \/>\n<meta property=\"og:url\" content=\"https:\/\/www.aribau.es\/ca\/scala-dei-prior-de-cellers-scala-dei\/\" \/>\n<meta property=\"og:site_name\" content=\"Aribau\" \/>\n<meta property=\"article:publisher\" content=\"https:\/\/www.facebook.com\/aribau1964\/\" \/>\n<meta property=\"article:published_time\" content=\"2020-02-27T11:58:51+00:00\" \/>\n<meta property=\"article:modified_time\" content=\"2021-04-23T09:59:43+00:00\" \/>\n<meta property=\"og:image\" content=\"https:\/\/www.aribau.es\/wp-content\/uploads\/2020\/02\/scala-dei-prior-aribau.jpg\" \/>\n\t<meta property=\"og:image:width\" content=\"800\" \/>\n\t<meta property=\"og:image:height\" content=\"222\" \/>\n\t<meta property=\"og:image:type\" content=\"image\/jpeg\" \/>\n<meta name=\"author\" content=\"aribau\" \/>\n<meta name=\"twitter:card\" content=\"summary_large_image\" \/>\n<meta name=\"twitter:creator\" content=\"@aribau1964\" \/>\n<meta name=\"twitter:site\" content=\"@aribau1964\" \/>\n<meta name=\"twitter:label1\" content=\"Escrit per\" \/>\n\t<meta name=\"twitter:data1\" content=\"aribau\" \/>\n\t<meta name=\"twitter:label2\" content=\"Temps estimat de lectura\" \/>\n\t<meta name=\"twitter:data2\" content=\"2 minuts\" \/>\n<script type=\"application\/ld+json\" class=\"yoast-schema-graph\">{\"@context\":\"https:\/\/schema.org\",\"@graph\":[{\"@type\":\"Article\",\"@id\":\"https:\/\/www.aribau.es\/scala-dei-prior-de-cellers-scala-dei\/#article\",\"isPartOf\":{\"@id\":\"https:\/\/www.aribau.es\/scala-dei-prior-de-cellers-scala-dei\/\"},\"author\":{\"name\":\"aribau\",\"@id\":\"https:\/\/www.aribau.es\/#\/schema\/person\/77a976898b3c705ed016499633f4ffd0\"},\"headline\":\"\u2018SCALA DEI PRIOR&#8217;, DE CELLERS SCALA DEI\",\"datePublished\":\"2020-02-27T11:58:51+00:00\",\"dateModified\":\"2021-04-23T09:59:43+00:00\",\"mainEntityOfPage\":{\"@id\":\"https:\/\/www.aribau.es\/scala-dei-prior-de-cellers-scala-dei\/\"},\"wordCount\":378,\"publisher\":{\"@id\":\"https:\/\/www.aribau.es\/#organization\"},\"image\":{\"@id\":\"https:\/\/www.aribau.es\/scala-dei-prior-de-cellers-scala-dei\/#primaryimage\"},\"thumbnailUrl\":\"https:\/\/www.aribau.es\/wp-content\/uploads\/2020\/02\/scala-dei-prior-aribau.jpg\",\"keywords\":[\"Cellers Scala Dei\",\"DOQ Priorat\",\"Vino tinto\"],\"articleSection\":[\"Noticias\"],\"inLanguage\":\"ca\"},{\"@type\":\"WebPage\",\"@id\":\"https:\/\/www.aribau.es\/scala-dei-prior-de-cellers-scala-dei\/\",\"url\":\"https:\/\/www.aribau.es\/scala-dei-prior-de-cellers-scala-dei\/\",\"name\":\"\u2018SCALA DEI PRIOR', DE CELLERS SCALA DEI - Aribau\",\"isPartOf\":{\"@id\":\"https:\/\/www.aribau.es\/#website\"},\"primaryImageOfPage\":{\"@id\":\"https:\/\/www.aribau.es\/scala-dei-prior-de-cellers-scala-dei\/#primaryimage\"},\"image\":{\"@id\":\"https:\/\/www.aribau.es\/scala-dei-prior-de-cellers-scala-dei\/#primaryimage\"},\"thumbnailUrl\":\"https:\/\/www.aribau.es\/wp-content\/uploads\/2020\/02\/scala-dei-prior-aribau.jpg\",\"datePublished\":\"2020-02-27T11:58:51+00:00\",\"dateModified\":\"2021-04-23T09:59:43+00:00\",\"breadcrumb\":{\"@id\":\"https:\/\/www.aribau.es\/scala-dei-prior-de-cellers-scala-dei\/#breadcrumb\"},\"inLanguage\":\"ca\",\"potentialAction\":[{\"@type\":\"ReadAction\",\"target\":[\"https:\/\/www.aribau.es\/scala-dei-prior-de-cellers-scala-dei\/\"]}]},{\"@type\":\"ImageObject\",\"inLanguage\":\"ca\",\"@id\":\"https:\/\/www.aribau.es\/scala-dei-prior-de-cellers-scala-dei\/#primaryimage\",\"url\":\"https:\/\/www.aribau.es\/wp-content\/uploads\/2020\/02\/scala-dei-prior-aribau.jpg\",\"contentUrl\":\"https:\/\/www.aribau.es\/wp-content\/uploads\/2020\/02\/scala-dei-prior-aribau.jpg\",\"width\":800,\"height\":222},{\"@type\":\"BreadcrumbList\",\"@id\":\"https:\/\/www.aribau.es\/scala-dei-prior-de-cellers-scala-dei\/#breadcrumb\",\"itemListElement\":[{\"@type\":\"ListItem\",\"position\":1,\"name\":\"Portada\",\"item\":\"https:\/\/www.aribau.es\/\"},{\"@type\":\"ListItem\",\"position\":2,\"name\":\"\u2018SCALA DEI PRIOR&#8217;, DE CELLERS SCALA DEI\"}]},{\"@type\":\"WebSite\",\"@id\":\"https:\/\/www.aribau.es\/#website\",\"url\":\"https:\/\/www.aribau.es\/\",\"name\":\"Aribau\",\"description\":\"VINOS Y BODEGAS\",\"publisher\":{\"@id\":\"https:\/\/www.aribau.es\/#organization\"},\"potentialAction\":[{\"@type\":\"SearchAction\",\"target\":{\"@type\":\"EntryPoint\",\"urlTemplate\":\"https:\/\/www.aribau.es\/?s={search_term_string}\"},\"query-input\":{\"@type\":\"PropertyValueSpecification\",\"valueRequired\":true,\"valueName\":\"search_term_string\"}}],\"inLanguage\":\"ca\"},{\"@type\":\"Organization\",\"@id\":\"https:\/\/www.aribau.es\/#organization\",\"name\":\"Aribau\",\"url\":\"https:\/\/www.aribau.es\/\",\"logo\":{\"@type\":\"ImageObject\",\"inLanguage\":\"ca\",\"@id\":\"https:\/\/www.aribau.es\/#\/schema\/logo\/image\/\",\"url\":\"https:\/\/www.aribau.es\/wp-content\/uploads\/2022\/03\/logo.png\",\"contentUrl\":\"https:\/\/www.aribau.es\/wp-content\/uploads\/2022\/03\/logo.png\",\"width\":300,\"height\":300,\"caption\":\"Aribau\"},\"image\":{\"@id\":\"https:\/\/www.aribau.es\/#\/schema\/logo\/image\/\"},\"sameAs\":[\"https:\/\/www.facebook.com\/aribau1964\/\",\"https:\/\/x.com\/aribau1964\",\"https:\/\/www.instagram.com\/aribau1964\/\"]},{\"@type\":\"Person\",\"@id\":\"https:\/\/www.aribau.es\/#\/schema\/person\/77a976898b3c705ed016499633f4ffd0\",\"name\":\"aribau\",\"image\":{\"@type\":\"ImageObject\",\"inLanguage\":\"ca\",\"@id\":\"https:\/\/www.aribau.es\/#\/schema\/person\/image\/\",\"url\":\"https:\/\/secure.gravatar.com\/avatar\/6690491f832d5b32aa9482b978c9464816810fbff0f6658034a34c9d9657b94e?s=96&d=mm&r=g\",\"contentUrl\":\"https:\/\/secure.gravatar.com\/avatar\/6690491f832d5b32aa9482b978c9464816810fbff0f6658034a34c9d9657b94e?s=96&d=mm&r=g\",\"caption\":\"aribau\"},\"url\":\"https:\/\/www.aribau.es\/ca\/author\/aribau\/\"}]}<\/script>\n<!-- \/ Yoast SEO plugin. -->","yoast_head_json":{"title":"\u2018SCALA DEI PRIOR', DE CELLERS SCALA DEI - Aribau","robots":{"index":"index","follow":"follow","max-snippet":"max-snippet:-1","max-image-preview":"max-image-preview:large","max-video-preview":"max-video-preview:-1"},"canonical":"https:\/\/www.aribau.es\/ca\/scala-dei-prior-de-cellers-scala-dei\/","og_locale":"ca_ES","og_type":"article","og_title":"\u2018SCALA DEI PRIOR', DE CELLERS SCALA DEI - Aribau","og_description":"Scala Dei Prior es un vino que puede considerarse una fotograf\u00eda de la DOQ Priorat por dos motivos fundamentales: porque est\u00e1 elaborado a base de las cuatro variedades m\u00e1s cultivadas en la comarca, a saber, Garnacha tinta, Cari\u00f1ena, Cabernet Sauvignon y Syrah; y porque los vi\u00f1edos de los que procede crecen en los suelos t\u00edpicos ... Llegiu m\u00e9s","og_url":"https:\/\/www.aribau.es\/ca\/scala-dei-prior-de-cellers-scala-dei\/","og_site_name":"Aribau","article_publisher":"https:\/\/www.facebook.com\/aribau1964\/","article_published_time":"2020-02-27T11:58:51+00:00","article_modified_time":"2021-04-23T09:59:43+00:00","og_image":[{"width":800,"height":222,"url":"https:\/\/www.aribau.es\/wp-content\/uploads\/2020\/02\/scala-dei-prior-aribau.jpg","type":"image\/jpeg"}],"author":"aribau","twitter_card":"summary_large_image","twitter_creator":"@aribau1964","twitter_site":"@aribau1964","twitter_misc":{"Escrit per":"aribau","Temps estimat de lectura":"2 minuts"},"schema":{"@context":"https:\/\/schema.org","@graph":[{"@type":"Article","@id":"https:\/\/www.aribau.es\/scala-dei-prior-de-cellers-scala-dei\/#article","isPartOf":{"@id":"https:\/\/www.aribau.es\/scala-dei-prior-de-cellers-scala-dei\/"},"author":{"name":"aribau","@id":"https:\/\/www.aribau.es\/#\/schema\/person\/77a976898b3c705ed016499633f4ffd0"},"headline":"\u2018SCALA DEI PRIOR&#8217;, DE CELLERS SCALA DEI","datePublished":"2020-02-27T11:58:51+00:00","dateModified":"2021-04-23T09:59:43+00:00","mainEntityOfPage":{"@id":"https:\/\/www.aribau.es\/scala-dei-prior-de-cellers-scala-dei\/"},"wordCount":378,"publisher":{"@id":"https:\/\/www.aribau.es\/#organization"},"image":{"@id":"https:\/\/www.aribau.es\/scala-dei-prior-de-cellers-scala-dei\/#primaryimage"},"thumbnailUrl":"https:\/\/www.aribau.es\/wp-content\/uploads\/2020\/02\/scala-dei-prior-aribau.jpg","keywords":["Cellers Scala Dei","DOQ Priorat","Vino tinto"],"articleSection":["Noticias"],"inLanguage":"ca"},{"@type":"WebPage","@id":"https:\/\/www.aribau.es\/scala-dei-prior-de-cellers-scala-dei\/","url":"https:\/\/www.aribau.es\/scala-dei-prior-de-cellers-scala-dei\/","name":"\u2018SCALA DEI PRIOR', DE CELLERS SCALA DEI - Aribau","isPartOf":{"@id":"https:\/\/www.aribau.es\/#website"},"primaryImageOfPage":{"@id":"https:\/\/www.aribau.es\/scala-dei-prior-de-cellers-scala-dei\/#primaryimage"},"image":{"@id":"https:\/\/www.aribau.es\/scala-dei-prior-de-cellers-scala-dei\/#primaryimage"},"thumbnailUrl":"https:\/\/www.aribau.es\/wp-content\/uploads\/2020\/02\/scala-dei-prior-aribau.jpg","datePublished":"2020-02-27T11:58:51+00:00","dateModified":"2021-04-23T09:59:43+00:00","breadcrumb":{"@id":"https:\/\/www.aribau.es\/scala-dei-prior-de-cellers-scala-dei\/#breadcrumb"},"inLanguage":"ca","potentialAction":[{"@type":"ReadAction","target":["https:\/\/www.aribau.es\/scala-dei-prior-de-cellers-scala-dei\/"]}]},{"@type":"ImageObject","inLanguage":"ca","@id":"https:\/\/www.aribau.es\/scala-dei-prior-de-cellers-scala-dei\/#primaryimage","url":"https:\/\/www.aribau.es\/wp-content\/uploads\/2020\/02\/scala-dei-prior-aribau.jpg","contentUrl":"https:\/\/www.aribau.es\/wp-content\/uploads\/2020\/02\/scala-dei-prior-aribau.jpg","width":800,"height":222},{"@type":"BreadcrumbList","@id":"https:\/\/www.aribau.es\/scala-dei-prior-de-cellers-scala-dei\/#breadcrumb","itemListElement":[{"@type":"ListItem","position":1,"name":"Portada","item":"https:\/\/www.aribau.es\/"},{"@type":"ListItem","position":2,"name":"\u2018SCALA DEI PRIOR&#8217;, DE CELLERS SCALA DEI"}]},{"@type":"WebSite","@id":"https:\/\/www.aribau.es\/#website","url":"https:\/\/www.aribau.es\/","name":"Aribau","description":"VINOS Y BODEGAS","publisher":{"@id":"https:\/\/www.aribau.es\/#organization"},"potentialAction":[{"@type":"SearchAction","target":{"@type":"EntryPoint","urlTemplate":"https:\/\/www.aribau.es\/?s={search_term_string}"},"query-input":{"@type":"PropertyValueSpecification","valueRequired":true,"valueName":"search_term_string"}}],"inLanguage":"ca"},{"@type":"Organization","@id":"https:\/\/www.aribau.es\/#organization","name":"Aribau","url":"https:\/\/www.aribau.es\/","logo":{"@type":"ImageObject","inLanguage":"ca","@id":"https:\/\/www.aribau.es\/#\/schema\/logo\/image\/","url":"https:\/\/www.aribau.es\/wp-content\/uploads\/2022\/03\/logo.png","contentUrl":"https:\/\/www.aribau.es\/wp-content\/uploads\/2022\/03\/logo.png","width":300,"height":300,"caption":"Aribau"},"image":{"@id":"https:\/\/www.aribau.es\/#\/schema\/logo\/image\/"},"sameAs":["https:\/\/www.facebook.com\/aribau1964\/","https:\/\/x.com\/aribau1964","https:\/\/www.instagram.com\/aribau1964\/"]},{"@type":"Person","@id":"https:\/\/www.aribau.es\/#\/schema\/person\/77a976898b3c705ed016499633f4ffd0","name":"aribau","image":{"@type":"ImageObject","inLanguage":"ca","@id":"https:\/\/www.aribau.es\/#\/schema\/person\/image\/","url":"https:\/\/secure.gravatar.com\/avatar\/6690491f832d5b32aa9482b978c9464816810fbff0f6658034a34c9d9657b94e?s=96&d=mm&r=g","contentUrl":"https:\/\/secure.gravatar.com\/avatar\/6690491f832d5b32aa9482b978c9464816810fbff0f6658034a34c9d9657b94e?s=96&d=mm&r=g","caption":"aribau"},"url":"https:\/\/www.aribau.es\/ca\/author\/aribau\/"}]}},"_links":{"self":[{"href":"https:\/\/www.aribau.es\/ca\/wp-json\/wp\/v2\/posts\/6769","targetHints":{"allow":["GET"]}}],"collection":[{"href":"https:\/\/www.aribau.es\/ca\/wp-json\/wp\/v2\/posts"}],"about":[{"href":"https:\/\/www.aribau.es\/ca\/wp-json\/wp\/v2\/types\/post"}],"author":[{"embeddable":true,"href":"https:\/\/www.aribau.es\/ca\/wp-json\/wp\/v2\/users\/3"}],"replies":[{"embeddable":true,"href":"https:\/\/www.aribau.es\/ca\/wp-json\/wp\/v2\/comments?post=6769"}],"version-history":[{"count":5,"href":"https:\/\/www.aribau.es\/ca\/wp-json\/wp\/v2\/posts\/6769\/revisions"}],"predecessor-version":[{"id":9935,"href":"https:\/\/www.aribau.es\/ca\/wp-json\/wp\/v2\/posts\/6769\/revisions\/9935"}],"wp:featuredmedia":[{"embeddable":true,"href":"https:\/\/www.aribau.es\/ca\/wp-json\/wp\/v2\/media\/6771"}],"wp:attachment":[{"href":"https:\/\/www.aribau.es\/ca\/wp-json\/wp\/v2\/media?parent=6769"}],"wp:term":[{"taxonomy":"category","embeddable":true,"href":"https:\/\/www.aribau.es\/ca\/wp-json\/wp\/v2\/categories?post=6769"},{"taxonomy":"post_tag","embeddable":true,"href":"https:\/\/www.aribau.es\/ca\/wp-json\/wp\/v2\/tags?post=6769"}],"curies":[{"name":"wp","href":"https:\/\/api.w.org\/{rel}","templated":true}]}}