{"id":6781,"date":"2020-03-12T11:16:51","date_gmt":"2020-03-12T10:16:51","guid":{"rendered":"https:\/\/www.aribau.es\/?p=6781"},"modified":"2021-04-23T10:57:43","modified_gmt":"2021-04-23T09:57:43","slug":"bodegas-valdaya-una-historia-de-vuelta-a-las-raices","status":"publish","type":"post","link":"https:\/\/www.aribau.es\/ca\/bodegas-valdaya-una-historia-de-vuelta-a-las-raices\/","title":{"rendered":"BODEGAS VALDAYA, UNA HIST\u00d2RIA DE TORNADA A LES ARRELS"},"content":{"rendered":"<p>La historia de <strong><a href=\"http:\/\/www.valdaya.com\/es\/\" target=\"_blank\" rel=\"noopener\">Bodegas Valdaya<\/a><\/strong> es una historia familiar de vuelta a las ra\u00edces. Elena, la madre de M\u00edriam, actual propietaria de la bodega, naci\u00f3 en una familia de viticultores de Sotillo de la Ribera (Burgos), en plena zona productora de vino de la Ribera del Duero. Despu\u00e9s de casarse con Joaqu\u00edn, natural de Barcelona, dej\u00f3 su pueblo natal para trasladarse a Catalu\u00f1a. All\u00ed se labraron un exitoso futuro profesional que les proporcion\u00f3 el bienestar necesario para, pasados los a\u00f1os, montar un negocio en el pueblo natal de Elena: una bodega.<\/p>\n<p><!--more--><\/p>\n<p>Los primeros a\u00f1os no fueron f\u00e1ciles, y si no hubiera sido por el esfuerzo y el tes\u00f3n familiar, posiblemente la bodega no habr\u00eda salido adelante. Pero en 2013, Bodegas Valdaya fichaba a dos j\u00f3venes que dar\u00edan al negocio el giro necesario para cambiar el rumbo de la bodega: Marta Ramas y Miguel Fisac, dos en\u00f3logos que tras haber estudiado juntos en Burdeos y trabajado en diferentes zonas productoras del mundo como Napa Valley o Sud\u00e1frica, decidieron volver a su tierra, la Ribera del Duero, para poner en pr\u00e1ctica los conocimientos adquiridos alrededor del mundo.<\/p>\n<p>Marta y Miguel pusieron en marcha una nueva forma de trabajar en Valdaya, pasando del volumen y la mecanizaci\u00f3n del proceso, al trabajo manual y las micro fermentaciones en barricas usadas. Todo con un objetivo claro: a partir de cada parcela vit\u00edcola har\u00edan nueve barricas de vino, manteniendo as\u00ed la identidad de cada parcela.<\/p>\n<p>Despu\u00e9s de mucho esfuerzo y trabajo, el resultado fueron producciones limitadas de vinos de gran calidad y alta gama: <strong><em>Valdaya<\/em><\/strong> y <strong><em>Valdaya Mirum<\/em><\/strong>.<\/p>\n<p><strong><em><a href=\"https:\/\/www.aribau.es\/wp-content\/uploads\/2020\/03\/valdaya-aribau.jpg\"><img decoding=\"async\" class=\"alignleft size-medium wp-image-6783\" src=\"https:\/\/www.aribau.es\/wp-content\/uploads\/2020\/03\/valdaya-aribau-154x300.jpg\" alt=\"\" width=\"154\" height=\"300\" srcset=\"https:\/\/www.aribau.es\/wp-content\/uploads\/2020\/03\/valdaya-aribau-154x300.jpg 154w, https:\/\/www.aribau.es\/wp-content\/uploads\/2020\/03\/valdaya-aribau-524x1024.jpg 524w, https:\/\/www.aribau.es\/wp-content\/uploads\/2020\/03\/valdaya-aribau.jpg 614w\" sizes=\"(max-width: 154px) 100vw, 154px\" \/><\/a>Valdaya 2017<\/em><\/strong><\/p>\n<p>Este 100% Tinta Fina (Tempranillo) es un vino tinto con 15 meses de crianza y del que se han elaborado 12.000 botellas y 700 magnums. De color rojo burdeos intenso y brillante, es un vino de gran complejidad, con aromas intensos a frutos del bosque que dan paso a recuerdos bals\u00e1micos de monte bajo, violetas y un toque final ahumado. De entrada amable, es un vino de gran estructura y mineralidad, y un paladar que despierta los sentidos.<\/p>\n<p>Y a la hora de maridarlo, como buen Ribera del Duero, es perfecto para acompa\u00f1ar carnes. As\u00ed que, si este fin de semana ten\u00e9is alguna barbacoa en familia o con amigos, no lo dud\u00e9is: Valdaya es apuesta segura.<\/p>","protected":false},"excerpt":{"rendered":"<p>La historia de Bodegas Valdaya es una historia familiar de vuelta a las ra\u00edces. Elena, la madre de M\u00edriam, actual propietaria de la bodega, naci\u00f3 en una familia de viticultores de Sotillo de la Ribera (Burgos), en plena zona productora de vino de la Ribera del Duero. Despu\u00e9s de casarse con Joaqu\u00edn, natural de Barcelona, &#8230; <a title=\"BODEGAS VALDAYA, UNA HIST\u00d2RIA DE TORNADA A LES ARRELS\" class=\"read-more\" href=\"https:\/\/www.aribau.es\/ca\/bodegas-valdaya-una-historia-de-vuelta-a-las-raices\/\" aria-label=\"M\u00e9s informaci\u00f3 sobre BODEGAS VALDAYA, UNA HISTORIA DE VUELTA A LAS RA\u00cdCES\">Llegiu m\u00e9s<\/a><\/p>","protected":false},"author":3,"featured_media":6782,"comment_status":"closed","ping_status":"closed","sticky":false,"template":"","format":"standard","meta":{"footnotes":""},"categories":[406],"tags":[582,324],"class_list":["post-6781","post","type-post","status-publish","format-standard","has-post-thumbnail","hentry","category-noticias","tag-bodegas-valdaya","tag-do-ribera-del-duero"],"yoast_head":"<!-- This site is optimized with the Yoast SEO plugin v26.7 - https:\/\/yoast.com\/wordpress\/plugins\/seo\/ -->\n<title>BODEGAS VALDAYA, UNA HISTORIA DE VUELTA A LAS RA\u00cdCES - Aribau<\/title>\n<meta name=\"robots\" content=\"index, follow, max-snippet:-1, max-image-preview:large, max-video-preview:-1\" \/>\n<link rel=\"canonical\" href=\"https:\/\/www.aribau.es\/ca\/bodegas-valdaya-una-historia-de-vuelta-a-las-raices\/\" \/>\n<meta property=\"og:locale\" content=\"ca_ES\" \/>\n<meta property=\"og:type\" content=\"article\" \/>\n<meta property=\"og:title\" content=\"BODEGAS VALDAYA, UNA HISTORIA DE VUELTA A LAS RA\u00cdCES - Aribau\" \/>\n<meta property=\"og:description\" content=\"La historia de Bodegas Valdaya es una historia familiar de vuelta a las ra\u00edces. Elena, la madre de M\u00edriam, actual propietaria de la bodega, naci\u00f3 en una familia de viticultores de Sotillo de la Ribera (Burgos), en plena zona productora de vino de la Ribera del Duero. Despu\u00e9s de casarse con Joaqu\u00edn, natural de Barcelona, ... Llegiu m\u00e9s\" \/>\n<meta property=\"og:url\" content=\"https:\/\/www.aribau.es\/ca\/bodegas-valdaya-una-historia-de-vuelta-a-las-raices\/\" \/>\n<meta property=\"og:site_name\" content=\"Aribau\" \/>\n<meta property=\"article:publisher\" content=\"https:\/\/www.facebook.com\/aribau1964\/\" \/>\n<meta property=\"article:published_time\" content=\"2020-03-12T10:16:51+00:00\" \/>\n<meta property=\"article:modified_time\" content=\"2021-04-23T09:57:43+00:00\" \/>\n<meta property=\"og:image\" content=\"https:\/\/www.aribau.es\/wp-content\/uploads\/2020\/03\/valdaya-aribau-02.jpg\" \/>\n\t<meta property=\"og:image:width\" content=\"800\" \/>\n\t<meta property=\"og:image:height\" content=\"532\" \/>\n\t<meta property=\"og:image:type\" content=\"image\/jpeg\" \/>\n<meta name=\"author\" content=\"aribau\" \/>\n<meta name=\"twitter:card\" content=\"summary_large_image\" \/>\n<meta name=\"twitter:creator\" content=\"@aribau1964\" \/>\n<meta name=\"twitter:site\" content=\"@aribau1964\" \/>\n<meta name=\"twitter:label1\" content=\"Escrit per\" \/>\n\t<meta name=\"twitter:data1\" content=\"aribau\" \/>\n\t<meta name=\"twitter:label2\" content=\"Temps estimat de lectura\" \/>\n\t<meta name=\"twitter:data2\" content=\"2 minuts\" \/>\n<script type=\"application\/ld+json\" class=\"yoast-schema-graph\">{\"@context\":\"https:\/\/schema.org\",\"@graph\":[{\"@type\":\"Article\",\"@id\":\"https:\/\/www.aribau.es\/bodegas-valdaya-una-historia-de-vuelta-a-las-raices\/#article\",\"isPartOf\":{\"@id\":\"https:\/\/www.aribau.es\/bodegas-valdaya-una-historia-de-vuelta-a-las-raices\/\"},\"author\":{\"name\":\"aribau\",\"@id\":\"https:\/\/www.aribau.es\/#\/schema\/person\/77a976898b3c705ed016499633f4ffd0\"},\"headline\":\"BODEGAS VALDAYA, UNA HISTORIA DE VUELTA A LAS RA\u00cdCES\",\"datePublished\":\"2020-03-12T10:16:51+00:00\",\"dateModified\":\"2021-04-23T09:57:43+00:00\",\"mainEntityOfPage\":{\"@id\":\"https:\/\/www.aribau.es\/bodegas-valdaya-una-historia-de-vuelta-a-las-raices\/\"},\"wordCount\":407,\"publisher\":{\"@id\":\"https:\/\/www.aribau.es\/#organization\"},\"image\":{\"@id\":\"https:\/\/www.aribau.es\/bodegas-valdaya-una-historia-de-vuelta-a-las-raices\/#primaryimage\"},\"thumbnailUrl\":\"https:\/\/www.aribau.es\/wp-content\/uploads\/2020\/03\/valdaya-aribau-02.jpg\",\"keywords\":[\"Bodegas Valdaya\",\"DO Ribera del Duero\"],\"articleSection\":[\"Noticias\"],\"inLanguage\":\"ca\"},{\"@type\":\"WebPage\",\"@id\":\"https:\/\/www.aribau.es\/bodegas-valdaya-una-historia-de-vuelta-a-las-raices\/\",\"url\":\"https:\/\/www.aribau.es\/bodegas-valdaya-una-historia-de-vuelta-a-las-raices\/\",\"name\":\"BODEGAS VALDAYA, UNA HISTORIA DE VUELTA A LAS RA\u00cdCES - Aribau\",\"isPartOf\":{\"@id\":\"https:\/\/www.aribau.es\/#website\"},\"primaryImageOfPage\":{\"@id\":\"https:\/\/www.aribau.es\/bodegas-valdaya-una-historia-de-vuelta-a-las-raices\/#primaryimage\"},\"image\":{\"@id\":\"https:\/\/www.aribau.es\/bodegas-valdaya-una-historia-de-vuelta-a-las-raices\/#primaryimage\"},\"thumbnailUrl\":\"https:\/\/www.aribau.es\/wp-content\/uploads\/2020\/03\/valdaya-aribau-02.jpg\",\"datePublished\":\"2020-03-12T10:16:51+00:00\",\"dateModified\":\"2021-04-23T09:57:43+00:00\",\"breadcrumb\":{\"@id\":\"https:\/\/www.aribau.es\/bodegas-valdaya-una-historia-de-vuelta-a-las-raices\/#breadcrumb\"},\"inLanguage\":\"ca\",\"potentialAction\":[{\"@type\":\"ReadAction\",\"target\":[\"https:\/\/www.aribau.es\/bodegas-valdaya-una-historia-de-vuelta-a-las-raices\/\"]}]},{\"@type\":\"ImageObject\",\"inLanguage\":\"ca\",\"@id\":\"https:\/\/www.aribau.es\/bodegas-valdaya-una-historia-de-vuelta-a-las-raices\/#primaryimage\",\"url\":\"https:\/\/www.aribau.es\/wp-content\/uploads\/2020\/03\/valdaya-aribau-02.jpg\",\"contentUrl\":\"https:\/\/www.aribau.es\/wp-content\/uploads\/2020\/03\/valdaya-aribau-02.jpg\",\"width\":800,\"height\":532},{\"@type\":\"BreadcrumbList\",\"@id\":\"https:\/\/www.aribau.es\/bodegas-valdaya-una-historia-de-vuelta-a-las-raices\/#breadcrumb\",\"itemListElement\":[{\"@type\":\"ListItem\",\"position\":1,\"name\":\"Portada\",\"item\":\"https:\/\/www.aribau.es\/\"},{\"@type\":\"ListItem\",\"position\":2,\"name\":\"BODEGAS VALDAYA, UNA HISTORIA DE VUELTA A LAS RA\u00cdCES\"}]},{\"@type\":\"WebSite\",\"@id\":\"https:\/\/www.aribau.es\/#website\",\"url\":\"https:\/\/www.aribau.es\/\",\"name\":\"Aribau\",\"description\":\"VINOS Y BODEGAS\",\"publisher\":{\"@id\":\"https:\/\/www.aribau.es\/#organization\"},\"potentialAction\":[{\"@type\":\"SearchAction\",\"target\":{\"@type\":\"EntryPoint\",\"urlTemplate\":\"https:\/\/www.aribau.es\/?s={search_term_string}\"},\"query-input\":{\"@type\":\"PropertyValueSpecification\",\"valueRequired\":true,\"valueName\":\"search_term_string\"}}],\"inLanguage\":\"ca\"},{\"@type\":\"Organization\",\"@id\":\"https:\/\/www.aribau.es\/#organization\",\"name\":\"Aribau\",\"url\":\"https:\/\/www.aribau.es\/\",\"logo\":{\"@type\":\"ImageObject\",\"inLanguage\":\"ca\",\"@id\":\"https:\/\/www.aribau.es\/#\/schema\/logo\/image\/\",\"url\":\"https:\/\/www.aribau.es\/wp-content\/uploads\/2022\/03\/logo.png\",\"contentUrl\":\"https:\/\/www.aribau.es\/wp-content\/uploads\/2022\/03\/logo.png\",\"width\":300,\"height\":300,\"caption\":\"Aribau\"},\"image\":{\"@id\":\"https:\/\/www.aribau.es\/#\/schema\/logo\/image\/\"},\"sameAs\":[\"https:\/\/www.facebook.com\/aribau1964\/\",\"https:\/\/x.com\/aribau1964\",\"https:\/\/www.instagram.com\/aribau1964\/\"]},{\"@type\":\"Person\",\"@id\":\"https:\/\/www.aribau.es\/#\/schema\/person\/77a976898b3c705ed016499633f4ffd0\",\"name\":\"aribau\",\"image\":{\"@type\":\"ImageObject\",\"inLanguage\":\"ca\",\"@id\":\"https:\/\/www.aribau.es\/#\/schema\/person\/image\/\",\"url\":\"https:\/\/secure.gravatar.com\/avatar\/6690491f832d5b32aa9482b978c9464816810fbff0f6658034a34c9d9657b94e?s=96&d=mm&r=g\",\"contentUrl\":\"https:\/\/secure.gravatar.com\/avatar\/6690491f832d5b32aa9482b978c9464816810fbff0f6658034a34c9d9657b94e?s=96&d=mm&r=g\",\"caption\":\"aribau\"},\"url\":\"https:\/\/www.aribau.es\/ca\/author\/aribau\/\"}]}<\/script>\n<!-- \/ Yoast SEO plugin. -->","yoast_head_json":{"title":"BODEGAS VALDAYA, UNA HISTORIA DE VUELTA A LAS RA\u00cdCES - Aribau","robots":{"index":"index","follow":"follow","max-snippet":"max-snippet:-1","max-image-preview":"max-image-preview:large","max-video-preview":"max-video-preview:-1"},"canonical":"https:\/\/www.aribau.es\/ca\/bodegas-valdaya-una-historia-de-vuelta-a-las-raices\/","og_locale":"ca_ES","og_type":"article","og_title":"BODEGAS VALDAYA, UNA HISTORIA DE VUELTA A LAS RA\u00cdCES - Aribau","og_description":"La historia de Bodegas Valdaya es una historia familiar de vuelta a las ra\u00edces. Elena, la madre de M\u00edriam, actual propietaria de la bodega, naci\u00f3 en una familia de viticultores de Sotillo de la Ribera (Burgos), en plena zona productora de vino de la Ribera del Duero. Despu\u00e9s de casarse con Joaqu\u00edn, natural de Barcelona, ... Llegiu m\u00e9s","og_url":"https:\/\/www.aribau.es\/ca\/bodegas-valdaya-una-historia-de-vuelta-a-las-raices\/","og_site_name":"Aribau","article_publisher":"https:\/\/www.facebook.com\/aribau1964\/","article_published_time":"2020-03-12T10:16:51+00:00","article_modified_time":"2021-04-23T09:57:43+00:00","og_image":[{"width":800,"height":532,"url":"https:\/\/www.aribau.es\/wp-content\/uploads\/2020\/03\/valdaya-aribau-02.jpg","type":"image\/jpeg"}],"author":"aribau","twitter_card":"summary_large_image","twitter_creator":"@aribau1964","twitter_site":"@aribau1964","twitter_misc":{"Escrit per":"aribau","Temps estimat de lectura":"2 minuts"},"schema":{"@context":"https:\/\/schema.org","@graph":[{"@type":"Article","@id":"https:\/\/www.aribau.es\/bodegas-valdaya-una-historia-de-vuelta-a-las-raices\/#article","isPartOf":{"@id":"https:\/\/www.aribau.es\/bodegas-valdaya-una-historia-de-vuelta-a-las-raices\/"},"author":{"name":"aribau","@id":"https:\/\/www.aribau.es\/#\/schema\/person\/77a976898b3c705ed016499633f4ffd0"},"headline":"BODEGAS VALDAYA, UNA HISTORIA DE VUELTA A LAS RA\u00cdCES","datePublished":"2020-03-12T10:16:51+00:00","dateModified":"2021-04-23T09:57:43+00:00","mainEntityOfPage":{"@id":"https:\/\/www.aribau.es\/bodegas-valdaya-una-historia-de-vuelta-a-las-raices\/"},"wordCount":407,"publisher":{"@id":"https:\/\/www.aribau.es\/#organization"},"image":{"@id":"https:\/\/www.aribau.es\/bodegas-valdaya-una-historia-de-vuelta-a-las-raices\/#primaryimage"},"thumbnailUrl":"https:\/\/www.aribau.es\/wp-content\/uploads\/2020\/03\/valdaya-aribau-02.jpg","keywords":["Bodegas Valdaya","DO Ribera del Duero"],"articleSection":["Noticias"],"inLanguage":"ca"},{"@type":"WebPage","@id":"https:\/\/www.aribau.es\/bodegas-valdaya-una-historia-de-vuelta-a-las-raices\/","url":"https:\/\/www.aribau.es\/bodegas-valdaya-una-historia-de-vuelta-a-las-raices\/","name":"BODEGAS VALDAYA, UNA HISTORIA DE VUELTA A LAS RA\u00cdCES - Aribau","isPartOf":{"@id":"https:\/\/www.aribau.es\/#website"},"primaryImageOfPage":{"@id":"https:\/\/www.aribau.es\/bodegas-valdaya-una-historia-de-vuelta-a-las-raices\/#primaryimage"},"image":{"@id":"https:\/\/www.aribau.es\/bodegas-valdaya-una-historia-de-vuelta-a-las-raices\/#primaryimage"},"thumbnailUrl":"https:\/\/www.aribau.es\/wp-content\/uploads\/2020\/03\/valdaya-aribau-02.jpg","datePublished":"2020-03-12T10:16:51+00:00","dateModified":"2021-04-23T09:57:43+00:00","breadcrumb":{"@id":"https:\/\/www.aribau.es\/bodegas-valdaya-una-historia-de-vuelta-a-las-raices\/#breadcrumb"},"inLanguage":"ca","potentialAction":[{"@type":"ReadAction","target":["https:\/\/www.aribau.es\/bodegas-valdaya-una-historia-de-vuelta-a-las-raices\/"]}]},{"@type":"ImageObject","inLanguage":"ca","@id":"https:\/\/www.aribau.es\/bodegas-valdaya-una-historia-de-vuelta-a-las-raices\/#primaryimage","url":"https:\/\/www.aribau.es\/wp-content\/uploads\/2020\/03\/valdaya-aribau-02.jpg","contentUrl":"https:\/\/www.aribau.es\/wp-content\/uploads\/2020\/03\/valdaya-aribau-02.jpg","width":800,"height":532},{"@type":"BreadcrumbList","@id":"https:\/\/www.aribau.es\/bodegas-valdaya-una-historia-de-vuelta-a-las-raices\/#breadcrumb","itemListElement":[{"@type":"ListItem","position":1,"name":"Portada","item":"https:\/\/www.aribau.es\/"},{"@type":"ListItem","position":2,"name":"BODEGAS VALDAYA, UNA HISTORIA DE VUELTA A LAS RA\u00cdCES"}]},{"@type":"WebSite","@id":"https:\/\/www.aribau.es\/#website","url":"https:\/\/www.aribau.es\/","name":"Aribau","description":"VINOS Y BODEGAS","publisher":{"@id":"https:\/\/www.aribau.es\/#organization"},"potentialAction":[{"@type":"SearchAction","target":{"@type":"EntryPoint","urlTemplate":"https:\/\/www.aribau.es\/?s={search_term_string}"},"query-input":{"@type":"PropertyValueSpecification","valueRequired":true,"valueName":"search_term_string"}}],"inLanguage":"ca"},{"@type":"Organization","@id":"https:\/\/www.aribau.es\/#organization","name":"Aribau","url":"https:\/\/www.aribau.es\/","logo":{"@type":"ImageObject","inLanguage":"ca","@id":"https:\/\/www.aribau.es\/#\/schema\/logo\/image\/","url":"https:\/\/www.aribau.es\/wp-content\/uploads\/2022\/03\/logo.png","contentUrl":"https:\/\/www.aribau.es\/wp-content\/uploads\/2022\/03\/logo.png","width":300,"height":300,"caption":"Aribau"},"image":{"@id":"https:\/\/www.aribau.es\/#\/schema\/logo\/image\/"},"sameAs":["https:\/\/www.facebook.com\/aribau1964\/","https:\/\/x.com\/aribau1964","https:\/\/www.instagram.com\/aribau1964\/"]},{"@type":"Person","@id":"https:\/\/www.aribau.es\/#\/schema\/person\/77a976898b3c705ed016499633f4ffd0","name":"aribau","image":{"@type":"ImageObject","inLanguage":"ca","@id":"https:\/\/www.aribau.es\/#\/schema\/person\/image\/","url":"https:\/\/secure.gravatar.com\/avatar\/6690491f832d5b32aa9482b978c9464816810fbff0f6658034a34c9d9657b94e?s=96&d=mm&r=g","contentUrl":"https:\/\/secure.gravatar.com\/avatar\/6690491f832d5b32aa9482b978c9464816810fbff0f6658034a34c9d9657b94e?s=96&d=mm&r=g","caption":"aribau"},"url":"https:\/\/www.aribau.es\/ca\/author\/aribau\/"}]}},"_links":{"self":[{"href":"https:\/\/www.aribau.es\/ca\/wp-json\/wp\/v2\/posts\/6781","targetHints":{"allow":["GET"]}}],"collection":[{"href":"https:\/\/www.aribau.es\/ca\/wp-json\/wp\/v2\/posts"}],"about":[{"href":"https:\/\/www.aribau.es\/ca\/wp-json\/wp\/v2\/types\/post"}],"author":[{"embeddable":true,"href":"https:\/\/www.aribau.es\/ca\/wp-json\/wp\/v2\/users\/3"}],"replies":[{"embeddable":true,"href":"https:\/\/www.aribau.es\/ca\/wp-json\/wp\/v2\/comments?post=6781"}],"version-history":[{"count":5,"href":"https:\/\/www.aribau.es\/ca\/wp-json\/wp\/v2\/posts\/6781\/revisions"}],"predecessor-version":[{"id":9931,"href":"https:\/\/www.aribau.es\/ca\/wp-json\/wp\/v2\/posts\/6781\/revisions\/9931"}],"wp:featuredmedia":[{"embeddable":true,"href":"https:\/\/www.aribau.es\/ca\/wp-json\/wp\/v2\/media\/6782"}],"wp:attachment":[{"href":"https:\/\/www.aribau.es\/ca\/wp-json\/wp\/v2\/media?parent=6781"}],"wp:term":[{"taxonomy":"category","embeddable":true,"href":"https:\/\/www.aribau.es\/ca\/wp-json\/wp\/v2\/categories?post=6781"},{"taxonomy":"post_tag","embeddable":true,"href":"https:\/\/www.aribau.es\/ca\/wp-json\/wp\/v2\/tags?post=6781"}],"curies":[{"name":"wp","href":"https:\/\/api.w.org\/{rel}","templated":true}]}}