{"id":6797,"date":"2020-03-19T10:01:48","date_gmt":"2020-03-19T09:01:48","guid":{"rendered":"https:\/\/www.aribau.es\/?p=6797"},"modified":"2021-04-22T17:24:31","modified_gmt":"2021-04-22T16:24:31","slug":"cuando-la-rutina-deja-de-ser-lo-normal","status":"publish","type":"post","link":"https:\/\/www.aribau.es\/ca\/cuando-la-rutina-deja-de-ser-lo-normal\/","title":{"rendered":"QUAN LA RUTINA DEIXA DE SER EL NORMAL"},"content":{"rendered":"<p>Estamos viviendo d\u00edas raros. A estas alturas esto es ya algo m\u00e1s que evidente. Las tiendas est\u00e1n cerradas, los bares y restaurantes que dan vida a nuestras calles han echado la persiana, no hay gente por la calle y hemos llegado a hacer realidad eso del teletrabajo que, hasta hace solo unos d\u00edas, parec\u00eda algo imposible de poner en pr\u00e1ctica.<\/p>\n<p><!--more--><\/p>\n<p>Nuestras rutinas han dado un giro de 180\u00ba, y aquello que antes nos supon\u00eda algo agotador y hasta aburrido por ser nuestro d\u00eda a d\u00eda, ha pasado a ser algo tremendamente deseado. La rutina. A todos nos encantar\u00eda en estos momentos recuperar la ahora tan ansiada rutina.<\/p>\n<p>Pero la realidad es que esta tardar\u00e1 en volver a nuestras vidas, y todos debemos acostumbrarnos a esta nueva situaci\u00f3n, al menos, durante el tiempo que las autoridades han marcado como Estado de alerta.<\/p>\n<p>Sin embargo, y a pesar de todo, desde Aribau queremos sumarnos a toda esa oleada de optimismo que recorre cada tarde nuestras calles en forma de aplausos que se alargan durante minutos y minutos. Tambi\u00e9n nosotros queremos enviar un BRAVO bien alto a todos los que est\u00e1n trabajando estos d\u00edas para garantizar nuestra atenci\u00f3n m\u00e9dica, nuestra protecci\u00f3n y nuestra seguridad. Gracias a todos, de coraz\u00f3n.<\/p>\n<p>De igual manera, queremos enviar desde aqu\u00ed nuestro sentimiento de solidaridad a todos los damnificados de esta emergencia sanitaria y enviarles todo nuestro \u00e1nimo y cari\u00f1o en estos duros momentos.<\/p>\n<p>Y es que estamos convencidos que, gracias a la solidaridad, as\u00ed como a trav\u00e9s del esfuerzo colectivo y la responsabilidad social, conseguiremos dejar atr\u00e1s esta situaci\u00f3n m\u00e1s pronto que tarde y, adem\u00e1s, salir reforzados de ella.<\/p>\n<p>Son las situaciones dif\u00edciles las que nos ponen a prueba como sociedad. Y ahora, todos debemos dar la talla para paliar los da\u00f1os de esta situaci\u00f3n tan excepcional que nos ha tocado vivir.<\/p>\n<p><strong>#yomequedoencasa #joemquedoacasa <\/strong><\/p>","protected":false},"excerpt":{"rendered":"<p>Estamos viviendo d\u00edas raros. A estas alturas esto es ya algo m\u00e1s que evidente. Las tiendas est\u00e1n cerradas, los bares y restaurantes que dan vida a nuestras calles han echado la persiana, no hay gente por la calle y hemos llegado a hacer realidad eso del teletrabajo que, hasta hace solo unos d\u00edas, parec\u00eda algo &#8230; <a title=\"QUAN LA RUTINA DEIXA DE SER EL NORMAL\" class=\"read-more\" href=\"https:\/\/www.aribau.es\/ca\/cuando-la-rutina-deja-de-ser-lo-normal\/\" aria-label=\"M\u00e9s informaci\u00f3 sobre CUANDO LA RUTINA DEJA DE SER LO NORMAL\">Llegiu m\u00e9s<\/a><\/p>","protected":false},"author":3,"featured_media":6798,"comment_status":"closed","ping_status":"closed","sticky":false,"template":"","format":"standard","meta":{"footnotes":""},"categories":[406],"tags":[305],"class_list":["post-6797","post","type-post","status-publish","format-standard","has-post-thumbnail","hentry","category-noticias","tag-aribau"],"yoast_head":"<!-- This site is optimized with the Yoast SEO plugin v26.7 - https:\/\/yoast.com\/wordpress\/plugins\/seo\/ -->\n<title>CUANDO LA RUTINA DEJA DE SER LO NORMAL - Aribau<\/title>\n<meta name=\"robots\" content=\"index, follow, max-snippet:-1, max-image-preview:large, max-video-preview:-1\" \/>\n<link rel=\"canonical\" href=\"https:\/\/www.aribau.es\/ca\/cuando-la-rutina-deja-de-ser-lo-normal\/\" \/>\n<meta property=\"og:locale\" content=\"ca_ES\" \/>\n<meta property=\"og:type\" content=\"article\" \/>\n<meta property=\"og:title\" content=\"CUANDO LA RUTINA DEJA DE SER LO NORMAL - Aribau\" \/>\n<meta property=\"og:description\" content=\"Estamos viviendo d\u00edas raros. A estas alturas esto es ya algo m\u00e1s que evidente. Las tiendas est\u00e1n cerradas, los bares y restaurantes que dan vida a nuestras calles han echado la persiana, no hay gente por la calle y hemos llegado a hacer realidad eso del teletrabajo que, hasta hace solo unos d\u00edas, parec\u00eda algo ... Llegiu m\u00e9s\" \/>\n<meta property=\"og:url\" content=\"https:\/\/www.aribau.es\/ca\/cuando-la-rutina-deja-de-ser-lo-normal\/\" \/>\n<meta property=\"og:site_name\" content=\"Aribau\" \/>\n<meta property=\"article:publisher\" content=\"https:\/\/www.facebook.com\/aribau1964\/\" \/>\n<meta property=\"article:published_time\" content=\"2020-03-19T09:01:48+00:00\" \/>\n<meta property=\"article:modified_time\" content=\"2021-04-22T16:24:31+00:00\" \/>\n<meta property=\"og:image\" content=\"https:\/\/www.aribau.es\/wp-content\/uploads\/2020\/03\/aribau-yomequedoencasa.png\" \/>\n\t<meta property=\"og:image:width\" content=\"940\" \/>\n\t<meta property=\"og:image:height\" content=\"788\" \/>\n\t<meta property=\"og:image:type\" content=\"image\/png\" \/>\n<meta name=\"author\" content=\"aribau\" \/>\n<meta name=\"twitter:card\" content=\"summary_large_image\" \/>\n<meta name=\"twitter:creator\" content=\"@aribau1964\" \/>\n<meta name=\"twitter:site\" content=\"@aribau1964\" \/>\n<meta name=\"twitter:label1\" content=\"Escrit per\" \/>\n\t<meta name=\"twitter:data1\" content=\"aribau\" \/>\n\t<meta name=\"twitter:label2\" content=\"Temps estimat de lectura\" \/>\n\t<meta name=\"twitter:data2\" content=\"2 minuts\" \/>\n<script type=\"application\/ld+json\" class=\"yoast-schema-graph\">{\"@context\":\"https:\/\/schema.org\",\"@graph\":[{\"@type\":\"Article\",\"@id\":\"https:\/\/www.aribau.es\/cuando-la-rutina-deja-de-ser-lo-normal\/#article\",\"isPartOf\":{\"@id\":\"https:\/\/www.aribau.es\/cuando-la-rutina-deja-de-ser-lo-normal\/\"},\"author\":{\"name\":\"aribau\",\"@id\":\"https:\/\/www.aribau.es\/#\/schema\/person\/77a976898b3c705ed016499633f4ffd0\"},\"headline\":\"CUANDO LA RUTINA DEJA DE SER LO NORMAL\",\"datePublished\":\"2020-03-19T09:01:48+00:00\",\"dateModified\":\"2021-04-22T16:24:31+00:00\",\"mainEntityOfPage\":{\"@id\":\"https:\/\/www.aribau.es\/cuando-la-rutina-deja-de-ser-lo-normal\/\"},\"wordCount\":341,\"publisher\":{\"@id\":\"https:\/\/www.aribau.es\/#organization\"},\"image\":{\"@id\":\"https:\/\/www.aribau.es\/cuando-la-rutina-deja-de-ser-lo-normal\/#primaryimage\"},\"thumbnailUrl\":\"https:\/\/www.aribau.es\/wp-content\/uploads\/2020\/03\/aribau-yomequedoencasa.png\",\"keywords\":[\"Aribau\"],\"articleSection\":[\"Noticias\"],\"inLanguage\":\"ca\"},{\"@type\":\"WebPage\",\"@id\":\"https:\/\/www.aribau.es\/cuando-la-rutina-deja-de-ser-lo-normal\/\",\"url\":\"https:\/\/www.aribau.es\/cuando-la-rutina-deja-de-ser-lo-normal\/\",\"name\":\"CUANDO LA RUTINA DEJA DE SER LO NORMAL - Aribau\",\"isPartOf\":{\"@id\":\"https:\/\/www.aribau.es\/#website\"},\"primaryImageOfPage\":{\"@id\":\"https:\/\/www.aribau.es\/cuando-la-rutina-deja-de-ser-lo-normal\/#primaryimage\"},\"image\":{\"@id\":\"https:\/\/www.aribau.es\/cuando-la-rutina-deja-de-ser-lo-normal\/#primaryimage\"},\"thumbnailUrl\":\"https:\/\/www.aribau.es\/wp-content\/uploads\/2020\/03\/aribau-yomequedoencasa.png\",\"datePublished\":\"2020-03-19T09:01:48+00:00\",\"dateModified\":\"2021-04-22T16:24:31+00:00\",\"breadcrumb\":{\"@id\":\"https:\/\/www.aribau.es\/cuando-la-rutina-deja-de-ser-lo-normal\/#breadcrumb\"},\"inLanguage\":\"ca\",\"potentialAction\":[{\"@type\":\"ReadAction\",\"target\":[\"https:\/\/www.aribau.es\/cuando-la-rutina-deja-de-ser-lo-normal\/\"]}]},{\"@type\":\"ImageObject\",\"inLanguage\":\"ca\",\"@id\":\"https:\/\/www.aribau.es\/cuando-la-rutina-deja-de-ser-lo-normal\/#primaryimage\",\"url\":\"https:\/\/www.aribau.es\/wp-content\/uploads\/2020\/03\/aribau-yomequedoencasa.png\",\"contentUrl\":\"https:\/\/www.aribau.es\/wp-content\/uploads\/2020\/03\/aribau-yomequedoencasa.png\",\"width\":940,\"height\":788},{\"@type\":\"BreadcrumbList\",\"@id\":\"https:\/\/www.aribau.es\/cuando-la-rutina-deja-de-ser-lo-normal\/#breadcrumb\",\"itemListElement\":[{\"@type\":\"ListItem\",\"position\":1,\"name\":\"Portada\",\"item\":\"https:\/\/www.aribau.es\/\"},{\"@type\":\"ListItem\",\"position\":2,\"name\":\"CUANDO LA RUTINA DEJA DE SER LO NORMAL\"}]},{\"@type\":\"WebSite\",\"@id\":\"https:\/\/www.aribau.es\/#website\",\"url\":\"https:\/\/www.aribau.es\/\",\"name\":\"Aribau\",\"description\":\"VINOS Y BODEGAS\",\"publisher\":{\"@id\":\"https:\/\/www.aribau.es\/#organization\"},\"potentialAction\":[{\"@type\":\"SearchAction\",\"target\":{\"@type\":\"EntryPoint\",\"urlTemplate\":\"https:\/\/www.aribau.es\/?s={search_term_string}\"},\"query-input\":{\"@type\":\"PropertyValueSpecification\",\"valueRequired\":true,\"valueName\":\"search_term_string\"}}],\"inLanguage\":\"ca\"},{\"@type\":\"Organization\",\"@id\":\"https:\/\/www.aribau.es\/#organization\",\"name\":\"Aribau\",\"url\":\"https:\/\/www.aribau.es\/\",\"logo\":{\"@type\":\"ImageObject\",\"inLanguage\":\"ca\",\"@id\":\"https:\/\/www.aribau.es\/#\/schema\/logo\/image\/\",\"url\":\"https:\/\/www.aribau.es\/wp-content\/uploads\/2022\/03\/logo.png\",\"contentUrl\":\"https:\/\/www.aribau.es\/wp-content\/uploads\/2022\/03\/logo.png\",\"width\":300,\"height\":300,\"caption\":\"Aribau\"},\"image\":{\"@id\":\"https:\/\/www.aribau.es\/#\/schema\/logo\/image\/\"},\"sameAs\":[\"https:\/\/www.facebook.com\/aribau1964\/\",\"https:\/\/x.com\/aribau1964\",\"https:\/\/www.instagram.com\/aribau1964\/\"]},{\"@type\":\"Person\",\"@id\":\"https:\/\/www.aribau.es\/#\/schema\/person\/77a976898b3c705ed016499633f4ffd0\",\"name\":\"aribau\",\"image\":{\"@type\":\"ImageObject\",\"inLanguage\":\"ca\",\"@id\":\"https:\/\/www.aribau.es\/#\/schema\/person\/image\/\",\"url\":\"https:\/\/secure.gravatar.com\/avatar\/6690491f832d5b32aa9482b978c9464816810fbff0f6658034a34c9d9657b94e?s=96&d=mm&r=g\",\"contentUrl\":\"https:\/\/secure.gravatar.com\/avatar\/6690491f832d5b32aa9482b978c9464816810fbff0f6658034a34c9d9657b94e?s=96&d=mm&r=g\",\"caption\":\"aribau\"},\"url\":\"https:\/\/www.aribau.es\/ca\/author\/aribau\/\"}]}<\/script>\n<!-- \/ Yoast SEO plugin. -->","yoast_head_json":{"title":"CUANDO LA RUTINA DEJA DE SER LO NORMAL - Aribau","robots":{"index":"index","follow":"follow","max-snippet":"max-snippet:-1","max-image-preview":"max-image-preview:large","max-video-preview":"max-video-preview:-1"},"canonical":"https:\/\/www.aribau.es\/ca\/cuando-la-rutina-deja-de-ser-lo-normal\/","og_locale":"ca_ES","og_type":"article","og_title":"CUANDO LA RUTINA DEJA DE SER LO NORMAL - Aribau","og_description":"Estamos viviendo d\u00edas raros. A estas alturas esto es ya algo m\u00e1s que evidente. Las tiendas est\u00e1n cerradas, los bares y restaurantes que dan vida a nuestras calles han echado la persiana, no hay gente por la calle y hemos llegado a hacer realidad eso del teletrabajo que, hasta hace solo unos d\u00edas, parec\u00eda algo ... Llegiu m\u00e9s","og_url":"https:\/\/www.aribau.es\/ca\/cuando-la-rutina-deja-de-ser-lo-normal\/","og_site_name":"Aribau","article_publisher":"https:\/\/www.facebook.com\/aribau1964\/","article_published_time":"2020-03-19T09:01:48+00:00","article_modified_time":"2021-04-22T16:24:31+00:00","og_image":[{"width":940,"height":788,"url":"https:\/\/www.aribau.es\/wp-content\/uploads\/2020\/03\/aribau-yomequedoencasa.png","type":"image\/png"}],"author":"aribau","twitter_card":"summary_large_image","twitter_creator":"@aribau1964","twitter_site":"@aribau1964","twitter_misc":{"Escrit per":"aribau","Temps estimat de lectura":"2 minuts"},"schema":{"@context":"https:\/\/schema.org","@graph":[{"@type":"Article","@id":"https:\/\/www.aribau.es\/cuando-la-rutina-deja-de-ser-lo-normal\/#article","isPartOf":{"@id":"https:\/\/www.aribau.es\/cuando-la-rutina-deja-de-ser-lo-normal\/"},"author":{"name":"aribau","@id":"https:\/\/www.aribau.es\/#\/schema\/person\/77a976898b3c705ed016499633f4ffd0"},"headline":"CUANDO LA RUTINA DEJA DE SER LO NORMAL","datePublished":"2020-03-19T09:01:48+00:00","dateModified":"2021-04-22T16:24:31+00:00","mainEntityOfPage":{"@id":"https:\/\/www.aribau.es\/cuando-la-rutina-deja-de-ser-lo-normal\/"},"wordCount":341,"publisher":{"@id":"https:\/\/www.aribau.es\/#organization"},"image":{"@id":"https:\/\/www.aribau.es\/cuando-la-rutina-deja-de-ser-lo-normal\/#primaryimage"},"thumbnailUrl":"https:\/\/www.aribau.es\/wp-content\/uploads\/2020\/03\/aribau-yomequedoencasa.png","keywords":["Aribau"],"articleSection":["Noticias"],"inLanguage":"ca"},{"@type":"WebPage","@id":"https:\/\/www.aribau.es\/cuando-la-rutina-deja-de-ser-lo-normal\/","url":"https:\/\/www.aribau.es\/cuando-la-rutina-deja-de-ser-lo-normal\/","name":"CUANDO LA RUTINA DEJA DE SER LO NORMAL - Aribau","isPartOf":{"@id":"https:\/\/www.aribau.es\/#website"},"primaryImageOfPage":{"@id":"https:\/\/www.aribau.es\/cuando-la-rutina-deja-de-ser-lo-normal\/#primaryimage"},"image":{"@id":"https:\/\/www.aribau.es\/cuando-la-rutina-deja-de-ser-lo-normal\/#primaryimage"},"thumbnailUrl":"https:\/\/www.aribau.es\/wp-content\/uploads\/2020\/03\/aribau-yomequedoencasa.png","datePublished":"2020-03-19T09:01:48+00:00","dateModified":"2021-04-22T16:24:31+00:00","breadcrumb":{"@id":"https:\/\/www.aribau.es\/cuando-la-rutina-deja-de-ser-lo-normal\/#breadcrumb"},"inLanguage":"ca","potentialAction":[{"@type":"ReadAction","target":["https:\/\/www.aribau.es\/cuando-la-rutina-deja-de-ser-lo-normal\/"]}]},{"@type":"ImageObject","inLanguage":"ca","@id":"https:\/\/www.aribau.es\/cuando-la-rutina-deja-de-ser-lo-normal\/#primaryimage","url":"https:\/\/www.aribau.es\/wp-content\/uploads\/2020\/03\/aribau-yomequedoencasa.png","contentUrl":"https:\/\/www.aribau.es\/wp-content\/uploads\/2020\/03\/aribau-yomequedoencasa.png","width":940,"height":788},{"@type":"BreadcrumbList","@id":"https:\/\/www.aribau.es\/cuando-la-rutina-deja-de-ser-lo-normal\/#breadcrumb","itemListElement":[{"@type":"ListItem","position":1,"name":"Portada","item":"https:\/\/www.aribau.es\/"},{"@type":"ListItem","position":2,"name":"CUANDO LA RUTINA DEJA DE SER LO NORMAL"}]},{"@type":"WebSite","@id":"https:\/\/www.aribau.es\/#website","url":"https:\/\/www.aribau.es\/","name":"Aribau","description":"VINOS Y BODEGAS","publisher":{"@id":"https:\/\/www.aribau.es\/#organization"},"potentialAction":[{"@type":"SearchAction","target":{"@type":"EntryPoint","urlTemplate":"https:\/\/www.aribau.es\/?s={search_term_string}"},"query-input":{"@type":"PropertyValueSpecification","valueRequired":true,"valueName":"search_term_string"}}],"inLanguage":"ca"},{"@type":"Organization","@id":"https:\/\/www.aribau.es\/#organization","name":"Aribau","url":"https:\/\/www.aribau.es\/","logo":{"@type":"ImageObject","inLanguage":"ca","@id":"https:\/\/www.aribau.es\/#\/schema\/logo\/image\/","url":"https:\/\/www.aribau.es\/wp-content\/uploads\/2022\/03\/logo.png","contentUrl":"https:\/\/www.aribau.es\/wp-content\/uploads\/2022\/03\/logo.png","width":300,"height":300,"caption":"Aribau"},"image":{"@id":"https:\/\/www.aribau.es\/#\/schema\/logo\/image\/"},"sameAs":["https:\/\/www.facebook.com\/aribau1964\/","https:\/\/x.com\/aribau1964","https:\/\/www.instagram.com\/aribau1964\/"]},{"@type":"Person","@id":"https:\/\/www.aribau.es\/#\/schema\/person\/77a976898b3c705ed016499633f4ffd0","name":"aribau","image":{"@type":"ImageObject","inLanguage":"ca","@id":"https:\/\/www.aribau.es\/#\/schema\/person\/image\/","url":"https:\/\/secure.gravatar.com\/avatar\/6690491f832d5b32aa9482b978c9464816810fbff0f6658034a34c9d9657b94e?s=96&d=mm&r=g","contentUrl":"https:\/\/secure.gravatar.com\/avatar\/6690491f832d5b32aa9482b978c9464816810fbff0f6658034a34c9d9657b94e?s=96&d=mm&r=g","caption":"aribau"},"url":"https:\/\/www.aribau.es\/ca\/author\/aribau\/"}]}},"_links":{"self":[{"href":"https:\/\/www.aribau.es\/ca\/wp-json\/wp\/v2\/posts\/6797","targetHints":{"allow":["GET"]}}],"collection":[{"href":"https:\/\/www.aribau.es\/ca\/wp-json\/wp\/v2\/posts"}],"about":[{"href":"https:\/\/www.aribau.es\/ca\/wp-json\/wp\/v2\/types\/post"}],"author":[{"embeddable":true,"href":"https:\/\/www.aribau.es\/ca\/wp-json\/wp\/v2\/users\/3"}],"replies":[{"embeddable":true,"href":"https:\/\/www.aribau.es\/ca\/wp-json\/wp\/v2\/comments?post=6797"}],"version-history":[{"count":4,"href":"https:\/\/www.aribau.es\/ca\/wp-json\/wp\/v2\/posts\/6797\/revisions"}],"predecessor-version":[{"id":9922,"href":"https:\/\/www.aribau.es\/ca\/wp-json\/wp\/v2\/posts\/6797\/revisions\/9922"}],"wp:featuredmedia":[{"embeddable":true,"href":"https:\/\/www.aribau.es\/ca\/wp-json\/wp\/v2\/media\/6798"}],"wp:attachment":[{"href":"https:\/\/www.aribau.es\/ca\/wp-json\/wp\/v2\/media?parent=6797"}],"wp:term":[{"taxonomy":"category","embeddable":true,"href":"https:\/\/www.aribau.es\/ca\/wp-json\/wp\/v2\/categories?post=6797"},{"taxonomy":"post_tag","embeddable":true,"href":"https:\/\/www.aribau.es\/ca\/wp-json\/wp\/v2\/tags?post=6797"}],"curies":[{"name":"wp","href":"https:\/\/api.w.org\/{rel}","templated":true}]}}