{"id":6853,"date":"2020-05-07T10:01:17","date_gmt":"2020-05-07T09:01:17","guid":{"rendered":"https:\/\/www.aribau.es\/?p=6853"},"modified":"2021-04-22T17:17:53","modified_gmt":"2021-04-22T16:17:53","slug":"el-lado-solidario-del-sector-del-vino","status":"publish","type":"post","link":"https:\/\/www.aribau.es\/ca\/el-lado-solidario-del-sector-del-vino\/","title":{"rendered":"EL COSTAT SOLIDARI DEL SECTOR DEL VI"},"content":{"rendered":"<p>Llevamos ya 8 semanas de Estado de Alarma. 8 semanas en las que hemos visto como nuestra vida daba un vuelvo de 180\u00ba.<\/p>\n<p>Para el sector del vino, como para muchos otros, tampoco est\u00e1n siendo tiempos f\u00e1ciles. Con la restauraci\u00f3n cerrada, la principal v\u00eda de salida para la venta del vino de las bodegas est\u00e1 bloqueada.<\/p>\n<p><!--more--><\/p>\n<p>Pero, a pesar de todo, durante estas 8 semanas, el sector del vino ha dejado -y lo sigue haciendo- infinidad de muestras de compromiso y solidaridad con quienes m\u00e1s est\u00e1n sufriendo esta crisis sanitaria. Desde la donaci\u00f3n de importantes sumas de dinero para la compra de material sanitario como mascarillas, guantes, batas o test de detecci\u00f3n, hasta la cesi\u00f3n de instalaciones para la elaboraci\u00f3n de gel hidroalcoh\u00f3lico y alcohol sanitario.<\/p>\n<p>Por otra parte, las buenas relaciones comerciales existentes entre el mercado del vino espa\u00f1ol y China han permitido que muchos importadores chinos de bodegas espa\u00f1olas hayan facilitado la llegada de material sanitario a Espa\u00f1a.<\/p>\n<p>Adem\u00e1s, muchas cooperativas del sector del vino, as\u00ed como viticultores y bodegas, han puesto a disposici\u00f3n de sus ayuntamientos tractores y atomizadores de productos sanitarios para llevar a cabo la limpieza de las calles.<\/p>\n<p>Y todo esto sin olvidarnos de todos esos sommeliers, comunicadores, denominaciones de origen, bodegas\u2026 que est\u00e1n ofreciendo continuamente contenidos divulgativos y de entretenimiento a trav\u00e9s de sus redes sociales.<\/p>\n<p>Y es que, en estos momentos complicados, no hay que olvidar que el sector vitivin\u00edcola es un pilar de nuestra econom\u00eda y un eje fundamental de nuestra gastronom\u00eda, tradiciones, cultura e historia. Por eso manifiestan de manera firme y constante su compromiso con la sociedad para contribuir a superar esta situaci\u00f3n de emergencia sanitaria, porque solo unidos conseguiremos superar esta crisis en el menor tiempo posible.<\/p>\n<p>Y es que si de algo sabe el vino es de tiempo. \u201cTiempo para que crezca la vid, tiempo para recoger sus frutos, tiempo para fermentar, tiempo para madurar y tiempo para disfrutarlo con los que m\u00e1s queremos\u201d.<\/p>\n<p><iframe title=\"Volveremos a Brindar, solo es cuesti\u00f3n de tiempo\" width=\"1200\" height=\"675\" src=\"https:\/\/www.youtube.com\/embed\/MlaV8kYPElw?feature=oembed\" frameborder=\"0\" allow=\"accelerometer; autoplay; clipboard-write; encrypted-media; gyroscope; picture-in-picture\" allowfullscreen><\/iframe><\/p>\n<p><iframe title=\"Volveremos a Brindar, solo es cuesti\u00f3n de tiempo\" width=\"1200\" height=\"675\" src=\"https:\/\/www.youtube.com\/embed\/MlaV8kYPElw?feature=oembed\" frameborder=\"0\" allow=\"accelerometer; autoplay; clipboard-write; encrypted-media; gyroscope; picture-in-picture\" allowfullscreen><\/iframe><\/p>","protected":false},"excerpt":{"rendered":"<p>Llevamos ya 8 semanas de Estado de Alarma. 8 semanas en las que hemos visto como nuestra vida daba un vuelvo de 180\u00ba. Para el sector del vino, como para muchos otros, tampoco est\u00e1n siendo tiempos f\u00e1ciles. Con la restauraci\u00f3n cerrada, la principal v\u00eda de salida para la venta del vino de las bodegas est\u00e1 &#8230; <a title=\"EL COSTAT SOLIDARI DEL SECTOR DEL VI\" class=\"read-more\" href=\"https:\/\/www.aribau.es\/ca\/el-lado-solidario-del-sector-del-vino\/\" aria-label=\"M\u00e9s informaci\u00f3 sobre EL LADO SOLIDARIO DEL SECTOR DEL VINO\">Llegiu m\u00e9s<\/a><\/p>","protected":false},"author":3,"featured_media":6854,"comment_status":"closed","ping_status":"closed","sticky":false,"template":"","format":"standard","meta":{"footnotes":""},"categories":[406],"tags":[486,368],"class_list":["post-6853","post","type-post","status-publish","format-standard","has-post-thumbnail","hentry","category-noticias","tag-solidaridad","tag-vino"],"yoast_head":"<!-- This site is optimized with the Yoast SEO plugin v26.7 - https:\/\/yoast.com\/wordpress\/plugins\/seo\/ -->\n<title>EL LADO SOLIDARIO DEL SECTOR DEL VINO - Aribau<\/title>\n<meta name=\"robots\" content=\"index, follow, max-snippet:-1, max-image-preview:large, max-video-preview:-1\" \/>\n<link rel=\"canonical\" href=\"https:\/\/www.aribau.es\/ca\/el-lado-solidario-del-sector-del-vino\/\" \/>\n<meta property=\"og:locale\" content=\"ca_ES\" \/>\n<meta property=\"og:type\" content=\"article\" \/>\n<meta property=\"og:title\" content=\"EL LADO SOLIDARIO DEL SECTOR DEL VINO - Aribau\" \/>\n<meta property=\"og:description\" content=\"Llevamos ya 8 semanas de Estado de Alarma. 8 semanas en las que hemos visto como nuestra vida daba un vuelvo de 180\u00ba. Para el sector del vino, como para muchos otros, tampoco est\u00e1n siendo tiempos f\u00e1ciles. Con la restauraci\u00f3n cerrada, la principal v\u00eda de salida para la venta del vino de las bodegas est\u00e1 ... Llegiu m\u00e9s\" \/>\n<meta property=\"og:url\" content=\"https:\/\/www.aribau.es\/ca\/el-lado-solidario-del-sector-del-vino\/\" \/>\n<meta property=\"og:site_name\" content=\"Aribau\" \/>\n<meta property=\"article:publisher\" content=\"https:\/\/www.facebook.com\/aribau1964\/\" \/>\n<meta property=\"article:published_time\" content=\"2020-05-07T09:01:17+00:00\" \/>\n<meta property=\"article:modified_time\" content=\"2021-04-22T16:17:53+00:00\" \/>\n<meta property=\"og:image\" content=\"https:\/\/www.aribau.es\/wp-content\/uploads\/2020\/05\/solidaridad-vino-aribau.png\" \/>\n\t<meta property=\"og:image:width\" content=\"1056\" \/>\n\t<meta property=\"og:image:height\" content=\"551\" \/>\n\t<meta property=\"og:image:type\" content=\"image\/png\" \/>\n<meta name=\"author\" content=\"aribau\" \/>\n<meta name=\"twitter:card\" content=\"summary_large_image\" \/>\n<meta name=\"twitter:creator\" content=\"@aribau1964\" \/>\n<meta name=\"twitter:site\" content=\"@aribau1964\" \/>\n<meta name=\"twitter:label1\" content=\"Escrit per\" \/>\n\t<meta name=\"twitter:data1\" content=\"aribau\" \/>\n\t<meta name=\"twitter:label2\" content=\"Temps estimat de lectura\" \/>\n\t<meta name=\"twitter:data2\" content=\"2 minuts\" \/>\n<script type=\"application\/ld+json\" class=\"yoast-schema-graph\">{\"@context\":\"https:\/\/schema.org\",\"@graph\":[{\"@type\":\"Article\",\"@id\":\"https:\/\/www.aribau.es\/el-lado-solidario-del-sector-del-vino\/#article\",\"isPartOf\":{\"@id\":\"https:\/\/www.aribau.es\/el-lado-solidario-del-sector-del-vino\/\"},\"author\":{\"name\":\"aribau\",\"@id\":\"https:\/\/www.aribau.es\/#\/schema\/person\/77a976898b3c705ed016499633f4ffd0\"},\"headline\":\"EL LADO SOLIDARIO DEL SECTOR DEL VINO\",\"datePublished\":\"2020-05-07T09:01:17+00:00\",\"dateModified\":\"2021-04-22T16:17:53+00:00\",\"mainEntityOfPage\":{\"@id\":\"https:\/\/www.aribau.es\/el-lado-solidario-del-sector-del-vino\/\"},\"wordCount\":377,\"publisher\":{\"@id\":\"https:\/\/www.aribau.es\/#organization\"},\"image\":{\"@id\":\"https:\/\/www.aribau.es\/el-lado-solidario-del-sector-del-vino\/#primaryimage\"},\"thumbnailUrl\":\"https:\/\/www.aribau.es\/wp-content\/uploads\/2020\/05\/solidaridad-vino-aribau.png\",\"keywords\":[\"solidaridad\",\"vino\"],\"articleSection\":[\"Noticias\"],\"inLanguage\":\"ca\"},{\"@type\":\"WebPage\",\"@id\":\"https:\/\/www.aribau.es\/el-lado-solidario-del-sector-del-vino\/\",\"url\":\"https:\/\/www.aribau.es\/el-lado-solidario-del-sector-del-vino\/\",\"name\":\"EL LADO SOLIDARIO DEL SECTOR DEL VINO - Aribau\",\"isPartOf\":{\"@id\":\"https:\/\/www.aribau.es\/#website\"},\"primaryImageOfPage\":{\"@id\":\"https:\/\/www.aribau.es\/el-lado-solidario-del-sector-del-vino\/#primaryimage\"},\"image\":{\"@id\":\"https:\/\/www.aribau.es\/el-lado-solidario-del-sector-del-vino\/#primaryimage\"},\"thumbnailUrl\":\"https:\/\/www.aribau.es\/wp-content\/uploads\/2020\/05\/solidaridad-vino-aribau.png\",\"datePublished\":\"2020-05-07T09:01:17+00:00\",\"dateModified\":\"2021-04-22T16:17:53+00:00\",\"breadcrumb\":{\"@id\":\"https:\/\/www.aribau.es\/el-lado-solidario-del-sector-del-vino\/#breadcrumb\"},\"inLanguage\":\"ca\",\"potentialAction\":[{\"@type\":\"ReadAction\",\"target\":[\"https:\/\/www.aribau.es\/el-lado-solidario-del-sector-del-vino\/\"]}]},{\"@type\":\"ImageObject\",\"inLanguage\":\"ca\",\"@id\":\"https:\/\/www.aribau.es\/el-lado-solidario-del-sector-del-vino\/#primaryimage\",\"url\":\"https:\/\/www.aribau.es\/wp-content\/uploads\/2020\/05\/solidaridad-vino-aribau.png\",\"contentUrl\":\"https:\/\/www.aribau.es\/wp-content\/uploads\/2020\/05\/solidaridad-vino-aribau.png\",\"width\":1056,\"height\":551},{\"@type\":\"BreadcrumbList\",\"@id\":\"https:\/\/www.aribau.es\/el-lado-solidario-del-sector-del-vino\/#breadcrumb\",\"itemListElement\":[{\"@type\":\"ListItem\",\"position\":1,\"name\":\"Portada\",\"item\":\"https:\/\/www.aribau.es\/\"},{\"@type\":\"ListItem\",\"position\":2,\"name\":\"EL LADO SOLIDARIO DEL SECTOR DEL VINO\"}]},{\"@type\":\"WebSite\",\"@id\":\"https:\/\/www.aribau.es\/#website\",\"url\":\"https:\/\/www.aribau.es\/\",\"name\":\"Aribau\",\"description\":\"VINOS Y BODEGAS\",\"publisher\":{\"@id\":\"https:\/\/www.aribau.es\/#organization\"},\"potentialAction\":[{\"@type\":\"SearchAction\",\"target\":{\"@type\":\"EntryPoint\",\"urlTemplate\":\"https:\/\/www.aribau.es\/?s={search_term_string}\"},\"query-input\":{\"@type\":\"PropertyValueSpecification\",\"valueRequired\":true,\"valueName\":\"search_term_string\"}}],\"inLanguage\":\"ca\"},{\"@type\":\"Organization\",\"@id\":\"https:\/\/www.aribau.es\/#organization\",\"name\":\"Aribau\",\"url\":\"https:\/\/www.aribau.es\/\",\"logo\":{\"@type\":\"ImageObject\",\"inLanguage\":\"ca\",\"@id\":\"https:\/\/www.aribau.es\/#\/schema\/logo\/image\/\",\"url\":\"https:\/\/www.aribau.es\/wp-content\/uploads\/2022\/03\/logo.png\",\"contentUrl\":\"https:\/\/www.aribau.es\/wp-content\/uploads\/2022\/03\/logo.png\",\"width\":300,\"height\":300,\"caption\":\"Aribau\"},\"image\":{\"@id\":\"https:\/\/www.aribau.es\/#\/schema\/logo\/image\/\"},\"sameAs\":[\"https:\/\/www.facebook.com\/aribau1964\/\",\"https:\/\/x.com\/aribau1964\",\"https:\/\/www.instagram.com\/aribau1964\/\"]},{\"@type\":\"Person\",\"@id\":\"https:\/\/www.aribau.es\/#\/schema\/person\/77a976898b3c705ed016499633f4ffd0\",\"name\":\"aribau\",\"image\":{\"@type\":\"ImageObject\",\"inLanguage\":\"ca\",\"@id\":\"https:\/\/www.aribau.es\/#\/schema\/person\/image\/\",\"url\":\"https:\/\/secure.gravatar.com\/avatar\/6690491f832d5b32aa9482b978c9464816810fbff0f6658034a34c9d9657b94e?s=96&d=mm&r=g\",\"contentUrl\":\"https:\/\/secure.gravatar.com\/avatar\/6690491f832d5b32aa9482b978c9464816810fbff0f6658034a34c9d9657b94e?s=96&d=mm&r=g\",\"caption\":\"aribau\"},\"url\":\"https:\/\/www.aribau.es\/ca\/author\/aribau\/\"}]}<\/script>\n<!-- \/ Yoast SEO plugin. -->","yoast_head_json":{"title":"EL LADO SOLIDARIO DEL SECTOR DEL VINO - Aribau","robots":{"index":"index","follow":"follow","max-snippet":"max-snippet:-1","max-image-preview":"max-image-preview:large","max-video-preview":"max-video-preview:-1"},"canonical":"https:\/\/www.aribau.es\/ca\/el-lado-solidario-del-sector-del-vino\/","og_locale":"ca_ES","og_type":"article","og_title":"EL LADO SOLIDARIO DEL SECTOR DEL VINO - Aribau","og_description":"Llevamos ya 8 semanas de Estado de Alarma. 8 semanas en las que hemos visto como nuestra vida daba un vuelvo de 180\u00ba. Para el sector del vino, como para muchos otros, tampoco est\u00e1n siendo tiempos f\u00e1ciles. Con la restauraci\u00f3n cerrada, la principal v\u00eda de salida para la venta del vino de las bodegas est\u00e1 ... Llegiu m\u00e9s","og_url":"https:\/\/www.aribau.es\/ca\/el-lado-solidario-del-sector-del-vino\/","og_site_name":"Aribau","article_publisher":"https:\/\/www.facebook.com\/aribau1964\/","article_published_time":"2020-05-07T09:01:17+00:00","article_modified_time":"2021-04-22T16:17:53+00:00","og_image":[{"width":1056,"height":551,"url":"https:\/\/www.aribau.es\/wp-content\/uploads\/2020\/05\/solidaridad-vino-aribau.png","type":"image\/png"}],"author":"aribau","twitter_card":"summary_large_image","twitter_creator":"@aribau1964","twitter_site":"@aribau1964","twitter_misc":{"Escrit per":"aribau","Temps estimat de lectura":"2 minuts"},"schema":{"@context":"https:\/\/schema.org","@graph":[{"@type":"Article","@id":"https:\/\/www.aribau.es\/el-lado-solidario-del-sector-del-vino\/#article","isPartOf":{"@id":"https:\/\/www.aribau.es\/el-lado-solidario-del-sector-del-vino\/"},"author":{"name":"aribau","@id":"https:\/\/www.aribau.es\/#\/schema\/person\/77a976898b3c705ed016499633f4ffd0"},"headline":"EL LADO SOLIDARIO DEL SECTOR DEL VINO","datePublished":"2020-05-07T09:01:17+00:00","dateModified":"2021-04-22T16:17:53+00:00","mainEntityOfPage":{"@id":"https:\/\/www.aribau.es\/el-lado-solidario-del-sector-del-vino\/"},"wordCount":377,"publisher":{"@id":"https:\/\/www.aribau.es\/#organization"},"image":{"@id":"https:\/\/www.aribau.es\/el-lado-solidario-del-sector-del-vino\/#primaryimage"},"thumbnailUrl":"https:\/\/www.aribau.es\/wp-content\/uploads\/2020\/05\/solidaridad-vino-aribau.png","keywords":["solidaridad","vino"],"articleSection":["Noticias"],"inLanguage":"ca"},{"@type":"WebPage","@id":"https:\/\/www.aribau.es\/el-lado-solidario-del-sector-del-vino\/","url":"https:\/\/www.aribau.es\/el-lado-solidario-del-sector-del-vino\/","name":"EL LADO SOLIDARIO DEL SECTOR DEL VINO - Aribau","isPartOf":{"@id":"https:\/\/www.aribau.es\/#website"},"primaryImageOfPage":{"@id":"https:\/\/www.aribau.es\/el-lado-solidario-del-sector-del-vino\/#primaryimage"},"image":{"@id":"https:\/\/www.aribau.es\/el-lado-solidario-del-sector-del-vino\/#primaryimage"},"thumbnailUrl":"https:\/\/www.aribau.es\/wp-content\/uploads\/2020\/05\/solidaridad-vino-aribau.png","datePublished":"2020-05-07T09:01:17+00:00","dateModified":"2021-04-22T16:17:53+00:00","breadcrumb":{"@id":"https:\/\/www.aribau.es\/el-lado-solidario-del-sector-del-vino\/#breadcrumb"},"inLanguage":"ca","potentialAction":[{"@type":"ReadAction","target":["https:\/\/www.aribau.es\/el-lado-solidario-del-sector-del-vino\/"]}]},{"@type":"ImageObject","inLanguage":"ca","@id":"https:\/\/www.aribau.es\/el-lado-solidario-del-sector-del-vino\/#primaryimage","url":"https:\/\/www.aribau.es\/wp-content\/uploads\/2020\/05\/solidaridad-vino-aribau.png","contentUrl":"https:\/\/www.aribau.es\/wp-content\/uploads\/2020\/05\/solidaridad-vino-aribau.png","width":1056,"height":551},{"@type":"BreadcrumbList","@id":"https:\/\/www.aribau.es\/el-lado-solidario-del-sector-del-vino\/#breadcrumb","itemListElement":[{"@type":"ListItem","position":1,"name":"Portada","item":"https:\/\/www.aribau.es\/"},{"@type":"ListItem","position":2,"name":"EL LADO SOLIDARIO DEL SECTOR DEL VINO"}]},{"@type":"WebSite","@id":"https:\/\/www.aribau.es\/#website","url":"https:\/\/www.aribau.es\/","name":"Aribau","description":"VINOS Y BODEGAS","publisher":{"@id":"https:\/\/www.aribau.es\/#organization"},"potentialAction":[{"@type":"SearchAction","target":{"@type":"EntryPoint","urlTemplate":"https:\/\/www.aribau.es\/?s={search_term_string}"},"query-input":{"@type":"PropertyValueSpecification","valueRequired":true,"valueName":"search_term_string"}}],"inLanguage":"ca"},{"@type":"Organization","@id":"https:\/\/www.aribau.es\/#organization","name":"Aribau","url":"https:\/\/www.aribau.es\/","logo":{"@type":"ImageObject","inLanguage":"ca","@id":"https:\/\/www.aribau.es\/#\/schema\/logo\/image\/","url":"https:\/\/www.aribau.es\/wp-content\/uploads\/2022\/03\/logo.png","contentUrl":"https:\/\/www.aribau.es\/wp-content\/uploads\/2022\/03\/logo.png","width":300,"height":300,"caption":"Aribau"},"image":{"@id":"https:\/\/www.aribau.es\/#\/schema\/logo\/image\/"},"sameAs":["https:\/\/www.facebook.com\/aribau1964\/","https:\/\/x.com\/aribau1964","https:\/\/www.instagram.com\/aribau1964\/"]},{"@type":"Person","@id":"https:\/\/www.aribau.es\/#\/schema\/person\/77a976898b3c705ed016499633f4ffd0","name":"aribau","image":{"@type":"ImageObject","inLanguage":"ca","@id":"https:\/\/www.aribau.es\/#\/schema\/person\/image\/","url":"https:\/\/secure.gravatar.com\/avatar\/6690491f832d5b32aa9482b978c9464816810fbff0f6658034a34c9d9657b94e?s=96&d=mm&r=g","contentUrl":"https:\/\/secure.gravatar.com\/avatar\/6690491f832d5b32aa9482b978c9464816810fbff0f6658034a34c9d9657b94e?s=96&d=mm&r=g","caption":"aribau"},"url":"https:\/\/www.aribau.es\/ca\/author\/aribau\/"}]}},"_links":{"self":[{"href":"https:\/\/www.aribau.es\/ca\/wp-json\/wp\/v2\/posts\/6853","targetHints":{"allow":["GET"]}}],"collection":[{"href":"https:\/\/www.aribau.es\/ca\/wp-json\/wp\/v2\/posts"}],"about":[{"href":"https:\/\/www.aribau.es\/ca\/wp-json\/wp\/v2\/types\/post"}],"author":[{"embeddable":true,"href":"https:\/\/www.aribau.es\/ca\/wp-json\/wp\/v2\/users\/3"}],"replies":[{"embeddable":true,"href":"https:\/\/www.aribau.es\/ca\/wp-json\/wp\/v2\/comments?post=6853"}],"version-history":[{"count":5,"href":"https:\/\/www.aribau.es\/ca\/wp-json\/wp\/v2\/posts\/6853\/revisions"}],"predecessor-version":[{"id":9910,"href":"https:\/\/www.aribau.es\/ca\/wp-json\/wp\/v2\/posts\/6853\/revisions\/9910"}],"wp:featuredmedia":[{"embeddable":true,"href":"https:\/\/www.aribau.es\/ca\/wp-json\/wp\/v2\/media\/6854"}],"wp:attachment":[{"href":"https:\/\/www.aribau.es\/ca\/wp-json\/wp\/v2\/media?parent=6853"}],"wp:term":[{"taxonomy":"category","embeddable":true,"href":"https:\/\/www.aribau.es\/ca\/wp-json\/wp\/v2\/categories?post=6853"},{"taxonomy":"post_tag","embeddable":true,"href":"https:\/\/www.aribau.es\/ca\/wp-json\/wp\/v2\/tags?post=6853"}],"curies":[{"name":"wp","href":"https:\/\/api.w.org\/{rel}","templated":true}]}}