{"id":6858,"date":"2020-05-14T10:01:36","date_gmt":"2020-05-14T09:01:36","guid":{"rendered":"https:\/\/www.aribau.es\/?p=6858"},"modified":"2021-04-22T17:15:40","modified_gmt":"2021-04-22T16:15:40","slug":"can-bas-mas-de-tres-siglos-dedicados-a-la-viticultura","status":"publish","type":"post","link":"https:\/\/www.aribau.es\/ca\/can-bas-mas-de-tres-siglos-dedicados-a-la-viticultura\/","title":{"rendered":"CAN BAS, M\u00c9S DE TRES SEGLES DEDICATS A LA VITICULTURA"},"content":{"rendered":"<p>A pesar de que la finca y la explotaci\u00f3n agraria en la que hoy se levanta la bodega <strong><a href=\"http:\/\/can-bas.com\/es\/\" target=\"_blank\" rel=\"noopener\">Can Bas<\/a> <\/strong>ya exist\u00edan en la Edad Media, el nombre que ha perdurado hasta nuestros d\u00edas se remonta al a\u00f1o 1668. Una casa solariega edificada sobre una antigua mas\u00eda y ubicada en una unidad de producci\u00f3n agr\u00edcola dedicada ininterrumpidamente a la viticultura. Con tanta historia a sus espaldas, no es de extra\u00f1ar que la bodega Can Bas sea hoy un referente en el marco geogr\u00e1fico del Pened\u00e8s, as\u00ed como un punto de inter\u00e9s enotur\u00edstico.<\/p>\n<p><!--more--><\/p>\n<p>Para los que hacen Can Bas, el trabajo de la vi\u00f1a y el vino se entiende como un privilegio, pero tambi\u00e9n como una gran responsabilidad. El privilegio de trabajar en lo que m\u00e1s les apasiona, elaborando vinos \u00fanicos que expresan las cualidades de la tierra que trabajan. Aut\u00e9nticos vinos de terru\u00f1o. Y la responsabilidad de sacar adelante una tierra y un proyecto vitivin\u00edcola, escuchando a todos los que intervienen en el proceso, desde el viticultor hasta el en\u00f3logo, y siempre con el cliente como referente. Pero tambi\u00e9n con la responsabilidad de preservar el entorno y de actuar sobre \u00e9l siguiendo criterios de sostenibilidad medioambiental.<\/p>\n<p>Los vinos que elaboran en Can Bas son siempre vinos genuinos. Cada botella que sale de la bodega refleja la tipicidad del dominio en el que crecen las vi\u00f1as, as\u00ed como las condiciones clim\u00e1ticas y ambientales de la cosecha. Trabajan d\u00eda a d\u00eda para obtener vinos que, por encima de todo, sean la expresi\u00f3n de los racimos crecidos en sus vi\u00f1as, preservando la singularidad.<\/p>\n<p>&nbsp;<\/p>\n<p><strong><em><a href=\"https:\/\/www.aribau.es\/wp-content\/uploads\/2020\/05\/la-capella-can-bas-aribau.png\"><img fetchpriority=\"high\" decoding=\"async\" class=\"alignleft size-medium wp-image-6860\" src=\"https:\/\/www.aribau.es\/wp-content\/uploads\/2020\/05\/la-capella-can-bas-aribau-180x300.png\" alt=\"\" width=\"180\" height=\"300\" srcset=\"https:\/\/www.aribau.es\/wp-content\/uploads\/2020\/05\/la-capella-can-bas-aribau-180x300.png 180w, https:\/\/www.aribau.es\/wp-content\/uploads\/2020\/05\/la-capella-can-bas-aribau.png 500w\" sizes=\"(max-width: 180px) 100vw, 180px\" \/><\/a>La Capella 2015<\/em><\/strong><\/p>\n<p><strong><em>La Capella<\/em><\/strong> es un vino tinto 70% syrah y 30% cabernet sauvignon con Denominaci\u00f3n de Origen Pened\u00e8s. Nace de una vi\u00f1a de syrah plantada en Can Bas hace 25 a\u00f1os, y de una parcela de cabernet que se extiende alrededor de la capilla de San Juan Salerm, una iglesia rom\u00e1nica propiedad del dominio Can Bas, y que ha visto nacer casa, vi\u00f1as y cultivos.<\/p>\n<p>Es un vino de color cereza picota intenso con reflejos de oro, granada y una chispa azulada que le aporta la piel del syrah. En nariz, destacan aromas frutales con toques de vainilla, caf\u00e9, especias y cedro. Una vez en boca se aprecia el equilibro entre frescor y acidez, envuelto en una textura aterciopelada, que lo hacen id\u00f3neo para maridar con asado de pato y solomillo de buey.<\/p>","protected":false},"excerpt":{"rendered":"<p>A pesar de que la finca y la explotaci\u00f3n agraria en la que hoy se levanta la bodega Can Bas ya exist\u00edan en la Edad Media, el nombre que ha perdurado hasta nuestros d\u00edas se remonta al a\u00f1o 1668. Una casa solariega edificada sobre una antigua mas\u00eda y ubicada en una unidad de producci\u00f3n agr\u00edcola &#8230; <a title=\"CAN BAS, M\u00c9S DE TRES SEGLES DEDICATS A LA VITICULTURA\" class=\"read-more\" href=\"https:\/\/www.aribau.es\/ca\/can-bas-mas-de-tres-siglos-dedicados-a-la-viticultura\/\" aria-label=\"M\u00e9s informaci\u00f3 sobre CAN BAS, M\u00c1S DE TRES SIGLOS DEDICADOS A LA VITICULTURA\">Llegiu m\u00e9s<\/a><\/p>","protected":false},"author":3,"featured_media":6859,"comment_status":"closed","ping_status":"closed","sticky":false,"template":"","format":"standard","meta":{"footnotes":""},"categories":[406],"tags":[586,321],"class_list":["post-6858","post","type-post","status-publish","format-standard","has-post-thumbnail","hentry","category-noticias","tag-can-bas","tag-do-penedes"],"yoast_head":"<!-- This site is optimized with the Yoast SEO plugin v26.7 - https:\/\/yoast.com\/wordpress\/plugins\/seo\/ -->\n<title>CAN BAS, M\u00c1S DE TRES SIGLOS DEDICADOS A LA VITICULTURA - Aribau<\/title>\n<meta name=\"robots\" content=\"index, follow, max-snippet:-1, max-image-preview:large, max-video-preview:-1\" \/>\n<link rel=\"canonical\" href=\"https:\/\/www.aribau.es\/ca\/can-bas-mas-de-tres-siglos-dedicados-a-la-viticultura\/\" \/>\n<meta property=\"og:locale\" content=\"ca_ES\" \/>\n<meta property=\"og:type\" content=\"article\" \/>\n<meta property=\"og:title\" content=\"CAN BAS, M\u00c1S DE TRES SIGLOS DEDICADOS A LA VITICULTURA - Aribau\" \/>\n<meta property=\"og:description\" content=\"A pesar de que la finca y la explotaci\u00f3n agraria en la que hoy se levanta la bodega Can Bas ya exist\u00edan en la Edad Media, el nombre que ha perdurado hasta nuestros d\u00edas se remonta al a\u00f1o 1668. Una casa solariega edificada sobre una antigua mas\u00eda y ubicada en una unidad de producci\u00f3n agr\u00edcola ... Llegiu m\u00e9s\" \/>\n<meta property=\"og:url\" content=\"https:\/\/www.aribau.es\/ca\/can-bas-mas-de-tres-siglos-dedicados-a-la-viticultura\/\" \/>\n<meta property=\"og:site_name\" content=\"Aribau\" \/>\n<meta property=\"article:publisher\" content=\"https:\/\/www.facebook.com\/aribau1964\/\" \/>\n<meta property=\"article:published_time\" content=\"2020-05-14T09:01:36+00:00\" \/>\n<meta property=\"article:modified_time\" content=\"2021-04-22T16:15:40+00:00\" \/>\n<meta property=\"og:image\" content=\"https:\/\/www.aribau.es\/wp-content\/uploads\/2020\/05\/can-bas-aribau.png\" \/>\n\t<meta property=\"og:image:width\" content=\"1200\" \/>\n\t<meta property=\"og:image:height\" content=\"500\" \/>\n\t<meta property=\"og:image:type\" content=\"image\/png\" \/>\n<meta name=\"author\" content=\"aribau\" \/>\n<meta name=\"twitter:card\" content=\"summary_large_image\" \/>\n<meta name=\"twitter:creator\" content=\"@aribau1964\" \/>\n<meta name=\"twitter:site\" content=\"@aribau1964\" \/>\n<meta name=\"twitter:label1\" content=\"Escrit per\" \/>\n\t<meta name=\"twitter:data1\" content=\"aribau\" \/>\n\t<meta name=\"twitter:label2\" content=\"Temps estimat de lectura\" \/>\n\t<meta name=\"twitter:data2\" content=\"2 minuts\" \/>\n<script type=\"application\/ld+json\" class=\"yoast-schema-graph\">{\"@context\":\"https:\/\/schema.org\",\"@graph\":[{\"@type\":\"Article\",\"@id\":\"https:\/\/www.aribau.es\/can-bas-mas-de-tres-siglos-dedicados-a-la-viticultura\/#article\",\"isPartOf\":{\"@id\":\"https:\/\/www.aribau.es\/can-bas-mas-de-tres-siglos-dedicados-a-la-viticultura\/\"},\"author\":{\"name\":\"aribau\",\"@id\":\"https:\/\/www.aribau.es\/#\/schema\/person\/77a976898b3c705ed016499633f4ffd0\"},\"headline\":\"CAN BAS, M\u00c1S DE TRES SIGLOS DEDICADOS A LA VITICULTURA\",\"datePublished\":\"2020-05-14T09:01:36+00:00\",\"dateModified\":\"2021-04-22T16:15:40+00:00\",\"mainEntityOfPage\":{\"@id\":\"https:\/\/www.aribau.es\/can-bas-mas-de-tres-siglos-dedicados-a-la-viticultura\/\"},\"wordCount\":435,\"publisher\":{\"@id\":\"https:\/\/www.aribau.es\/#organization\"},\"image\":{\"@id\":\"https:\/\/www.aribau.es\/can-bas-mas-de-tres-siglos-dedicados-a-la-viticultura\/#primaryimage\"},\"thumbnailUrl\":\"https:\/\/www.aribau.es\/wp-content\/uploads\/2020\/05\/can-bas-aribau.png\",\"keywords\":[\"Can Bas\",\"DO Pened\u00e8s\"],\"articleSection\":[\"Noticias\"],\"inLanguage\":\"ca\"},{\"@type\":\"WebPage\",\"@id\":\"https:\/\/www.aribau.es\/can-bas-mas-de-tres-siglos-dedicados-a-la-viticultura\/\",\"url\":\"https:\/\/www.aribau.es\/can-bas-mas-de-tres-siglos-dedicados-a-la-viticultura\/\",\"name\":\"CAN BAS, M\u00c1S DE TRES SIGLOS DEDICADOS A LA VITICULTURA - Aribau\",\"isPartOf\":{\"@id\":\"https:\/\/www.aribau.es\/#website\"},\"primaryImageOfPage\":{\"@id\":\"https:\/\/www.aribau.es\/can-bas-mas-de-tres-siglos-dedicados-a-la-viticultura\/#primaryimage\"},\"image\":{\"@id\":\"https:\/\/www.aribau.es\/can-bas-mas-de-tres-siglos-dedicados-a-la-viticultura\/#primaryimage\"},\"thumbnailUrl\":\"https:\/\/www.aribau.es\/wp-content\/uploads\/2020\/05\/can-bas-aribau.png\",\"datePublished\":\"2020-05-14T09:01:36+00:00\",\"dateModified\":\"2021-04-22T16:15:40+00:00\",\"breadcrumb\":{\"@id\":\"https:\/\/www.aribau.es\/can-bas-mas-de-tres-siglos-dedicados-a-la-viticultura\/#breadcrumb\"},\"inLanguage\":\"ca\",\"potentialAction\":[{\"@type\":\"ReadAction\",\"target\":[\"https:\/\/www.aribau.es\/can-bas-mas-de-tres-siglos-dedicados-a-la-viticultura\/\"]}]},{\"@type\":\"ImageObject\",\"inLanguage\":\"ca\",\"@id\":\"https:\/\/www.aribau.es\/can-bas-mas-de-tres-siglos-dedicados-a-la-viticultura\/#primaryimage\",\"url\":\"https:\/\/www.aribau.es\/wp-content\/uploads\/2020\/05\/can-bas-aribau.png\",\"contentUrl\":\"https:\/\/www.aribau.es\/wp-content\/uploads\/2020\/05\/can-bas-aribau.png\",\"width\":1200,\"height\":500},{\"@type\":\"BreadcrumbList\",\"@id\":\"https:\/\/www.aribau.es\/can-bas-mas-de-tres-siglos-dedicados-a-la-viticultura\/#breadcrumb\",\"itemListElement\":[{\"@type\":\"ListItem\",\"position\":1,\"name\":\"Portada\",\"item\":\"https:\/\/www.aribau.es\/\"},{\"@type\":\"ListItem\",\"position\":2,\"name\":\"CAN BAS, M\u00c1S DE TRES SIGLOS DEDICADOS A LA VITICULTURA\"}]},{\"@type\":\"WebSite\",\"@id\":\"https:\/\/www.aribau.es\/#website\",\"url\":\"https:\/\/www.aribau.es\/\",\"name\":\"Aribau\",\"description\":\"VINOS Y BODEGAS\",\"publisher\":{\"@id\":\"https:\/\/www.aribau.es\/#organization\"},\"potentialAction\":[{\"@type\":\"SearchAction\",\"target\":{\"@type\":\"EntryPoint\",\"urlTemplate\":\"https:\/\/www.aribau.es\/?s={search_term_string}\"},\"query-input\":{\"@type\":\"PropertyValueSpecification\",\"valueRequired\":true,\"valueName\":\"search_term_string\"}}],\"inLanguage\":\"ca\"},{\"@type\":\"Organization\",\"@id\":\"https:\/\/www.aribau.es\/#organization\",\"name\":\"Aribau\",\"url\":\"https:\/\/www.aribau.es\/\",\"logo\":{\"@type\":\"ImageObject\",\"inLanguage\":\"ca\",\"@id\":\"https:\/\/www.aribau.es\/#\/schema\/logo\/image\/\",\"url\":\"https:\/\/www.aribau.es\/wp-content\/uploads\/2022\/03\/logo.png\",\"contentUrl\":\"https:\/\/www.aribau.es\/wp-content\/uploads\/2022\/03\/logo.png\",\"width\":300,\"height\":300,\"caption\":\"Aribau\"},\"image\":{\"@id\":\"https:\/\/www.aribau.es\/#\/schema\/logo\/image\/\"},\"sameAs\":[\"https:\/\/www.facebook.com\/aribau1964\/\",\"https:\/\/x.com\/aribau1964\",\"https:\/\/www.instagram.com\/aribau1964\/\"]},{\"@type\":\"Person\",\"@id\":\"https:\/\/www.aribau.es\/#\/schema\/person\/77a976898b3c705ed016499633f4ffd0\",\"name\":\"aribau\",\"image\":{\"@type\":\"ImageObject\",\"inLanguage\":\"ca\",\"@id\":\"https:\/\/www.aribau.es\/#\/schema\/person\/image\/\",\"url\":\"https:\/\/secure.gravatar.com\/avatar\/6690491f832d5b32aa9482b978c9464816810fbff0f6658034a34c9d9657b94e?s=96&d=mm&r=g\",\"contentUrl\":\"https:\/\/secure.gravatar.com\/avatar\/6690491f832d5b32aa9482b978c9464816810fbff0f6658034a34c9d9657b94e?s=96&d=mm&r=g\",\"caption\":\"aribau\"},\"url\":\"https:\/\/www.aribau.es\/ca\/author\/aribau\/\"}]}<\/script>\n<!-- \/ Yoast SEO plugin. -->","yoast_head_json":{"title":"CAN BAS, M\u00c1S DE TRES SIGLOS DEDICADOS A LA VITICULTURA - Aribau","robots":{"index":"index","follow":"follow","max-snippet":"max-snippet:-1","max-image-preview":"max-image-preview:large","max-video-preview":"max-video-preview:-1"},"canonical":"https:\/\/www.aribau.es\/ca\/can-bas-mas-de-tres-siglos-dedicados-a-la-viticultura\/","og_locale":"ca_ES","og_type":"article","og_title":"CAN BAS, M\u00c1S DE TRES SIGLOS DEDICADOS A LA VITICULTURA - Aribau","og_description":"A pesar de que la finca y la explotaci\u00f3n agraria en la que hoy se levanta la bodega Can Bas ya exist\u00edan en la Edad Media, el nombre que ha perdurado hasta nuestros d\u00edas se remonta al a\u00f1o 1668. Una casa solariega edificada sobre una antigua mas\u00eda y ubicada en una unidad de producci\u00f3n agr\u00edcola ... Llegiu m\u00e9s","og_url":"https:\/\/www.aribau.es\/ca\/can-bas-mas-de-tres-siglos-dedicados-a-la-viticultura\/","og_site_name":"Aribau","article_publisher":"https:\/\/www.facebook.com\/aribau1964\/","article_published_time":"2020-05-14T09:01:36+00:00","article_modified_time":"2021-04-22T16:15:40+00:00","og_image":[{"width":1200,"height":500,"url":"https:\/\/www.aribau.es\/wp-content\/uploads\/2020\/05\/can-bas-aribau.png","type":"image\/png"}],"author":"aribau","twitter_card":"summary_large_image","twitter_creator":"@aribau1964","twitter_site":"@aribau1964","twitter_misc":{"Escrit per":"aribau","Temps estimat de lectura":"2 minuts"},"schema":{"@context":"https:\/\/schema.org","@graph":[{"@type":"Article","@id":"https:\/\/www.aribau.es\/can-bas-mas-de-tres-siglos-dedicados-a-la-viticultura\/#article","isPartOf":{"@id":"https:\/\/www.aribau.es\/can-bas-mas-de-tres-siglos-dedicados-a-la-viticultura\/"},"author":{"name":"aribau","@id":"https:\/\/www.aribau.es\/#\/schema\/person\/77a976898b3c705ed016499633f4ffd0"},"headline":"CAN BAS, M\u00c1S DE TRES SIGLOS DEDICADOS A LA VITICULTURA","datePublished":"2020-05-14T09:01:36+00:00","dateModified":"2021-04-22T16:15:40+00:00","mainEntityOfPage":{"@id":"https:\/\/www.aribau.es\/can-bas-mas-de-tres-siglos-dedicados-a-la-viticultura\/"},"wordCount":435,"publisher":{"@id":"https:\/\/www.aribau.es\/#organization"},"image":{"@id":"https:\/\/www.aribau.es\/can-bas-mas-de-tres-siglos-dedicados-a-la-viticultura\/#primaryimage"},"thumbnailUrl":"https:\/\/www.aribau.es\/wp-content\/uploads\/2020\/05\/can-bas-aribau.png","keywords":["Can Bas","DO Pened\u00e8s"],"articleSection":["Noticias"],"inLanguage":"ca"},{"@type":"WebPage","@id":"https:\/\/www.aribau.es\/can-bas-mas-de-tres-siglos-dedicados-a-la-viticultura\/","url":"https:\/\/www.aribau.es\/can-bas-mas-de-tres-siglos-dedicados-a-la-viticultura\/","name":"CAN BAS, M\u00c1S DE TRES SIGLOS DEDICADOS A LA VITICULTURA - Aribau","isPartOf":{"@id":"https:\/\/www.aribau.es\/#website"},"primaryImageOfPage":{"@id":"https:\/\/www.aribau.es\/can-bas-mas-de-tres-siglos-dedicados-a-la-viticultura\/#primaryimage"},"image":{"@id":"https:\/\/www.aribau.es\/can-bas-mas-de-tres-siglos-dedicados-a-la-viticultura\/#primaryimage"},"thumbnailUrl":"https:\/\/www.aribau.es\/wp-content\/uploads\/2020\/05\/can-bas-aribau.png","datePublished":"2020-05-14T09:01:36+00:00","dateModified":"2021-04-22T16:15:40+00:00","breadcrumb":{"@id":"https:\/\/www.aribau.es\/can-bas-mas-de-tres-siglos-dedicados-a-la-viticultura\/#breadcrumb"},"inLanguage":"ca","potentialAction":[{"@type":"ReadAction","target":["https:\/\/www.aribau.es\/can-bas-mas-de-tres-siglos-dedicados-a-la-viticultura\/"]}]},{"@type":"ImageObject","inLanguage":"ca","@id":"https:\/\/www.aribau.es\/can-bas-mas-de-tres-siglos-dedicados-a-la-viticultura\/#primaryimage","url":"https:\/\/www.aribau.es\/wp-content\/uploads\/2020\/05\/can-bas-aribau.png","contentUrl":"https:\/\/www.aribau.es\/wp-content\/uploads\/2020\/05\/can-bas-aribau.png","width":1200,"height":500},{"@type":"BreadcrumbList","@id":"https:\/\/www.aribau.es\/can-bas-mas-de-tres-siglos-dedicados-a-la-viticultura\/#breadcrumb","itemListElement":[{"@type":"ListItem","position":1,"name":"Portada","item":"https:\/\/www.aribau.es\/"},{"@type":"ListItem","position":2,"name":"CAN BAS, M\u00c1S DE TRES SIGLOS DEDICADOS A LA VITICULTURA"}]},{"@type":"WebSite","@id":"https:\/\/www.aribau.es\/#website","url":"https:\/\/www.aribau.es\/","name":"Aribau","description":"VINOS Y BODEGAS","publisher":{"@id":"https:\/\/www.aribau.es\/#organization"},"potentialAction":[{"@type":"SearchAction","target":{"@type":"EntryPoint","urlTemplate":"https:\/\/www.aribau.es\/?s={search_term_string}"},"query-input":{"@type":"PropertyValueSpecification","valueRequired":true,"valueName":"search_term_string"}}],"inLanguage":"ca"},{"@type":"Organization","@id":"https:\/\/www.aribau.es\/#organization","name":"Aribau","url":"https:\/\/www.aribau.es\/","logo":{"@type":"ImageObject","inLanguage":"ca","@id":"https:\/\/www.aribau.es\/#\/schema\/logo\/image\/","url":"https:\/\/www.aribau.es\/wp-content\/uploads\/2022\/03\/logo.png","contentUrl":"https:\/\/www.aribau.es\/wp-content\/uploads\/2022\/03\/logo.png","width":300,"height":300,"caption":"Aribau"},"image":{"@id":"https:\/\/www.aribau.es\/#\/schema\/logo\/image\/"},"sameAs":["https:\/\/www.facebook.com\/aribau1964\/","https:\/\/x.com\/aribau1964","https:\/\/www.instagram.com\/aribau1964\/"]},{"@type":"Person","@id":"https:\/\/www.aribau.es\/#\/schema\/person\/77a976898b3c705ed016499633f4ffd0","name":"aribau","image":{"@type":"ImageObject","inLanguage":"ca","@id":"https:\/\/www.aribau.es\/#\/schema\/person\/image\/","url":"https:\/\/secure.gravatar.com\/avatar\/6690491f832d5b32aa9482b978c9464816810fbff0f6658034a34c9d9657b94e?s=96&d=mm&r=g","contentUrl":"https:\/\/secure.gravatar.com\/avatar\/6690491f832d5b32aa9482b978c9464816810fbff0f6658034a34c9d9657b94e?s=96&d=mm&r=g","caption":"aribau"},"url":"https:\/\/www.aribau.es\/ca\/author\/aribau\/"}]}},"_links":{"self":[{"href":"https:\/\/www.aribau.es\/ca\/wp-json\/wp\/v2\/posts\/6858","targetHints":{"allow":["GET"]}}],"collection":[{"href":"https:\/\/www.aribau.es\/ca\/wp-json\/wp\/v2\/posts"}],"about":[{"href":"https:\/\/www.aribau.es\/ca\/wp-json\/wp\/v2\/types\/post"}],"author":[{"embeddable":true,"href":"https:\/\/www.aribau.es\/ca\/wp-json\/wp\/v2\/users\/3"}],"replies":[{"embeddable":true,"href":"https:\/\/www.aribau.es\/ca\/wp-json\/wp\/v2\/comments?post=6858"}],"version-history":[{"count":7,"href":"https:\/\/www.aribau.es\/ca\/wp-json\/wp\/v2\/posts\/6858\/revisions"}],"predecessor-version":[{"id":9908,"href":"https:\/\/www.aribau.es\/ca\/wp-json\/wp\/v2\/posts\/6858\/revisions\/9908"}],"wp:featuredmedia":[{"embeddable":true,"href":"https:\/\/www.aribau.es\/ca\/wp-json\/wp\/v2\/media\/6859"}],"wp:attachment":[{"href":"https:\/\/www.aribau.es\/ca\/wp-json\/wp\/v2\/media?parent=6858"}],"wp:term":[{"taxonomy":"category","embeddable":true,"href":"https:\/\/www.aribau.es\/ca\/wp-json\/wp\/v2\/categories?post=6858"},{"taxonomy":"post_tag","embeddable":true,"href":"https:\/\/www.aribau.es\/ca\/wp-json\/wp\/v2\/tags?post=6858"}],"curies":[{"name":"wp","href":"https:\/\/api.w.org\/{rel}","templated":true}]}}