{"id":6878,"date":"2020-06-04T10:01:27","date_gmt":"2020-06-04T09:01:27","guid":{"rendered":"https:\/\/www.aribau.es\/?p=6878"},"modified":"2021-04-22T17:11:04","modified_gmt":"2021-04-22T16:11:04","slug":"crecen-las-exportaciones-de-vino-en-espana-en-el-primer-trimestre-del-ano","status":"publish","type":"post","link":"https:\/\/www.aribau.es\/ca\/crecen-las-exportaciones-de-vino-en-espana-en-el-primer-trimestre-del-ano\/","title":{"rendered":"CREIXEN LES EXPORTACIONS DE VI A ESPANYA EN EL PRIMER TRIMESTRE DE L'ANY"},"content":{"rendered":"<p>Malgrat que les previsions no eren en absolut falagueres tenint en compte la crisi viscuda a conseq\u00fc\u00e8ncia de la pand\u00e8mia del coronavirus, el resultat del primer trimestre de l'any deixa unes xifres m\u00e9s que satisfact\u00f2ries per al m\u00f3n del vi, gr\u00e0cies especialment a les dades del mes de mar\u00e7.<\/p>\n<p><!--more--><\/p>\n<p><a href=\"https:\/\/oemv.es\/exportaciones-espanolas-de-vino-marzo-2020\" target=\"_blank\" rel=\"noopener\">Seg\u00fan informa el Observatorio Espa\u00f1ol del Mercado del Vino (OEMV)<\/a>, las exportaciones en marzo aumentaron en valor un 0,6% gracias fundamentalmente a una subida del precio medio del litro de vino del 4,4%. Estos datos son mejores incluso que los registrados en los dos primeros meses de este 2020, ayudando as\u00ed a subir la media del primer trimestre.<\/p>\n<p>Durante el mes de marzo, Espa\u00f1a export\u00f3 161,7 millones de litros de vino por un valor de 217,9 millones de euros, a un precio medio de 1,35\u20ac\/litro. Si bien es cierto que en t\u00e9rminos absolutos se exportaron menos litros que en el mismo per\u00edodo de 2019, la facturaci\u00f3n ha sido de 1,2 millones de euros m\u00e1s.<\/p>\n<p>Por productos, los vinos de aguja son los que suben m\u00e1s, con un 52% m\u00e1s en volumen, seguidos de los vinos de licor, que suben un 36%, y los espumosos, con un 15% en volumen.<\/p>\n<p>Atendiendo a los paises de destino, EEUU, Canad\u00e1, Suecia, Noruega e Irlanda son los pa\u00edses que aumentaron sus compras de vino espa\u00f1ol durante este primer trimestre del a\u00f1o. Por el contrario, los pa\u00edses en los que m\u00e1s baj\u00f3 la demanda fueron Rusia, China Jap\u00f3n, Italia, Francia y Reino Unido, algunos de ellos entre los m\u00e1s afectados por la crisis del coronavirus.<\/p>","protected":false},"excerpt":{"rendered":"<p>Malgrat que les previsions no eren en absolut falagueres tenint en compte la crisi viscuda a conseq\u00fc\u00e8ncia de la pand\u00e8mia del coronavirus, el resultat del primer trimestre de l'any deixa unes xifres m\u00e9s que satisfact\u00f2ries per al m\u00f3n del vi, gr\u00e0cies especialment a les dades del mes de mar\u00e7.<\/p>","protected":false},"author":3,"featured_media":5686,"comment_status":"closed","ping_status":"closed","sticky":false,"template":"","format":"standard","meta":{"footnotes":""},"categories":[406],"tags":[539,344],"class_list":["post-6878","post","type-post","status-publish","format-standard","has-post-thumbnail","hentry","category-noticias","tag-exportaciones","tag-vino-espanol"],"yoast_head":"<!-- This site is optimized with the Yoast SEO plugin v26.7 - https:\/\/yoast.com\/wordpress\/plugins\/seo\/ -->\n<title>CRECEN LAS EXPORTACIONES DE VINO EN ESPA\u00d1A EN EL PRIMER TRIMESTRE DEL A\u00d1O - Aribau<\/title>\n<meta name=\"robots\" content=\"index, follow, max-snippet:-1, max-image-preview:large, max-video-preview:-1\" \/>\n<link rel=\"canonical\" href=\"https:\/\/www.aribau.es\/ca\/crecen-las-exportaciones-de-vino-en-espana-en-el-primer-trimestre-del-ano\/\" \/>\n<meta property=\"og:locale\" content=\"ca_ES\" \/>\n<meta property=\"og:type\" content=\"article\" \/>\n<meta property=\"og:title\" content=\"CRECEN LAS EXPORTACIONES DE VINO EN ESPA\u00d1A EN EL PRIMER TRIMESTRE DEL A\u00d1O - Aribau\" \/>\n<meta property=\"og:description\" content=\"Pese a que las previsiones no eran en absoluto halag\u00fce\u00f1as teniendo en cuenta la crisis vivida a consecuencia de la pandemia del coronavirus, el resultado del primer trimestre del a\u00f1o deja unas cifras m\u00e1s que satisfactorias para el mundo del vino, gracias especialmente a los datos del mes de marzo.\" \/>\n<meta property=\"og:url\" content=\"https:\/\/www.aribau.es\/ca\/crecen-las-exportaciones-de-vino-en-espana-en-el-primer-trimestre-del-ano\/\" \/>\n<meta property=\"og:site_name\" content=\"Aribau\" \/>\n<meta property=\"article:publisher\" content=\"https:\/\/www.facebook.com\/aribau1964\/\" \/>\n<meta property=\"article:published_time\" content=\"2020-06-04T09:01:27+00:00\" \/>\n<meta property=\"article:modified_time\" content=\"2021-04-22T16:11:04+00:00\" \/>\n<meta property=\"og:image\" content=\"https:\/\/www.aribau.es\/wp-content\/uploads\/2018\/01\/vino-botellas-aribau.jpg\" \/>\n\t<meta property=\"og:image:width\" content=\"1000\" \/>\n\t<meta property=\"og:image:height\" content=\"536\" \/>\n\t<meta property=\"og:image:type\" content=\"image\/jpeg\" \/>\n<meta name=\"author\" content=\"aribau\" \/>\n<meta name=\"twitter:card\" content=\"summary_large_image\" \/>\n<meta name=\"twitter:creator\" content=\"@aribau1964\" \/>\n<meta name=\"twitter:site\" content=\"@aribau1964\" \/>\n<meta name=\"twitter:label1\" content=\"Escrit per\" \/>\n\t<meta name=\"twitter:data1\" content=\"aribau\" \/>\n\t<meta name=\"twitter:label2\" content=\"Temps estimat de lectura\" \/>\n\t<meta name=\"twitter:data2\" content=\"1 minut\" \/>\n<script type=\"application\/ld+json\" class=\"yoast-schema-graph\">{\"@context\":\"https:\/\/schema.org\",\"@graph\":[{\"@type\":\"Article\",\"@id\":\"https:\/\/www.aribau.es\/crecen-las-exportaciones-de-vino-en-espana-en-el-primer-trimestre-del-ano\/#article\",\"isPartOf\":{\"@id\":\"https:\/\/www.aribau.es\/crecen-las-exportaciones-de-vino-en-espana-en-el-primer-trimestre-del-ano\/\"},\"author\":{\"name\":\"aribau\",\"@id\":\"https:\/\/www.aribau.es\/#\/schema\/person\/77a976898b3c705ed016499633f4ffd0\"},\"headline\":\"CRECEN LAS EXPORTACIONES DE VINO EN ESPA\u00d1A EN EL PRIMER TRIMESTRE DEL A\u00d1O\",\"datePublished\":\"2020-06-04T09:01:27+00:00\",\"dateModified\":\"2021-04-22T16:11:04+00:00\",\"mainEntityOfPage\":{\"@id\":\"https:\/\/www.aribau.es\/crecen-las-exportaciones-de-vino-en-espana-en-el-primer-trimestre-del-ano\/\"},\"wordCount\":285,\"publisher\":{\"@id\":\"https:\/\/www.aribau.es\/#organization\"},\"image\":{\"@id\":\"https:\/\/www.aribau.es\/crecen-las-exportaciones-de-vino-en-espana-en-el-primer-trimestre-del-ano\/#primaryimage\"},\"thumbnailUrl\":\"https:\/\/www.aribau.es\/wp-content\/uploads\/2018\/01\/vino-botellas-aribau.jpg\",\"keywords\":[\"exportaciones\",\"Vino espa\u00f1ol\"],\"articleSection\":[\"Noticias\"],\"inLanguage\":\"ca\"},{\"@type\":\"WebPage\",\"@id\":\"https:\/\/www.aribau.es\/crecen-las-exportaciones-de-vino-en-espana-en-el-primer-trimestre-del-ano\/\",\"url\":\"https:\/\/www.aribau.es\/crecen-las-exportaciones-de-vino-en-espana-en-el-primer-trimestre-del-ano\/\",\"name\":\"CRECEN LAS EXPORTACIONES DE VINO EN ESPA\u00d1A EN EL PRIMER TRIMESTRE DEL A\u00d1O - Aribau\",\"isPartOf\":{\"@id\":\"https:\/\/www.aribau.es\/#website\"},\"primaryImageOfPage\":{\"@id\":\"https:\/\/www.aribau.es\/crecen-las-exportaciones-de-vino-en-espana-en-el-primer-trimestre-del-ano\/#primaryimage\"},\"image\":{\"@id\":\"https:\/\/www.aribau.es\/crecen-las-exportaciones-de-vino-en-espana-en-el-primer-trimestre-del-ano\/#primaryimage\"},\"thumbnailUrl\":\"https:\/\/www.aribau.es\/wp-content\/uploads\/2018\/01\/vino-botellas-aribau.jpg\",\"datePublished\":\"2020-06-04T09:01:27+00:00\",\"dateModified\":\"2021-04-22T16:11:04+00:00\",\"breadcrumb\":{\"@id\":\"https:\/\/www.aribau.es\/crecen-las-exportaciones-de-vino-en-espana-en-el-primer-trimestre-del-ano\/#breadcrumb\"},\"inLanguage\":\"ca\",\"potentialAction\":[{\"@type\":\"ReadAction\",\"target\":[\"https:\/\/www.aribau.es\/crecen-las-exportaciones-de-vino-en-espana-en-el-primer-trimestre-del-ano\/\"]}]},{\"@type\":\"ImageObject\",\"inLanguage\":\"ca\",\"@id\":\"https:\/\/www.aribau.es\/crecen-las-exportaciones-de-vino-en-espana-en-el-primer-trimestre-del-ano\/#primaryimage\",\"url\":\"https:\/\/www.aribau.es\/wp-content\/uploads\/2018\/01\/vino-botellas-aribau.jpg\",\"contentUrl\":\"https:\/\/www.aribau.es\/wp-content\/uploads\/2018\/01\/vino-botellas-aribau.jpg\",\"width\":1000,\"height\":536},{\"@type\":\"BreadcrumbList\",\"@id\":\"https:\/\/www.aribau.es\/crecen-las-exportaciones-de-vino-en-espana-en-el-primer-trimestre-del-ano\/#breadcrumb\",\"itemListElement\":[{\"@type\":\"ListItem\",\"position\":1,\"name\":\"Portada\",\"item\":\"https:\/\/www.aribau.es\/\"},{\"@type\":\"ListItem\",\"position\":2,\"name\":\"CRECEN LAS EXPORTACIONES DE VINO EN ESPA\u00d1A EN EL PRIMER TRIMESTRE DEL A\u00d1O\"}]},{\"@type\":\"WebSite\",\"@id\":\"https:\/\/www.aribau.es\/#website\",\"url\":\"https:\/\/www.aribau.es\/\",\"name\":\"Aribau\",\"description\":\"VINOS Y BODEGAS\",\"publisher\":{\"@id\":\"https:\/\/www.aribau.es\/#organization\"},\"potentialAction\":[{\"@type\":\"SearchAction\",\"target\":{\"@type\":\"EntryPoint\",\"urlTemplate\":\"https:\/\/www.aribau.es\/?s={search_term_string}\"},\"query-input\":{\"@type\":\"PropertyValueSpecification\",\"valueRequired\":true,\"valueName\":\"search_term_string\"}}],\"inLanguage\":\"ca\"},{\"@type\":\"Organization\",\"@id\":\"https:\/\/www.aribau.es\/#organization\",\"name\":\"Aribau\",\"url\":\"https:\/\/www.aribau.es\/\",\"logo\":{\"@type\":\"ImageObject\",\"inLanguage\":\"ca\",\"@id\":\"https:\/\/www.aribau.es\/#\/schema\/logo\/image\/\",\"url\":\"https:\/\/www.aribau.es\/wp-content\/uploads\/2022\/03\/logo.png\",\"contentUrl\":\"https:\/\/www.aribau.es\/wp-content\/uploads\/2022\/03\/logo.png\",\"width\":300,\"height\":300,\"caption\":\"Aribau\"},\"image\":{\"@id\":\"https:\/\/www.aribau.es\/#\/schema\/logo\/image\/\"},\"sameAs\":[\"https:\/\/www.facebook.com\/aribau1964\/\",\"https:\/\/x.com\/aribau1964\",\"https:\/\/www.instagram.com\/aribau1964\/\"]},{\"@type\":\"Person\",\"@id\":\"https:\/\/www.aribau.es\/#\/schema\/person\/77a976898b3c705ed016499633f4ffd0\",\"name\":\"aribau\",\"image\":{\"@type\":\"ImageObject\",\"inLanguage\":\"ca\",\"@id\":\"https:\/\/www.aribau.es\/#\/schema\/person\/image\/\",\"url\":\"https:\/\/secure.gravatar.com\/avatar\/6690491f832d5b32aa9482b978c9464816810fbff0f6658034a34c9d9657b94e?s=96&d=mm&r=g\",\"contentUrl\":\"https:\/\/secure.gravatar.com\/avatar\/6690491f832d5b32aa9482b978c9464816810fbff0f6658034a34c9d9657b94e?s=96&d=mm&r=g\",\"caption\":\"aribau\"},\"url\":\"https:\/\/www.aribau.es\/ca\/author\/aribau\/\"}]}<\/script>\n<!-- \/ Yoast SEO plugin. -->","yoast_head_json":{"title":"CRECEN LAS EXPORTACIONES DE VINO EN ESPA\u00d1A EN EL PRIMER TRIMESTRE DEL A\u00d1O - Aribau","robots":{"index":"index","follow":"follow","max-snippet":"max-snippet:-1","max-image-preview":"max-image-preview:large","max-video-preview":"max-video-preview:-1"},"canonical":"https:\/\/www.aribau.es\/ca\/crecen-las-exportaciones-de-vino-en-espana-en-el-primer-trimestre-del-ano\/","og_locale":"ca_ES","og_type":"article","og_title":"CRECEN LAS EXPORTACIONES DE VINO EN ESPA\u00d1A EN EL PRIMER TRIMESTRE DEL A\u00d1O - Aribau","og_description":"Pese a que las previsiones no eran en absoluto halag\u00fce\u00f1as teniendo en cuenta la crisis vivida a consecuencia de la pandemia del coronavirus, el resultado del primer trimestre del a\u00f1o deja unas cifras m\u00e1s que satisfactorias para el mundo del vino, gracias especialmente a los datos del mes de marzo.","og_url":"https:\/\/www.aribau.es\/ca\/crecen-las-exportaciones-de-vino-en-espana-en-el-primer-trimestre-del-ano\/","og_site_name":"Aribau","article_publisher":"https:\/\/www.facebook.com\/aribau1964\/","article_published_time":"2020-06-04T09:01:27+00:00","article_modified_time":"2021-04-22T16:11:04+00:00","og_image":[{"width":1000,"height":536,"url":"https:\/\/www.aribau.es\/wp-content\/uploads\/2018\/01\/vino-botellas-aribau.jpg","type":"image\/jpeg"}],"author":"aribau","twitter_card":"summary_large_image","twitter_creator":"@aribau1964","twitter_site":"@aribau1964","twitter_misc":{"Escrit per":"aribau","Temps estimat de lectura":"1 minut"},"schema":{"@context":"https:\/\/schema.org","@graph":[{"@type":"Article","@id":"https:\/\/www.aribau.es\/crecen-las-exportaciones-de-vino-en-espana-en-el-primer-trimestre-del-ano\/#article","isPartOf":{"@id":"https:\/\/www.aribau.es\/crecen-las-exportaciones-de-vino-en-espana-en-el-primer-trimestre-del-ano\/"},"author":{"name":"aribau","@id":"https:\/\/www.aribau.es\/#\/schema\/person\/77a976898b3c705ed016499633f4ffd0"},"headline":"CRECEN LAS EXPORTACIONES DE VINO EN ESPA\u00d1A EN EL PRIMER TRIMESTRE DEL A\u00d1O","datePublished":"2020-06-04T09:01:27+00:00","dateModified":"2021-04-22T16:11:04+00:00","mainEntityOfPage":{"@id":"https:\/\/www.aribau.es\/crecen-las-exportaciones-de-vino-en-espana-en-el-primer-trimestre-del-ano\/"},"wordCount":285,"publisher":{"@id":"https:\/\/www.aribau.es\/#organization"},"image":{"@id":"https:\/\/www.aribau.es\/crecen-las-exportaciones-de-vino-en-espana-en-el-primer-trimestre-del-ano\/#primaryimage"},"thumbnailUrl":"https:\/\/www.aribau.es\/wp-content\/uploads\/2018\/01\/vino-botellas-aribau.jpg","keywords":["exportaciones","Vino espa\u00f1ol"],"articleSection":["Noticias"],"inLanguage":"ca"},{"@type":"WebPage","@id":"https:\/\/www.aribau.es\/crecen-las-exportaciones-de-vino-en-espana-en-el-primer-trimestre-del-ano\/","url":"https:\/\/www.aribau.es\/crecen-las-exportaciones-de-vino-en-espana-en-el-primer-trimestre-del-ano\/","name":"CRECEN LAS EXPORTACIONES DE VINO EN ESPA\u00d1A EN EL PRIMER TRIMESTRE DEL A\u00d1O - Aribau","isPartOf":{"@id":"https:\/\/www.aribau.es\/#website"},"primaryImageOfPage":{"@id":"https:\/\/www.aribau.es\/crecen-las-exportaciones-de-vino-en-espana-en-el-primer-trimestre-del-ano\/#primaryimage"},"image":{"@id":"https:\/\/www.aribau.es\/crecen-las-exportaciones-de-vino-en-espana-en-el-primer-trimestre-del-ano\/#primaryimage"},"thumbnailUrl":"https:\/\/www.aribau.es\/wp-content\/uploads\/2018\/01\/vino-botellas-aribau.jpg","datePublished":"2020-06-04T09:01:27+00:00","dateModified":"2021-04-22T16:11:04+00:00","breadcrumb":{"@id":"https:\/\/www.aribau.es\/crecen-las-exportaciones-de-vino-en-espana-en-el-primer-trimestre-del-ano\/#breadcrumb"},"inLanguage":"ca","potentialAction":[{"@type":"ReadAction","target":["https:\/\/www.aribau.es\/crecen-las-exportaciones-de-vino-en-espana-en-el-primer-trimestre-del-ano\/"]}]},{"@type":"ImageObject","inLanguage":"ca","@id":"https:\/\/www.aribau.es\/crecen-las-exportaciones-de-vino-en-espana-en-el-primer-trimestre-del-ano\/#primaryimage","url":"https:\/\/www.aribau.es\/wp-content\/uploads\/2018\/01\/vino-botellas-aribau.jpg","contentUrl":"https:\/\/www.aribau.es\/wp-content\/uploads\/2018\/01\/vino-botellas-aribau.jpg","width":1000,"height":536},{"@type":"BreadcrumbList","@id":"https:\/\/www.aribau.es\/crecen-las-exportaciones-de-vino-en-espana-en-el-primer-trimestre-del-ano\/#breadcrumb","itemListElement":[{"@type":"ListItem","position":1,"name":"Portada","item":"https:\/\/www.aribau.es\/"},{"@type":"ListItem","position":2,"name":"CRECEN LAS EXPORTACIONES DE VINO EN ESPA\u00d1A EN EL PRIMER TRIMESTRE DEL A\u00d1O"}]},{"@type":"WebSite","@id":"https:\/\/www.aribau.es\/#website","url":"https:\/\/www.aribau.es\/","name":"Aribau","description":"VINOS Y BODEGAS","publisher":{"@id":"https:\/\/www.aribau.es\/#organization"},"potentialAction":[{"@type":"SearchAction","target":{"@type":"EntryPoint","urlTemplate":"https:\/\/www.aribau.es\/?s={search_term_string}"},"query-input":{"@type":"PropertyValueSpecification","valueRequired":true,"valueName":"search_term_string"}}],"inLanguage":"ca"},{"@type":"Organization","@id":"https:\/\/www.aribau.es\/#organization","name":"Aribau","url":"https:\/\/www.aribau.es\/","logo":{"@type":"ImageObject","inLanguage":"ca","@id":"https:\/\/www.aribau.es\/#\/schema\/logo\/image\/","url":"https:\/\/www.aribau.es\/wp-content\/uploads\/2022\/03\/logo.png","contentUrl":"https:\/\/www.aribau.es\/wp-content\/uploads\/2022\/03\/logo.png","width":300,"height":300,"caption":"Aribau"},"image":{"@id":"https:\/\/www.aribau.es\/#\/schema\/logo\/image\/"},"sameAs":["https:\/\/www.facebook.com\/aribau1964\/","https:\/\/x.com\/aribau1964","https:\/\/www.instagram.com\/aribau1964\/"]},{"@type":"Person","@id":"https:\/\/www.aribau.es\/#\/schema\/person\/77a976898b3c705ed016499633f4ffd0","name":"aribau","image":{"@type":"ImageObject","inLanguage":"ca","@id":"https:\/\/www.aribau.es\/#\/schema\/person\/image\/","url":"https:\/\/secure.gravatar.com\/avatar\/6690491f832d5b32aa9482b978c9464816810fbff0f6658034a34c9d9657b94e?s=96&d=mm&r=g","contentUrl":"https:\/\/secure.gravatar.com\/avatar\/6690491f832d5b32aa9482b978c9464816810fbff0f6658034a34c9d9657b94e?s=96&d=mm&r=g","caption":"aribau"},"url":"https:\/\/www.aribau.es\/ca\/author\/aribau\/"}]}},"_links":{"self":[{"href":"https:\/\/www.aribau.es\/ca\/wp-json\/wp\/v2\/posts\/6878","targetHints":{"allow":["GET"]}}],"collection":[{"href":"https:\/\/www.aribau.es\/ca\/wp-json\/wp\/v2\/posts"}],"about":[{"href":"https:\/\/www.aribau.es\/ca\/wp-json\/wp\/v2\/types\/post"}],"author":[{"embeddable":true,"href":"https:\/\/www.aribau.es\/ca\/wp-json\/wp\/v2\/users\/3"}],"replies":[{"embeddable":true,"href":"https:\/\/www.aribau.es\/ca\/wp-json\/wp\/v2\/comments?post=6878"}],"version-history":[{"count":6,"href":"https:\/\/www.aribau.es\/ca\/wp-json\/wp\/v2\/posts\/6878\/revisions"}],"predecessor-version":[{"id":9903,"href":"https:\/\/www.aribau.es\/ca\/wp-json\/wp\/v2\/posts\/6878\/revisions\/9903"}],"wp:featuredmedia":[{"embeddable":true,"href":"https:\/\/www.aribau.es\/ca\/wp-json\/wp\/v2\/media\/5686"}],"wp:attachment":[{"href":"https:\/\/www.aribau.es\/ca\/wp-json\/wp\/v2\/media?parent=6878"}],"wp:term":[{"taxonomy":"category","embeddable":true,"href":"https:\/\/www.aribau.es\/ca\/wp-json\/wp\/v2\/categories?post=6878"},{"taxonomy":"post_tag","embeddable":true,"href":"https:\/\/www.aribau.es\/ca\/wp-json\/wp\/v2\/tags?post=6878"}],"curies":[{"name":"wp","href":"https:\/\/api.w.org\/{rel}","templated":true}]}}