{"id":6889,"date":"2020-06-18T11:11:09","date_gmt":"2020-06-18T10:11:09","guid":{"rendered":"https:\/\/www.aribau.es\/?p=6889"},"modified":"2021-04-22T17:08:58","modified_gmt":"2021-04-22T16:08:58","slug":"el-san-juan-mas-familiar-con-los-vinos-de-aribau","status":"publish","type":"post","link":"https:\/\/www.aribau.es\/ca\/el-san-juan-mas-familiar-con-los-vinos-de-aribau\/","title":{"rendered":"EL SANT JOAN M\u00c9S FAMILIAR, AMB ELS VINS D'ARIBAU"},"content":{"rendered":"<p>La pr\u00f3xima semana se celebra la verbena de San Juan, una fecha muy se\u00f1alada porque simboliza el inicio del verano. Este a\u00f1o, sin embargo, ser\u00e1 un poco diferente. Pese a que a partir del lunes habr\u00e1 finalizado el Estado de Alarma y, en principio, todo volver\u00e1 a la \u201cnormalidad\u201d, lo cierto es que esa normalidad reci\u00e9n estrenada a\u00fan estar\u00e1 muy lejos de aquella a la que est\u00e1bamos acostumbrados.<\/p>\n<p><!--more--><\/p>\n<p>Rostros con mascarilla, encuentros sin besos ni abrazos, y todo regado con bien de gel hidroalcoh\u00f3lico no son un gran panorama. Pero, por otra parte, las ganas de celebrar y de reencontrarnos con los nuestros son indiscutibles. As\u00ed que, si eres de los que prefiere quedarse en casa este San Juan, te proponemos un cuarteto de vinos ganador para que tu verbena luzca como la que m\u00e1s.<\/p>\n<p><strong><a href=\"https:\/\/www.aribau.es\/wp-content\/uploads\/2014\/04\/musugorri.jpg\"><img decoding=\"async\" class=\"alignleft size-medium wp-image-4825\" src=\"https:\/\/www.aribau.es\/wp-content\/uploads\/2014\/04\/musugorri-150x300.jpg\" alt=\"\" width=\"150\" height=\"300\" srcset=\"https:\/\/www.aribau.es\/wp-content\/uploads\/2014\/04\/musugorri-150x300.jpg 150w, https:\/\/www.aribau.es\/wp-content\/uploads\/2014\/04\/musugorri.jpg 284w\" sizes=\"(max-width: 150px) 100vw, 150px\" \/><\/a>Un vermut, <em>Musugorri<\/em><\/strong><\/p>\n<p>Lo mejor es empezar la fiesta brindando con un vermut. Acompa\u00f1ado con algo de picoteo, es sin duda la mejor manera de hacer tiempo mientras van llegando todos los invitados. <em><strong><a href=\"https:\/\/www.aribau.es\/ca\/musugorri\/\" target=\"_blank\" rel=\"noopener\">Musugorri<\/a><\/strong><\/em>, adem\u00e1s de un vermut solidario, es un fiel reflejo de la zona de la que procede, La Secuita (Tarragona). Se elabora de forma tradicional y 100% natural, y tiene un suave amargor y un delicado dulzor que lo hacen equilibrado a la vez que persistente.<\/p>\n<p><strong>Empecemos con los blancos: <em>Saltimbanqui<a href=\"https:\/\/www.aribau.es\/wp-content\/uploads\/2018\/12\/saltimbanqui-verdejo.jpg\"><img decoding=\"async\" class=\"alignright size-medium wp-image-6252\" src=\"https:\/\/www.aribau.es\/wp-content\/uploads\/2018\/12\/saltimbanqui-verdejo-121x300.jpg\" alt=\"\" width=\"121\" height=\"300\" srcset=\"https:\/\/www.aribau.es\/wp-content\/uploads\/2018\/12\/saltimbanqui-verdejo-121x300.jpg 121w, https:\/\/www.aribau.es\/wp-content\/uploads\/2018\/12\/saltimbanqui-verdejo.jpg 322w\" sizes=\"(max-width: 121px) 100vw, 121px\" \/><\/a> <\/em><\/strong><\/p>\n<p>Para los entrantes podemos optar por un blanco: <em><strong><a href=\"https:\/\/www.aribau.es\/ca\/saltimbanqui-verdejo\/\" target=\"_blank\" rel=\"noopener\">Saltimbanqui<\/a><\/strong><\/em>, un verdejo con Denominaci\u00f3n de Origen Rueda que har\u00e1 las delicias de los comensales. Refrescante y f\u00e1cil de beber, ser\u00e1 la mejor opci\u00f3n para quien prefiera algo m\u00e1s ligero para acompa\u00f1ar la cena.<\/p>\n<p><strong><a href=\"https:\/\/www.aribau.es\/wp-content\/uploads\/2019\/07\/cargol_treu_banya_2018_low_res.jpg\"><img decoding=\"async\" class=\"alignleft size-medium wp-image-6476\" src=\"https:\/\/www.aribau.es\/wp-content\/uploads\/2019\/07\/cargol_treu_banya_2018_low_res-150x300.jpg\" alt=\"\" width=\"150\" height=\"300\" srcset=\"https:\/\/www.aribau.es\/wp-content\/uploads\/2019\/07\/cargol_treu_banya_2018_low_res-150x300.jpg 150w, https:\/\/www.aribau.es\/wp-content\/uploads\/2019\/07\/cargol_treu_banya_2018_low_res.jpg 384w\" sizes=\"(max-width: 150px) 100vw, 150px\" \/><\/a>Y seguimos con el tinto: <em>Cargol Treu Banya<\/em><\/strong><\/p>\n<p>Y como siempre hay quien se declara m\u00e1s fan de los vinos tintos, aqu\u00ed va nuestra apuesta: <em><strong><a href=\"https:\/\/www.aribau.es\/ca\/cargol-treu-banya\/\" target=\"_blank\" rel=\"noopener\">Cargol Treu Banya<\/a><\/strong><\/em>, un coupage de tempranillo, garnacha tinta, merlot y syrah con Denominaci\u00f3n de Origen Costers del Segre. Un vino con crianza y muy vers\u00e1til a la hora de maridarlo: ser\u00e1 el acompa\u00f1ante ideal para carnes rojas, asados, jam\u00f3n serrano o quesos curados, pero tambi\u00e9n para una pizza, si de lo que se trata es de que sea una fiesta un poco m\u00e1s informal.<a href=\"https:\/\/www.aribau.es\/wp-content\/uploads\/2019\/10\/i_tant_brut_rose_low_res.jpg\"><img loading=\"lazy\" decoding=\"async\" class=\"alignright size-medium wp-image-6569\" src=\"https:\/\/www.aribau.es\/wp-content\/uploads\/2019\/10\/i_tant_brut_rose_low_res-150x300.jpg\" alt=\"\" width=\"150\" height=\"300\" srcset=\"https:\/\/www.aribau.es\/wp-content\/uploads\/2019\/10\/i_tant_brut_rose_low_res-150x300.jpg 150w, https:\/\/www.aribau.es\/wp-content\/uploads\/2019\/10\/i_tant_brut_rose_low_res.jpg 384w\" sizes=\"(max-width: 150px) 100vw, 150px\" \/><\/a><\/p>\n<p><strong>Y para rematar, un cava ros\u00e9 <\/strong><\/p>\n<p>Una vez que han desfilado todos los platos de la cena, llega la ansiada coca, un postre sin el que -con permiso de las hogueras y los petardos- San Juan ser\u00eda una noche m\u00e1s. Y ya que este San Juan es especial por partida doble, \u00bfpor qu\u00e9 no brindar con una cava tambi\u00e9n especial? <em><strong><a href=\"https:\/\/www.aribau.es\/ca\/i-tant-cava-brut-nature-rosado\/\" target=\"_blank\" rel=\"noopener\">I Tant Cava Brut Nature Rosado<\/a><\/strong><\/em> es un cava 100% pinot noir, de brillante color cereza y matices salm\u00f3n, y una burbuja fina y persistente. Un cava goloso perfecto para poner el broche de oro a un San Juan que, sin duda, ser\u00e1 m\u00e1s que especial.<\/p>","protected":false},"excerpt":{"rendered":"<p>La pr\u00f3xima semana se celebra la verbena de San Juan, una fecha muy se\u00f1alada porque simboliza el inicio del verano. Este a\u00f1o, sin embargo, ser\u00e1 un poco diferente. Pese a que a partir del lunes habr\u00e1 finalizado el Estado de Alarma y, en principio, todo volver\u00e1 a la \u201cnormalidad\u201d, lo cierto es que esa normalidad &#8230; <a title=\"EL SANT JOAN M\u00c9S FAMILIAR, AMB ELS VINS D&#039;ARIBAU\" class=\"read-more\" href=\"https:\/\/www.aribau.es\/ca\/el-san-juan-mas-familiar-con-los-vinos-de-aribau\/\" aria-label=\"M\u00e9s informaci\u00f3 sobre EL SAN JUAN M\u00c1S FAMILIAR, CON LOS VINOS DE ARIBAU\">Llegiu m\u00e9s<\/a><\/p>","protected":false},"author":3,"featured_media":6890,"comment_status":"closed","ping_status":"closed","sticky":false,"template":"","format":"standard","meta":{"footnotes":""},"categories":[406],"tags":[562,572,407,398],"class_list":["post-6889","post","type-post","status-publish","format-standard","has-post-thumbnail","hentry","category-noticias","tag-cargol-treu-banya","tag-i-tant-cava","tag-musugorri","tag-saltimbanqui"],"yoast_head":"<!-- This site is optimized with the Yoast SEO plugin v26.7 - https:\/\/yoast.com\/wordpress\/plugins\/seo\/ -->\n<title>EL SAN JUAN M\u00c1S FAMILIAR, CON LOS VINOS DE ARIBAU - Aribau<\/title>\n<meta name=\"robots\" content=\"index, follow, max-snippet:-1, max-image-preview:large, max-video-preview:-1\" \/>\n<link rel=\"canonical\" href=\"https:\/\/www.aribau.es\/ca\/el-san-juan-mas-familiar-con-los-vinos-de-aribau\/\" \/>\n<meta property=\"og:locale\" content=\"ca_ES\" \/>\n<meta property=\"og:type\" content=\"article\" \/>\n<meta property=\"og:title\" content=\"EL SAN JUAN M\u00c1S FAMILIAR, CON LOS VINOS DE ARIBAU - Aribau\" \/>\n<meta property=\"og:description\" content=\"La pr\u00f3xima semana se celebra la verbena de San Juan, una fecha muy se\u00f1alada porque simboliza el inicio del verano. Este a\u00f1o, sin embargo, ser\u00e1 un poco diferente. Pese a que a partir del lunes habr\u00e1 finalizado el Estado de Alarma y, en principio, todo volver\u00e1 a la \u201cnormalidad\u201d, lo cierto es que esa normalidad ... Llegiu m\u00e9s\" \/>\n<meta property=\"og:url\" content=\"https:\/\/www.aribau.es\/ca\/el-san-juan-mas-familiar-con-los-vinos-de-aribau\/\" \/>\n<meta property=\"og:site_name\" content=\"Aribau\" \/>\n<meta property=\"article:publisher\" content=\"https:\/\/www.facebook.com\/aribau1964\/\" \/>\n<meta property=\"article:published_time\" content=\"2020-06-18T10:11:09+00:00\" \/>\n<meta property=\"article:modified_time\" content=\"2021-04-22T16:08:58+00:00\" \/>\n<meta property=\"og:image\" content=\"https:\/\/www.aribau.es\/wp-content\/uploads\/2020\/06\/amigos-brindis-cena-aribau.jpg\" \/>\n\t<meta property=\"og:image:width\" content=\"1200\" \/>\n\t<meta property=\"og:image:height\" content=\"800\" \/>\n\t<meta property=\"og:image:type\" content=\"image\/jpeg\" \/>\n<meta name=\"author\" content=\"aribau\" \/>\n<meta name=\"twitter:card\" content=\"summary_large_image\" \/>\n<meta name=\"twitter:creator\" content=\"@aribau1964\" \/>\n<meta name=\"twitter:site\" content=\"@aribau1964\" \/>\n<meta name=\"twitter:label1\" content=\"Escrit per\" \/>\n\t<meta name=\"twitter:data1\" content=\"aribau\" \/>\n\t<meta name=\"twitter:label2\" content=\"Temps estimat de lectura\" \/>\n\t<meta name=\"twitter:data2\" content=\"2 minuts\" \/>\n<script type=\"application\/ld+json\" class=\"yoast-schema-graph\">{\"@context\":\"https:\/\/schema.org\",\"@graph\":[{\"@type\":\"Article\",\"@id\":\"https:\/\/www.aribau.es\/el-san-juan-mas-familiar-con-los-vinos-de-aribau\/#article\",\"isPartOf\":{\"@id\":\"https:\/\/www.aribau.es\/el-san-juan-mas-familiar-con-los-vinos-de-aribau\/\"},\"author\":{\"name\":\"aribau\",\"@id\":\"https:\/\/www.aribau.es\/#\/schema\/person\/77a976898b3c705ed016499633f4ffd0\"},\"headline\":\"EL SAN JUAN M\u00c1S FAMILIAR, CON LOS VINOS DE ARIBAU\",\"datePublished\":\"2020-06-18T10:11:09+00:00\",\"dateModified\":\"2021-04-22T16:08:58+00:00\",\"mainEntityOfPage\":{\"@id\":\"https:\/\/www.aribau.es\/el-san-juan-mas-familiar-con-los-vinos-de-aribau\/\"},\"wordCount\":493,\"publisher\":{\"@id\":\"https:\/\/www.aribau.es\/#organization\"},\"image\":{\"@id\":\"https:\/\/www.aribau.es\/el-san-juan-mas-familiar-con-los-vinos-de-aribau\/#primaryimage\"},\"thumbnailUrl\":\"https:\/\/www.aribau.es\/wp-content\/uploads\/2020\/06\/amigos-brindis-cena-aribau.jpg\",\"keywords\":[\"Cargol Treu Banya\",\"I Tant Cava\",\"Musugorri\",\"Saltimbanqui\"],\"articleSection\":[\"Noticias\"],\"inLanguage\":\"ca\"},{\"@type\":\"WebPage\",\"@id\":\"https:\/\/www.aribau.es\/el-san-juan-mas-familiar-con-los-vinos-de-aribau\/\",\"url\":\"https:\/\/www.aribau.es\/el-san-juan-mas-familiar-con-los-vinos-de-aribau\/\",\"name\":\"EL SAN JUAN M\u00c1S FAMILIAR, CON LOS VINOS DE ARIBAU - Aribau\",\"isPartOf\":{\"@id\":\"https:\/\/www.aribau.es\/#website\"},\"primaryImageOfPage\":{\"@id\":\"https:\/\/www.aribau.es\/el-san-juan-mas-familiar-con-los-vinos-de-aribau\/#primaryimage\"},\"image\":{\"@id\":\"https:\/\/www.aribau.es\/el-san-juan-mas-familiar-con-los-vinos-de-aribau\/#primaryimage\"},\"thumbnailUrl\":\"https:\/\/www.aribau.es\/wp-content\/uploads\/2020\/06\/amigos-brindis-cena-aribau.jpg\",\"datePublished\":\"2020-06-18T10:11:09+00:00\",\"dateModified\":\"2021-04-22T16:08:58+00:00\",\"breadcrumb\":{\"@id\":\"https:\/\/www.aribau.es\/el-san-juan-mas-familiar-con-los-vinos-de-aribau\/#breadcrumb\"},\"inLanguage\":\"ca\",\"potentialAction\":[{\"@type\":\"ReadAction\",\"target\":[\"https:\/\/www.aribau.es\/el-san-juan-mas-familiar-con-los-vinos-de-aribau\/\"]}]},{\"@type\":\"ImageObject\",\"inLanguage\":\"ca\",\"@id\":\"https:\/\/www.aribau.es\/el-san-juan-mas-familiar-con-los-vinos-de-aribau\/#primaryimage\",\"url\":\"https:\/\/www.aribau.es\/wp-content\/uploads\/2020\/06\/amigos-brindis-cena-aribau.jpg\",\"contentUrl\":\"https:\/\/www.aribau.es\/wp-content\/uploads\/2020\/06\/amigos-brindis-cena-aribau.jpg\",\"width\":1200,\"height\":800},{\"@type\":\"BreadcrumbList\",\"@id\":\"https:\/\/www.aribau.es\/el-san-juan-mas-familiar-con-los-vinos-de-aribau\/#breadcrumb\",\"itemListElement\":[{\"@type\":\"ListItem\",\"position\":1,\"name\":\"Portada\",\"item\":\"https:\/\/www.aribau.es\/\"},{\"@type\":\"ListItem\",\"position\":2,\"name\":\"EL SAN JUAN M\u00c1S FAMILIAR, CON LOS VINOS DE ARIBAU\"}]},{\"@type\":\"WebSite\",\"@id\":\"https:\/\/www.aribau.es\/#website\",\"url\":\"https:\/\/www.aribau.es\/\",\"name\":\"Aribau\",\"description\":\"VINOS Y BODEGAS\",\"publisher\":{\"@id\":\"https:\/\/www.aribau.es\/#organization\"},\"potentialAction\":[{\"@type\":\"SearchAction\",\"target\":{\"@type\":\"EntryPoint\",\"urlTemplate\":\"https:\/\/www.aribau.es\/?s={search_term_string}\"},\"query-input\":{\"@type\":\"PropertyValueSpecification\",\"valueRequired\":true,\"valueName\":\"search_term_string\"}}],\"inLanguage\":\"ca\"},{\"@type\":\"Organization\",\"@id\":\"https:\/\/www.aribau.es\/#organization\",\"name\":\"Aribau\",\"url\":\"https:\/\/www.aribau.es\/\",\"logo\":{\"@type\":\"ImageObject\",\"inLanguage\":\"ca\",\"@id\":\"https:\/\/www.aribau.es\/#\/schema\/logo\/image\/\",\"url\":\"https:\/\/www.aribau.es\/wp-content\/uploads\/2022\/03\/logo.png\",\"contentUrl\":\"https:\/\/www.aribau.es\/wp-content\/uploads\/2022\/03\/logo.png\",\"width\":300,\"height\":300,\"caption\":\"Aribau\"},\"image\":{\"@id\":\"https:\/\/www.aribau.es\/#\/schema\/logo\/image\/\"},\"sameAs\":[\"https:\/\/www.facebook.com\/aribau1964\/\",\"https:\/\/x.com\/aribau1964\",\"https:\/\/www.instagram.com\/aribau1964\/\"]},{\"@type\":\"Person\",\"@id\":\"https:\/\/www.aribau.es\/#\/schema\/person\/77a976898b3c705ed016499633f4ffd0\",\"name\":\"aribau\",\"image\":{\"@type\":\"ImageObject\",\"inLanguage\":\"ca\",\"@id\":\"https:\/\/www.aribau.es\/#\/schema\/person\/image\/\",\"url\":\"https:\/\/secure.gravatar.com\/avatar\/6690491f832d5b32aa9482b978c9464816810fbff0f6658034a34c9d9657b94e?s=96&d=mm&r=g\",\"contentUrl\":\"https:\/\/secure.gravatar.com\/avatar\/6690491f832d5b32aa9482b978c9464816810fbff0f6658034a34c9d9657b94e?s=96&d=mm&r=g\",\"caption\":\"aribau\"},\"url\":\"https:\/\/www.aribau.es\/ca\/author\/aribau\/\"}]}<\/script>\n<!-- \/ Yoast SEO plugin. -->","yoast_head_json":{"title":"EL SAN JUAN M\u00c1S FAMILIAR, CON LOS VINOS DE ARIBAU - Aribau","robots":{"index":"index","follow":"follow","max-snippet":"max-snippet:-1","max-image-preview":"max-image-preview:large","max-video-preview":"max-video-preview:-1"},"canonical":"https:\/\/www.aribau.es\/ca\/el-san-juan-mas-familiar-con-los-vinos-de-aribau\/","og_locale":"ca_ES","og_type":"article","og_title":"EL SAN JUAN M\u00c1S FAMILIAR, CON LOS VINOS DE ARIBAU - Aribau","og_description":"La pr\u00f3xima semana se celebra la verbena de San Juan, una fecha muy se\u00f1alada porque simboliza el inicio del verano. Este a\u00f1o, sin embargo, ser\u00e1 un poco diferente. Pese a que a partir del lunes habr\u00e1 finalizado el Estado de Alarma y, en principio, todo volver\u00e1 a la \u201cnormalidad\u201d, lo cierto es que esa normalidad ... Llegiu m\u00e9s","og_url":"https:\/\/www.aribau.es\/ca\/el-san-juan-mas-familiar-con-los-vinos-de-aribau\/","og_site_name":"Aribau","article_publisher":"https:\/\/www.facebook.com\/aribau1964\/","article_published_time":"2020-06-18T10:11:09+00:00","article_modified_time":"2021-04-22T16:08:58+00:00","og_image":[{"width":1200,"height":800,"url":"https:\/\/www.aribau.es\/wp-content\/uploads\/2020\/06\/amigos-brindis-cena-aribau.jpg","type":"image\/jpeg"}],"author":"aribau","twitter_card":"summary_large_image","twitter_creator":"@aribau1964","twitter_site":"@aribau1964","twitter_misc":{"Escrit per":"aribau","Temps estimat de lectura":"2 minuts"},"schema":{"@context":"https:\/\/schema.org","@graph":[{"@type":"Article","@id":"https:\/\/www.aribau.es\/el-san-juan-mas-familiar-con-los-vinos-de-aribau\/#article","isPartOf":{"@id":"https:\/\/www.aribau.es\/el-san-juan-mas-familiar-con-los-vinos-de-aribau\/"},"author":{"name":"aribau","@id":"https:\/\/www.aribau.es\/#\/schema\/person\/77a976898b3c705ed016499633f4ffd0"},"headline":"EL SAN JUAN M\u00c1S FAMILIAR, CON LOS VINOS DE ARIBAU","datePublished":"2020-06-18T10:11:09+00:00","dateModified":"2021-04-22T16:08:58+00:00","mainEntityOfPage":{"@id":"https:\/\/www.aribau.es\/el-san-juan-mas-familiar-con-los-vinos-de-aribau\/"},"wordCount":493,"publisher":{"@id":"https:\/\/www.aribau.es\/#organization"},"image":{"@id":"https:\/\/www.aribau.es\/el-san-juan-mas-familiar-con-los-vinos-de-aribau\/#primaryimage"},"thumbnailUrl":"https:\/\/www.aribau.es\/wp-content\/uploads\/2020\/06\/amigos-brindis-cena-aribau.jpg","keywords":["Cargol Treu Banya","I Tant Cava","Musugorri","Saltimbanqui"],"articleSection":["Noticias"],"inLanguage":"ca"},{"@type":"WebPage","@id":"https:\/\/www.aribau.es\/el-san-juan-mas-familiar-con-los-vinos-de-aribau\/","url":"https:\/\/www.aribau.es\/el-san-juan-mas-familiar-con-los-vinos-de-aribau\/","name":"EL SAN JUAN M\u00c1S FAMILIAR, CON LOS VINOS DE ARIBAU - Aribau","isPartOf":{"@id":"https:\/\/www.aribau.es\/#website"},"primaryImageOfPage":{"@id":"https:\/\/www.aribau.es\/el-san-juan-mas-familiar-con-los-vinos-de-aribau\/#primaryimage"},"image":{"@id":"https:\/\/www.aribau.es\/el-san-juan-mas-familiar-con-los-vinos-de-aribau\/#primaryimage"},"thumbnailUrl":"https:\/\/www.aribau.es\/wp-content\/uploads\/2020\/06\/amigos-brindis-cena-aribau.jpg","datePublished":"2020-06-18T10:11:09+00:00","dateModified":"2021-04-22T16:08:58+00:00","breadcrumb":{"@id":"https:\/\/www.aribau.es\/el-san-juan-mas-familiar-con-los-vinos-de-aribau\/#breadcrumb"},"inLanguage":"ca","potentialAction":[{"@type":"ReadAction","target":["https:\/\/www.aribau.es\/el-san-juan-mas-familiar-con-los-vinos-de-aribau\/"]}]},{"@type":"ImageObject","inLanguage":"ca","@id":"https:\/\/www.aribau.es\/el-san-juan-mas-familiar-con-los-vinos-de-aribau\/#primaryimage","url":"https:\/\/www.aribau.es\/wp-content\/uploads\/2020\/06\/amigos-brindis-cena-aribau.jpg","contentUrl":"https:\/\/www.aribau.es\/wp-content\/uploads\/2020\/06\/amigos-brindis-cena-aribau.jpg","width":1200,"height":800},{"@type":"BreadcrumbList","@id":"https:\/\/www.aribau.es\/el-san-juan-mas-familiar-con-los-vinos-de-aribau\/#breadcrumb","itemListElement":[{"@type":"ListItem","position":1,"name":"Portada","item":"https:\/\/www.aribau.es\/"},{"@type":"ListItem","position":2,"name":"EL SAN JUAN M\u00c1S FAMILIAR, CON LOS VINOS DE ARIBAU"}]},{"@type":"WebSite","@id":"https:\/\/www.aribau.es\/#website","url":"https:\/\/www.aribau.es\/","name":"Aribau","description":"VINOS Y BODEGAS","publisher":{"@id":"https:\/\/www.aribau.es\/#organization"},"potentialAction":[{"@type":"SearchAction","target":{"@type":"EntryPoint","urlTemplate":"https:\/\/www.aribau.es\/?s={search_term_string}"},"query-input":{"@type":"PropertyValueSpecification","valueRequired":true,"valueName":"search_term_string"}}],"inLanguage":"ca"},{"@type":"Organization","@id":"https:\/\/www.aribau.es\/#organization","name":"Aribau","url":"https:\/\/www.aribau.es\/","logo":{"@type":"ImageObject","inLanguage":"ca","@id":"https:\/\/www.aribau.es\/#\/schema\/logo\/image\/","url":"https:\/\/www.aribau.es\/wp-content\/uploads\/2022\/03\/logo.png","contentUrl":"https:\/\/www.aribau.es\/wp-content\/uploads\/2022\/03\/logo.png","width":300,"height":300,"caption":"Aribau"},"image":{"@id":"https:\/\/www.aribau.es\/#\/schema\/logo\/image\/"},"sameAs":["https:\/\/www.facebook.com\/aribau1964\/","https:\/\/x.com\/aribau1964","https:\/\/www.instagram.com\/aribau1964\/"]},{"@type":"Person","@id":"https:\/\/www.aribau.es\/#\/schema\/person\/77a976898b3c705ed016499633f4ffd0","name":"aribau","image":{"@type":"ImageObject","inLanguage":"ca","@id":"https:\/\/www.aribau.es\/#\/schema\/person\/image\/","url":"https:\/\/secure.gravatar.com\/avatar\/6690491f832d5b32aa9482b978c9464816810fbff0f6658034a34c9d9657b94e?s=96&d=mm&r=g","contentUrl":"https:\/\/secure.gravatar.com\/avatar\/6690491f832d5b32aa9482b978c9464816810fbff0f6658034a34c9d9657b94e?s=96&d=mm&r=g","caption":"aribau"},"url":"https:\/\/www.aribau.es\/ca\/author\/aribau\/"}]}},"_links":{"self":[{"href":"https:\/\/www.aribau.es\/ca\/wp-json\/wp\/v2\/posts\/6889","targetHints":{"allow":["GET"]}}],"collection":[{"href":"https:\/\/www.aribau.es\/ca\/wp-json\/wp\/v2\/posts"}],"about":[{"href":"https:\/\/www.aribau.es\/ca\/wp-json\/wp\/v2\/types\/post"}],"author":[{"embeddable":true,"href":"https:\/\/www.aribau.es\/ca\/wp-json\/wp\/v2\/users\/3"}],"replies":[{"embeddable":true,"href":"https:\/\/www.aribau.es\/ca\/wp-json\/wp\/v2\/comments?post=6889"}],"version-history":[{"count":8,"href":"https:\/\/www.aribau.es\/ca\/wp-json\/wp\/v2\/posts\/6889\/revisions"}],"predecessor-version":[{"id":9899,"href":"https:\/\/www.aribau.es\/ca\/wp-json\/wp\/v2\/posts\/6889\/revisions\/9899"}],"wp:featuredmedia":[{"embeddable":true,"href":"https:\/\/www.aribau.es\/ca\/wp-json\/wp\/v2\/media\/6890"}],"wp:attachment":[{"href":"https:\/\/www.aribau.es\/ca\/wp-json\/wp\/v2\/media?parent=6889"}],"wp:term":[{"taxonomy":"category","embeddable":true,"href":"https:\/\/www.aribau.es\/ca\/wp-json\/wp\/v2\/categories?post=6889"},{"taxonomy":"post_tag","embeddable":true,"href":"https:\/\/www.aribau.es\/ca\/wp-json\/wp\/v2\/tags?post=6889"}],"curies":[{"name":"wp","href":"https:\/\/api.w.org\/{rel}","templated":true}]}}