{"id":6949,"date":"2020-08-20T10:01:15","date_gmt":"2020-08-20T09:01:15","guid":{"rendered":"https:\/\/www.aribau.es\/?p=6949"},"modified":"2021-04-22T16:58:55","modified_gmt":"2021-04-22T15:58:55","slug":"abadia-da-cova-do-ribeira-sacra-vinos-que-nacen-en-un-entorno-rural-unico","status":"publish","type":"post","link":"https:\/\/www.aribau.es\/ca\/abadia-da-cova-do-ribeira-sacra-vinos-que-nacen-en-un-entorno-rural-unico\/","title":{"rendered":"ABAD\u00cdA DA COVA, DO RIBEIRA SACRA: VINS QUE NEIXEN EN UN ENTORN RURAL \u00daNIC"},"content":{"rendered":"<p>La bodega <strong><a href=\"https:\/\/www.adegasmoure.com\/es\/\" target=\"_blank\" rel=\"noopener\">Abad\u00eda da Cova<\/a><\/strong> es el resultado de varias generaciones de trabajo en el mundo de la viticultura de la familia Moure. Situada en un entorno rural \u00fanico y excepcional, en plena Ribeira Sacra (Galicia), su compromiso con esta tierra se remonta hasta los inicios de la propia Denominaci\u00f3n de Origen Ribeira Sacra, y es que fueron una de las bodegas que la constituyeron, con el objetivo de impulsar y proteger los vinos y los vi\u00f1edos de esta espectacular zona vin\u00edcola.<\/p>\n<p><!--more--><\/p>\n<p>Desde sus or\u00edgenes, la filosof\u00eda de Abad\u00eda da Cova ha sido siempre la de elaborar vinos con la menor intervenci\u00f3n posible, respetando y protegiendo el medio ambiente con el objetivo final de mantener la autenticidad y la tipicidad de su materia prima para ofrecer unos vinos que cuenten con la m\u00e1xima garant\u00eda de calidad y origen.<\/p>\n<p>Los principios de ecolog\u00eda, respeto y compromiso con el medio, as\u00ed como la preservaci\u00f3n de la zona natural en la que se encuentran, siempre han sido primordiales para esta bodega comprometida con la viticultura de precisi\u00f3n. Todos sus trabajos se realizan de forma manual para conseguir as\u00ed productos aut\u00e9nticos, sanos y sostenibles que alcancen los est\u00e1ndares de calidad m\u00e1s elevados.<\/p>\n<p>En Abad\u00eda da Cova el vi\u00f1edo act\u00faa como eje vertebrador de unos vinos con caracter\u00edsticas \u00fanicas. Aqu\u00ed, el <em>terroir<\/em> adquiere una dimensi\u00f3n esencial, ya que no depende exclusivamente del clima y el tipo de suelo, sino tambi\u00e9n de las condiciones de cada pendiente, de su orientaci\u00f3n, insolaci\u00f3n y humedad. El objetivo es dar con el punto exacto que mejor exprese las caracter\u00edsticas de cada una de las variedades con las que trabaja la bodega para as\u00ed cultivarlas solo en el terreno al que mejor se adapten.<\/p>\n<p>Es as\u00ed como aparece la denominada viticultura heroica. Y es que en la Ribeira Sacra este es el \u00fanico tipo de viticultura posible, ya que las mejores condiciones para el vi\u00f1edo se encuentran en las laderas del r\u00edo (Mi\u00f1o en este caso) con inclinaciones que alcanzan el 70%.<\/p>\n<p>&nbsp;<\/p>\n<p><strong><em>Abad\u00eda da Cova Rosado Menc\u00eda 2018 <\/em><\/strong><\/p>\n<p><a href=\"https:\/\/www.aribau.es\/wp-content\/uploads\/2020\/08\/abadia-da-cova-rosadomencia-aribau.jpg\"><img decoding=\"async\" class=\"alignleft size-medium wp-image-6950\" src=\"https:\/\/www.aribau.es\/wp-content\/uploads\/2020\/08\/abadia-da-cova-rosadomencia-aribau-138x300.jpg\" alt=\"\" width=\"138\" height=\"300\" srcset=\"https:\/\/www.aribau.es\/wp-content\/uploads\/2020\/08\/abadia-da-cova-rosadomencia-aribau-138x300.jpg 138w, https:\/\/www.aribau.es\/wp-content\/uploads\/2020\/08\/abadia-da-cova-rosadomencia-aribau.jpg 275w\" sizes=\"(max-width: 138px) 100vw, 138px\" \/><\/a>En Abad\u00eda da Cova tienen claro que un vino, adem\u00e1s de representar a la tierra de la que provine, debe reflejar el a\u00f1o en que se forj\u00f3. As\u00ed, cada a\u00f1ada ser\u00e1 diferente de la anterior, presentando proporciones ligeramente diferentes de las variedades, as\u00ed como del tiempo de crianza en barrica o de afinamiento en botella.<\/p>\n<p><em>Abad\u00eda da Cova Rosado Menc\u00eda 2018<\/em> es un monovarietal que proviene de vi\u00f1edos de 35 a\u00f1os que crecen en bancales con una pendiente del 64%. De color rosado salm\u00f3n, en nariz presenta aromas a cerezas y frutos rojos frescos acompa\u00f1ados de algunos matices minerales y florales.<\/p>\n<p>Una vez en boca es de paso ligero y refrescante. De textura a medio camino entre aterciopelada y untuosa, tiene un final redondo y largo. En definitiva, el vino ideal para maridar quesos, ensaladas, arroces o pescados, adem\u00e1s de postres frutales para poner el punto final perfecto a una buena comida de verano.<\/p>","protected":false},"excerpt":{"rendered":"<p>La bodega Abad\u00eda da Cova es el resultado de varias generaciones de trabajo en el mundo de la viticultura de la familia Moure. Situada en un entorno rural \u00fanico y excepcional, en plena Ribeira Sacra (Galicia), su compromiso con esta tierra se remonta hasta los inicios de la propia Denominaci\u00f3n de Origen Ribeira Sacra, y &#8230; <a title=\"ABAD\u00cdA DA COVA, DO RIBEIRA SACRA: VINS QUE NEIXEN EN UN ENTORN RURAL \u00daNIC\" class=\"read-more\" href=\"https:\/\/www.aribau.es\/ca\/abadia-da-cova-do-ribeira-sacra-vinos-que-nacen-en-un-entorno-rural-unico\/\" aria-label=\"M\u00e9s informaci\u00f3 sobre ABAD\u00cdA DA COVA, DO RIBEIRA SACRA: VINOS QUE NACEN EN UN ENTORNO RURAL \u00daNICO\">Llegiu m\u00e9s<\/a><\/p>","protected":false},"author":3,"featured_media":6619,"comment_status":"closed","ping_status":"closed","sticky":false,"template":"","format":"standard","meta":{"footnotes":""},"categories":[406],"tags":[598,599,442],"class_list":["post-6949","post","type-post","status-publish","format-standard","has-post-thumbnail","hentry","category-noticias","tag-abadia-da-cova","tag-do-ribeira-sacra","tag-vino-rosado"],"yoast_head":"<!-- This site is optimized with the Yoast SEO plugin v26.7 - https:\/\/yoast.com\/wordpress\/plugins\/seo\/ -->\n<title>ABAD\u00cdA DA COVA, DO RIBEIRA SACRA: VINOS QUE NACEN EN UN ENTORNO RURAL \u00daNICO - Aribau<\/title>\n<meta name=\"robots\" content=\"index, follow, max-snippet:-1, max-image-preview:large, max-video-preview:-1\" \/>\n<link rel=\"canonical\" href=\"https:\/\/www.aribau.es\/ca\/abadia-da-cova-do-ribeira-sacra-vinos-que-nacen-en-un-entorno-rural-unico\/\" \/>\n<meta property=\"og:locale\" content=\"ca_ES\" \/>\n<meta property=\"og:type\" content=\"article\" \/>\n<meta property=\"og:title\" content=\"ABAD\u00cdA DA COVA, DO RIBEIRA SACRA: VINOS QUE NACEN EN UN ENTORNO RURAL \u00daNICO - Aribau\" \/>\n<meta property=\"og:description\" content=\"La bodega Abad\u00eda da Cova es el resultado de varias generaciones de trabajo en el mundo de la viticultura de la familia Moure. Situada en un entorno rural \u00fanico y excepcional, en plena Ribeira Sacra (Galicia), su compromiso con esta tierra se remonta hasta los inicios de la propia Denominaci\u00f3n de Origen Ribeira Sacra, y ... Llegiu m\u00e9s\" \/>\n<meta property=\"og:url\" content=\"https:\/\/www.aribau.es\/ca\/abadia-da-cova-do-ribeira-sacra-vinos-que-nacen-en-un-entorno-rural-unico\/\" \/>\n<meta property=\"og:site_name\" content=\"Aribau\" \/>\n<meta property=\"article:publisher\" content=\"https:\/\/www.facebook.com\/aribau1964\/\" \/>\n<meta property=\"article:published_time\" content=\"2020-08-20T09:01:15+00:00\" \/>\n<meta property=\"article:modified_time\" content=\"2021-04-22T15:58:55+00:00\" \/>\n<meta property=\"og:image\" content=\"https:\/\/www.aribau.es\/wp-content\/uploads\/2019\/10\/abadia_da_cova.jpg\" \/>\n\t<meta property=\"og:image:width\" content=\"2000\" \/>\n\t<meta property=\"og:image:height\" content=\"1016\" \/>\n\t<meta property=\"og:image:type\" content=\"image\/jpeg\" \/>\n<meta name=\"author\" content=\"aribau\" \/>\n<meta name=\"twitter:card\" content=\"summary_large_image\" \/>\n<meta name=\"twitter:creator\" content=\"@aribau1964\" \/>\n<meta name=\"twitter:site\" content=\"@aribau1964\" \/>\n<meta name=\"twitter:label1\" content=\"Escrit per\" \/>\n\t<meta name=\"twitter:data1\" content=\"aribau\" \/>\n\t<meta name=\"twitter:label2\" content=\"Temps estimat de lectura\" \/>\n\t<meta name=\"twitter:data2\" content=\"3 minuts\" \/>\n<script type=\"application\/ld+json\" class=\"yoast-schema-graph\">{\"@context\":\"https:\/\/schema.org\",\"@graph\":[{\"@type\":\"Article\",\"@id\":\"https:\/\/www.aribau.es\/abadia-da-cova-do-ribeira-sacra-vinos-que-nacen-en-un-entorno-rural-unico\/#article\",\"isPartOf\":{\"@id\":\"https:\/\/www.aribau.es\/abadia-da-cova-do-ribeira-sacra-vinos-que-nacen-en-un-entorno-rural-unico\/\"},\"author\":{\"name\":\"aribau\",\"@id\":\"https:\/\/www.aribau.es\/#\/schema\/person\/77a976898b3c705ed016499633f4ffd0\"},\"headline\":\"ABAD\u00cdA DA COVA, DO RIBEIRA SACRA: VINOS QUE NACEN EN UN ENTORNO RURAL \u00daNICO\",\"datePublished\":\"2020-08-20T09:01:15+00:00\",\"dateModified\":\"2021-04-22T15:58:55+00:00\",\"mainEntityOfPage\":{\"@id\":\"https:\/\/www.aribau.es\/abadia-da-cova-do-ribeira-sacra-vinos-que-nacen-en-un-entorno-rural-unico\/\"},\"wordCount\":544,\"publisher\":{\"@id\":\"https:\/\/www.aribau.es\/#organization\"},\"image\":{\"@id\":\"https:\/\/www.aribau.es\/abadia-da-cova-do-ribeira-sacra-vinos-que-nacen-en-un-entorno-rural-unico\/#primaryimage\"},\"thumbnailUrl\":\"https:\/\/www.aribau.es\/wp-content\/uploads\/2019\/10\/abadia_da_cova.jpg\",\"keywords\":[\"Abad\u00eda da Cova\",\"DO Ribeira Sacra\",\"vino rosado\"],\"articleSection\":[\"Noticias\"],\"inLanguage\":\"ca\"},{\"@type\":\"WebPage\",\"@id\":\"https:\/\/www.aribau.es\/abadia-da-cova-do-ribeira-sacra-vinos-que-nacen-en-un-entorno-rural-unico\/\",\"url\":\"https:\/\/www.aribau.es\/abadia-da-cova-do-ribeira-sacra-vinos-que-nacen-en-un-entorno-rural-unico\/\",\"name\":\"ABAD\u00cdA DA COVA, DO RIBEIRA SACRA: VINOS QUE NACEN EN UN ENTORNO RURAL \u00daNICO - Aribau\",\"isPartOf\":{\"@id\":\"https:\/\/www.aribau.es\/#website\"},\"primaryImageOfPage\":{\"@id\":\"https:\/\/www.aribau.es\/abadia-da-cova-do-ribeira-sacra-vinos-que-nacen-en-un-entorno-rural-unico\/#primaryimage\"},\"image\":{\"@id\":\"https:\/\/www.aribau.es\/abadia-da-cova-do-ribeira-sacra-vinos-que-nacen-en-un-entorno-rural-unico\/#primaryimage\"},\"thumbnailUrl\":\"https:\/\/www.aribau.es\/wp-content\/uploads\/2019\/10\/abadia_da_cova.jpg\",\"datePublished\":\"2020-08-20T09:01:15+00:00\",\"dateModified\":\"2021-04-22T15:58:55+00:00\",\"breadcrumb\":{\"@id\":\"https:\/\/www.aribau.es\/abadia-da-cova-do-ribeira-sacra-vinos-que-nacen-en-un-entorno-rural-unico\/#breadcrumb\"},\"inLanguage\":\"ca\",\"potentialAction\":[{\"@type\":\"ReadAction\",\"target\":[\"https:\/\/www.aribau.es\/abadia-da-cova-do-ribeira-sacra-vinos-que-nacen-en-un-entorno-rural-unico\/\"]}]},{\"@type\":\"ImageObject\",\"inLanguage\":\"ca\",\"@id\":\"https:\/\/www.aribau.es\/abadia-da-cova-do-ribeira-sacra-vinos-que-nacen-en-un-entorno-rural-unico\/#primaryimage\",\"url\":\"https:\/\/www.aribau.es\/wp-content\/uploads\/2019\/10\/abadia_da_cova.jpg\",\"contentUrl\":\"https:\/\/www.aribau.es\/wp-content\/uploads\/2019\/10\/abadia_da_cova.jpg\",\"width\":2000,\"height\":1016},{\"@type\":\"BreadcrumbList\",\"@id\":\"https:\/\/www.aribau.es\/abadia-da-cova-do-ribeira-sacra-vinos-que-nacen-en-un-entorno-rural-unico\/#breadcrumb\",\"itemListElement\":[{\"@type\":\"ListItem\",\"position\":1,\"name\":\"Portada\",\"item\":\"https:\/\/www.aribau.es\/\"},{\"@type\":\"ListItem\",\"position\":2,\"name\":\"ABAD\u00cdA DA COVA, DO RIBEIRA SACRA: VINOS QUE NACEN EN UN ENTORNO RURAL \u00daNICO\"}]},{\"@type\":\"WebSite\",\"@id\":\"https:\/\/www.aribau.es\/#website\",\"url\":\"https:\/\/www.aribau.es\/\",\"name\":\"Aribau\",\"description\":\"VINOS Y BODEGAS\",\"publisher\":{\"@id\":\"https:\/\/www.aribau.es\/#organization\"},\"potentialAction\":[{\"@type\":\"SearchAction\",\"target\":{\"@type\":\"EntryPoint\",\"urlTemplate\":\"https:\/\/www.aribau.es\/?s={search_term_string}\"},\"query-input\":{\"@type\":\"PropertyValueSpecification\",\"valueRequired\":true,\"valueName\":\"search_term_string\"}}],\"inLanguage\":\"ca\"},{\"@type\":\"Organization\",\"@id\":\"https:\/\/www.aribau.es\/#organization\",\"name\":\"Aribau\",\"url\":\"https:\/\/www.aribau.es\/\",\"logo\":{\"@type\":\"ImageObject\",\"inLanguage\":\"ca\",\"@id\":\"https:\/\/www.aribau.es\/#\/schema\/logo\/image\/\",\"url\":\"https:\/\/www.aribau.es\/wp-content\/uploads\/2022\/03\/logo.png\",\"contentUrl\":\"https:\/\/www.aribau.es\/wp-content\/uploads\/2022\/03\/logo.png\",\"width\":300,\"height\":300,\"caption\":\"Aribau\"},\"image\":{\"@id\":\"https:\/\/www.aribau.es\/#\/schema\/logo\/image\/\"},\"sameAs\":[\"https:\/\/www.facebook.com\/aribau1964\/\",\"https:\/\/x.com\/aribau1964\",\"https:\/\/www.instagram.com\/aribau1964\/\"]},{\"@type\":\"Person\",\"@id\":\"https:\/\/www.aribau.es\/#\/schema\/person\/77a976898b3c705ed016499633f4ffd0\",\"name\":\"aribau\",\"image\":{\"@type\":\"ImageObject\",\"inLanguage\":\"ca\",\"@id\":\"https:\/\/www.aribau.es\/#\/schema\/person\/image\/\",\"url\":\"https:\/\/secure.gravatar.com\/avatar\/6690491f832d5b32aa9482b978c9464816810fbff0f6658034a34c9d9657b94e?s=96&d=mm&r=g\",\"contentUrl\":\"https:\/\/secure.gravatar.com\/avatar\/6690491f832d5b32aa9482b978c9464816810fbff0f6658034a34c9d9657b94e?s=96&d=mm&r=g\",\"caption\":\"aribau\"},\"url\":\"https:\/\/www.aribau.es\/ca\/author\/aribau\/\"}]}<\/script>\n<!-- \/ Yoast SEO plugin. -->","yoast_head_json":{"title":"ABAD\u00cdA DA COVA, DO RIBEIRA SACRA: VINOS QUE NACEN EN UN ENTORNO RURAL \u00daNICO - Aribau","robots":{"index":"index","follow":"follow","max-snippet":"max-snippet:-1","max-image-preview":"max-image-preview:large","max-video-preview":"max-video-preview:-1"},"canonical":"https:\/\/www.aribau.es\/ca\/abadia-da-cova-do-ribeira-sacra-vinos-que-nacen-en-un-entorno-rural-unico\/","og_locale":"ca_ES","og_type":"article","og_title":"ABAD\u00cdA DA COVA, DO RIBEIRA SACRA: VINOS QUE NACEN EN UN ENTORNO RURAL \u00daNICO - Aribau","og_description":"La bodega Abad\u00eda da Cova es el resultado de varias generaciones de trabajo en el mundo de la viticultura de la familia Moure. Situada en un entorno rural \u00fanico y excepcional, en plena Ribeira Sacra (Galicia), su compromiso con esta tierra se remonta hasta los inicios de la propia Denominaci\u00f3n de Origen Ribeira Sacra, y ... Llegiu m\u00e9s","og_url":"https:\/\/www.aribau.es\/ca\/abadia-da-cova-do-ribeira-sacra-vinos-que-nacen-en-un-entorno-rural-unico\/","og_site_name":"Aribau","article_publisher":"https:\/\/www.facebook.com\/aribau1964\/","article_published_time":"2020-08-20T09:01:15+00:00","article_modified_time":"2021-04-22T15:58:55+00:00","og_image":[{"width":2000,"height":1016,"url":"https:\/\/www.aribau.es\/wp-content\/uploads\/2019\/10\/abadia_da_cova.jpg","type":"image\/jpeg"}],"author":"aribau","twitter_card":"summary_large_image","twitter_creator":"@aribau1964","twitter_site":"@aribau1964","twitter_misc":{"Escrit per":"aribau","Temps estimat de lectura":"3 minuts"},"schema":{"@context":"https:\/\/schema.org","@graph":[{"@type":"Article","@id":"https:\/\/www.aribau.es\/abadia-da-cova-do-ribeira-sacra-vinos-que-nacen-en-un-entorno-rural-unico\/#article","isPartOf":{"@id":"https:\/\/www.aribau.es\/abadia-da-cova-do-ribeira-sacra-vinos-que-nacen-en-un-entorno-rural-unico\/"},"author":{"name":"aribau","@id":"https:\/\/www.aribau.es\/#\/schema\/person\/77a976898b3c705ed016499633f4ffd0"},"headline":"ABAD\u00cdA DA COVA, DO RIBEIRA SACRA: VINOS QUE NACEN EN UN ENTORNO RURAL \u00daNICO","datePublished":"2020-08-20T09:01:15+00:00","dateModified":"2021-04-22T15:58:55+00:00","mainEntityOfPage":{"@id":"https:\/\/www.aribau.es\/abadia-da-cova-do-ribeira-sacra-vinos-que-nacen-en-un-entorno-rural-unico\/"},"wordCount":544,"publisher":{"@id":"https:\/\/www.aribau.es\/#organization"},"image":{"@id":"https:\/\/www.aribau.es\/abadia-da-cova-do-ribeira-sacra-vinos-que-nacen-en-un-entorno-rural-unico\/#primaryimage"},"thumbnailUrl":"https:\/\/www.aribau.es\/wp-content\/uploads\/2019\/10\/abadia_da_cova.jpg","keywords":["Abad\u00eda da Cova","DO Ribeira Sacra","vino rosado"],"articleSection":["Noticias"],"inLanguage":"ca"},{"@type":"WebPage","@id":"https:\/\/www.aribau.es\/abadia-da-cova-do-ribeira-sacra-vinos-que-nacen-en-un-entorno-rural-unico\/","url":"https:\/\/www.aribau.es\/abadia-da-cova-do-ribeira-sacra-vinos-que-nacen-en-un-entorno-rural-unico\/","name":"ABAD\u00cdA DA COVA, DO RIBEIRA SACRA: VINOS QUE NACEN EN UN ENTORNO RURAL \u00daNICO - Aribau","isPartOf":{"@id":"https:\/\/www.aribau.es\/#website"},"primaryImageOfPage":{"@id":"https:\/\/www.aribau.es\/abadia-da-cova-do-ribeira-sacra-vinos-que-nacen-en-un-entorno-rural-unico\/#primaryimage"},"image":{"@id":"https:\/\/www.aribau.es\/abadia-da-cova-do-ribeira-sacra-vinos-que-nacen-en-un-entorno-rural-unico\/#primaryimage"},"thumbnailUrl":"https:\/\/www.aribau.es\/wp-content\/uploads\/2019\/10\/abadia_da_cova.jpg","datePublished":"2020-08-20T09:01:15+00:00","dateModified":"2021-04-22T15:58:55+00:00","breadcrumb":{"@id":"https:\/\/www.aribau.es\/abadia-da-cova-do-ribeira-sacra-vinos-que-nacen-en-un-entorno-rural-unico\/#breadcrumb"},"inLanguage":"ca","potentialAction":[{"@type":"ReadAction","target":["https:\/\/www.aribau.es\/abadia-da-cova-do-ribeira-sacra-vinos-que-nacen-en-un-entorno-rural-unico\/"]}]},{"@type":"ImageObject","inLanguage":"ca","@id":"https:\/\/www.aribau.es\/abadia-da-cova-do-ribeira-sacra-vinos-que-nacen-en-un-entorno-rural-unico\/#primaryimage","url":"https:\/\/www.aribau.es\/wp-content\/uploads\/2019\/10\/abadia_da_cova.jpg","contentUrl":"https:\/\/www.aribau.es\/wp-content\/uploads\/2019\/10\/abadia_da_cova.jpg","width":2000,"height":1016},{"@type":"BreadcrumbList","@id":"https:\/\/www.aribau.es\/abadia-da-cova-do-ribeira-sacra-vinos-que-nacen-en-un-entorno-rural-unico\/#breadcrumb","itemListElement":[{"@type":"ListItem","position":1,"name":"Portada","item":"https:\/\/www.aribau.es\/"},{"@type":"ListItem","position":2,"name":"ABAD\u00cdA DA COVA, DO RIBEIRA SACRA: VINOS QUE NACEN EN UN ENTORNO RURAL \u00daNICO"}]},{"@type":"WebSite","@id":"https:\/\/www.aribau.es\/#website","url":"https:\/\/www.aribau.es\/","name":"Aribau","description":"VINOS Y BODEGAS","publisher":{"@id":"https:\/\/www.aribau.es\/#organization"},"potentialAction":[{"@type":"SearchAction","target":{"@type":"EntryPoint","urlTemplate":"https:\/\/www.aribau.es\/?s={search_term_string}"},"query-input":{"@type":"PropertyValueSpecification","valueRequired":true,"valueName":"search_term_string"}}],"inLanguage":"ca"},{"@type":"Organization","@id":"https:\/\/www.aribau.es\/#organization","name":"Aribau","url":"https:\/\/www.aribau.es\/","logo":{"@type":"ImageObject","inLanguage":"ca","@id":"https:\/\/www.aribau.es\/#\/schema\/logo\/image\/","url":"https:\/\/www.aribau.es\/wp-content\/uploads\/2022\/03\/logo.png","contentUrl":"https:\/\/www.aribau.es\/wp-content\/uploads\/2022\/03\/logo.png","width":300,"height":300,"caption":"Aribau"},"image":{"@id":"https:\/\/www.aribau.es\/#\/schema\/logo\/image\/"},"sameAs":["https:\/\/www.facebook.com\/aribau1964\/","https:\/\/x.com\/aribau1964","https:\/\/www.instagram.com\/aribau1964\/"]},{"@type":"Person","@id":"https:\/\/www.aribau.es\/#\/schema\/person\/77a976898b3c705ed016499633f4ffd0","name":"aribau","image":{"@type":"ImageObject","inLanguage":"ca","@id":"https:\/\/www.aribau.es\/#\/schema\/person\/image\/","url":"https:\/\/secure.gravatar.com\/avatar\/6690491f832d5b32aa9482b978c9464816810fbff0f6658034a34c9d9657b94e?s=96&d=mm&r=g","contentUrl":"https:\/\/secure.gravatar.com\/avatar\/6690491f832d5b32aa9482b978c9464816810fbff0f6658034a34c9d9657b94e?s=96&d=mm&r=g","caption":"aribau"},"url":"https:\/\/www.aribau.es\/ca\/author\/aribau\/"}]}},"_links":{"self":[{"href":"https:\/\/www.aribau.es\/ca\/wp-json\/wp\/v2\/posts\/6949","targetHints":{"allow":["GET"]}}],"collection":[{"href":"https:\/\/www.aribau.es\/ca\/wp-json\/wp\/v2\/posts"}],"about":[{"href":"https:\/\/www.aribau.es\/ca\/wp-json\/wp\/v2\/types\/post"}],"author":[{"embeddable":true,"href":"https:\/\/www.aribau.es\/ca\/wp-json\/wp\/v2\/users\/3"}],"replies":[{"embeddable":true,"href":"https:\/\/www.aribau.es\/ca\/wp-json\/wp\/v2\/comments?post=6949"}],"version-history":[{"count":4,"href":"https:\/\/www.aribau.es\/ca\/wp-json\/wp\/v2\/posts\/6949\/revisions"}],"predecessor-version":[{"id":9884,"href":"https:\/\/www.aribau.es\/ca\/wp-json\/wp\/v2\/posts\/6949\/revisions\/9884"}],"wp:featuredmedia":[{"embeddable":true,"href":"https:\/\/www.aribau.es\/ca\/wp-json\/wp\/v2\/media\/6619"}],"wp:attachment":[{"href":"https:\/\/www.aribau.es\/ca\/wp-json\/wp\/v2\/media?parent=6949"}],"wp:term":[{"taxonomy":"category","embeddable":true,"href":"https:\/\/www.aribau.es\/ca\/wp-json\/wp\/v2\/categories?post=6949"},{"taxonomy":"post_tag","embeddable":true,"href":"https:\/\/www.aribau.es\/ca\/wp-json\/wp\/v2\/tags?post=6949"}],"curies":[{"name":"wp","href":"https:\/\/api.w.org\/{rel}","templated":true}]}}