{"id":6987,"date":"2020-09-03T10:01:07","date_gmt":"2020-09-03T09:01:07","guid":{"rendered":"https:\/\/www.aribau.es\/?p=6987"},"modified":"2021-04-22T16:56:29","modified_gmt":"2021-04-22T15:56:29","slug":"es-tiempo-de-vendimia","status":"publish","type":"post","link":"https:\/\/www.aribau.es\/ca\/es-tiempo-de-vendimia\/","title":{"rendered":"\u00c9S TEMPS DE VEREMA"},"content":{"rendered":"<p>Aquests dies, a poc a poc, va arrencant la verema a totes les nostres zones vitivin\u00edcoles. A moltes, aquest any la verema s'ha vist avan\u00e7ada fins a 2 o 3 setmanes a conseq\u00fc\u00e8ncia de les condicions clim\u00e0tiques, que cada any s\u00f3n una mica m\u00e9s extremes.<\/p>\n<p><!--more--><\/p>\n<p>Este a\u00f1o, adem\u00e1s, la vendimia vendr\u00e1 muy marcada -como todo- por la crisis sanitaria de la Covid-19, que ha afectado tanto a la producci\u00f3n, con la cosecha en verde y la destilaci\u00f3n de crisis, medidas adoptadas por el Ministerio de Agricultura para tratar de paliar la crisis del sector, como al trabajo en la vi\u00f1a, con controles diarios a los trabajadores como la toma de temperatura o la obligaci\u00f3n de trabajar con mascarilla.<\/p>\n<p>En Catalu\u00f1a, a todos estos factores, se ha unido tambi\u00e9n la afectaci\u00f3n del mildiu. Si bien la afectaci\u00f3n es generalizada en todas las zonas productoras de Catalu\u00f1a, es cierto que el porcentaje de afectaci\u00f3n var\u00eda en funci\u00f3n de la zona, y tambi\u00e9n de las variedades, con macabeos, merlots y tempranillos entre las m\u00e1s afectadas, as\u00ed como aquellas vi\u00f1as trabajadas en ecol\u00f3gico, las principales damnificadas por este hongo. A nivel global, se esperan unas p\u00e9rdidas que rondar\u00edan el 20% de media.<\/p>\n<p>La vendimia 2020, que en las denominaciones de origen catalanas est\u00e1 previsto que se alargue hasta finales de octubre o principios de noviembre, ha empezado con la vendimia del chardonnay, una de las variedades m\u00e1s tempranas en zonas como la DO Pened\u00e8s o la DO Catalunya. En el caso de la DO Alella, al chardonnay se suma tambi\u00e9n el moscatel, mientras que en la DO Empord\u00e0 o la DO Terra Alta se empieza vendimiando la garnacha blanca.<\/p>\n<p>Las denominaciones de origen que m\u00e1s tarde acabar\u00e1n de vendimiar son aquellas que tienen algunas de sus zonas con mayor altitud, como es el caso de la DO Costers del Segre y su cabernet sauvignon. En zonas como la DO Montsant, la vendimia acabar\u00e1 con las cari\u00f1enas y las garnachas tintas, tambi\u00e9n de sus zonas m\u00e1s frescas, como pueden ser Cornudella o Ulldemolins.<\/p>\n<p>En todas ellas se viven ahora los d\u00edas m\u00e1s cruciales del a\u00f1o. Un momento estrat\u00e9gico para todas las bodegas que conforman las denominaciones de origen y a las que deseamos todo lo mejor para esta (rara) cosecha 2020.<\/p>","protected":false},"excerpt":{"rendered":"<p>Aquests dies, a poc a poc, va arrencant la verema a totes les nostres zones vitivin\u00edcoles. A moltes, aquest any la verema s'ha vist avan\u00e7ada fins a 2 o 3 setmanes a conseq\u00fc\u00e8ncia de les condicions clim\u00e0tiques, que cada any s\u00f3n una mica m\u00e9s extremes.<\/p>","protected":false},"author":3,"featured_media":6988,"comment_status":"closed","ping_status":"closed","sticky":false,"template":"","format":"standard","meta":{"footnotes":""},"categories":[406],"tags":[601,602],"class_list":["post-6987","post","type-post","status-publish","format-standard","has-post-thumbnail","hentry","category-noticias","tag-vendimia-2020","tag-verema-2020"],"yoast_head":"<!-- This site is optimized with the Yoast SEO plugin v26.7 - https:\/\/yoast.com\/wordpress\/plugins\/seo\/ -->\n<title>ES TIEMPO DE VENDIMIA - Aribau<\/title>\n<meta name=\"robots\" content=\"index, follow, max-snippet:-1, max-image-preview:large, max-video-preview:-1\" \/>\n<link rel=\"canonical\" href=\"https:\/\/www.aribau.es\/ca\/es-tiempo-de-vendimia\/\" \/>\n<meta property=\"og:locale\" content=\"ca_ES\" \/>\n<meta property=\"og:type\" content=\"article\" \/>\n<meta property=\"og:title\" content=\"ES TIEMPO DE VENDIMIA - Aribau\" \/>\n<meta property=\"og:description\" content=\"Estos d\u00edas, poco a poco, va arrancando la vendimia en todas nuestras zonas vitivin\u00edcolas. En muchas, este a\u00f1o la vendimia se ha visto avanzada hasta en 2 y 3 semanas a causa de las condiciones clim\u00e1ticas, que cada a\u00f1o son un poco m\u00e1s extremas.\" \/>\n<meta property=\"og:url\" content=\"https:\/\/www.aribau.es\/ca\/es-tiempo-de-vendimia\/\" \/>\n<meta property=\"og:site_name\" content=\"Aribau\" \/>\n<meta property=\"article:publisher\" content=\"https:\/\/www.facebook.com\/aribau1964\/\" \/>\n<meta property=\"article:published_time\" content=\"2020-09-03T09:01:07+00:00\" \/>\n<meta property=\"article:modified_time\" content=\"2021-04-22T15:56:29+00:00\" \/>\n<meta property=\"og:image\" content=\"https:\/\/www.aribau.es\/wp-content\/uploads\/2020\/09\/vendimia-aribau.jpg\" \/>\n\t<meta property=\"og:image:width\" content=\"1200\" \/>\n\t<meta property=\"og:image:height\" content=\"800\" \/>\n\t<meta property=\"og:image:type\" content=\"image\/jpeg\" \/>\n<meta name=\"author\" content=\"aribau\" \/>\n<meta name=\"twitter:card\" content=\"summary_large_image\" \/>\n<meta name=\"twitter:creator\" content=\"@aribau1964\" \/>\n<meta name=\"twitter:site\" content=\"@aribau1964\" \/>\n<meta name=\"twitter:label1\" content=\"Escrit per\" \/>\n\t<meta name=\"twitter:data1\" content=\"aribau\" \/>\n\t<meta name=\"twitter:label2\" content=\"Temps estimat de lectura\" \/>\n\t<meta name=\"twitter:data2\" content=\"2 minuts\" \/>\n<script type=\"application\/ld+json\" class=\"yoast-schema-graph\">{\"@context\":\"https:\/\/schema.org\",\"@graph\":[{\"@type\":\"Article\",\"@id\":\"https:\/\/www.aribau.es\/es-tiempo-de-vendimia\/#article\",\"isPartOf\":{\"@id\":\"https:\/\/www.aribau.es\/es-tiempo-de-vendimia\/\"},\"author\":{\"name\":\"aribau\",\"@id\":\"https:\/\/www.aribau.es\/#\/schema\/person\/77a976898b3c705ed016499633f4ffd0\"},\"headline\":\"ES TIEMPO DE VENDIMIA\",\"datePublished\":\"2020-09-03T09:01:07+00:00\",\"dateModified\":\"2021-04-22T15:56:29+00:00\",\"mainEntityOfPage\":{\"@id\":\"https:\/\/www.aribau.es\/es-tiempo-de-vendimia\/\"},\"wordCount\":412,\"publisher\":{\"@id\":\"https:\/\/www.aribau.es\/#organization\"},\"image\":{\"@id\":\"https:\/\/www.aribau.es\/es-tiempo-de-vendimia\/#primaryimage\"},\"thumbnailUrl\":\"https:\/\/www.aribau.es\/wp-content\/uploads\/2020\/09\/vendimia-aribau.jpg\",\"keywords\":[\"vendimia 2020\",\"verema 2020\"],\"articleSection\":[\"Noticias\"],\"inLanguage\":\"ca\"},{\"@type\":\"WebPage\",\"@id\":\"https:\/\/www.aribau.es\/es-tiempo-de-vendimia\/\",\"url\":\"https:\/\/www.aribau.es\/es-tiempo-de-vendimia\/\",\"name\":\"ES TIEMPO DE VENDIMIA - Aribau\",\"isPartOf\":{\"@id\":\"https:\/\/www.aribau.es\/#website\"},\"primaryImageOfPage\":{\"@id\":\"https:\/\/www.aribau.es\/es-tiempo-de-vendimia\/#primaryimage\"},\"image\":{\"@id\":\"https:\/\/www.aribau.es\/es-tiempo-de-vendimia\/#primaryimage\"},\"thumbnailUrl\":\"https:\/\/www.aribau.es\/wp-content\/uploads\/2020\/09\/vendimia-aribau.jpg\",\"datePublished\":\"2020-09-03T09:01:07+00:00\",\"dateModified\":\"2021-04-22T15:56:29+00:00\",\"breadcrumb\":{\"@id\":\"https:\/\/www.aribau.es\/es-tiempo-de-vendimia\/#breadcrumb\"},\"inLanguage\":\"ca\",\"potentialAction\":[{\"@type\":\"ReadAction\",\"target\":[\"https:\/\/www.aribau.es\/es-tiempo-de-vendimia\/\"]}]},{\"@type\":\"ImageObject\",\"inLanguage\":\"ca\",\"@id\":\"https:\/\/www.aribau.es\/es-tiempo-de-vendimia\/#primaryimage\",\"url\":\"https:\/\/www.aribau.es\/wp-content\/uploads\/2020\/09\/vendimia-aribau.jpg\",\"contentUrl\":\"https:\/\/www.aribau.es\/wp-content\/uploads\/2020\/09\/vendimia-aribau.jpg\",\"width\":1200,\"height\":800},{\"@type\":\"BreadcrumbList\",\"@id\":\"https:\/\/www.aribau.es\/es-tiempo-de-vendimia\/#breadcrumb\",\"itemListElement\":[{\"@type\":\"ListItem\",\"position\":1,\"name\":\"Portada\",\"item\":\"https:\/\/www.aribau.es\/\"},{\"@type\":\"ListItem\",\"position\":2,\"name\":\"ES TIEMPO DE VENDIMIA\"}]},{\"@type\":\"WebSite\",\"@id\":\"https:\/\/www.aribau.es\/#website\",\"url\":\"https:\/\/www.aribau.es\/\",\"name\":\"Aribau\",\"description\":\"VINOS Y BODEGAS\",\"publisher\":{\"@id\":\"https:\/\/www.aribau.es\/#organization\"},\"potentialAction\":[{\"@type\":\"SearchAction\",\"target\":{\"@type\":\"EntryPoint\",\"urlTemplate\":\"https:\/\/www.aribau.es\/?s={search_term_string}\"},\"query-input\":{\"@type\":\"PropertyValueSpecification\",\"valueRequired\":true,\"valueName\":\"search_term_string\"}}],\"inLanguage\":\"ca\"},{\"@type\":\"Organization\",\"@id\":\"https:\/\/www.aribau.es\/#organization\",\"name\":\"Aribau\",\"url\":\"https:\/\/www.aribau.es\/\",\"logo\":{\"@type\":\"ImageObject\",\"inLanguage\":\"ca\",\"@id\":\"https:\/\/www.aribau.es\/#\/schema\/logo\/image\/\",\"url\":\"https:\/\/www.aribau.es\/wp-content\/uploads\/2022\/03\/logo.png\",\"contentUrl\":\"https:\/\/www.aribau.es\/wp-content\/uploads\/2022\/03\/logo.png\",\"width\":300,\"height\":300,\"caption\":\"Aribau\"},\"image\":{\"@id\":\"https:\/\/www.aribau.es\/#\/schema\/logo\/image\/\"},\"sameAs\":[\"https:\/\/www.facebook.com\/aribau1964\/\",\"https:\/\/x.com\/aribau1964\",\"https:\/\/www.instagram.com\/aribau1964\/\"]},{\"@type\":\"Person\",\"@id\":\"https:\/\/www.aribau.es\/#\/schema\/person\/77a976898b3c705ed016499633f4ffd0\",\"name\":\"aribau\",\"image\":{\"@type\":\"ImageObject\",\"inLanguage\":\"ca\",\"@id\":\"https:\/\/www.aribau.es\/#\/schema\/person\/image\/\",\"url\":\"https:\/\/secure.gravatar.com\/avatar\/6690491f832d5b32aa9482b978c9464816810fbff0f6658034a34c9d9657b94e?s=96&d=mm&r=g\",\"contentUrl\":\"https:\/\/secure.gravatar.com\/avatar\/6690491f832d5b32aa9482b978c9464816810fbff0f6658034a34c9d9657b94e?s=96&d=mm&r=g\",\"caption\":\"aribau\"},\"url\":\"https:\/\/www.aribau.es\/ca\/author\/aribau\/\"}]}<\/script>\n<!-- \/ Yoast SEO plugin. -->","yoast_head_json":{"title":"ES TIEMPO DE VENDIMIA - Aribau","robots":{"index":"index","follow":"follow","max-snippet":"max-snippet:-1","max-image-preview":"max-image-preview:large","max-video-preview":"max-video-preview:-1"},"canonical":"https:\/\/www.aribau.es\/ca\/es-tiempo-de-vendimia\/","og_locale":"ca_ES","og_type":"article","og_title":"ES TIEMPO DE VENDIMIA - Aribau","og_description":"Estos d\u00edas, poco a poco, va arrancando la vendimia en todas nuestras zonas vitivin\u00edcolas. En muchas, este a\u00f1o la vendimia se ha visto avanzada hasta en 2 y 3 semanas a causa de las condiciones clim\u00e1ticas, que cada a\u00f1o son un poco m\u00e1s extremas.","og_url":"https:\/\/www.aribau.es\/ca\/es-tiempo-de-vendimia\/","og_site_name":"Aribau","article_publisher":"https:\/\/www.facebook.com\/aribau1964\/","article_published_time":"2020-09-03T09:01:07+00:00","article_modified_time":"2021-04-22T15:56:29+00:00","og_image":[{"width":1200,"height":800,"url":"https:\/\/www.aribau.es\/wp-content\/uploads\/2020\/09\/vendimia-aribau.jpg","type":"image\/jpeg"}],"author":"aribau","twitter_card":"summary_large_image","twitter_creator":"@aribau1964","twitter_site":"@aribau1964","twitter_misc":{"Escrit per":"aribau","Temps estimat de lectura":"2 minuts"},"schema":{"@context":"https:\/\/schema.org","@graph":[{"@type":"Article","@id":"https:\/\/www.aribau.es\/es-tiempo-de-vendimia\/#article","isPartOf":{"@id":"https:\/\/www.aribau.es\/es-tiempo-de-vendimia\/"},"author":{"name":"aribau","@id":"https:\/\/www.aribau.es\/#\/schema\/person\/77a976898b3c705ed016499633f4ffd0"},"headline":"ES TIEMPO DE VENDIMIA","datePublished":"2020-09-03T09:01:07+00:00","dateModified":"2021-04-22T15:56:29+00:00","mainEntityOfPage":{"@id":"https:\/\/www.aribau.es\/es-tiempo-de-vendimia\/"},"wordCount":412,"publisher":{"@id":"https:\/\/www.aribau.es\/#organization"},"image":{"@id":"https:\/\/www.aribau.es\/es-tiempo-de-vendimia\/#primaryimage"},"thumbnailUrl":"https:\/\/www.aribau.es\/wp-content\/uploads\/2020\/09\/vendimia-aribau.jpg","keywords":["vendimia 2020","verema 2020"],"articleSection":["Noticias"],"inLanguage":"ca"},{"@type":"WebPage","@id":"https:\/\/www.aribau.es\/es-tiempo-de-vendimia\/","url":"https:\/\/www.aribau.es\/es-tiempo-de-vendimia\/","name":"ES TIEMPO DE VENDIMIA - Aribau","isPartOf":{"@id":"https:\/\/www.aribau.es\/#website"},"primaryImageOfPage":{"@id":"https:\/\/www.aribau.es\/es-tiempo-de-vendimia\/#primaryimage"},"image":{"@id":"https:\/\/www.aribau.es\/es-tiempo-de-vendimia\/#primaryimage"},"thumbnailUrl":"https:\/\/www.aribau.es\/wp-content\/uploads\/2020\/09\/vendimia-aribau.jpg","datePublished":"2020-09-03T09:01:07+00:00","dateModified":"2021-04-22T15:56:29+00:00","breadcrumb":{"@id":"https:\/\/www.aribau.es\/es-tiempo-de-vendimia\/#breadcrumb"},"inLanguage":"ca","potentialAction":[{"@type":"ReadAction","target":["https:\/\/www.aribau.es\/es-tiempo-de-vendimia\/"]}]},{"@type":"ImageObject","inLanguage":"ca","@id":"https:\/\/www.aribau.es\/es-tiempo-de-vendimia\/#primaryimage","url":"https:\/\/www.aribau.es\/wp-content\/uploads\/2020\/09\/vendimia-aribau.jpg","contentUrl":"https:\/\/www.aribau.es\/wp-content\/uploads\/2020\/09\/vendimia-aribau.jpg","width":1200,"height":800},{"@type":"BreadcrumbList","@id":"https:\/\/www.aribau.es\/es-tiempo-de-vendimia\/#breadcrumb","itemListElement":[{"@type":"ListItem","position":1,"name":"Portada","item":"https:\/\/www.aribau.es\/"},{"@type":"ListItem","position":2,"name":"ES TIEMPO DE VENDIMIA"}]},{"@type":"WebSite","@id":"https:\/\/www.aribau.es\/#website","url":"https:\/\/www.aribau.es\/","name":"Aribau","description":"VINOS Y BODEGAS","publisher":{"@id":"https:\/\/www.aribau.es\/#organization"},"potentialAction":[{"@type":"SearchAction","target":{"@type":"EntryPoint","urlTemplate":"https:\/\/www.aribau.es\/?s={search_term_string}"},"query-input":{"@type":"PropertyValueSpecification","valueRequired":true,"valueName":"search_term_string"}}],"inLanguage":"ca"},{"@type":"Organization","@id":"https:\/\/www.aribau.es\/#organization","name":"Aribau","url":"https:\/\/www.aribau.es\/","logo":{"@type":"ImageObject","inLanguage":"ca","@id":"https:\/\/www.aribau.es\/#\/schema\/logo\/image\/","url":"https:\/\/www.aribau.es\/wp-content\/uploads\/2022\/03\/logo.png","contentUrl":"https:\/\/www.aribau.es\/wp-content\/uploads\/2022\/03\/logo.png","width":300,"height":300,"caption":"Aribau"},"image":{"@id":"https:\/\/www.aribau.es\/#\/schema\/logo\/image\/"},"sameAs":["https:\/\/www.facebook.com\/aribau1964\/","https:\/\/x.com\/aribau1964","https:\/\/www.instagram.com\/aribau1964\/"]},{"@type":"Person","@id":"https:\/\/www.aribau.es\/#\/schema\/person\/77a976898b3c705ed016499633f4ffd0","name":"aribau","image":{"@type":"ImageObject","inLanguage":"ca","@id":"https:\/\/www.aribau.es\/#\/schema\/person\/image\/","url":"https:\/\/secure.gravatar.com\/avatar\/6690491f832d5b32aa9482b978c9464816810fbff0f6658034a34c9d9657b94e?s=96&d=mm&r=g","contentUrl":"https:\/\/secure.gravatar.com\/avatar\/6690491f832d5b32aa9482b978c9464816810fbff0f6658034a34c9d9657b94e?s=96&d=mm&r=g","caption":"aribau"},"url":"https:\/\/www.aribau.es\/ca\/author\/aribau\/"}]}},"_links":{"self":[{"href":"https:\/\/www.aribau.es\/ca\/wp-json\/wp\/v2\/posts\/6987","targetHints":{"allow":["GET"]}}],"collection":[{"href":"https:\/\/www.aribau.es\/ca\/wp-json\/wp\/v2\/posts"}],"about":[{"href":"https:\/\/www.aribau.es\/ca\/wp-json\/wp\/v2\/types\/post"}],"author":[{"embeddable":true,"href":"https:\/\/www.aribau.es\/ca\/wp-json\/wp\/v2\/users\/3"}],"replies":[{"embeddable":true,"href":"https:\/\/www.aribau.es\/ca\/wp-json\/wp\/v2\/comments?post=6987"}],"version-history":[{"count":4,"href":"https:\/\/www.aribau.es\/ca\/wp-json\/wp\/v2\/posts\/6987\/revisions"}],"predecessor-version":[{"id":9882,"href":"https:\/\/www.aribau.es\/ca\/wp-json\/wp\/v2\/posts\/6987\/revisions\/9882"}],"wp:featuredmedia":[{"embeddable":true,"href":"https:\/\/www.aribau.es\/ca\/wp-json\/wp\/v2\/media\/6988"}],"wp:attachment":[{"href":"https:\/\/www.aribau.es\/ca\/wp-json\/wp\/v2\/media?parent=6987"}],"wp:term":[{"taxonomy":"category","embeddable":true,"href":"https:\/\/www.aribau.es\/ca\/wp-json\/wp\/v2\/categories?post=6987"},{"taxonomy":"post_tag","embeddable":true,"href":"https:\/\/www.aribau.es\/ca\/wp-json\/wp\/v2\/tags?post=6987"}],"curies":[{"name":"wp","href":"https:\/\/api.w.org\/{rel}","templated":true}]}}