{"id":6991,"date":"2020-09-10T00:00:28","date_gmt":"2020-09-09T23:00:28","guid":{"rendered":"https:\/\/www.aribau.es\/?p=6991"},"modified":"2021-04-23T10:52:38","modified_gmt":"2021-04-23T09:52:38","slug":"marques-del-atrio-crianza-de-marques-del-atrio","status":"publish","type":"post","link":"https:\/\/www.aribau.es\/ca\/marques-del-atrio-crianza-de-marques-del-atrio\/","title":{"rendered":"\u2018MARQU\u00c9S DEL ATRIO CRIANZA\u2019, DE MARQU\u00c9S DEL ATRIO"},"content":{"rendered":"<p><strong><em>Marqu\u00e9s del Atrio Crianza<\/em><\/strong>, del grupo bodeguero navarro <strong><a href=\"https:\/\/grupomarquesdelatrio.com\/\" target=\"_blank\" rel=\"noopener\">Marqu\u00e9s del Atrio<\/a><\/strong>, es un tinto con Denominaci\u00f3n Origen Calificada Rioja, elaborado con un coupage de tempranillo y graciano. Las uvas se cosechan en parcelas situadas entre 300 y 600 metros de altitud, y las bajas producciones por hect\u00e1rea permiten obtener un vino concentrado y arom\u00e1tico.<\/p>\n<p><!--more--><\/p>\n<p>Con un envejecimiento de entre 12 y 14 meses en barrica de roble americano y franc\u00e9s, <em>Marqu\u00e9s del Atrio Crianza<\/em> presenta un color rojo picota de alta intensidad. En nariz aparecen notas a frutos negros maduros, ciruela pasa y regaliz, junto a otras especiadas y recuerdos minerales.<\/p>\n<p>Ya en boca, es un vino de taninos firmes y redondos que denotan una lograda madurez. De final persistente y armonioso, predominan la fruta madura y las notas tostadas con buen cuerpo. Un vino perfecto para maridar con quesos semicurados, carnes rojas a la brasa y charcuter\u00eda.<\/p>\n<p>&nbsp;<\/p>\n<p><strong>Sobre el celler<\/strong><\/p>\n<p><a href=\"https:\/\/www.aribau.es\/wp-content\/uploads\/2018\/07\/marquel-del-atrio-aribau.jpg\"><img fetchpriority=\"high\" decoding=\"async\" class=\"aligncenter size-full wp-image-5894\" src=\"https:\/\/www.aribau.es\/wp-content\/uploads\/2018\/07\/marquel-del-atrio-aribau.jpg\" alt=\"\" width=\"1000\" height=\"219\" srcset=\"https:\/\/www.aribau.es\/wp-content\/uploads\/2018\/07\/marquel-del-atrio-aribau.jpg 1000w, https:\/\/www.aribau.es\/wp-content\/uploads\/2018\/07\/marquel-del-atrio-aribau-300x66.jpg 300w, https:\/\/www.aribau.es\/wp-content\/uploads\/2018\/07\/marquel-del-atrio-aribau-768x168.jpg 768w\" sizes=\"(max-width: 1000px) 100vw, 1000px\" \/><\/a><\/p>\n<p>El grupo bodeguero Marqu\u00e9s del Atrio, situado en Mendavia, Navarra, se encuentra estrechamente ligado a La Rioja. Es all\u00ed, en Arnedo, donde se encuentra la sede hist\u00f3rica de la bodega y los or\u00edgenes de esta familia que siempre ha estado unida al mundo del vino. Con unas instalaciones de \u00faltima generaci\u00f3n y la tecnolog\u00eda m\u00e1s avanzada, Marqu\u00e9s del Atrio es una de las cinco bodegas m\u00e1s grandes de la DOCa Rioja, con vinos enmarcados en un total de 5 denominaciones de origen: DOCa Rioja, DO Navarra, DO Utiel-Requena, DO Vino de la Tierra de Castilla y DO R\u00edas Baixas.<\/p>","protected":false},"excerpt":{"rendered":"<p>Marqu\u00e9s del Atrio Crianza, del grupo bodeguero navarro Marqu\u00e9s del Atrio, es un tinto con Denominaci\u00f3n Origen Calificada Rioja, elaborado con un coupage de tempranillo y graciano. Las uvas se cosechan en parcelas situadas entre 300 y 600 metros de altitud, y las bajas producciones por hect\u00e1rea permiten obtener un vino concentrado y arom\u00e1tico.<\/p>","protected":false},"author":3,"featured_media":6992,"comment_status":"closed","ping_status":"closed","sticky":false,"template":"","format":"standard","meta":{"footnotes":""},"categories":[406],"tags":[457,521,603,425],"class_list":["post-6991","post","type-post","status-publish","format-standard","has-post-thumbnail","hentry","category-noticias","tag-crianza","tag-doca-rioja","tag-marques-del-atrio","tag-vino-tinto"],"yoast_head":"<!-- This site is optimized with the Yoast SEO plugin v26.7 - https:\/\/yoast.com\/wordpress\/plugins\/seo\/ -->\n<title>\u2018MARQU\u00c9S DEL ATRIO CRIANZA\u2019, DE MARQU\u00c9S DEL ATRIO - Aribau<\/title>\n<meta name=\"robots\" content=\"index, follow, max-snippet:-1, max-image-preview:large, max-video-preview:-1\" \/>\n<link rel=\"canonical\" href=\"https:\/\/www.aribau.es\/ca\/marques-del-atrio-crianza-de-marques-del-atrio\/\" \/>\n<meta property=\"og:locale\" content=\"ca_ES\" \/>\n<meta property=\"og:type\" content=\"article\" \/>\n<meta property=\"og:title\" content=\"\u2018MARQU\u00c9S DEL ATRIO CRIANZA\u2019, DE MARQU\u00c9S DEL ATRIO - Aribau\" \/>\n<meta property=\"og:description\" content=\"Marqu\u00e9s del Atrio Crianza, del grupo bodeguero navarro Marqu\u00e9s del Atrio, es un tinto con Denominaci\u00f3n Origen Calificada Rioja, elaborado con un coupage de tempranillo y graciano. Las uvas se cosechan en parcelas situadas entre 300 y 600 metros de altitud, y las bajas producciones por hect\u00e1rea permiten obtener un vino concentrado y arom\u00e1tico.\" \/>\n<meta property=\"og:url\" content=\"https:\/\/www.aribau.es\/ca\/marques-del-atrio-crianza-de-marques-del-atrio\/\" \/>\n<meta property=\"og:site_name\" content=\"Aribau\" \/>\n<meta property=\"article:publisher\" content=\"https:\/\/www.facebook.com\/aribau1964\/\" \/>\n<meta property=\"article:published_time\" content=\"2020-09-09T23:00:28+00:00\" \/>\n<meta property=\"article:modified_time\" content=\"2021-04-23T09:52:38+00:00\" \/>\n<meta property=\"og:image\" content=\"https:\/\/www.aribau.es\/wp-content\/uploads\/2020\/09\/marques-del-atrio-crianza-aribau.jpg\" \/>\n\t<meta property=\"og:image:width\" content=\"800\" \/>\n\t<meta property=\"og:image:height\" content=\"231\" \/>\n\t<meta property=\"og:image:type\" content=\"image\/jpeg\" \/>\n<meta name=\"author\" content=\"aribau\" \/>\n<meta name=\"twitter:card\" content=\"summary_large_image\" \/>\n<meta name=\"twitter:creator\" content=\"@aribau1964\" \/>\n<meta name=\"twitter:site\" content=\"@aribau1964\" \/>\n<meta name=\"twitter:label1\" content=\"Escrit per\" \/>\n\t<meta name=\"twitter:data1\" content=\"aribau\" \/>\n\t<meta name=\"twitter:label2\" content=\"Temps estimat de lectura\" \/>\n\t<meta name=\"twitter:data2\" content=\"1 minut\" \/>\n<script type=\"application\/ld+json\" class=\"yoast-schema-graph\">{\"@context\":\"https:\/\/schema.org\",\"@graph\":[{\"@type\":\"Article\",\"@id\":\"https:\/\/www.aribau.es\/marques-del-atrio-crianza-de-marques-del-atrio\/#article\",\"isPartOf\":{\"@id\":\"https:\/\/www.aribau.es\/marques-del-atrio-crianza-de-marques-del-atrio\/\"},\"author\":{\"name\":\"aribau\",\"@id\":\"https:\/\/www.aribau.es\/#\/schema\/person\/77a976898b3c705ed016499633f4ffd0\"},\"headline\":\"\u2018MARQU\u00c9S DEL ATRIO CRIANZA\u2019, DE MARQU\u00c9S DEL ATRIO\",\"datePublished\":\"2020-09-09T23:00:28+00:00\",\"dateModified\":\"2021-04-23T09:52:38+00:00\",\"mainEntityOfPage\":{\"@id\":\"https:\/\/www.aribau.es\/marques-del-atrio-crianza-de-marques-del-atrio\/\"},\"wordCount\":273,\"publisher\":{\"@id\":\"https:\/\/www.aribau.es\/#organization\"},\"image\":{\"@id\":\"https:\/\/www.aribau.es\/marques-del-atrio-crianza-de-marques-del-atrio\/#primaryimage\"},\"thumbnailUrl\":\"https:\/\/www.aribau.es\/wp-content\/uploads\/2020\/09\/marques-del-atrio-crianza-aribau.jpg\",\"keywords\":[\"Crianza\",\"DOCa Rioja\",\"Marqu\u00e9s del Atrio\",\"Vino tinto\"],\"articleSection\":[\"Noticias\"],\"inLanguage\":\"ca\"},{\"@type\":\"WebPage\",\"@id\":\"https:\/\/www.aribau.es\/marques-del-atrio-crianza-de-marques-del-atrio\/\",\"url\":\"https:\/\/www.aribau.es\/marques-del-atrio-crianza-de-marques-del-atrio\/\",\"name\":\"\u2018MARQU\u00c9S DEL ATRIO CRIANZA\u2019, DE MARQU\u00c9S DEL ATRIO - Aribau\",\"isPartOf\":{\"@id\":\"https:\/\/www.aribau.es\/#website\"},\"primaryImageOfPage\":{\"@id\":\"https:\/\/www.aribau.es\/marques-del-atrio-crianza-de-marques-del-atrio\/#primaryimage\"},\"image\":{\"@id\":\"https:\/\/www.aribau.es\/marques-del-atrio-crianza-de-marques-del-atrio\/#primaryimage\"},\"thumbnailUrl\":\"https:\/\/www.aribau.es\/wp-content\/uploads\/2020\/09\/marques-del-atrio-crianza-aribau.jpg\",\"datePublished\":\"2020-09-09T23:00:28+00:00\",\"dateModified\":\"2021-04-23T09:52:38+00:00\",\"breadcrumb\":{\"@id\":\"https:\/\/www.aribau.es\/marques-del-atrio-crianza-de-marques-del-atrio\/#breadcrumb\"},\"inLanguage\":\"ca\",\"potentialAction\":[{\"@type\":\"ReadAction\",\"target\":[\"https:\/\/www.aribau.es\/marques-del-atrio-crianza-de-marques-del-atrio\/\"]}]},{\"@type\":\"ImageObject\",\"inLanguage\":\"ca\",\"@id\":\"https:\/\/www.aribau.es\/marques-del-atrio-crianza-de-marques-del-atrio\/#primaryimage\",\"url\":\"https:\/\/www.aribau.es\/wp-content\/uploads\/2020\/09\/marques-del-atrio-crianza-aribau.jpg\",\"contentUrl\":\"https:\/\/www.aribau.es\/wp-content\/uploads\/2020\/09\/marques-del-atrio-crianza-aribau.jpg\",\"width\":800,\"height\":231},{\"@type\":\"BreadcrumbList\",\"@id\":\"https:\/\/www.aribau.es\/marques-del-atrio-crianza-de-marques-del-atrio\/#breadcrumb\",\"itemListElement\":[{\"@type\":\"ListItem\",\"position\":1,\"name\":\"Portada\",\"item\":\"https:\/\/www.aribau.es\/\"},{\"@type\":\"ListItem\",\"position\":2,\"name\":\"\u2018MARQU\u00c9S DEL ATRIO CRIANZA\u2019, DE MARQU\u00c9S DEL ATRIO\"}]},{\"@type\":\"WebSite\",\"@id\":\"https:\/\/www.aribau.es\/#website\",\"url\":\"https:\/\/www.aribau.es\/\",\"name\":\"Aribau\",\"description\":\"VINOS Y BODEGAS\",\"publisher\":{\"@id\":\"https:\/\/www.aribau.es\/#organization\"},\"potentialAction\":[{\"@type\":\"SearchAction\",\"target\":{\"@type\":\"EntryPoint\",\"urlTemplate\":\"https:\/\/www.aribau.es\/?s={search_term_string}\"},\"query-input\":{\"@type\":\"PropertyValueSpecification\",\"valueRequired\":true,\"valueName\":\"search_term_string\"}}],\"inLanguage\":\"ca\"},{\"@type\":\"Organization\",\"@id\":\"https:\/\/www.aribau.es\/#organization\",\"name\":\"Aribau\",\"url\":\"https:\/\/www.aribau.es\/\",\"logo\":{\"@type\":\"ImageObject\",\"inLanguage\":\"ca\",\"@id\":\"https:\/\/www.aribau.es\/#\/schema\/logo\/image\/\",\"url\":\"https:\/\/www.aribau.es\/wp-content\/uploads\/2022\/03\/logo.png\",\"contentUrl\":\"https:\/\/www.aribau.es\/wp-content\/uploads\/2022\/03\/logo.png\",\"width\":300,\"height\":300,\"caption\":\"Aribau\"},\"image\":{\"@id\":\"https:\/\/www.aribau.es\/#\/schema\/logo\/image\/\"},\"sameAs\":[\"https:\/\/www.facebook.com\/aribau1964\/\",\"https:\/\/x.com\/aribau1964\",\"https:\/\/www.instagram.com\/aribau1964\/\"]},{\"@type\":\"Person\",\"@id\":\"https:\/\/www.aribau.es\/#\/schema\/person\/77a976898b3c705ed016499633f4ffd0\",\"name\":\"aribau\",\"image\":{\"@type\":\"ImageObject\",\"inLanguage\":\"ca\",\"@id\":\"https:\/\/www.aribau.es\/#\/schema\/person\/image\/\",\"url\":\"https:\/\/secure.gravatar.com\/avatar\/6690491f832d5b32aa9482b978c9464816810fbff0f6658034a34c9d9657b94e?s=96&d=mm&r=g\",\"contentUrl\":\"https:\/\/secure.gravatar.com\/avatar\/6690491f832d5b32aa9482b978c9464816810fbff0f6658034a34c9d9657b94e?s=96&d=mm&r=g\",\"caption\":\"aribau\"},\"url\":\"https:\/\/www.aribau.es\/ca\/author\/aribau\/\"}]}<\/script>\n<!-- \/ Yoast SEO plugin. -->","yoast_head_json":{"title":"\u2018MARQU\u00c9S DEL ATRIO CRIANZA\u2019, DE MARQU\u00c9S DEL ATRIO - Aribau","robots":{"index":"index","follow":"follow","max-snippet":"max-snippet:-1","max-image-preview":"max-image-preview:large","max-video-preview":"max-video-preview:-1"},"canonical":"https:\/\/www.aribau.es\/ca\/marques-del-atrio-crianza-de-marques-del-atrio\/","og_locale":"ca_ES","og_type":"article","og_title":"\u2018MARQU\u00c9S DEL ATRIO CRIANZA\u2019, DE MARQU\u00c9S DEL ATRIO - Aribau","og_description":"Marqu\u00e9s del Atrio Crianza, del grupo bodeguero navarro Marqu\u00e9s del Atrio, es un tinto con Denominaci\u00f3n Origen Calificada Rioja, elaborado con un coupage de tempranillo y graciano. Las uvas se cosechan en parcelas situadas entre 300 y 600 metros de altitud, y las bajas producciones por hect\u00e1rea permiten obtener un vino concentrado y arom\u00e1tico.","og_url":"https:\/\/www.aribau.es\/ca\/marques-del-atrio-crianza-de-marques-del-atrio\/","og_site_name":"Aribau","article_publisher":"https:\/\/www.facebook.com\/aribau1964\/","article_published_time":"2020-09-09T23:00:28+00:00","article_modified_time":"2021-04-23T09:52:38+00:00","og_image":[{"width":800,"height":231,"url":"https:\/\/www.aribau.es\/wp-content\/uploads\/2020\/09\/marques-del-atrio-crianza-aribau.jpg","type":"image\/jpeg"}],"author":"aribau","twitter_card":"summary_large_image","twitter_creator":"@aribau1964","twitter_site":"@aribau1964","twitter_misc":{"Escrit per":"aribau","Temps estimat de lectura":"1 minut"},"schema":{"@context":"https:\/\/schema.org","@graph":[{"@type":"Article","@id":"https:\/\/www.aribau.es\/marques-del-atrio-crianza-de-marques-del-atrio\/#article","isPartOf":{"@id":"https:\/\/www.aribau.es\/marques-del-atrio-crianza-de-marques-del-atrio\/"},"author":{"name":"aribau","@id":"https:\/\/www.aribau.es\/#\/schema\/person\/77a976898b3c705ed016499633f4ffd0"},"headline":"\u2018MARQU\u00c9S DEL ATRIO CRIANZA\u2019, DE MARQU\u00c9S DEL ATRIO","datePublished":"2020-09-09T23:00:28+00:00","dateModified":"2021-04-23T09:52:38+00:00","mainEntityOfPage":{"@id":"https:\/\/www.aribau.es\/marques-del-atrio-crianza-de-marques-del-atrio\/"},"wordCount":273,"publisher":{"@id":"https:\/\/www.aribau.es\/#organization"},"image":{"@id":"https:\/\/www.aribau.es\/marques-del-atrio-crianza-de-marques-del-atrio\/#primaryimage"},"thumbnailUrl":"https:\/\/www.aribau.es\/wp-content\/uploads\/2020\/09\/marques-del-atrio-crianza-aribau.jpg","keywords":["Crianza","DOCa Rioja","Marqu\u00e9s del Atrio","Vino tinto"],"articleSection":["Noticias"],"inLanguage":"ca"},{"@type":"WebPage","@id":"https:\/\/www.aribau.es\/marques-del-atrio-crianza-de-marques-del-atrio\/","url":"https:\/\/www.aribau.es\/marques-del-atrio-crianza-de-marques-del-atrio\/","name":"\u2018MARQU\u00c9S DEL ATRIO CRIANZA\u2019, DE MARQU\u00c9S DEL ATRIO - Aribau","isPartOf":{"@id":"https:\/\/www.aribau.es\/#website"},"primaryImageOfPage":{"@id":"https:\/\/www.aribau.es\/marques-del-atrio-crianza-de-marques-del-atrio\/#primaryimage"},"image":{"@id":"https:\/\/www.aribau.es\/marques-del-atrio-crianza-de-marques-del-atrio\/#primaryimage"},"thumbnailUrl":"https:\/\/www.aribau.es\/wp-content\/uploads\/2020\/09\/marques-del-atrio-crianza-aribau.jpg","datePublished":"2020-09-09T23:00:28+00:00","dateModified":"2021-04-23T09:52:38+00:00","breadcrumb":{"@id":"https:\/\/www.aribau.es\/marques-del-atrio-crianza-de-marques-del-atrio\/#breadcrumb"},"inLanguage":"ca","potentialAction":[{"@type":"ReadAction","target":["https:\/\/www.aribau.es\/marques-del-atrio-crianza-de-marques-del-atrio\/"]}]},{"@type":"ImageObject","inLanguage":"ca","@id":"https:\/\/www.aribau.es\/marques-del-atrio-crianza-de-marques-del-atrio\/#primaryimage","url":"https:\/\/www.aribau.es\/wp-content\/uploads\/2020\/09\/marques-del-atrio-crianza-aribau.jpg","contentUrl":"https:\/\/www.aribau.es\/wp-content\/uploads\/2020\/09\/marques-del-atrio-crianza-aribau.jpg","width":800,"height":231},{"@type":"BreadcrumbList","@id":"https:\/\/www.aribau.es\/marques-del-atrio-crianza-de-marques-del-atrio\/#breadcrumb","itemListElement":[{"@type":"ListItem","position":1,"name":"Portada","item":"https:\/\/www.aribau.es\/"},{"@type":"ListItem","position":2,"name":"\u2018MARQU\u00c9S DEL ATRIO CRIANZA\u2019, DE MARQU\u00c9S DEL ATRIO"}]},{"@type":"WebSite","@id":"https:\/\/www.aribau.es\/#website","url":"https:\/\/www.aribau.es\/","name":"Aribau","description":"VINOS Y BODEGAS","publisher":{"@id":"https:\/\/www.aribau.es\/#organization"},"potentialAction":[{"@type":"SearchAction","target":{"@type":"EntryPoint","urlTemplate":"https:\/\/www.aribau.es\/?s={search_term_string}"},"query-input":{"@type":"PropertyValueSpecification","valueRequired":true,"valueName":"search_term_string"}}],"inLanguage":"ca"},{"@type":"Organization","@id":"https:\/\/www.aribau.es\/#organization","name":"Aribau","url":"https:\/\/www.aribau.es\/","logo":{"@type":"ImageObject","inLanguage":"ca","@id":"https:\/\/www.aribau.es\/#\/schema\/logo\/image\/","url":"https:\/\/www.aribau.es\/wp-content\/uploads\/2022\/03\/logo.png","contentUrl":"https:\/\/www.aribau.es\/wp-content\/uploads\/2022\/03\/logo.png","width":300,"height":300,"caption":"Aribau"},"image":{"@id":"https:\/\/www.aribau.es\/#\/schema\/logo\/image\/"},"sameAs":["https:\/\/www.facebook.com\/aribau1964\/","https:\/\/x.com\/aribau1964","https:\/\/www.instagram.com\/aribau1964\/"]},{"@type":"Person","@id":"https:\/\/www.aribau.es\/#\/schema\/person\/77a976898b3c705ed016499633f4ffd0","name":"aribau","image":{"@type":"ImageObject","inLanguage":"ca","@id":"https:\/\/www.aribau.es\/#\/schema\/person\/image\/","url":"https:\/\/secure.gravatar.com\/avatar\/6690491f832d5b32aa9482b978c9464816810fbff0f6658034a34c9d9657b94e?s=96&d=mm&r=g","contentUrl":"https:\/\/secure.gravatar.com\/avatar\/6690491f832d5b32aa9482b978c9464816810fbff0f6658034a34c9d9657b94e?s=96&d=mm&r=g","caption":"aribau"},"url":"https:\/\/www.aribau.es\/ca\/author\/aribau\/"}]}},"_links":{"self":[{"href":"https:\/\/www.aribau.es\/ca\/wp-json\/wp\/v2\/posts\/6991","targetHints":{"allow":["GET"]}}],"collection":[{"href":"https:\/\/www.aribau.es\/ca\/wp-json\/wp\/v2\/posts"}],"about":[{"href":"https:\/\/www.aribau.es\/ca\/wp-json\/wp\/v2\/types\/post"}],"author":[{"embeddable":true,"href":"https:\/\/www.aribau.es\/ca\/wp-json\/wp\/v2\/users\/3"}],"replies":[{"embeddable":true,"href":"https:\/\/www.aribau.es\/ca\/wp-json\/wp\/v2\/comments?post=6991"}],"version-history":[{"count":5,"href":"https:\/\/www.aribau.es\/ca\/wp-json\/wp\/v2\/posts\/6991\/revisions"}],"predecessor-version":[{"id":9929,"href":"https:\/\/www.aribau.es\/ca\/wp-json\/wp\/v2\/posts\/6991\/revisions\/9929"}],"wp:featuredmedia":[{"embeddable":true,"href":"https:\/\/www.aribau.es\/ca\/wp-json\/wp\/v2\/media\/6992"}],"wp:attachment":[{"href":"https:\/\/www.aribau.es\/ca\/wp-json\/wp\/v2\/media?parent=6991"}],"wp:term":[{"taxonomy":"category","embeddable":true,"href":"https:\/\/www.aribau.es\/ca\/wp-json\/wp\/v2\/categories?post=6991"},{"taxonomy":"post_tag","embeddable":true,"href":"https:\/\/www.aribau.es\/ca\/wp-json\/wp\/v2\/tags?post=6991"}],"curies":[{"name":"wp","href":"https:\/\/api.w.org\/{rel}","templated":true}]}}