{"id":7002,"date":"2020-09-24T10:01:57","date_gmt":"2020-09-24T09:01:57","guid":{"rendered":"https:\/\/www.aribau.es\/?p=7002"},"modified":"2021-04-23T10:50:45","modified_gmt":"2021-04-23T09:50:45","slug":"desti-2013-de-merum-priorati","status":"publish","type":"post","link":"https:\/\/www.aribau.es\/ca\/desti-2013-de-merum-priorati\/","title":{"rendered":"\u2018DEST\u00cd 2013\u2019, DE MERUM PRIORATI"},"content":{"rendered":"<p><strong><em>Dest\u00ed 2013<\/em><\/strong>, de la bodega <strong><a href=\"http:\/\/www.merumpriorati.com\/index.html\" target=\"_blank\" rel=\"noopener\">Merum Priorati<\/a><\/strong>, es un vino tinto elaborado fundamentalmente a base de garnacha y cari\u00f1ena de la DOQ Priorat. Proviene de vi\u00f1as que crecen en suelos de pizarra (la cl\u00e1sica <em>llicorella<\/em> prioratina), muy pobres en materia org\u00e1nica, y donde las plantas sufren mucho estr\u00e9s en verano, factor que favorece la perfecta maduraci\u00f3n de la uva.<\/p>\n<p><!--more--><\/p>\n<p>Con entre 12 y 14 meses de envejecimiento en barricas de roble, <em>Dest\u00ed 2013<\/em> es un vino que ni se filtra ni se clarifica.<\/p>\n<p>De gran intensidad arom\u00e1tica, <em>Dest\u00ed 2013<\/em> resulta muy atractivo en nariz gracias a la persistencia de acentos minerales, as\u00ed como a la presencia de frutos maduros de oto\u00f1o. Una vez en boca resulta sedoso, amplio y bals\u00e1mico, con notas de granada, de endrina y de guinda de madro\u00f1o. Es un vino goloso y con un largo postgusto lleno de sutilezas.<\/p>\n<p>En la mesa, es un vino muy vers\u00e1til, perfecto para acompa\u00f1ar tanto carnes rojas a la parrilla, como un rodaballo hecho en horno de le\u00f1a o una coca de tremp\u00f3 con langostinos.<\/p>\n<p>&nbsp;<\/p>\n<p><strong>Sobre el celler<\/strong><\/p>\n<p><a href=\"https:\/\/www.aribau.es\/wp-content\/uploads\/2019\/10\/merum_priorati-bx.jpg\"><img fetchpriority=\"high\" decoding=\"async\" class=\"aligncenter size-large wp-image-6609\" src=\"https:\/\/www.aribau.es\/wp-content\/uploads\/2019\/10\/merum_priorati-bx-1024x682.jpg\" alt=\"\" width=\"1024\" height=\"682\" srcset=\"https:\/\/www.aribau.es\/wp-content\/uploads\/2019\/10\/merum_priorati-bx-1024x682.jpg 1024w, https:\/\/www.aribau.es\/wp-content\/uploads\/2019\/10\/merum_priorati-bx-300x200.jpg 300w, https:\/\/www.aribau.es\/wp-content\/uploads\/2019\/10\/merum_priorati-bx-768x512.jpg 768w, https:\/\/www.aribau.es\/wp-content\/uploads\/2019\/10\/merum_priorati-bx.jpg 2000w\" sizes=\"(max-width: 1024px) 100vw, 1024px\" \/><\/a><\/p>\n<p>Merum Priorati se encuentra ubicada en Porrera y enmarcada en la Denominaci\u00f3n de Origen Calificada Priorat. Sus vi\u00f1as se distribuyen a trav\u00e9s de 103 hect\u00e1reas repartidas por tres fincas, todas ubicadas dentro del t\u00e9rmino municipal de Porrera, de ah\u00ed que sus vinos reciban la calificaci\u00f3n de \u2018Vinos de Vila\u2019. La esencia de la bodega radica en las palabras que conforman su propio nombre y que podr\u00edan traducirse como Priorat en estado puro. A la hora de elaborar sus vinos, apuestan por una viticultura muy poco intervencionista en pro de la excelencia.<\/p>","protected":false},"excerpt":{"rendered":"<p>Dest\u00ed 2013, de la bodega Merum Priorati, es un vino tinto elaborado fundamentalmente a base de garnacha y cari\u00f1ena de la DOQ Priorat. Proviene de vi\u00f1as que crecen en suelos de pizarra (la cl\u00e1sica llicorella prioratina), muy pobres en materia org\u00e1nica, y donde las plantas sufren mucho estr\u00e9s en verano, factor que favorece la perfecta &#8230; <a title=\"\u2018DEST\u00cd 2013\u2019, DE MERUM PRIORATI\" class=\"read-more\" href=\"https:\/\/www.aribau.es\/ca\/desti-2013-de-merum-priorati\/\" aria-label=\"M\u00e9s informaci\u00f3 sobre \u2018DEST\u00cd 2013\u2019, DE MERUM PRIORATI\">Llegiu m\u00e9s<\/a><\/p>","protected":false},"author":3,"featured_media":7001,"comment_status":"closed","ping_status":"closed","sticky":false,"template":"","format":"standard","meta":{"footnotes":""},"categories":[406],"tags":[480,606,425],"class_list":["post-7002","post","type-post","status-publish","format-standard","has-post-thumbnail","hentry","category-noticias","tag-doq-priorat","tag-merum-priorati","tag-vino-tinto"],"yoast_head":"<!-- This site is optimized with the Yoast SEO plugin v26.7 - https:\/\/yoast.com\/wordpress\/plugins\/seo\/ -->\n<title>\u2018DEST\u00cd 2013\u2019, DE MERUM PRIORATI - Aribau<\/title>\n<meta name=\"robots\" content=\"index, follow, max-snippet:-1, max-image-preview:large, max-video-preview:-1\" \/>\n<link rel=\"canonical\" href=\"https:\/\/www.aribau.es\/ca\/desti-2013-de-merum-priorati\/\" \/>\n<meta property=\"og:locale\" content=\"ca_ES\" \/>\n<meta property=\"og:type\" content=\"article\" \/>\n<meta property=\"og:title\" content=\"\u2018DEST\u00cd 2013\u2019, DE MERUM PRIORATI - Aribau\" \/>\n<meta property=\"og:description\" content=\"Dest\u00ed 2013, de la bodega Merum Priorati, es un vino tinto elaborado fundamentalmente a base de garnacha y cari\u00f1ena de la DOQ Priorat. Proviene de vi\u00f1as que crecen en suelos de pizarra (la cl\u00e1sica llicorella prioratina), muy pobres en materia org\u00e1nica, y donde las plantas sufren mucho estr\u00e9s en verano, factor que favorece la perfecta ... Llegiu m\u00e9s\" \/>\n<meta property=\"og:url\" content=\"https:\/\/www.aribau.es\/ca\/desti-2013-de-merum-priorati\/\" \/>\n<meta property=\"og:site_name\" content=\"Aribau\" \/>\n<meta property=\"article:publisher\" content=\"https:\/\/www.facebook.com\/aribau1964\/\" \/>\n<meta property=\"article:published_time\" content=\"2020-09-24T09:01:57+00:00\" \/>\n<meta property=\"article:modified_time\" content=\"2021-04-23T09:50:45+00:00\" \/>\n<meta property=\"og:image\" content=\"https:\/\/www.aribau.es\/wp-content\/uploads\/2020\/09\/merum-priorati-desti-aribau.png\" \/>\n\t<meta property=\"og:image:width\" content=\"1000\" \/>\n\t<meta property=\"og:image:height\" content=\"300\" \/>\n\t<meta property=\"og:image:type\" content=\"image\/png\" \/>\n<meta name=\"author\" content=\"aribau\" \/>\n<meta name=\"twitter:card\" content=\"summary_large_image\" \/>\n<meta name=\"twitter:creator\" content=\"@aribau1964\" \/>\n<meta name=\"twitter:site\" content=\"@aribau1964\" \/>\n<meta name=\"twitter:label1\" content=\"Escrit per\" \/>\n\t<meta name=\"twitter:data1\" content=\"aribau\" \/>\n\t<meta name=\"twitter:label2\" content=\"Temps estimat de lectura\" \/>\n\t<meta name=\"twitter:data2\" content=\"1 minut\" \/>\n<script type=\"application\/ld+json\" class=\"yoast-schema-graph\">{\"@context\":\"https:\/\/schema.org\",\"@graph\":[{\"@type\":\"Article\",\"@id\":\"https:\/\/www.aribau.es\/desti-2013-de-merum-priorati\/#article\",\"isPartOf\":{\"@id\":\"https:\/\/www.aribau.es\/desti-2013-de-merum-priorati\/\"},\"author\":{\"name\":\"aribau\",\"@id\":\"https:\/\/www.aribau.es\/#\/schema\/person\/77a976898b3c705ed016499633f4ffd0\"},\"headline\":\"\u2018DEST\u00cd 2013\u2019, DE MERUM PRIORATI\",\"datePublished\":\"2020-09-24T09:01:57+00:00\",\"dateModified\":\"2021-04-23T09:50:45+00:00\",\"mainEntityOfPage\":{\"@id\":\"https:\/\/www.aribau.es\/desti-2013-de-merum-priorati\/\"},\"wordCount\":288,\"publisher\":{\"@id\":\"https:\/\/www.aribau.es\/#organization\"},\"image\":{\"@id\":\"https:\/\/www.aribau.es\/desti-2013-de-merum-priorati\/#primaryimage\"},\"thumbnailUrl\":\"https:\/\/www.aribau.es\/wp-content\/uploads\/2020\/09\/merum-priorati-desti-aribau.png\",\"keywords\":[\"DOQ Priorat\",\"Merum Priorati\",\"Vino tinto\"],\"articleSection\":[\"Noticias\"],\"inLanguage\":\"ca\"},{\"@type\":\"WebPage\",\"@id\":\"https:\/\/www.aribau.es\/desti-2013-de-merum-priorati\/\",\"url\":\"https:\/\/www.aribau.es\/desti-2013-de-merum-priorati\/\",\"name\":\"\u2018DEST\u00cd 2013\u2019, DE MERUM PRIORATI - Aribau\",\"isPartOf\":{\"@id\":\"https:\/\/www.aribau.es\/#website\"},\"primaryImageOfPage\":{\"@id\":\"https:\/\/www.aribau.es\/desti-2013-de-merum-priorati\/#primaryimage\"},\"image\":{\"@id\":\"https:\/\/www.aribau.es\/desti-2013-de-merum-priorati\/#primaryimage\"},\"thumbnailUrl\":\"https:\/\/www.aribau.es\/wp-content\/uploads\/2020\/09\/merum-priorati-desti-aribau.png\",\"datePublished\":\"2020-09-24T09:01:57+00:00\",\"dateModified\":\"2021-04-23T09:50:45+00:00\",\"breadcrumb\":{\"@id\":\"https:\/\/www.aribau.es\/desti-2013-de-merum-priorati\/#breadcrumb\"},\"inLanguage\":\"ca\",\"potentialAction\":[{\"@type\":\"ReadAction\",\"target\":[\"https:\/\/www.aribau.es\/desti-2013-de-merum-priorati\/\"]}]},{\"@type\":\"ImageObject\",\"inLanguage\":\"ca\",\"@id\":\"https:\/\/www.aribau.es\/desti-2013-de-merum-priorati\/#primaryimage\",\"url\":\"https:\/\/www.aribau.es\/wp-content\/uploads\/2020\/09\/merum-priorati-desti-aribau.png\",\"contentUrl\":\"https:\/\/www.aribau.es\/wp-content\/uploads\/2020\/09\/merum-priorati-desti-aribau.png\",\"width\":1000,\"height\":300},{\"@type\":\"BreadcrumbList\",\"@id\":\"https:\/\/www.aribau.es\/desti-2013-de-merum-priorati\/#breadcrumb\",\"itemListElement\":[{\"@type\":\"ListItem\",\"position\":1,\"name\":\"Portada\",\"item\":\"https:\/\/www.aribau.es\/\"},{\"@type\":\"ListItem\",\"position\":2,\"name\":\"\u2018DEST\u00cd 2013\u2019, DE MERUM PRIORATI\"}]},{\"@type\":\"WebSite\",\"@id\":\"https:\/\/www.aribau.es\/#website\",\"url\":\"https:\/\/www.aribau.es\/\",\"name\":\"Aribau\",\"description\":\"VINOS Y BODEGAS\",\"publisher\":{\"@id\":\"https:\/\/www.aribau.es\/#organization\"},\"potentialAction\":[{\"@type\":\"SearchAction\",\"target\":{\"@type\":\"EntryPoint\",\"urlTemplate\":\"https:\/\/www.aribau.es\/?s={search_term_string}\"},\"query-input\":{\"@type\":\"PropertyValueSpecification\",\"valueRequired\":true,\"valueName\":\"search_term_string\"}}],\"inLanguage\":\"ca\"},{\"@type\":\"Organization\",\"@id\":\"https:\/\/www.aribau.es\/#organization\",\"name\":\"Aribau\",\"url\":\"https:\/\/www.aribau.es\/\",\"logo\":{\"@type\":\"ImageObject\",\"inLanguage\":\"ca\",\"@id\":\"https:\/\/www.aribau.es\/#\/schema\/logo\/image\/\",\"url\":\"https:\/\/www.aribau.es\/wp-content\/uploads\/2022\/03\/logo.png\",\"contentUrl\":\"https:\/\/www.aribau.es\/wp-content\/uploads\/2022\/03\/logo.png\",\"width\":300,\"height\":300,\"caption\":\"Aribau\"},\"image\":{\"@id\":\"https:\/\/www.aribau.es\/#\/schema\/logo\/image\/\"},\"sameAs\":[\"https:\/\/www.facebook.com\/aribau1964\/\",\"https:\/\/x.com\/aribau1964\",\"https:\/\/www.instagram.com\/aribau1964\/\"]},{\"@type\":\"Person\",\"@id\":\"https:\/\/www.aribau.es\/#\/schema\/person\/77a976898b3c705ed016499633f4ffd0\",\"name\":\"aribau\",\"image\":{\"@type\":\"ImageObject\",\"inLanguage\":\"ca\",\"@id\":\"https:\/\/www.aribau.es\/#\/schema\/person\/image\/\",\"url\":\"https:\/\/secure.gravatar.com\/avatar\/6690491f832d5b32aa9482b978c9464816810fbff0f6658034a34c9d9657b94e?s=96&d=mm&r=g\",\"contentUrl\":\"https:\/\/secure.gravatar.com\/avatar\/6690491f832d5b32aa9482b978c9464816810fbff0f6658034a34c9d9657b94e?s=96&d=mm&r=g\",\"caption\":\"aribau\"},\"url\":\"https:\/\/www.aribau.es\/ca\/author\/aribau\/\"}]}<\/script>\n<!-- \/ Yoast SEO plugin. -->","yoast_head_json":{"title":"\u2018DEST\u00cd 2013\u2019, DE MERUM PRIORATI - Aribau","robots":{"index":"index","follow":"follow","max-snippet":"max-snippet:-1","max-image-preview":"max-image-preview:large","max-video-preview":"max-video-preview:-1"},"canonical":"https:\/\/www.aribau.es\/ca\/desti-2013-de-merum-priorati\/","og_locale":"ca_ES","og_type":"article","og_title":"\u2018DEST\u00cd 2013\u2019, DE MERUM PRIORATI - Aribau","og_description":"Dest\u00ed 2013, de la bodega Merum Priorati, es un vino tinto elaborado fundamentalmente a base de garnacha y cari\u00f1ena de la DOQ Priorat. Proviene de vi\u00f1as que crecen en suelos de pizarra (la cl\u00e1sica llicorella prioratina), muy pobres en materia org\u00e1nica, y donde las plantas sufren mucho estr\u00e9s en verano, factor que favorece la perfecta ... Llegiu m\u00e9s","og_url":"https:\/\/www.aribau.es\/ca\/desti-2013-de-merum-priorati\/","og_site_name":"Aribau","article_publisher":"https:\/\/www.facebook.com\/aribau1964\/","article_published_time":"2020-09-24T09:01:57+00:00","article_modified_time":"2021-04-23T09:50:45+00:00","og_image":[{"width":1000,"height":300,"url":"https:\/\/www.aribau.es\/wp-content\/uploads\/2020\/09\/merum-priorati-desti-aribau.png","type":"image\/png"}],"author":"aribau","twitter_card":"summary_large_image","twitter_creator":"@aribau1964","twitter_site":"@aribau1964","twitter_misc":{"Escrit per":"aribau","Temps estimat de lectura":"1 minut"},"schema":{"@context":"https:\/\/schema.org","@graph":[{"@type":"Article","@id":"https:\/\/www.aribau.es\/desti-2013-de-merum-priorati\/#article","isPartOf":{"@id":"https:\/\/www.aribau.es\/desti-2013-de-merum-priorati\/"},"author":{"name":"aribau","@id":"https:\/\/www.aribau.es\/#\/schema\/person\/77a976898b3c705ed016499633f4ffd0"},"headline":"\u2018DEST\u00cd 2013\u2019, DE MERUM PRIORATI","datePublished":"2020-09-24T09:01:57+00:00","dateModified":"2021-04-23T09:50:45+00:00","mainEntityOfPage":{"@id":"https:\/\/www.aribau.es\/desti-2013-de-merum-priorati\/"},"wordCount":288,"publisher":{"@id":"https:\/\/www.aribau.es\/#organization"},"image":{"@id":"https:\/\/www.aribau.es\/desti-2013-de-merum-priorati\/#primaryimage"},"thumbnailUrl":"https:\/\/www.aribau.es\/wp-content\/uploads\/2020\/09\/merum-priorati-desti-aribau.png","keywords":["DOQ Priorat","Merum Priorati","Vino tinto"],"articleSection":["Noticias"],"inLanguage":"ca"},{"@type":"WebPage","@id":"https:\/\/www.aribau.es\/desti-2013-de-merum-priorati\/","url":"https:\/\/www.aribau.es\/desti-2013-de-merum-priorati\/","name":"\u2018DEST\u00cd 2013\u2019, DE MERUM PRIORATI - Aribau","isPartOf":{"@id":"https:\/\/www.aribau.es\/#website"},"primaryImageOfPage":{"@id":"https:\/\/www.aribau.es\/desti-2013-de-merum-priorati\/#primaryimage"},"image":{"@id":"https:\/\/www.aribau.es\/desti-2013-de-merum-priorati\/#primaryimage"},"thumbnailUrl":"https:\/\/www.aribau.es\/wp-content\/uploads\/2020\/09\/merum-priorati-desti-aribau.png","datePublished":"2020-09-24T09:01:57+00:00","dateModified":"2021-04-23T09:50:45+00:00","breadcrumb":{"@id":"https:\/\/www.aribau.es\/desti-2013-de-merum-priorati\/#breadcrumb"},"inLanguage":"ca","potentialAction":[{"@type":"ReadAction","target":["https:\/\/www.aribau.es\/desti-2013-de-merum-priorati\/"]}]},{"@type":"ImageObject","inLanguage":"ca","@id":"https:\/\/www.aribau.es\/desti-2013-de-merum-priorati\/#primaryimage","url":"https:\/\/www.aribau.es\/wp-content\/uploads\/2020\/09\/merum-priorati-desti-aribau.png","contentUrl":"https:\/\/www.aribau.es\/wp-content\/uploads\/2020\/09\/merum-priorati-desti-aribau.png","width":1000,"height":300},{"@type":"BreadcrumbList","@id":"https:\/\/www.aribau.es\/desti-2013-de-merum-priorati\/#breadcrumb","itemListElement":[{"@type":"ListItem","position":1,"name":"Portada","item":"https:\/\/www.aribau.es\/"},{"@type":"ListItem","position":2,"name":"\u2018DEST\u00cd 2013\u2019, DE MERUM PRIORATI"}]},{"@type":"WebSite","@id":"https:\/\/www.aribau.es\/#website","url":"https:\/\/www.aribau.es\/","name":"Aribau","description":"VINOS Y BODEGAS","publisher":{"@id":"https:\/\/www.aribau.es\/#organization"},"potentialAction":[{"@type":"SearchAction","target":{"@type":"EntryPoint","urlTemplate":"https:\/\/www.aribau.es\/?s={search_term_string}"},"query-input":{"@type":"PropertyValueSpecification","valueRequired":true,"valueName":"search_term_string"}}],"inLanguage":"ca"},{"@type":"Organization","@id":"https:\/\/www.aribau.es\/#organization","name":"Aribau","url":"https:\/\/www.aribau.es\/","logo":{"@type":"ImageObject","inLanguage":"ca","@id":"https:\/\/www.aribau.es\/#\/schema\/logo\/image\/","url":"https:\/\/www.aribau.es\/wp-content\/uploads\/2022\/03\/logo.png","contentUrl":"https:\/\/www.aribau.es\/wp-content\/uploads\/2022\/03\/logo.png","width":300,"height":300,"caption":"Aribau"},"image":{"@id":"https:\/\/www.aribau.es\/#\/schema\/logo\/image\/"},"sameAs":["https:\/\/www.facebook.com\/aribau1964\/","https:\/\/x.com\/aribau1964","https:\/\/www.instagram.com\/aribau1964\/"]},{"@type":"Person","@id":"https:\/\/www.aribau.es\/#\/schema\/person\/77a976898b3c705ed016499633f4ffd0","name":"aribau","image":{"@type":"ImageObject","inLanguage":"ca","@id":"https:\/\/www.aribau.es\/#\/schema\/person\/image\/","url":"https:\/\/secure.gravatar.com\/avatar\/6690491f832d5b32aa9482b978c9464816810fbff0f6658034a34c9d9657b94e?s=96&d=mm&r=g","contentUrl":"https:\/\/secure.gravatar.com\/avatar\/6690491f832d5b32aa9482b978c9464816810fbff0f6658034a34c9d9657b94e?s=96&d=mm&r=g","caption":"aribau"},"url":"https:\/\/www.aribau.es\/ca\/author\/aribau\/"}]}},"_links":{"self":[{"href":"https:\/\/www.aribau.es\/ca\/wp-json\/wp\/v2\/posts\/7002","targetHints":{"allow":["GET"]}}],"collection":[{"href":"https:\/\/www.aribau.es\/ca\/wp-json\/wp\/v2\/posts"}],"about":[{"href":"https:\/\/www.aribau.es\/ca\/wp-json\/wp\/v2\/types\/post"}],"author":[{"embeddable":true,"href":"https:\/\/www.aribau.es\/ca\/wp-json\/wp\/v2\/users\/3"}],"replies":[{"embeddable":true,"href":"https:\/\/www.aribau.es\/ca\/wp-json\/wp\/v2\/comments?post=7002"}],"version-history":[{"count":4,"href":"https:\/\/www.aribau.es\/ca\/wp-json\/wp\/v2\/posts\/7002\/revisions"}],"predecessor-version":[{"id":9927,"href":"https:\/\/www.aribau.es\/ca\/wp-json\/wp\/v2\/posts\/7002\/revisions\/9927"}],"wp:featuredmedia":[{"embeddable":true,"href":"https:\/\/www.aribau.es\/ca\/wp-json\/wp\/v2\/media\/7001"}],"wp:attachment":[{"href":"https:\/\/www.aribau.es\/ca\/wp-json\/wp\/v2\/media?parent=7002"}],"wp:term":[{"taxonomy":"category","embeddable":true,"href":"https:\/\/www.aribau.es\/ca\/wp-json\/wp\/v2\/categories?post=7002"},{"taxonomy":"post_tag","embeddable":true,"href":"https:\/\/www.aribau.es\/ca\/wp-json\/wp\/v2\/tags?post=7002"}],"curies":[{"name":"wp","href":"https:\/\/api.w.org\/{rel}","templated":true}]}}