{"id":7023,"date":"2020-10-08T10:01:57","date_gmt":"2020-10-08T09:01:57","guid":{"rendered":"https:\/\/www.aribau.es\/?p=7023"},"modified":"2021-04-22T16:52:47","modified_gmt":"2021-04-22T15:52:47","slug":"las-denominaciones-de-origen-del-vino-catalan-ya-tienen-su-spot","status":"publish","type":"post","link":"https:\/\/www.aribau.es\/ca\/las-denominaciones-de-origen-del-vino-catalan-ya-tienen-su-spot\/","title":{"rendered":"LES DENOMINACIONS D'ORIGEN DEL VI CATAL\u00c0 JA TENEN EL SEU ESPOT"},"content":{"rendered":"<p>Esta semana se ha presentado el spot publicitario que las denominaciones de origen vin\u00edcolas catalanas han preparado para promocionar el consumo de sus vinos. Un spot que se enmarca en la <a href=\"https:\/\/www.aribau.es\/ca\/las-denominaciones-de-origen-catalanas-se-unen-en-una-campana-conjunta-para-promover-el-consumo-de-vino-catalan-con-do\/\" target=\"_blank\" rel=\"noopener noreferrer\">campa\u00f1a conjunta <strong><em>Gaudeix del que \u00e9s bo #ViCatal\u00e0<\/em><\/strong><\/a>, que las DDOO presentaban el pasado mes de julio en colaboraci\u00f3n con el INCAVI (Instituto Catal\u00e1n de la Vi\u00f1a y el Vino).<\/p>\n<p><!--more--><\/p>\n<p>El objetivo del spot es coger impulso de cara al oto\u00f1o y dar todo el apoyo posible al sector del vino en un momento especialmente delicado. El anuncio sigue la l\u00ednea que persigue toda la campa\u00f1a, buscando la modernizaci\u00f3n de la imagen del vino catal\u00e1n y hacerlo cercano, especialmente para el consumidor no experto.<\/p>\n<p>Desvestir el vino de complejidad y presentarlo como un producto de consumo fuera de los \u00e1mbitos sociales en los que acostumbra a quedar encuadrado son otros de los objetivos que se persiguen. As\u00ed, en el spot se puede ver como una familia abre una botella de vino mientras prepara la comida en casa o como un grupo de amigos escoge el vino para consumir en una terraza.<\/p>\n<p>Con esta segunda ola de la campa\u00f1a se espera llegar al m\u00e1ximo n\u00famero de potenciales consumidores de vino que viven en Catalunya para hacerlos part\u00edcipes de la importancia que tiene el consumo de productos de proximidad. En este sentido, las 11 denominaciones de origen no solo ofrecen al consumidor un producto de proximidad, sino que cuenta con el sello de origen y calidad garantizados.<\/p>\n<p>El spot puede verse en la p\u00e1gina web de la campa\u00f1a: <strong><a href=\"https:\/\/vicatala.org\/gaudeix-del-que-es-bo\/\" target=\"_blank\" rel=\"noopener noreferrer\">gaudeixdelqueesbo.com<\/a><\/strong><\/p>","protected":false},"excerpt":{"rendered":"<p>Esta semana se ha presentado el spot publicitario que las denominaciones de origen vin\u00edcolas catalanas han preparado para promocionar el consumo de sus vinos. Un spot que se enmarca en la campa\u00f1a conjunta Gaudeix del que \u00e9s bo #ViCatal\u00e0, que las DDOO presentaban el pasado mes de julio en colaboraci\u00f3n con el INCAVI (Instituto Catal\u00e1n &#8230; <a title=\"LES DENOMINACIONS D&#039;ORIGEN DEL VI CATAL\u00c0 JA TENEN EL SEU ESPOT\" class=\"read-more\" href=\"https:\/\/www.aribau.es\/ca\/las-denominaciones-de-origen-del-vino-catalan-ya-tienen-su-spot\/\" aria-label=\"M\u00e9s informaci\u00f3 sobre LAS DENOMINACIONES DE ORIGEN DEL VINO CATAL\u00c1N YA TIENEN SU SPOT\">Llegiu m\u00e9s<\/a><\/p>","protected":false},"author":3,"featured_media":7024,"comment_status":"closed","ping_status":"closed","sticky":false,"template":"","format":"standard","meta":{"footnotes":""},"categories":[406],"tags":[343,595],"class_list":["post-7023","post","type-post","status-publish","format-standard","has-post-thumbnail","hentry","category-noticias","tag-vi-catala","tag-vino-con-do"],"yoast_head":"<!-- This site is optimized with the Yoast SEO plugin v26.7 - https:\/\/yoast.com\/wordpress\/plugins\/seo\/ -->\n<title>LAS DENOMINACIONES DE ORIGEN DEL VINO CATAL\u00c1N YA TIENEN SU SPOT - Aribau<\/title>\n<meta name=\"robots\" content=\"index, follow, max-snippet:-1, max-image-preview:large, max-video-preview:-1\" \/>\n<link rel=\"canonical\" href=\"https:\/\/www.aribau.es\/ca\/las-denominaciones-de-origen-del-vino-catalan-ya-tienen-su-spot\/\" \/>\n<meta property=\"og:locale\" content=\"ca_ES\" \/>\n<meta property=\"og:type\" content=\"article\" \/>\n<meta property=\"og:title\" content=\"LAS DENOMINACIONES DE ORIGEN DEL VINO CATAL\u00c1N YA TIENEN SU SPOT - Aribau\" \/>\n<meta property=\"og:description\" content=\"Esta semana se ha presentado el spot publicitario que las denominaciones de origen vin\u00edcolas catalanas han preparado para promocionar el consumo de sus vinos. Un spot que se enmarca en la campa\u00f1a conjunta Gaudeix del que \u00e9s bo #ViCatal\u00e0, que las DDOO presentaban el pasado mes de julio en colaboraci\u00f3n con el INCAVI (Instituto Catal\u00e1n ... Llegiu m\u00e9s\" \/>\n<meta property=\"og:url\" content=\"https:\/\/www.aribau.es\/ca\/las-denominaciones-de-origen-del-vino-catalan-ya-tienen-su-spot\/\" \/>\n<meta property=\"og:site_name\" content=\"Aribau\" \/>\n<meta property=\"article:publisher\" content=\"https:\/\/www.facebook.com\/aribau1964\/\" \/>\n<meta property=\"article:published_time\" content=\"2020-10-08T09:01:57+00:00\" \/>\n<meta property=\"article:modified_time\" content=\"2021-04-22T15:52:47+00:00\" \/>\n<meta property=\"og:image\" content=\"https:\/\/www.aribau.es\/wp-content\/uploads\/2020\/10\/imatge-espot-baixa.png\" \/>\n\t<meta property=\"og:image:width\" content=\"1500\" \/>\n\t<meta property=\"og:image:height\" content=\"810\" \/>\n\t<meta property=\"og:image:type\" content=\"image\/png\" \/>\n<meta name=\"author\" content=\"aribau\" \/>\n<meta name=\"twitter:card\" content=\"summary_large_image\" \/>\n<meta name=\"twitter:creator\" content=\"@aribau1964\" \/>\n<meta name=\"twitter:site\" content=\"@aribau1964\" \/>\n<meta name=\"twitter:label1\" content=\"Escrit per\" \/>\n\t<meta name=\"twitter:data1\" content=\"aribau\" \/>\n\t<meta name=\"twitter:label2\" content=\"Temps estimat de lectura\" \/>\n\t<meta name=\"twitter:data2\" content=\"1 minut\" \/>\n<script type=\"application\/ld+json\" class=\"yoast-schema-graph\">{\"@context\":\"https:\/\/schema.org\",\"@graph\":[{\"@type\":\"Article\",\"@id\":\"https:\/\/www.aribau.es\/las-denominaciones-de-origen-del-vino-catalan-ya-tienen-su-spot\/#article\",\"isPartOf\":{\"@id\":\"https:\/\/www.aribau.es\/las-denominaciones-de-origen-del-vino-catalan-ya-tienen-su-spot\/\"},\"author\":{\"name\":\"aribau\",\"@id\":\"https:\/\/www.aribau.es\/#\/schema\/person\/77a976898b3c705ed016499633f4ffd0\"},\"headline\":\"LAS DENOMINACIONES DE ORIGEN DEL VINO CATAL\u00c1N YA TIENEN SU SPOT\",\"datePublished\":\"2020-10-08T09:01:57+00:00\",\"dateModified\":\"2021-04-22T15:52:47+00:00\",\"mainEntityOfPage\":{\"@id\":\"https:\/\/www.aribau.es\/las-denominaciones-de-origen-del-vino-catalan-ya-tienen-su-spot\/\"},\"wordCount\":286,\"publisher\":{\"@id\":\"https:\/\/www.aribau.es\/#organization\"},\"image\":{\"@id\":\"https:\/\/www.aribau.es\/las-denominaciones-de-origen-del-vino-catalan-ya-tienen-su-spot\/#primaryimage\"},\"thumbnailUrl\":\"https:\/\/www.aribau.es\/wp-content\/uploads\/2020\/10\/imatge-espot-baixa.png\",\"keywords\":[\"Vi Catal\u00e0\",\"Vino con DO\"],\"articleSection\":[\"Noticias\"],\"inLanguage\":\"ca\"},{\"@type\":\"WebPage\",\"@id\":\"https:\/\/www.aribau.es\/las-denominaciones-de-origen-del-vino-catalan-ya-tienen-su-spot\/\",\"url\":\"https:\/\/www.aribau.es\/las-denominaciones-de-origen-del-vino-catalan-ya-tienen-su-spot\/\",\"name\":\"LAS DENOMINACIONES DE ORIGEN DEL VINO CATAL\u00c1N YA TIENEN SU SPOT - Aribau\",\"isPartOf\":{\"@id\":\"https:\/\/www.aribau.es\/#website\"},\"primaryImageOfPage\":{\"@id\":\"https:\/\/www.aribau.es\/las-denominaciones-de-origen-del-vino-catalan-ya-tienen-su-spot\/#primaryimage\"},\"image\":{\"@id\":\"https:\/\/www.aribau.es\/las-denominaciones-de-origen-del-vino-catalan-ya-tienen-su-spot\/#primaryimage\"},\"thumbnailUrl\":\"https:\/\/www.aribau.es\/wp-content\/uploads\/2020\/10\/imatge-espot-baixa.png\",\"datePublished\":\"2020-10-08T09:01:57+00:00\",\"dateModified\":\"2021-04-22T15:52:47+00:00\",\"breadcrumb\":{\"@id\":\"https:\/\/www.aribau.es\/las-denominaciones-de-origen-del-vino-catalan-ya-tienen-su-spot\/#breadcrumb\"},\"inLanguage\":\"ca\",\"potentialAction\":[{\"@type\":\"ReadAction\",\"target\":[\"https:\/\/www.aribau.es\/las-denominaciones-de-origen-del-vino-catalan-ya-tienen-su-spot\/\"]}]},{\"@type\":\"ImageObject\",\"inLanguage\":\"ca\",\"@id\":\"https:\/\/www.aribau.es\/las-denominaciones-de-origen-del-vino-catalan-ya-tienen-su-spot\/#primaryimage\",\"url\":\"https:\/\/www.aribau.es\/wp-content\/uploads\/2020\/10\/imatge-espot-baixa.png\",\"contentUrl\":\"https:\/\/www.aribau.es\/wp-content\/uploads\/2020\/10\/imatge-espot-baixa.png\",\"width\":1500,\"height\":810},{\"@type\":\"BreadcrumbList\",\"@id\":\"https:\/\/www.aribau.es\/las-denominaciones-de-origen-del-vino-catalan-ya-tienen-su-spot\/#breadcrumb\",\"itemListElement\":[{\"@type\":\"ListItem\",\"position\":1,\"name\":\"Portada\",\"item\":\"https:\/\/www.aribau.es\/\"},{\"@type\":\"ListItem\",\"position\":2,\"name\":\"LAS DENOMINACIONES DE ORIGEN DEL VINO CATAL\u00c1N YA TIENEN SU SPOT\"}]},{\"@type\":\"WebSite\",\"@id\":\"https:\/\/www.aribau.es\/#website\",\"url\":\"https:\/\/www.aribau.es\/\",\"name\":\"Aribau\",\"description\":\"VINOS Y BODEGAS\",\"publisher\":{\"@id\":\"https:\/\/www.aribau.es\/#organization\"},\"potentialAction\":[{\"@type\":\"SearchAction\",\"target\":{\"@type\":\"EntryPoint\",\"urlTemplate\":\"https:\/\/www.aribau.es\/?s={search_term_string}\"},\"query-input\":{\"@type\":\"PropertyValueSpecification\",\"valueRequired\":true,\"valueName\":\"search_term_string\"}}],\"inLanguage\":\"ca\"},{\"@type\":\"Organization\",\"@id\":\"https:\/\/www.aribau.es\/#organization\",\"name\":\"Aribau\",\"url\":\"https:\/\/www.aribau.es\/\",\"logo\":{\"@type\":\"ImageObject\",\"inLanguage\":\"ca\",\"@id\":\"https:\/\/www.aribau.es\/#\/schema\/logo\/image\/\",\"url\":\"https:\/\/www.aribau.es\/wp-content\/uploads\/2022\/03\/logo.png\",\"contentUrl\":\"https:\/\/www.aribau.es\/wp-content\/uploads\/2022\/03\/logo.png\",\"width\":300,\"height\":300,\"caption\":\"Aribau\"},\"image\":{\"@id\":\"https:\/\/www.aribau.es\/#\/schema\/logo\/image\/\"},\"sameAs\":[\"https:\/\/www.facebook.com\/aribau1964\/\",\"https:\/\/x.com\/aribau1964\",\"https:\/\/www.instagram.com\/aribau1964\/\"]},{\"@type\":\"Person\",\"@id\":\"https:\/\/www.aribau.es\/#\/schema\/person\/77a976898b3c705ed016499633f4ffd0\",\"name\":\"aribau\",\"image\":{\"@type\":\"ImageObject\",\"inLanguage\":\"ca\",\"@id\":\"https:\/\/www.aribau.es\/#\/schema\/person\/image\/\",\"url\":\"https:\/\/secure.gravatar.com\/avatar\/6690491f832d5b32aa9482b978c9464816810fbff0f6658034a34c9d9657b94e?s=96&d=mm&r=g\",\"contentUrl\":\"https:\/\/secure.gravatar.com\/avatar\/6690491f832d5b32aa9482b978c9464816810fbff0f6658034a34c9d9657b94e?s=96&d=mm&r=g\",\"caption\":\"aribau\"},\"url\":\"https:\/\/www.aribau.es\/ca\/author\/aribau\/\"}]}<\/script>\n<!-- \/ Yoast SEO plugin. -->","yoast_head_json":{"title":"LAS DENOMINACIONES DE ORIGEN DEL VINO CATAL\u00c1N YA TIENEN SU SPOT - Aribau","robots":{"index":"index","follow":"follow","max-snippet":"max-snippet:-1","max-image-preview":"max-image-preview:large","max-video-preview":"max-video-preview:-1"},"canonical":"https:\/\/www.aribau.es\/ca\/las-denominaciones-de-origen-del-vino-catalan-ya-tienen-su-spot\/","og_locale":"ca_ES","og_type":"article","og_title":"LAS DENOMINACIONES DE ORIGEN DEL VINO CATAL\u00c1N YA TIENEN SU SPOT - Aribau","og_description":"Esta semana se ha presentado el spot publicitario que las denominaciones de origen vin\u00edcolas catalanas han preparado para promocionar el consumo de sus vinos. Un spot que se enmarca en la campa\u00f1a conjunta Gaudeix del que \u00e9s bo #ViCatal\u00e0, que las DDOO presentaban el pasado mes de julio en colaboraci\u00f3n con el INCAVI (Instituto Catal\u00e1n ... Llegiu m\u00e9s","og_url":"https:\/\/www.aribau.es\/ca\/las-denominaciones-de-origen-del-vino-catalan-ya-tienen-su-spot\/","og_site_name":"Aribau","article_publisher":"https:\/\/www.facebook.com\/aribau1964\/","article_published_time":"2020-10-08T09:01:57+00:00","article_modified_time":"2021-04-22T15:52:47+00:00","og_image":[{"width":1500,"height":810,"url":"https:\/\/www.aribau.es\/wp-content\/uploads\/2020\/10\/imatge-espot-baixa.png","type":"image\/png"}],"author":"aribau","twitter_card":"summary_large_image","twitter_creator":"@aribau1964","twitter_site":"@aribau1964","twitter_misc":{"Escrit per":"aribau","Temps estimat de lectura":"1 minut"},"schema":{"@context":"https:\/\/schema.org","@graph":[{"@type":"Article","@id":"https:\/\/www.aribau.es\/las-denominaciones-de-origen-del-vino-catalan-ya-tienen-su-spot\/#article","isPartOf":{"@id":"https:\/\/www.aribau.es\/las-denominaciones-de-origen-del-vino-catalan-ya-tienen-su-spot\/"},"author":{"name":"aribau","@id":"https:\/\/www.aribau.es\/#\/schema\/person\/77a976898b3c705ed016499633f4ffd0"},"headline":"LAS DENOMINACIONES DE ORIGEN DEL VINO CATAL\u00c1N YA TIENEN SU SPOT","datePublished":"2020-10-08T09:01:57+00:00","dateModified":"2021-04-22T15:52:47+00:00","mainEntityOfPage":{"@id":"https:\/\/www.aribau.es\/las-denominaciones-de-origen-del-vino-catalan-ya-tienen-su-spot\/"},"wordCount":286,"publisher":{"@id":"https:\/\/www.aribau.es\/#organization"},"image":{"@id":"https:\/\/www.aribau.es\/las-denominaciones-de-origen-del-vino-catalan-ya-tienen-su-spot\/#primaryimage"},"thumbnailUrl":"https:\/\/www.aribau.es\/wp-content\/uploads\/2020\/10\/imatge-espot-baixa.png","keywords":["Vi Catal\u00e0","Vino con DO"],"articleSection":["Noticias"],"inLanguage":"ca"},{"@type":"WebPage","@id":"https:\/\/www.aribau.es\/las-denominaciones-de-origen-del-vino-catalan-ya-tienen-su-spot\/","url":"https:\/\/www.aribau.es\/las-denominaciones-de-origen-del-vino-catalan-ya-tienen-su-spot\/","name":"LAS DENOMINACIONES DE ORIGEN DEL VINO CATAL\u00c1N YA TIENEN SU SPOT - Aribau","isPartOf":{"@id":"https:\/\/www.aribau.es\/#website"},"primaryImageOfPage":{"@id":"https:\/\/www.aribau.es\/las-denominaciones-de-origen-del-vino-catalan-ya-tienen-su-spot\/#primaryimage"},"image":{"@id":"https:\/\/www.aribau.es\/las-denominaciones-de-origen-del-vino-catalan-ya-tienen-su-spot\/#primaryimage"},"thumbnailUrl":"https:\/\/www.aribau.es\/wp-content\/uploads\/2020\/10\/imatge-espot-baixa.png","datePublished":"2020-10-08T09:01:57+00:00","dateModified":"2021-04-22T15:52:47+00:00","breadcrumb":{"@id":"https:\/\/www.aribau.es\/las-denominaciones-de-origen-del-vino-catalan-ya-tienen-su-spot\/#breadcrumb"},"inLanguage":"ca","potentialAction":[{"@type":"ReadAction","target":["https:\/\/www.aribau.es\/las-denominaciones-de-origen-del-vino-catalan-ya-tienen-su-spot\/"]}]},{"@type":"ImageObject","inLanguage":"ca","@id":"https:\/\/www.aribau.es\/las-denominaciones-de-origen-del-vino-catalan-ya-tienen-su-spot\/#primaryimage","url":"https:\/\/www.aribau.es\/wp-content\/uploads\/2020\/10\/imatge-espot-baixa.png","contentUrl":"https:\/\/www.aribau.es\/wp-content\/uploads\/2020\/10\/imatge-espot-baixa.png","width":1500,"height":810},{"@type":"BreadcrumbList","@id":"https:\/\/www.aribau.es\/las-denominaciones-de-origen-del-vino-catalan-ya-tienen-su-spot\/#breadcrumb","itemListElement":[{"@type":"ListItem","position":1,"name":"Portada","item":"https:\/\/www.aribau.es\/"},{"@type":"ListItem","position":2,"name":"LAS DENOMINACIONES DE ORIGEN DEL VINO CATAL\u00c1N YA TIENEN SU SPOT"}]},{"@type":"WebSite","@id":"https:\/\/www.aribau.es\/#website","url":"https:\/\/www.aribau.es\/","name":"Aribau","description":"VINOS Y BODEGAS","publisher":{"@id":"https:\/\/www.aribau.es\/#organization"},"potentialAction":[{"@type":"SearchAction","target":{"@type":"EntryPoint","urlTemplate":"https:\/\/www.aribau.es\/?s={search_term_string}"},"query-input":{"@type":"PropertyValueSpecification","valueRequired":true,"valueName":"search_term_string"}}],"inLanguage":"ca"},{"@type":"Organization","@id":"https:\/\/www.aribau.es\/#organization","name":"Aribau","url":"https:\/\/www.aribau.es\/","logo":{"@type":"ImageObject","inLanguage":"ca","@id":"https:\/\/www.aribau.es\/#\/schema\/logo\/image\/","url":"https:\/\/www.aribau.es\/wp-content\/uploads\/2022\/03\/logo.png","contentUrl":"https:\/\/www.aribau.es\/wp-content\/uploads\/2022\/03\/logo.png","width":300,"height":300,"caption":"Aribau"},"image":{"@id":"https:\/\/www.aribau.es\/#\/schema\/logo\/image\/"},"sameAs":["https:\/\/www.facebook.com\/aribau1964\/","https:\/\/x.com\/aribau1964","https:\/\/www.instagram.com\/aribau1964\/"]},{"@type":"Person","@id":"https:\/\/www.aribau.es\/#\/schema\/person\/77a976898b3c705ed016499633f4ffd0","name":"aribau","image":{"@type":"ImageObject","inLanguage":"ca","@id":"https:\/\/www.aribau.es\/#\/schema\/person\/image\/","url":"https:\/\/secure.gravatar.com\/avatar\/6690491f832d5b32aa9482b978c9464816810fbff0f6658034a34c9d9657b94e?s=96&d=mm&r=g","contentUrl":"https:\/\/secure.gravatar.com\/avatar\/6690491f832d5b32aa9482b978c9464816810fbff0f6658034a34c9d9657b94e?s=96&d=mm&r=g","caption":"aribau"},"url":"https:\/\/www.aribau.es\/ca\/author\/aribau\/"}]}},"_links":{"self":[{"href":"https:\/\/www.aribau.es\/ca\/wp-json\/wp\/v2\/posts\/7023","targetHints":{"allow":["GET"]}}],"collection":[{"href":"https:\/\/www.aribau.es\/ca\/wp-json\/wp\/v2\/posts"}],"about":[{"href":"https:\/\/www.aribau.es\/ca\/wp-json\/wp\/v2\/types\/post"}],"author":[{"embeddable":true,"href":"https:\/\/www.aribau.es\/ca\/wp-json\/wp\/v2\/users\/3"}],"replies":[{"embeddable":true,"href":"https:\/\/www.aribau.es\/ca\/wp-json\/wp\/v2\/comments?post=7023"}],"version-history":[{"count":4,"href":"https:\/\/www.aribau.es\/ca\/wp-json\/wp\/v2\/posts\/7023\/revisions"}],"predecessor-version":[{"id":9877,"href":"https:\/\/www.aribau.es\/ca\/wp-json\/wp\/v2\/posts\/7023\/revisions\/9877"}],"wp:featuredmedia":[{"embeddable":true,"href":"https:\/\/www.aribau.es\/ca\/wp-json\/wp\/v2\/media\/7024"}],"wp:attachment":[{"href":"https:\/\/www.aribau.es\/ca\/wp-json\/wp\/v2\/media?parent=7023"}],"wp:term":[{"taxonomy":"category","embeddable":true,"href":"https:\/\/www.aribau.es\/ca\/wp-json\/wp\/v2\/categories?post=7023"},{"taxonomy":"post_tag","embeddable":true,"href":"https:\/\/www.aribau.es\/ca\/wp-json\/wp\/v2\/tags?post=7023"}],"curies":[{"name":"wp","href":"https:\/\/api.w.org\/{rel}","templated":true}]}}