{"id":7060,"date":"2020-10-29T17:31:36","date_gmt":"2020-10-29T16:31:36","guid":{"rendered":"https:\/\/www.aribau.es\/?p=7060"},"modified":"2021-04-23T10:49:12","modified_gmt":"2021-04-23T09:49:12","slug":"pago-de-los-abuelos-mencia-2018-de-pago-de-los-abuelos","status":"publish","type":"post","link":"https:\/\/www.aribau.es\/ca\/pago-de-los-abuelos-mencia-2018-de-pago-de-los-abuelos\/","title":{"rendered":"\u2018PAGO DE LOS ABUELOS MENC\u00cdA\u2019 2018, DE PAGO DE LOS ABUELOS"},"content":{"rendered":"<p><strong><em>Pago de los Abuelos Menc\u00eda 2018<\/em><\/strong> es un vino elaborado 100% con uva menc\u00eda que crece en el vi\u00f1edo Pe\u00f1a Verteira, conocido tambi\u00e9n como vi\u00f1edo de la Z por la forma que presenta. Se trata de uno de los cuatro vi\u00f1edos recuperados por el en\u00f3logo Nacho \u00c1lvarez para su proyecto Pago de los Abuelos.<\/p>\n<p><!--more--><\/p>\n<p>Pe\u00f1a Verteira es un vi\u00f1edo que data de 1904, y que se ha sido recuperado para la producci\u00f3n de menc\u00edas muy personales, elegantes y sutiles, que expresan perfectamente la tipicidad del terreno, y muy limitadas en su producci\u00f3n: de <em>Pago de los Abuelos Menc\u00eda 2018<\/em> se han elaborado tan solo 2.000 botellas.<\/p>\n<p>Se trata de un vino limpio, brillante y con cuerpo. De color rojo cereza madura, presenta un ribete viol\u00e1ceo y capa alta y, en nariz, una intensidad arom\u00e1tica media-alta a frutos rojos y negros con toques ahumados que le proporcionan los 4 meses en barrica de roble franc\u00e9s.<\/p>\n<p>En boca es un vino que presenta un paso fresco y suave. Persiste la fruta, integrada con leves toques a vainilla y tostados. De marcada acidez y mineralidad, es un vino untuoso, estructurado y de una marcada persistencia.<\/p>\n<p>A la hora de maridarlo es ideal para acompa\u00f1ar carnes de caza, cordero, quesos curados o arroces con carne como un risotto de codorniz. Pero, adem\u00e1s, es perfecto tambi\u00e9n para maridar pescados azules grasos, especialmente con guarniciones potentes o salsas.<\/p>\n<p>&nbsp;<\/p>\n<p><strong>Sobre el celler<\/strong><\/p>\n<p><a href=\"https:\/\/www.aribau.es\/wp-content\/uploads\/2019\/10\/pago_de_los_abuelos.jpg\"><img fetchpriority=\"high\" decoding=\"async\" class=\"aligncenter size-large wp-image-6615\" src=\"https:\/\/www.aribau.es\/wp-content\/uploads\/2019\/10\/pago_de_los_abuelos-1024x576.jpg\" alt=\"\" width=\"1024\" height=\"576\" srcset=\"https:\/\/www.aribau.es\/wp-content\/uploads\/2019\/10\/pago_de_los_abuelos-1024x576.jpg 1024w, https:\/\/www.aribau.es\/wp-content\/uploads\/2019\/10\/pago_de_los_abuelos-300x169.jpg 300w, https:\/\/www.aribau.es\/wp-content\/uploads\/2019\/10\/pago_de_los_abuelos-768x432.jpg 768w, https:\/\/www.aribau.es\/wp-content\/uploads\/2019\/10\/pago_de_los_abuelos.jpg 1599w\" sizes=\"(max-width: 1024px) 100vw, 1024px\" \/><\/a><\/p>\n<p>Pago de los Abuelos nace de la inquietud del en\u00f3logo leon\u00e9s Nacho \u00c1lvarez por homenajear a sus abuelos. Tras haber pasado por diferentes bodegas, en 2018 decide crear su propio proyecto recuperando parcelas y vi\u00f1edos olvidados, as\u00ed como variedades hist\u00f3ricas de la zona del Bierzo como la godello o la menc\u00eda.<\/p>","protected":false},"excerpt":{"rendered":"<p>Pago de los Abuelos Menc\u00eda 2018 es un vino elaborado 100% con uva menc\u00eda que crece en el vi\u00f1edo Pe\u00f1a Verteira, conocido tambi\u00e9n como vi\u00f1edo de la Z por la forma que presenta. Se trata de uno de los cuatro vi\u00f1edos recuperados por el en\u00f3logo Nacho \u00c1lvarez para su proyecto Pago de los Abuelos.<\/p>","protected":false},"author":3,"featured_media":7061,"comment_status":"closed","ping_status":"closed","sticky":false,"template":"","format":"standard","meta":{"footnotes":""},"categories":[406],"tags":[610,592,425],"class_list":["post-7060","post","type-post","status-publish","format-standard","has-post-thumbnail","hentry","category-noticias","tag-mencia","tag-pago-de-los-abuelos","tag-vino-tinto"],"yoast_head":"<!-- This site is optimized with the Yoast SEO plugin v26.7 - https:\/\/yoast.com\/wordpress\/plugins\/seo\/ -->\n<title>\u2018PAGO DE LOS ABUELOS MENC\u00cdA\u2019 2018, DE PAGO DE LOS ABUELOS - Aribau<\/title>\n<meta name=\"robots\" content=\"index, follow, max-snippet:-1, max-image-preview:large, max-video-preview:-1\" \/>\n<link rel=\"canonical\" href=\"https:\/\/www.aribau.es\/ca\/pago-de-los-abuelos-mencia-2018-de-pago-de-los-abuelos\/\" \/>\n<meta property=\"og:locale\" content=\"ca_ES\" \/>\n<meta property=\"og:type\" content=\"article\" \/>\n<meta property=\"og:title\" content=\"\u2018PAGO DE LOS ABUELOS MENC\u00cdA\u2019 2018, DE PAGO DE LOS ABUELOS - Aribau\" \/>\n<meta property=\"og:description\" content=\"Pago de los Abuelos Menc\u00eda 2018 es un vino elaborado 100% con uva menc\u00eda que crece en el vi\u00f1edo Pe\u00f1a Verteira, conocido tambi\u00e9n como vi\u00f1edo de la Z por la forma que presenta. Se trata de uno de los cuatro vi\u00f1edos recuperados por el en\u00f3logo Nacho \u00c1lvarez para su proyecto Pago de los Abuelos.\" \/>\n<meta property=\"og:url\" content=\"https:\/\/www.aribau.es\/ca\/pago-de-los-abuelos-mencia-2018-de-pago-de-los-abuelos\/\" \/>\n<meta property=\"og:site_name\" content=\"Aribau\" \/>\n<meta property=\"article:publisher\" content=\"https:\/\/www.facebook.com\/aribau1964\/\" \/>\n<meta property=\"article:published_time\" content=\"2020-10-29T16:31:36+00:00\" \/>\n<meta property=\"article:modified_time\" content=\"2021-04-23T09:49:12+00:00\" \/>\n<meta property=\"og:image\" content=\"https:\/\/www.aribau.es\/wp-content\/uploads\/2020\/10\/mencia-verteira-pago-abuelos-aribau.jpg\" \/>\n\t<meta property=\"og:image:width\" content=\"924\" \/>\n\t<meta property=\"og:image:height\" content=\"336\" \/>\n\t<meta property=\"og:image:type\" content=\"image\/jpeg\" \/>\n<meta name=\"author\" content=\"aribau\" \/>\n<meta name=\"twitter:card\" content=\"summary_large_image\" \/>\n<meta name=\"twitter:creator\" content=\"@aribau1964\" \/>\n<meta name=\"twitter:site\" content=\"@aribau1964\" \/>\n<meta name=\"twitter:label1\" content=\"Escrit per\" \/>\n\t<meta name=\"twitter:data1\" content=\"aribau\" \/>\n\t<meta name=\"twitter:label2\" content=\"Temps estimat de lectura\" \/>\n\t<meta name=\"twitter:data2\" content=\"2 minuts\" \/>\n<script type=\"application\/ld+json\" class=\"yoast-schema-graph\">{\"@context\":\"https:\/\/schema.org\",\"@graph\":[{\"@type\":\"Article\",\"@id\":\"https:\/\/www.aribau.es\/pago-de-los-abuelos-mencia-2018-de-pago-de-los-abuelos\/#article\",\"isPartOf\":{\"@id\":\"https:\/\/www.aribau.es\/pago-de-los-abuelos-mencia-2018-de-pago-de-los-abuelos\/\"},\"author\":{\"name\":\"aribau\",\"@id\":\"https:\/\/www.aribau.es\/#\/schema\/person\/77a976898b3c705ed016499633f4ffd0\"},\"headline\":\"\u2018PAGO DE LOS ABUELOS MENC\u00cdA\u2019 2018, DE PAGO DE LOS ABUELOS\",\"datePublished\":\"2020-10-29T16:31:36+00:00\",\"dateModified\":\"2021-04-23T09:49:12+00:00\",\"mainEntityOfPage\":{\"@id\":\"https:\/\/www.aribau.es\/pago-de-los-abuelos-mencia-2018-de-pago-de-los-abuelos\/\"},\"wordCount\":316,\"publisher\":{\"@id\":\"https:\/\/www.aribau.es\/#organization\"},\"image\":{\"@id\":\"https:\/\/www.aribau.es\/pago-de-los-abuelos-mencia-2018-de-pago-de-los-abuelos\/#primaryimage\"},\"thumbnailUrl\":\"https:\/\/www.aribau.es\/wp-content\/uploads\/2020\/10\/mencia-verteira-pago-abuelos-aribau.jpg\",\"keywords\":[\"Menc\u00eda\",\"Pago de los Abuelos\",\"Vino tinto\"],\"articleSection\":[\"Noticias\"],\"inLanguage\":\"ca\"},{\"@type\":\"WebPage\",\"@id\":\"https:\/\/www.aribau.es\/pago-de-los-abuelos-mencia-2018-de-pago-de-los-abuelos\/\",\"url\":\"https:\/\/www.aribau.es\/pago-de-los-abuelos-mencia-2018-de-pago-de-los-abuelos\/\",\"name\":\"\u2018PAGO DE LOS ABUELOS MENC\u00cdA\u2019 2018, DE PAGO DE LOS ABUELOS - Aribau\",\"isPartOf\":{\"@id\":\"https:\/\/www.aribau.es\/#website\"},\"primaryImageOfPage\":{\"@id\":\"https:\/\/www.aribau.es\/pago-de-los-abuelos-mencia-2018-de-pago-de-los-abuelos\/#primaryimage\"},\"image\":{\"@id\":\"https:\/\/www.aribau.es\/pago-de-los-abuelos-mencia-2018-de-pago-de-los-abuelos\/#primaryimage\"},\"thumbnailUrl\":\"https:\/\/www.aribau.es\/wp-content\/uploads\/2020\/10\/mencia-verteira-pago-abuelos-aribau.jpg\",\"datePublished\":\"2020-10-29T16:31:36+00:00\",\"dateModified\":\"2021-04-23T09:49:12+00:00\",\"breadcrumb\":{\"@id\":\"https:\/\/www.aribau.es\/pago-de-los-abuelos-mencia-2018-de-pago-de-los-abuelos\/#breadcrumb\"},\"inLanguage\":\"ca\",\"potentialAction\":[{\"@type\":\"ReadAction\",\"target\":[\"https:\/\/www.aribau.es\/pago-de-los-abuelos-mencia-2018-de-pago-de-los-abuelos\/\"]}]},{\"@type\":\"ImageObject\",\"inLanguage\":\"ca\",\"@id\":\"https:\/\/www.aribau.es\/pago-de-los-abuelos-mencia-2018-de-pago-de-los-abuelos\/#primaryimage\",\"url\":\"https:\/\/www.aribau.es\/wp-content\/uploads\/2020\/10\/mencia-verteira-pago-abuelos-aribau.jpg\",\"contentUrl\":\"https:\/\/www.aribau.es\/wp-content\/uploads\/2020\/10\/mencia-verteira-pago-abuelos-aribau.jpg\",\"width\":924,\"height\":336},{\"@type\":\"BreadcrumbList\",\"@id\":\"https:\/\/www.aribau.es\/pago-de-los-abuelos-mencia-2018-de-pago-de-los-abuelos\/#breadcrumb\",\"itemListElement\":[{\"@type\":\"ListItem\",\"position\":1,\"name\":\"Portada\",\"item\":\"https:\/\/www.aribau.es\/\"},{\"@type\":\"ListItem\",\"position\":2,\"name\":\"\u2018PAGO DE LOS ABUELOS MENC\u00cdA\u2019 2018, DE PAGO DE LOS ABUELOS\"}]},{\"@type\":\"WebSite\",\"@id\":\"https:\/\/www.aribau.es\/#website\",\"url\":\"https:\/\/www.aribau.es\/\",\"name\":\"Aribau\",\"description\":\"VINOS Y BODEGAS\",\"publisher\":{\"@id\":\"https:\/\/www.aribau.es\/#organization\"},\"potentialAction\":[{\"@type\":\"SearchAction\",\"target\":{\"@type\":\"EntryPoint\",\"urlTemplate\":\"https:\/\/www.aribau.es\/?s={search_term_string}\"},\"query-input\":{\"@type\":\"PropertyValueSpecification\",\"valueRequired\":true,\"valueName\":\"search_term_string\"}}],\"inLanguage\":\"ca\"},{\"@type\":\"Organization\",\"@id\":\"https:\/\/www.aribau.es\/#organization\",\"name\":\"Aribau\",\"url\":\"https:\/\/www.aribau.es\/\",\"logo\":{\"@type\":\"ImageObject\",\"inLanguage\":\"ca\",\"@id\":\"https:\/\/www.aribau.es\/#\/schema\/logo\/image\/\",\"url\":\"https:\/\/www.aribau.es\/wp-content\/uploads\/2022\/03\/logo.png\",\"contentUrl\":\"https:\/\/www.aribau.es\/wp-content\/uploads\/2022\/03\/logo.png\",\"width\":300,\"height\":300,\"caption\":\"Aribau\"},\"image\":{\"@id\":\"https:\/\/www.aribau.es\/#\/schema\/logo\/image\/\"},\"sameAs\":[\"https:\/\/www.facebook.com\/aribau1964\/\",\"https:\/\/x.com\/aribau1964\",\"https:\/\/www.instagram.com\/aribau1964\/\"]},{\"@type\":\"Person\",\"@id\":\"https:\/\/www.aribau.es\/#\/schema\/person\/77a976898b3c705ed016499633f4ffd0\",\"name\":\"aribau\",\"image\":{\"@type\":\"ImageObject\",\"inLanguage\":\"ca\",\"@id\":\"https:\/\/www.aribau.es\/#\/schema\/person\/image\/\",\"url\":\"https:\/\/secure.gravatar.com\/avatar\/6690491f832d5b32aa9482b978c9464816810fbff0f6658034a34c9d9657b94e?s=96&d=mm&r=g\",\"contentUrl\":\"https:\/\/secure.gravatar.com\/avatar\/6690491f832d5b32aa9482b978c9464816810fbff0f6658034a34c9d9657b94e?s=96&d=mm&r=g\",\"caption\":\"aribau\"},\"url\":\"https:\/\/www.aribau.es\/ca\/author\/aribau\/\"}]}<\/script>\n<!-- \/ Yoast SEO plugin. -->","yoast_head_json":{"title":"\u2018PAGO DE LOS ABUELOS MENC\u00cdA\u2019 2018, DE PAGO DE LOS ABUELOS - Aribau","robots":{"index":"index","follow":"follow","max-snippet":"max-snippet:-1","max-image-preview":"max-image-preview:large","max-video-preview":"max-video-preview:-1"},"canonical":"https:\/\/www.aribau.es\/ca\/pago-de-los-abuelos-mencia-2018-de-pago-de-los-abuelos\/","og_locale":"ca_ES","og_type":"article","og_title":"\u2018PAGO DE LOS ABUELOS MENC\u00cdA\u2019 2018, DE PAGO DE LOS ABUELOS - Aribau","og_description":"Pago de los Abuelos Menc\u00eda 2018 es un vino elaborado 100% con uva menc\u00eda que crece en el vi\u00f1edo Pe\u00f1a Verteira, conocido tambi\u00e9n como vi\u00f1edo de la Z por la forma que presenta. Se trata de uno de los cuatro vi\u00f1edos recuperados por el en\u00f3logo Nacho \u00c1lvarez para su proyecto Pago de los Abuelos.","og_url":"https:\/\/www.aribau.es\/ca\/pago-de-los-abuelos-mencia-2018-de-pago-de-los-abuelos\/","og_site_name":"Aribau","article_publisher":"https:\/\/www.facebook.com\/aribau1964\/","article_published_time":"2020-10-29T16:31:36+00:00","article_modified_time":"2021-04-23T09:49:12+00:00","og_image":[{"width":924,"height":336,"url":"https:\/\/www.aribau.es\/wp-content\/uploads\/2020\/10\/mencia-verteira-pago-abuelos-aribau.jpg","type":"image\/jpeg"}],"author":"aribau","twitter_card":"summary_large_image","twitter_creator":"@aribau1964","twitter_site":"@aribau1964","twitter_misc":{"Escrit per":"aribau","Temps estimat de lectura":"2 minuts"},"schema":{"@context":"https:\/\/schema.org","@graph":[{"@type":"Article","@id":"https:\/\/www.aribau.es\/pago-de-los-abuelos-mencia-2018-de-pago-de-los-abuelos\/#article","isPartOf":{"@id":"https:\/\/www.aribau.es\/pago-de-los-abuelos-mencia-2018-de-pago-de-los-abuelos\/"},"author":{"name":"aribau","@id":"https:\/\/www.aribau.es\/#\/schema\/person\/77a976898b3c705ed016499633f4ffd0"},"headline":"\u2018PAGO DE LOS ABUELOS MENC\u00cdA\u2019 2018, DE PAGO DE LOS ABUELOS","datePublished":"2020-10-29T16:31:36+00:00","dateModified":"2021-04-23T09:49:12+00:00","mainEntityOfPage":{"@id":"https:\/\/www.aribau.es\/pago-de-los-abuelos-mencia-2018-de-pago-de-los-abuelos\/"},"wordCount":316,"publisher":{"@id":"https:\/\/www.aribau.es\/#organization"},"image":{"@id":"https:\/\/www.aribau.es\/pago-de-los-abuelos-mencia-2018-de-pago-de-los-abuelos\/#primaryimage"},"thumbnailUrl":"https:\/\/www.aribau.es\/wp-content\/uploads\/2020\/10\/mencia-verteira-pago-abuelos-aribau.jpg","keywords":["Menc\u00eda","Pago de los Abuelos","Vino tinto"],"articleSection":["Noticias"],"inLanguage":"ca"},{"@type":"WebPage","@id":"https:\/\/www.aribau.es\/pago-de-los-abuelos-mencia-2018-de-pago-de-los-abuelos\/","url":"https:\/\/www.aribau.es\/pago-de-los-abuelos-mencia-2018-de-pago-de-los-abuelos\/","name":"\u2018PAGO DE LOS ABUELOS MENC\u00cdA\u2019 2018, DE PAGO DE LOS ABUELOS - Aribau","isPartOf":{"@id":"https:\/\/www.aribau.es\/#website"},"primaryImageOfPage":{"@id":"https:\/\/www.aribau.es\/pago-de-los-abuelos-mencia-2018-de-pago-de-los-abuelos\/#primaryimage"},"image":{"@id":"https:\/\/www.aribau.es\/pago-de-los-abuelos-mencia-2018-de-pago-de-los-abuelos\/#primaryimage"},"thumbnailUrl":"https:\/\/www.aribau.es\/wp-content\/uploads\/2020\/10\/mencia-verteira-pago-abuelos-aribau.jpg","datePublished":"2020-10-29T16:31:36+00:00","dateModified":"2021-04-23T09:49:12+00:00","breadcrumb":{"@id":"https:\/\/www.aribau.es\/pago-de-los-abuelos-mencia-2018-de-pago-de-los-abuelos\/#breadcrumb"},"inLanguage":"ca","potentialAction":[{"@type":"ReadAction","target":["https:\/\/www.aribau.es\/pago-de-los-abuelos-mencia-2018-de-pago-de-los-abuelos\/"]}]},{"@type":"ImageObject","inLanguage":"ca","@id":"https:\/\/www.aribau.es\/pago-de-los-abuelos-mencia-2018-de-pago-de-los-abuelos\/#primaryimage","url":"https:\/\/www.aribau.es\/wp-content\/uploads\/2020\/10\/mencia-verteira-pago-abuelos-aribau.jpg","contentUrl":"https:\/\/www.aribau.es\/wp-content\/uploads\/2020\/10\/mencia-verteira-pago-abuelos-aribau.jpg","width":924,"height":336},{"@type":"BreadcrumbList","@id":"https:\/\/www.aribau.es\/pago-de-los-abuelos-mencia-2018-de-pago-de-los-abuelos\/#breadcrumb","itemListElement":[{"@type":"ListItem","position":1,"name":"Portada","item":"https:\/\/www.aribau.es\/"},{"@type":"ListItem","position":2,"name":"\u2018PAGO DE LOS ABUELOS MENC\u00cdA\u2019 2018, DE PAGO DE LOS ABUELOS"}]},{"@type":"WebSite","@id":"https:\/\/www.aribau.es\/#website","url":"https:\/\/www.aribau.es\/","name":"Aribau","description":"VINOS Y BODEGAS","publisher":{"@id":"https:\/\/www.aribau.es\/#organization"},"potentialAction":[{"@type":"SearchAction","target":{"@type":"EntryPoint","urlTemplate":"https:\/\/www.aribau.es\/?s={search_term_string}"},"query-input":{"@type":"PropertyValueSpecification","valueRequired":true,"valueName":"search_term_string"}}],"inLanguage":"ca"},{"@type":"Organization","@id":"https:\/\/www.aribau.es\/#organization","name":"Aribau","url":"https:\/\/www.aribau.es\/","logo":{"@type":"ImageObject","inLanguage":"ca","@id":"https:\/\/www.aribau.es\/#\/schema\/logo\/image\/","url":"https:\/\/www.aribau.es\/wp-content\/uploads\/2022\/03\/logo.png","contentUrl":"https:\/\/www.aribau.es\/wp-content\/uploads\/2022\/03\/logo.png","width":300,"height":300,"caption":"Aribau"},"image":{"@id":"https:\/\/www.aribau.es\/#\/schema\/logo\/image\/"},"sameAs":["https:\/\/www.facebook.com\/aribau1964\/","https:\/\/x.com\/aribau1964","https:\/\/www.instagram.com\/aribau1964\/"]},{"@type":"Person","@id":"https:\/\/www.aribau.es\/#\/schema\/person\/77a976898b3c705ed016499633f4ffd0","name":"aribau","image":{"@type":"ImageObject","inLanguage":"ca","@id":"https:\/\/www.aribau.es\/#\/schema\/person\/image\/","url":"https:\/\/secure.gravatar.com\/avatar\/6690491f832d5b32aa9482b978c9464816810fbff0f6658034a34c9d9657b94e?s=96&d=mm&r=g","contentUrl":"https:\/\/secure.gravatar.com\/avatar\/6690491f832d5b32aa9482b978c9464816810fbff0f6658034a34c9d9657b94e?s=96&d=mm&r=g","caption":"aribau"},"url":"https:\/\/www.aribau.es\/ca\/author\/aribau\/"}]}},"_links":{"self":[{"href":"https:\/\/www.aribau.es\/ca\/wp-json\/wp\/v2\/posts\/7060","targetHints":{"allow":["GET"]}}],"collection":[{"href":"https:\/\/www.aribau.es\/ca\/wp-json\/wp\/v2\/posts"}],"about":[{"href":"https:\/\/www.aribau.es\/ca\/wp-json\/wp\/v2\/types\/post"}],"author":[{"embeddable":true,"href":"https:\/\/www.aribau.es\/ca\/wp-json\/wp\/v2\/users\/3"}],"replies":[{"embeddable":true,"href":"https:\/\/www.aribau.es\/ca\/wp-json\/wp\/v2\/comments?post=7060"}],"version-history":[{"count":3,"href":"https:\/\/www.aribau.es\/ca\/wp-json\/wp\/v2\/posts\/7060\/revisions"}],"predecessor-version":[{"id":9926,"href":"https:\/\/www.aribau.es\/ca\/wp-json\/wp\/v2\/posts\/7060\/revisions\/9926"}],"wp:featuredmedia":[{"embeddable":true,"href":"https:\/\/www.aribau.es\/ca\/wp-json\/wp\/v2\/media\/7061"}],"wp:attachment":[{"href":"https:\/\/www.aribau.es\/ca\/wp-json\/wp\/v2\/media?parent=7060"}],"wp:term":[{"taxonomy":"category","embeddable":true,"href":"https:\/\/www.aribau.es\/ca\/wp-json\/wp\/v2\/categories?post=7060"},{"taxonomy":"post_tag","embeddable":true,"href":"https:\/\/www.aribau.es\/ca\/wp-json\/wp\/v2\/tags?post=7060"}],"curies":[{"name":"wp","href":"https:\/\/api.w.org\/{rel}","templated":true}]}}