{"id":7076,"date":"2020-11-06T18:59:48","date_gmt":"2020-11-06T17:59:48","guid":{"rendered":"https:\/\/www.aribau.es\/?p=7076"},"modified":"2021-04-22T16:49:30","modified_gmt":"2021-04-22T15:49:30","slug":"la-proxima-semana-se-celebra-la-primera-semana-del-vino-catalan","status":"publish","type":"post","link":"https:\/\/www.aribau.es\/ca\/la-proxima-semana-se-celebra-la-primera-semana-del-vino-catalan\/","title":{"rendered":"LA PR\u00d2XIMA SETMANA SE CELEBRA LA PRIMERA \u2018SETMANA DEL VI CATAL\u00c0\u2019"},"content":{"rendered":"<p>[:es]La pr\u00f3xima semana, <strong>del 9 al 15 de noviembre<\/strong>, se celebra la <strong>primera edici\u00f3n de la Semana del Vino Catal\u00e1n<\/strong>, un evento que nace con el objetivo de promover los vinos que se elaboran en Catalu\u00f1a ante la imposibilidad -a causa de la crisis sanitaria- de organizar la tradicional Muestra de Vinos y Cavas, que se celebra cada a\u00f1o en Barcelona coincidiendo con las fiestas de la Merc\u00e8.<\/p>\n<p><!--more--><\/p>\n<p>Este nuevo formato promocional, impulsado por el Instituto Catal\u00e1n de la Vi\u00f1a y el Vino (INCAVI) en colaboraci\u00f3n con las denominaciones de origen vin\u00edcolas del territorio, reunir\u00e1 hasta una setentena de actividades organizadas por diferentes agentes del sector del vino para ofrecer una muestra de la gran variedad y riqueza que tiene el sector a lo largo de todo el territorio catal\u00e1n.<\/p>\n<p>Pese a que la voluntad inicial era que los diferentes actos pudieran ser de car\u00e1cter presencial, la situaci\u00f3n provocada por la pandemia durante las \u00faltimas semanas ha obligado a la organizaci\u00f3n a redise\u00f1ar el programa para cumplir con los protocolos de seguridad. As\u00ed, esta primera edici\u00f3n ser\u00e1 \u00edntegramente en versi\u00f3n digital, y podr\u00e1 seguirse a trav\u00e9s de su <a href=\"https:\/\/www.setmanadelvicatala.cat\/setmana-del-vi-tv\/\" target=\"_blank\" rel=\"noopener noreferrer\">p\u00e1gina web<\/a>, con una programaci\u00f3n propia que abarcar\u00e1 ma\u00f1ana y tarde.<\/p>\n<p>Por la ma\u00f1ana habr\u00e1 entrevistas, tertulias y mesas redondas para debatir sobre temas de actualidad relevantes para el sector, mientras que la tarde ser\u00e1 algo m\u00e1s distendida, con espacios de divulgaci\u00f3n, entrevistas a representantes de las DDOO, una mirada cultural y catas de vino en directo.<\/p>\n<p>&nbsp;<\/p>\n<p><strong>70 actividades con el vino como protagonista<\/strong><\/p>\n<p>Adem\u00e1s de la programaci\u00f3n de car\u00e1cter m\u00e1s televisivo, la Semana del Vino cuenta con un <a href=\"https:\/\/www.setmanadelvicatala.cat\/programa\/\" target=\"_blank\" rel=\"noopener noreferrer\">amplio programa de actividades<\/a> organizadas por los propios agentes del sector y que se dividen en cinco grandes ejes: enoturismo, gastronom\u00eda y restauraci\u00f3n, actividades comerciales, cultura y vino y actividades divulgativas.<\/p>\n<p>Buena parte de las actividades est\u00e1n vinculadas a la difusi\u00f3n de la cultura del vino, pero tambi\u00e9n las hay de car\u00e1cter m\u00e1s comercial como, por ejemplo, descuentos por la compra de vino.<\/p>\n<p>La voluntad de las instituciones es que este evento pueda tener continuidad en los pr\u00f3ximos a\u00f1os y se convierta en la gran fiesta anual de los vinos catalanes.<\/p>","protected":false},"excerpt":{"rendered":"<p>[:es]La pr\u00f3xima semana, del 9 al 15 de noviembre, se celebra la primera edici\u00f3n de la Semana del Vino Catal\u00e1n, un evento que nace con el objetivo de promover los vinos que se elaboran en Catalu\u00f1a ante la imposibilidad -a causa de la crisis sanitaria- de organizar la tradicional Muestra de Vinos y Cavas, que &#8230; <a title=\"LA PR\u00d2XIMA SETMANA SE CELEBRA LA PRIMERA \u2018SETMANA DEL VI CATAL\u00c0\u2019\" class=\"read-more\" href=\"https:\/\/www.aribau.es\/ca\/la-proxima-semana-se-celebra-la-primera-semana-del-vino-catalan\/\" aria-label=\"M\u00e9s informaci\u00f3 sobre LA PR\u00d3XIMA SEMANA SE CELEBRA LA PRIMERA \u2018SEMANA DEL VINO CATAL\u00c1N\u2019\">Llegiu m\u00e9s<\/a><\/p>","protected":false},"author":3,"featured_media":7077,"comment_status":"closed","ping_status":"closed","sticky":false,"template":"","format":"standard","meta":{"footnotes":""},"categories":[406],"tags":[611,343],"class_list":["post-7076","post","type-post","status-publish","format-standard","has-post-thumbnail","hentry","category-noticias","tag-setmana-del-vi-catala","tag-vi-catala"],"yoast_head":"<!-- This site is optimized with the Yoast SEO plugin v26.7 - https:\/\/yoast.com\/wordpress\/plugins\/seo\/ -->\n<title>LA PR\u00d3XIMA SEMANA SE CELEBRA LA PRIMERA \u2018SEMANA DEL VINO CATAL\u00c1N\u2019 - Aribau<\/title>\n<meta name=\"robots\" content=\"index, follow, max-snippet:-1, max-image-preview:large, max-video-preview:-1\" \/>\n<link rel=\"canonical\" href=\"https:\/\/www.aribau.es\/ca\/la-proxima-semana-se-celebra-la-primera-semana-del-vino-catalan\/\" \/>\n<meta property=\"og:locale\" content=\"ca_ES\" \/>\n<meta property=\"og:type\" content=\"article\" \/>\n<meta property=\"og:title\" content=\"LA PR\u00d3XIMA SEMANA SE CELEBRA LA PRIMERA \u2018SEMANA DEL VINO CATAL\u00c1N\u2019 - Aribau\" \/>\n<meta property=\"og:description\" content=\"[:es]La pr\u00f3xima semana, del 9 al 15 de noviembre, se celebra la primera edici\u00f3n de la Semana del Vino Catal\u00e1n, un evento que nace con el objetivo de promover los vinos que se elaboran en Catalu\u00f1a ante la imposibilidad -a causa de la crisis sanitaria- de organizar la tradicional Muestra de Vinos y Cavas, que ... Llegiu m\u00e9s\" \/>\n<meta property=\"og:url\" content=\"https:\/\/www.aribau.es\/ca\/la-proxima-semana-se-celebra-la-primera-semana-del-vino-catalan\/\" \/>\n<meta property=\"og:site_name\" content=\"Aribau\" \/>\n<meta property=\"article:publisher\" content=\"https:\/\/www.facebook.com\/aribau1964\/\" \/>\n<meta property=\"article:published_time\" content=\"2020-11-06T17:59:48+00:00\" \/>\n<meta property=\"article:modified_time\" content=\"2021-04-22T15:49:30+00:00\" \/>\n<meta property=\"og:image\" content=\"https:\/\/www.aribau.es\/wp-content\/uploads\/2020\/11\/setmana-vi-catala-aribau.png\" \/>\n\t<meta property=\"og:image:width\" content=\"1200\" \/>\n\t<meta property=\"og:image:height\" content=\"569\" \/>\n\t<meta property=\"og:image:type\" content=\"image\/png\" \/>\n<meta name=\"author\" content=\"aribau\" \/>\n<meta name=\"twitter:card\" content=\"summary_large_image\" \/>\n<meta name=\"twitter:creator\" content=\"@aribau1964\" \/>\n<meta name=\"twitter:site\" content=\"@aribau1964\" \/>\n<meta name=\"twitter:label1\" content=\"Escrit per\" \/>\n\t<meta name=\"twitter:data1\" content=\"aribau\" \/>\n\t<meta name=\"twitter:label2\" content=\"Temps estimat de lectura\" \/>\n\t<meta name=\"twitter:data2\" content=\"2 minuts\" \/>\n<script type=\"application\/ld+json\" class=\"yoast-schema-graph\">{\"@context\":\"https:\/\/schema.org\",\"@graph\":[{\"@type\":\"Article\",\"@id\":\"https:\/\/www.aribau.es\/la-proxima-semana-se-celebra-la-primera-semana-del-vino-catalan\/#article\",\"isPartOf\":{\"@id\":\"https:\/\/www.aribau.es\/la-proxima-semana-se-celebra-la-primera-semana-del-vino-catalan\/\"},\"author\":{\"name\":\"aribau\",\"@id\":\"https:\/\/www.aribau.es\/#\/schema\/person\/77a976898b3c705ed016499633f4ffd0\"},\"headline\":\"LA PR\u00d3XIMA SEMANA SE CELEBRA LA PRIMERA \u2018SEMANA DEL VINO CATAL\u00c1N\u2019\",\"datePublished\":\"2020-11-06T17:59:48+00:00\",\"dateModified\":\"2021-04-22T15:49:30+00:00\",\"mainEntityOfPage\":{\"@id\":\"https:\/\/www.aribau.es\/la-proxima-semana-se-celebra-la-primera-semana-del-vino-catalan\/\"},\"wordCount\":406,\"publisher\":{\"@id\":\"https:\/\/www.aribau.es\/#organization\"},\"image\":{\"@id\":\"https:\/\/www.aribau.es\/la-proxima-semana-se-celebra-la-primera-semana-del-vino-catalan\/#primaryimage\"},\"thumbnailUrl\":\"https:\/\/www.aribau.es\/wp-content\/uploads\/2020\/11\/setmana-vi-catala-aribau.png\",\"keywords\":[\"Setmana del Vi Catal\u00e0\",\"Vi Catal\u00e0\"],\"articleSection\":[\"Noticias\"],\"inLanguage\":\"ca\"},{\"@type\":\"WebPage\",\"@id\":\"https:\/\/www.aribau.es\/la-proxima-semana-se-celebra-la-primera-semana-del-vino-catalan\/\",\"url\":\"https:\/\/www.aribau.es\/la-proxima-semana-se-celebra-la-primera-semana-del-vino-catalan\/\",\"name\":\"LA PR\u00d3XIMA SEMANA SE CELEBRA LA PRIMERA \u2018SEMANA DEL VINO CATAL\u00c1N\u2019 - Aribau\",\"isPartOf\":{\"@id\":\"https:\/\/www.aribau.es\/#website\"},\"primaryImageOfPage\":{\"@id\":\"https:\/\/www.aribau.es\/la-proxima-semana-se-celebra-la-primera-semana-del-vino-catalan\/#primaryimage\"},\"image\":{\"@id\":\"https:\/\/www.aribau.es\/la-proxima-semana-se-celebra-la-primera-semana-del-vino-catalan\/#primaryimage\"},\"thumbnailUrl\":\"https:\/\/www.aribau.es\/wp-content\/uploads\/2020\/11\/setmana-vi-catala-aribau.png\",\"datePublished\":\"2020-11-06T17:59:48+00:00\",\"dateModified\":\"2021-04-22T15:49:30+00:00\",\"breadcrumb\":{\"@id\":\"https:\/\/www.aribau.es\/la-proxima-semana-se-celebra-la-primera-semana-del-vino-catalan\/#breadcrumb\"},\"inLanguage\":\"ca\",\"potentialAction\":[{\"@type\":\"ReadAction\",\"target\":[\"https:\/\/www.aribau.es\/la-proxima-semana-se-celebra-la-primera-semana-del-vino-catalan\/\"]}]},{\"@type\":\"ImageObject\",\"inLanguage\":\"ca\",\"@id\":\"https:\/\/www.aribau.es\/la-proxima-semana-se-celebra-la-primera-semana-del-vino-catalan\/#primaryimage\",\"url\":\"https:\/\/www.aribau.es\/wp-content\/uploads\/2020\/11\/setmana-vi-catala-aribau.png\",\"contentUrl\":\"https:\/\/www.aribau.es\/wp-content\/uploads\/2020\/11\/setmana-vi-catala-aribau.png\",\"width\":1200,\"height\":569},{\"@type\":\"BreadcrumbList\",\"@id\":\"https:\/\/www.aribau.es\/la-proxima-semana-se-celebra-la-primera-semana-del-vino-catalan\/#breadcrumb\",\"itemListElement\":[{\"@type\":\"ListItem\",\"position\":1,\"name\":\"Portada\",\"item\":\"https:\/\/www.aribau.es\/\"},{\"@type\":\"ListItem\",\"position\":2,\"name\":\"LA PR\u00d3XIMA SEMANA SE CELEBRA LA PRIMERA \u2018SEMANA DEL VINO CATAL\u00c1N\u2019\"}]},{\"@type\":\"WebSite\",\"@id\":\"https:\/\/www.aribau.es\/#website\",\"url\":\"https:\/\/www.aribau.es\/\",\"name\":\"Aribau\",\"description\":\"VINOS Y BODEGAS\",\"publisher\":{\"@id\":\"https:\/\/www.aribau.es\/#organization\"},\"potentialAction\":[{\"@type\":\"SearchAction\",\"target\":{\"@type\":\"EntryPoint\",\"urlTemplate\":\"https:\/\/www.aribau.es\/?s={search_term_string}\"},\"query-input\":{\"@type\":\"PropertyValueSpecification\",\"valueRequired\":true,\"valueName\":\"search_term_string\"}}],\"inLanguage\":\"ca\"},{\"@type\":\"Organization\",\"@id\":\"https:\/\/www.aribau.es\/#organization\",\"name\":\"Aribau\",\"url\":\"https:\/\/www.aribau.es\/\",\"logo\":{\"@type\":\"ImageObject\",\"inLanguage\":\"ca\",\"@id\":\"https:\/\/www.aribau.es\/#\/schema\/logo\/image\/\",\"url\":\"https:\/\/www.aribau.es\/wp-content\/uploads\/2022\/03\/logo.png\",\"contentUrl\":\"https:\/\/www.aribau.es\/wp-content\/uploads\/2022\/03\/logo.png\",\"width\":300,\"height\":300,\"caption\":\"Aribau\"},\"image\":{\"@id\":\"https:\/\/www.aribau.es\/#\/schema\/logo\/image\/\"},\"sameAs\":[\"https:\/\/www.facebook.com\/aribau1964\/\",\"https:\/\/x.com\/aribau1964\",\"https:\/\/www.instagram.com\/aribau1964\/\"]},{\"@type\":\"Person\",\"@id\":\"https:\/\/www.aribau.es\/#\/schema\/person\/77a976898b3c705ed016499633f4ffd0\",\"name\":\"aribau\",\"image\":{\"@type\":\"ImageObject\",\"inLanguage\":\"ca\",\"@id\":\"https:\/\/www.aribau.es\/#\/schema\/person\/image\/\",\"url\":\"https:\/\/secure.gravatar.com\/avatar\/6690491f832d5b32aa9482b978c9464816810fbff0f6658034a34c9d9657b94e?s=96&d=mm&r=g\",\"contentUrl\":\"https:\/\/secure.gravatar.com\/avatar\/6690491f832d5b32aa9482b978c9464816810fbff0f6658034a34c9d9657b94e?s=96&d=mm&r=g\",\"caption\":\"aribau\"},\"url\":\"https:\/\/www.aribau.es\/ca\/author\/aribau\/\"}]}<\/script>\n<!-- \/ Yoast SEO plugin. -->","yoast_head_json":{"title":"LA PR\u00d3XIMA SEMANA SE CELEBRA LA PRIMERA \u2018SEMANA DEL VINO CATAL\u00c1N\u2019 - Aribau","robots":{"index":"index","follow":"follow","max-snippet":"max-snippet:-1","max-image-preview":"max-image-preview:large","max-video-preview":"max-video-preview:-1"},"canonical":"https:\/\/www.aribau.es\/ca\/la-proxima-semana-se-celebra-la-primera-semana-del-vino-catalan\/","og_locale":"ca_ES","og_type":"article","og_title":"LA PR\u00d3XIMA SEMANA SE CELEBRA LA PRIMERA \u2018SEMANA DEL VINO CATAL\u00c1N\u2019 - Aribau","og_description":"[:es]La pr\u00f3xima semana, del 9 al 15 de noviembre, se celebra la primera edici\u00f3n de la Semana del Vino Catal\u00e1n, un evento que nace con el objetivo de promover los vinos que se elaboran en Catalu\u00f1a ante la imposibilidad -a causa de la crisis sanitaria- de organizar la tradicional Muestra de Vinos y Cavas, que ... Llegiu m\u00e9s","og_url":"https:\/\/www.aribau.es\/ca\/la-proxima-semana-se-celebra-la-primera-semana-del-vino-catalan\/","og_site_name":"Aribau","article_publisher":"https:\/\/www.facebook.com\/aribau1964\/","article_published_time":"2020-11-06T17:59:48+00:00","article_modified_time":"2021-04-22T15:49:30+00:00","og_image":[{"width":1200,"height":569,"url":"https:\/\/www.aribau.es\/wp-content\/uploads\/2020\/11\/setmana-vi-catala-aribau.png","type":"image\/png"}],"author":"aribau","twitter_card":"summary_large_image","twitter_creator":"@aribau1964","twitter_site":"@aribau1964","twitter_misc":{"Escrit per":"aribau","Temps estimat de lectura":"2 minuts"},"schema":{"@context":"https:\/\/schema.org","@graph":[{"@type":"Article","@id":"https:\/\/www.aribau.es\/la-proxima-semana-se-celebra-la-primera-semana-del-vino-catalan\/#article","isPartOf":{"@id":"https:\/\/www.aribau.es\/la-proxima-semana-se-celebra-la-primera-semana-del-vino-catalan\/"},"author":{"name":"aribau","@id":"https:\/\/www.aribau.es\/#\/schema\/person\/77a976898b3c705ed016499633f4ffd0"},"headline":"LA PR\u00d3XIMA SEMANA SE CELEBRA LA PRIMERA \u2018SEMANA DEL VINO CATAL\u00c1N\u2019","datePublished":"2020-11-06T17:59:48+00:00","dateModified":"2021-04-22T15:49:30+00:00","mainEntityOfPage":{"@id":"https:\/\/www.aribau.es\/la-proxima-semana-se-celebra-la-primera-semana-del-vino-catalan\/"},"wordCount":406,"publisher":{"@id":"https:\/\/www.aribau.es\/#organization"},"image":{"@id":"https:\/\/www.aribau.es\/la-proxima-semana-se-celebra-la-primera-semana-del-vino-catalan\/#primaryimage"},"thumbnailUrl":"https:\/\/www.aribau.es\/wp-content\/uploads\/2020\/11\/setmana-vi-catala-aribau.png","keywords":["Setmana del Vi Catal\u00e0","Vi Catal\u00e0"],"articleSection":["Noticias"],"inLanguage":"ca"},{"@type":"WebPage","@id":"https:\/\/www.aribau.es\/la-proxima-semana-se-celebra-la-primera-semana-del-vino-catalan\/","url":"https:\/\/www.aribau.es\/la-proxima-semana-se-celebra-la-primera-semana-del-vino-catalan\/","name":"LA PR\u00d3XIMA SEMANA SE CELEBRA LA PRIMERA \u2018SEMANA DEL VINO CATAL\u00c1N\u2019 - Aribau","isPartOf":{"@id":"https:\/\/www.aribau.es\/#website"},"primaryImageOfPage":{"@id":"https:\/\/www.aribau.es\/la-proxima-semana-se-celebra-la-primera-semana-del-vino-catalan\/#primaryimage"},"image":{"@id":"https:\/\/www.aribau.es\/la-proxima-semana-se-celebra-la-primera-semana-del-vino-catalan\/#primaryimage"},"thumbnailUrl":"https:\/\/www.aribau.es\/wp-content\/uploads\/2020\/11\/setmana-vi-catala-aribau.png","datePublished":"2020-11-06T17:59:48+00:00","dateModified":"2021-04-22T15:49:30+00:00","breadcrumb":{"@id":"https:\/\/www.aribau.es\/la-proxima-semana-se-celebra-la-primera-semana-del-vino-catalan\/#breadcrumb"},"inLanguage":"ca","potentialAction":[{"@type":"ReadAction","target":["https:\/\/www.aribau.es\/la-proxima-semana-se-celebra-la-primera-semana-del-vino-catalan\/"]}]},{"@type":"ImageObject","inLanguage":"ca","@id":"https:\/\/www.aribau.es\/la-proxima-semana-se-celebra-la-primera-semana-del-vino-catalan\/#primaryimage","url":"https:\/\/www.aribau.es\/wp-content\/uploads\/2020\/11\/setmana-vi-catala-aribau.png","contentUrl":"https:\/\/www.aribau.es\/wp-content\/uploads\/2020\/11\/setmana-vi-catala-aribau.png","width":1200,"height":569},{"@type":"BreadcrumbList","@id":"https:\/\/www.aribau.es\/la-proxima-semana-se-celebra-la-primera-semana-del-vino-catalan\/#breadcrumb","itemListElement":[{"@type":"ListItem","position":1,"name":"Portada","item":"https:\/\/www.aribau.es\/"},{"@type":"ListItem","position":2,"name":"LA PR\u00d3XIMA SEMANA SE CELEBRA LA PRIMERA \u2018SEMANA DEL VINO CATAL\u00c1N\u2019"}]},{"@type":"WebSite","@id":"https:\/\/www.aribau.es\/#website","url":"https:\/\/www.aribau.es\/","name":"Aribau","description":"VINOS Y BODEGAS","publisher":{"@id":"https:\/\/www.aribau.es\/#organization"},"potentialAction":[{"@type":"SearchAction","target":{"@type":"EntryPoint","urlTemplate":"https:\/\/www.aribau.es\/?s={search_term_string}"},"query-input":{"@type":"PropertyValueSpecification","valueRequired":true,"valueName":"search_term_string"}}],"inLanguage":"ca"},{"@type":"Organization","@id":"https:\/\/www.aribau.es\/#organization","name":"Aribau","url":"https:\/\/www.aribau.es\/","logo":{"@type":"ImageObject","inLanguage":"ca","@id":"https:\/\/www.aribau.es\/#\/schema\/logo\/image\/","url":"https:\/\/www.aribau.es\/wp-content\/uploads\/2022\/03\/logo.png","contentUrl":"https:\/\/www.aribau.es\/wp-content\/uploads\/2022\/03\/logo.png","width":300,"height":300,"caption":"Aribau"},"image":{"@id":"https:\/\/www.aribau.es\/#\/schema\/logo\/image\/"},"sameAs":["https:\/\/www.facebook.com\/aribau1964\/","https:\/\/x.com\/aribau1964","https:\/\/www.instagram.com\/aribau1964\/"]},{"@type":"Person","@id":"https:\/\/www.aribau.es\/#\/schema\/person\/77a976898b3c705ed016499633f4ffd0","name":"aribau","image":{"@type":"ImageObject","inLanguage":"ca","@id":"https:\/\/www.aribau.es\/#\/schema\/person\/image\/","url":"https:\/\/secure.gravatar.com\/avatar\/6690491f832d5b32aa9482b978c9464816810fbff0f6658034a34c9d9657b94e?s=96&d=mm&r=g","contentUrl":"https:\/\/secure.gravatar.com\/avatar\/6690491f832d5b32aa9482b978c9464816810fbff0f6658034a34c9d9657b94e?s=96&d=mm&r=g","caption":"aribau"},"url":"https:\/\/www.aribau.es\/ca\/author\/aribau\/"}]}},"_links":{"self":[{"href":"https:\/\/www.aribau.es\/ca\/wp-json\/wp\/v2\/posts\/7076","targetHints":{"allow":["GET"]}}],"collection":[{"href":"https:\/\/www.aribau.es\/ca\/wp-json\/wp\/v2\/posts"}],"about":[{"href":"https:\/\/www.aribau.es\/ca\/wp-json\/wp\/v2\/types\/post"}],"author":[{"embeddable":true,"href":"https:\/\/www.aribau.es\/ca\/wp-json\/wp\/v2\/users\/3"}],"replies":[{"embeddable":true,"href":"https:\/\/www.aribau.es\/ca\/wp-json\/wp\/v2\/comments?post=7076"}],"version-history":[{"count":3,"href":"https:\/\/www.aribau.es\/ca\/wp-json\/wp\/v2\/posts\/7076\/revisions"}],"predecessor-version":[{"id":9873,"href":"https:\/\/www.aribau.es\/ca\/wp-json\/wp\/v2\/posts\/7076\/revisions\/9873"}],"wp:featuredmedia":[{"embeddable":true,"href":"https:\/\/www.aribau.es\/ca\/wp-json\/wp\/v2\/media\/7077"}],"wp:attachment":[{"href":"https:\/\/www.aribau.es\/ca\/wp-json\/wp\/v2\/media?parent=7076"}],"wp:term":[{"taxonomy":"category","embeddable":true,"href":"https:\/\/www.aribau.es\/ca\/wp-json\/wp\/v2\/categories?post=7076"},{"taxonomy":"post_tag","embeddable":true,"href":"https:\/\/www.aribau.es\/ca\/wp-json\/wp\/v2\/tags?post=7076"}],"curies":[{"name":"wp","href":"https:\/\/api.w.org\/{rel}","templated":true}]}}