{"id":7104,"date":"2020-11-26T11:11:44","date_gmt":"2020-11-26T10:11:44","guid":{"rendered":"https:\/\/www.aribau.es\/?p=7104"},"modified":"2021-04-23T10:46:54","modified_gmt":"2021-04-23T09:46:54","slug":"prados-coleccion-garnacha-de-pagos-del-moncayo","status":"publish","type":"post","link":"https:\/\/www.aribau.es\/ca\/prados-coleccion-garnacha-de-pagos-del-moncayo\/","title":{"rendered":"'PRADOS COLECCI\u00d3N GARNACHA', DE PAGOS DEL MONCAYO"},"content":{"rendered":"<p>El tinto varietal <strong><em>Prados Colecci\u00f3n Garnacha<\/em><\/strong> forma parte de la gama de vinos premium de la bodega <strong><a href=\"https:\/\/www.pagosdelmoncayo.com\/\" target=\"_blank\" rel=\"noopener noreferrer\">Pagos del Moncayo<\/a><\/strong>, propiedad de la familia Aibar que, en una apuesta clara por volver a las ra\u00edces, construy\u00f3 su bodega a las puertas del Monasterio de Veruela, cuna del vino en el Campo de Borja y lugar que vio nacer los primeros vinos de garnacha all\u00e1 por el siglo XIII.<\/p>\n<p><!--more--><\/p>\n<p>La garnacha que da vida a este monovarietal procede del vi\u00f1edo m\u00e1s antiguo de la familia, situado a unos 400 metros de altitud, y trabajado de manera artesanal. De cultivo biol\u00f3gico y con controles de rendimiento, se descarta el 50% de la uva para asegurar la m\u00e1xima calidad del producto y, adem\u00e1s, se pisa la uva -siguiendo el m\u00e9todo tradicional- en lagares abiertos para obtener el m\u00e1ximo car\u00e1cter del mosto y minimizar el da\u00f1o a pieles y pepitas.<\/p>\n<p>Con 10 meses en barrica de roble franc\u00e9s y americano, <em>Prados Colecci\u00f3n Garnacha<\/em> lleva los matices afrutados de la uva garnacha mediterr\u00e1nea a su m\u00e1xima expresi\u00f3n, mientras que mantiene la frescura natural gracias a su cercan\u00eda al Moncayo. De color rub\u00ed oscuro, en boca presenta toques especiados de romero y tomillo junto a notas de vainilla y caf\u00e9 procedentes de su paso por barrica.<\/p>\n<p>Su gran equilibrio y complejidad, as\u00ed como unos taninos redondos, hacen de <em>Prados Colecci\u00f3n Garnacha<\/em> el vino ideal para acompa\u00f1ar carnes rojas y guisos de esos que apetecen tanto ahora que empieza a llegar el fr\u00edo.<\/p>\n<p>&nbsp;<\/p>\n<p><strong>Sobre el celler<\/strong><\/p>\n<p><a href=\"https:\/\/www.aribau.es\/wp-content\/uploads\/2017\/04\/PAGOS-DEL-MONCAYO-Landscape_2.jpg\"><img fetchpriority=\"high\" decoding=\"async\" class=\"aligncenter size-large wp-image-5289\" src=\"https:\/\/www.aribau.es\/wp-content\/uploads\/2017\/04\/PAGOS-DEL-MONCAYO-Landscape_2-1024x413.jpg\" alt=\"\" width=\"1024\" height=\"413\" srcset=\"https:\/\/www.aribau.es\/wp-content\/uploads\/2017\/04\/PAGOS-DEL-MONCAYO-Landscape_2-1024x413.jpg 1024w, https:\/\/www.aribau.es\/wp-content\/uploads\/2017\/04\/PAGOS-DEL-MONCAYO-Landscape_2-300x121.jpg 300w, https:\/\/www.aribau.es\/wp-content\/uploads\/2017\/04\/PAGOS-DEL-MONCAYO-Landscape_2-768x310.jpg 768w, https:\/\/www.aribau.es\/wp-content\/uploads\/2017\/04\/PAGOS-DEL-MONCAYO-Landscape_2.jpg 1296w\" sizes=\"(max-width: 1024px) 100vw, 1024px\" \/><\/a><\/p>\n<p>La bodega Pagos del Moncayo, perteneciente a la Denominaci\u00f3n de Origen Campo de Borja, se encuentra situada a los pies de la Sierra del Moncayo (Arag\u00f3n). Su hecho diferencial consiste en que todo el trabajo en el vi\u00f1edo, desde la poda hasta la vendimia, se realiza de manera manual, y han recuperado tambi\u00e9n pr\u00e1cticas tradicionales como el pisado de las uvas.<\/p>\n<p>Este compromiso de la bodega con la elaboraci\u00f3n artesanal le ha valido el reconocimiento como referente europeo en la elaboraci\u00f3n sostenible de vino. As\u00ed, sus vinos incorporan una Eco-Etiqueta que certifica que los niveles de emisi\u00f3n de la bodega est\u00e1n muy por debajo de la media europea, garantizando as\u00ed su sostenibilidad y respeto por el medioambiente.<\/p>","protected":false},"excerpt":{"rendered":"<p>El tinto varietal Prados Colecci\u00f3n Garnacha forma parte de la gama de vinos premium de la bodega Pagos del Moncayo, propiedad de la familia Aibar que, en una apuesta clara por volver a las ra\u00edces, construy\u00f3 su bodega a las puertas del Monasterio de Veruela, cuna del vino en el Campo de Borja y lugar &#8230; <a title=\"&#8216;PRADOS COLECCI\u00d3N GARNACHA&#8217;, DE PAGOS DEL MONCAYO\" class=\"read-more\" href=\"https:\/\/www.aribau.es\/ca\/prados-coleccion-garnacha-de-pagos-del-moncayo\/\" aria-label=\"M\u00e9s informaci\u00f3 sobre &#8216;PRADOS COLECCI\u00d3N GARNACHA&#8217;, DE PAGOS DEL MONCAYO\">Llegiu m\u00e9s<\/a><\/p>","protected":false},"author":3,"featured_media":7105,"comment_status":"closed","ping_status":"closed","sticky":false,"template":"","format":"standard","meta":{"footnotes":""},"categories":[1],"tags":[473,614,472,425],"class_list":["post-7104","post","type-post","status-publish","format-standard","has-post-thumbnail","hentry","category-uncategorized","tag-do-campo-de-borja","tag-garnacha","tag-pagos-del-moncayo","tag-vino-tinto"],"yoast_head":"<!-- This site is optimized with the Yoast SEO plugin v26.7 - https:\/\/yoast.com\/wordpress\/plugins\/seo\/ -->\n<title>&#039;PRADOS COLECCI\u00d3N GARNACHA&#039;, DE PAGOS DEL MONCAYO - Aribau<\/title>\n<meta name=\"robots\" content=\"index, follow, max-snippet:-1, max-image-preview:large, max-video-preview:-1\" \/>\n<link rel=\"canonical\" href=\"https:\/\/www.aribau.es\/ca\/prados-coleccion-garnacha-de-pagos-del-moncayo\/\" \/>\n<meta property=\"og:locale\" content=\"ca_ES\" \/>\n<meta property=\"og:type\" content=\"article\" \/>\n<meta property=\"og:title\" content=\"&#039;PRADOS COLECCI\u00d3N GARNACHA&#039;, DE PAGOS DEL MONCAYO - Aribau\" \/>\n<meta property=\"og:description\" content=\"El tinto varietal Prados Colecci\u00f3n Garnacha forma parte de la gama de vinos premium de la bodega Pagos del Moncayo, propiedad de la familia Aibar que, en una apuesta clara por volver a las ra\u00edces, construy\u00f3 su bodega a las puertas del Monasterio de Veruela, cuna del vino en el Campo de Borja y lugar ... Llegiu m\u00e9s\" \/>\n<meta property=\"og:url\" content=\"https:\/\/www.aribau.es\/ca\/prados-coleccion-garnacha-de-pagos-del-moncayo\/\" \/>\n<meta property=\"og:site_name\" content=\"Aribau\" \/>\n<meta property=\"article:publisher\" content=\"https:\/\/www.facebook.com\/aribau1964\/\" \/>\n<meta property=\"article:published_time\" content=\"2020-11-26T10:11:44+00:00\" \/>\n<meta property=\"article:modified_time\" content=\"2021-04-23T09:46:54+00:00\" \/>\n<meta property=\"og:image\" content=\"https:\/\/www.aribau.es\/wp-content\/uploads\/2020\/11\/prados-coleccion-garnacha-aribau.jpg\" \/>\n\t<meta property=\"og:image:width\" content=\"1316\" \/>\n\t<meta property=\"og:image:height\" content=\"371\" \/>\n\t<meta property=\"og:image:type\" content=\"image\/jpeg\" \/>\n<meta name=\"author\" content=\"aribau\" \/>\n<meta name=\"twitter:card\" content=\"summary_large_image\" \/>\n<meta name=\"twitter:creator\" content=\"@aribau1964\" \/>\n<meta name=\"twitter:site\" content=\"@aribau1964\" \/>\n<meta name=\"twitter:label1\" content=\"Escrit per\" \/>\n\t<meta name=\"twitter:data1\" content=\"aribau\" \/>\n\t<meta name=\"twitter:label2\" content=\"Temps estimat de lectura\" \/>\n\t<meta name=\"twitter:data2\" content=\"2 minuts\" \/>\n<script type=\"application\/ld+json\" class=\"yoast-schema-graph\">{\"@context\":\"https:\/\/schema.org\",\"@graph\":[{\"@type\":\"Article\",\"@id\":\"https:\/\/www.aribau.es\/ca\/prados-coleccion-garnacha-de-pagos-del-moncayo\/#article\",\"isPartOf\":{\"@id\":\"https:\/\/www.aribau.es\/ca\/prados-coleccion-garnacha-de-pagos-del-moncayo\/\"},\"author\":{\"name\":\"aribau\",\"@id\":\"https:\/\/www.aribau.es\/#\/schema\/person\/77a976898b3c705ed016499633f4ffd0\"},\"headline\":\"&#8216;PRADOS COLECCI\u00d3N GARNACHA&#8217;, DE PAGOS DEL MONCAYO\",\"datePublished\":\"2020-11-26T10:11:44+00:00\",\"dateModified\":\"2021-04-23T09:46:54+00:00\",\"mainEntityOfPage\":{\"@id\":\"https:\/\/www.aribau.es\/ca\/prados-coleccion-garnacha-de-pagos-del-moncayo\/\"},\"wordCount\":401,\"publisher\":{\"@id\":\"https:\/\/www.aribau.es\/#organization\"},\"image\":{\"@id\":\"https:\/\/www.aribau.es\/ca\/prados-coleccion-garnacha-de-pagos-del-moncayo\/#primaryimage\"},\"thumbnailUrl\":\"https:\/\/www.aribau.es\/wp-content\/uploads\/2020\/11\/prados-coleccion-garnacha-aribau.jpg\",\"keywords\":[\"DO Campo de Borja\",\"Garnacha\",\"Pagos del Moncayo\",\"Vino tinto\"],\"articleSection\":[\"Uncategorized\"],\"inLanguage\":\"ca\"},{\"@type\":\"WebPage\",\"@id\":\"https:\/\/www.aribau.es\/ca\/prados-coleccion-garnacha-de-pagos-del-moncayo\/\",\"url\":\"https:\/\/www.aribau.es\/ca\/prados-coleccion-garnacha-de-pagos-del-moncayo\/\",\"name\":\"'PRADOS COLECCI\u00d3N GARNACHA', DE PAGOS DEL MONCAYO - Aribau\",\"isPartOf\":{\"@id\":\"https:\/\/www.aribau.es\/#website\"},\"primaryImageOfPage\":{\"@id\":\"https:\/\/www.aribau.es\/ca\/prados-coleccion-garnacha-de-pagos-del-moncayo\/#primaryimage\"},\"image\":{\"@id\":\"https:\/\/www.aribau.es\/ca\/prados-coleccion-garnacha-de-pagos-del-moncayo\/#primaryimage\"},\"thumbnailUrl\":\"https:\/\/www.aribau.es\/wp-content\/uploads\/2020\/11\/prados-coleccion-garnacha-aribau.jpg\",\"datePublished\":\"2020-11-26T10:11:44+00:00\",\"dateModified\":\"2021-04-23T09:46:54+00:00\",\"breadcrumb\":{\"@id\":\"https:\/\/www.aribau.es\/ca\/prados-coleccion-garnacha-de-pagos-del-moncayo\/#breadcrumb\"},\"inLanguage\":\"ca\",\"potentialAction\":[{\"@type\":\"ReadAction\",\"target\":[\"https:\/\/www.aribau.es\/ca\/prados-coleccion-garnacha-de-pagos-del-moncayo\/\"]}]},{\"@type\":\"ImageObject\",\"inLanguage\":\"ca\",\"@id\":\"https:\/\/www.aribau.es\/ca\/prados-coleccion-garnacha-de-pagos-del-moncayo\/#primaryimage\",\"url\":\"https:\/\/www.aribau.es\/wp-content\/uploads\/2020\/11\/prados-coleccion-garnacha-aribau.jpg\",\"contentUrl\":\"https:\/\/www.aribau.es\/wp-content\/uploads\/2020\/11\/prados-coleccion-garnacha-aribau.jpg\",\"width\":1316,\"height\":371},{\"@type\":\"BreadcrumbList\",\"@id\":\"https:\/\/www.aribau.es\/ca\/prados-coleccion-garnacha-de-pagos-del-moncayo\/#breadcrumb\",\"itemListElement\":[{\"@type\":\"ListItem\",\"position\":1,\"name\":\"Portada\",\"item\":\"https:\/\/www.aribau.es\/\"},{\"@type\":\"ListItem\",\"position\":2,\"name\":\"&#8216;PRADOS COLECCI\u00d3N GARNACHA&#8217;, DE PAGOS DEL MONCAYO\"}]},{\"@type\":\"WebSite\",\"@id\":\"https:\/\/www.aribau.es\/#website\",\"url\":\"https:\/\/www.aribau.es\/\",\"name\":\"Aribau\",\"description\":\"VINOS Y BODEGAS\",\"publisher\":{\"@id\":\"https:\/\/www.aribau.es\/#organization\"},\"potentialAction\":[{\"@type\":\"SearchAction\",\"target\":{\"@type\":\"EntryPoint\",\"urlTemplate\":\"https:\/\/www.aribau.es\/?s={search_term_string}\"},\"query-input\":{\"@type\":\"PropertyValueSpecification\",\"valueRequired\":true,\"valueName\":\"search_term_string\"}}],\"inLanguage\":\"ca\"},{\"@type\":\"Organization\",\"@id\":\"https:\/\/www.aribau.es\/#organization\",\"name\":\"Aribau\",\"url\":\"https:\/\/www.aribau.es\/\",\"logo\":{\"@type\":\"ImageObject\",\"inLanguage\":\"ca\",\"@id\":\"https:\/\/www.aribau.es\/#\/schema\/logo\/image\/\",\"url\":\"https:\/\/www.aribau.es\/wp-content\/uploads\/2022\/03\/logo.png\",\"contentUrl\":\"https:\/\/www.aribau.es\/wp-content\/uploads\/2022\/03\/logo.png\",\"width\":300,\"height\":300,\"caption\":\"Aribau\"},\"image\":{\"@id\":\"https:\/\/www.aribau.es\/#\/schema\/logo\/image\/\"},\"sameAs\":[\"https:\/\/www.facebook.com\/aribau1964\/\",\"https:\/\/x.com\/aribau1964\",\"https:\/\/www.instagram.com\/aribau1964\/\"]},{\"@type\":\"Person\",\"@id\":\"https:\/\/www.aribau.es\/#\/schema\/person\/77a976898b3c705ed016499633f4ffd0\",\"name\":\"aribau\",\"image\":{\"@type\":\"ImageObject\",\"inLanguage\":\"ca\",\"@id\":\"https:\/\/www.aribau.es\/#\/schema\/person\/image\/\",\"url\":\"https:\/\/secure.gravatar.com\/avatar\/6690491f832d5b32aa9482b978c9464816810fbff0f6658034a34c9d9657b94e?s=96&d=mm&r=g\",\"contentUrl\":\"https:\/\/secure.gravatar.com\/avatar\/6690491f832d5b32aa9482b978c9464816810fbff0f6658034a34c9d9657b94e?s=96&d=mm&r=g\",\"caption\":\"aribau\"},\"url\":\"https:\/\/www.aribau.es\/ca\/author\/aribau\/\"}]}<\/script>\n<!-- \/ Yoast SEO plugin. -->","yoast_head_json":{"title":"'PRADOS COLECCI\u00d3N GARNACHA', DE PAGOS DEL MONCAYO - Aribau","robots":{"index":"index","follow":"follow","max-snippet":"max-snippet:-1","max-image-preview":"max-image-preview:large","max-video-preview":"max-video-preview:-1"},"canonical":"https:\/\/www.aribau.es\/ca\/prados-coleccion-garnacha-de-pagos-del-moncayo\/","og_locale":"ca_ES","og_type":"article","og_title":"'PRADOS COLECCI\u00d3N GARNACHA', DE PAGOS DEL MONCAYO - Aribau","og_description":"El tinto varietal Prados Colecci\u00f3n Garnacha forma parte de la gama de vinos premium de la bodega Pagos del Moncayo, propiedad de la familia Aibar que, en una apuesta clara por volver a las ra\u00edces, construy\u00f3 su bodega a las puertas del Monasterio de Veruela, cuna del vino en el Campo de Borja y lugar ... Llegiu m\u00e9s","og_url":"https:\/\/www.aribau.es\/ca\/prados-coleccion-garnacha-de-pagos-del-moncayo\/","og_site_name":"Aribau","article_publisher":"https:\/\/www.facebook.com\/aribau1964\/","article_published_time":"2020-11-26T10:11:44+00:00","article_modified_time":"2021-04-23T09:46:54+00:00","og_image":[{"width":1316,"height":371,"url":"https:\/\/www.aribau.es\/wp-content\/uploads\/2020\/11\/prados-coleccion-garnacha-aribau.jpg","type":"image\/jpeg"}],"author":"aribau","twitter_card":"summary_large_image","twitter_creator":"@aribau1964","twitter_site":"@aribau1964","twitter_misc":{"Escrit per":"aribau","Temps estimat de lectura":"2 minuts"},"schema":{"@context":"https:\/\/schema.org","@graph":[{"@type":"Article","@id":"https:\/\/www.aribau.es\/ca\/prados-coleccion-garnacha-de-pagos-del-moncayo\/#article","isPartOf":{"@id":"https:\/\/www.aribau.es\/ca\/prados-coleccion-garnacha-de-pagos-del-moncayo\/"},"author":{"name":"aribau","@id":"https:\/\/www.aribau.es\/#\/schema\/person\/77a976898b3c705ed016499633f4ffd0"},"headline":"&#8216;PRADOS COLECCI\u00d3N GARNACHA&#8217;, DE PAGOS DEL MONCAYO","datePublished":"2020-11-26T10:11:44+00:00","dateModified":"2021-04-23T09:46:54+00:00","mainEntityOfPage":{"@id":"https:\/\/www.aribau.es\/ca\/prados-coleccion-garnacha-de-pagos-del-moncayo\/"},"wordCount":401,"publisher":{"@id":"https:\/\/www.aribau.es\/#organization"},"image":{"@id":"https:\/\/www.aribau.es\/ca\/prados-coleccion-garnacha-de-pagos-del-moncayo\/#primaryimage"},"thumbnailUrl":"https:\/\/www.aribau.es\/wp-content\/uploads\/2020\/11\/prados-coleccion-garnacha-aribau.jpg","keywords":["DO Campo de Borja","Garnacha","Pagos del Moncayo","Vino tinto"],"articleSection":["Uncategorized"],"inLanguage":"ca"},{"@type":"WebPage","@id":"https:\/\/www.aribau.es\/ca\/prados-coleccion-garnacha-de-pagos-del-moncayo\/","url":"https:\/\/www.aribau.es\/ca\/prados-coleccion-garnacha-de-pagos-del-moncayo\/","name":"'PRADOS COLECCI\u00d3N GARNACHA', DE PAGOS DEL MONCAYO - Aribau","isPartOf":{"@id":"https:\/\/www.aribau.es\/#website"},"primaryImageOfPage":{"@id":"https:\/\/www.aribau.es\/ca\/prados-coleccion-garnacha-de-pagos-del-moncayo\/#primaryimage"},"image":{"@id":"https:\/\/www.aribau.es\/ca\/prados-coleccion-garnacha-de-pagos-del-moncayo\/#primaryimage"},"thumbnailUrl":"https:\/\/www.aribau.es\/wp-content\/uploads\/2020\/11\/prados-coleccion-garnacha-aribau.jpg","datePublished":"2020-11-26T10:11:44+00:00","dateModified":"2021-04-23T09:46:54+00:00","breadcrumb":{"@id":"https:\/\/www.aribau.es\/ca\/prados-coleccion-garnacha-de-pagos-del-moncayo\/#breadcrumb"},"inLanguage":"ca","potentialAction":[{"@type":"ReadAction","target":["https:\/\/www.aribau.es\/ca\/prados-coleccion-garnacha-de-pagos-del-moncayo\/"]}]},{"@type":"ImageObject","inLanguage":"ca","@id":"https:\/\/www.aribau.es\/ca\/prados-coleccion-garnacha-de-pagos-del-moncayo\/#primaryimage","url":"https:\/\/www.aribau.es\/wp-content\/uploads\/2020\/11\/prados-coleccion-garnacha-aribau.jpg","contentUrl":"https:\/\/www.aribau.es\/wp-content\/uploads\/2020\/11\/prados-coleccion-garnacha-aribau.jpg","width":1316,"height":371},{"@type":"BreadcrumbList","@id":"https:\/\/www.aribau.es\/ca\/prados-coleccion-garnacha-de-pagos-del-moncayo\/#breadcrumb","itemListElement":[{"@type":"ListItem","position":1,"name":"Portada","item":"https:\/\/www.aribau.es\/"},{"@type":"ListItem","position":2,"name":"&#8216;PRADOS COLECCI\u00d3N GARNACHA&#8217;, DE PAGOS DEL MONCAYO"}]},{"@type":"WebSite","@id":"https:\/\/www.aribau.es\/#website","url":"https:\/\/www.aribau.es\/","name":"Aribau","description":"VINOS Y BODEGAS","publisher":{"@id":"https:\/\/www.aribau.es\/#organization"},"potentialAction":[{"@type":"SearchAction","target":{"@type":"EntryPoint","urlTemplate":"https:\/\/www.aribau.es\/?s={search_term_string}"},"query-input":{"@type":"PropertyValueSpecification","valueRequired":true,"valueName":"search_term_string"}}],"inLanguage":"ca"},{"@type":"Organization","@id":"https:\/\/www.aribau.es\/#organization","name":"Aribau","url":"https:\/\/www.aribau.es\/","logo":{"@type":"ImageObject","inLanguage":"ca","@id":"https:\/\/www.aribau.es\/#\/schema\/logo\/image\/","url":"https:\/\/www.aribau.es\/wp-content\/uploads\/2022\/03\/logo.png","contentUrl":"https:\/\/www.aribau.es\/wp-content\/uploads\/2022\/03\/logo.png","width":300,"height":300,"caption":"Aribau"},"image":{"@id":"https:\/\/www.aribau.es\/#\/schema\/logo\/image\/"},"sameAs":["https:\/\/www.facebook.com\/aribau1964\/","https:\/\/x.com\/aribau1964","https:\/\/www.instagram.com\/aribau1964\/"]},{"@type":"Person","@id":"https:\/\/www.aribau.es\/#\/schema\/person\/77a976898b3c705ed016499633f4ffd0","name":"aribau","image":{"@type":"ImageObject","inLanguage":"ca","@id":"https:\/\/www.aribau.es\/#\/schema\/person\/image\/","url":"https:\/\/secure.gravatar.com\/avatar\/6690491f832d5b32aa9482b978c9464816810fbff0f6658034a34c9d9657b94e?s=96&d=mm&r=g","contentUrl":"https:\/\/secure.gravatar.com\/avatar\/6690491f832d5b32aa9482b978c9464816810fbff0f6658034a34c9d9657b94e?s=96&d=mm&r=g","caption":"aribau"},"url":"https:\/\/www.aribau.es\/ca\/author\/aribau\/"}]}},"_links":{"self":[{"href":"https:\/\/www.aribau.es\/ca\/wp-json\/wp\/v2\/posts\/7104","targetHints":{"allow":["GET"]}}],"collection":[{"href":"https:\/\/www.aribau.es\/ca\/wp-json\/wp\/v2\/posts"}],"about":[{"href":"https:\/\/www.aribau.es\/ca\/wp-json\/wp\/v2\/types\/post"}],"author":[{"embeddable":true,"href":"https:\/\/www.aribau.es\/ca\/wp-json\/wp\/v2\/users\/3"}],"replies":[{"embeddable":true,"href":"https:\/\/www.aribau.es\/ca\/wp-json\/wp\/v2\/comments?post=7104"}],"version-history":[{"count":6,"href":"https:\/\/www.aribau.es\/ca\/wp-json\/wp\/v2\/posts\/7104\/revisions"}],"predecessor-version":[{"id":9925,"href":"https:\/\/www.aribau.es\/ca\/wp-json\/wp\/v2\/posts\/7104\/revisions\/9925"}],"wp:featuredmedia":[{"embeddable":true,"href":"https:\/\/www.aribau.es\/ca\/wp-json\/wp\/v2\/media\/7105"}],"wp:attachment":[{"href":"https:\/\/www.aribau.es\/ca\/wp-json\/wp\/v2\/media?parent=7104"}],"wp:term":[{"taxonomy":"category","embeddable":true,"href":"https:\/\/www.aribau.es\/ca\/wp-json\/wp\/v2\/categories?post=7104"},{"taxonomy":"post_tag","embeddable":true,"href":"https:\/\/www.aribau.es\/ca\/wp-json\/wp\/v2\/tags?post=7104"}],"curies":[{"name":"wp","href":"https:\/\/api.w.org\/{rel}","templated":true}]}}